{"id":76515,"date":"2019-09-03T13:36:33","date_gmt":"2019-09-03T10:36:33","guid":{"rendered":"http:\/\/arantv.az\/?p=76515"},"modified":"2019-09-03T13:36:33","modified_gmt":"2019-09-03T10:36:33","slug":"uels-az%c9%99rbaycan-oyununun-hakiml%c9%99ri-aciqlanib","status":"publish","type":"post","link":"https:\/\/arantv.az\/?p=76515","title":{"rendered":"Uels &#8211; Az\u0259rbaycan oyununun hakiml\u0259ri a\u00e7\u0131qlan\u0131b"},"content":{"rendered":"<p>Uels &#8211; Az\u0259rbaycan oyununun hakiml\u0259ri a\u00e7\u0131qlan\u0131b.<\/p>\n<p><b>ARANTV.AZ\u00a0<\/b>x\u0259b\u0259r verir ki, 2020-ci il futbol \u00fczr\u0259 Avro \u00e7empionat\u0131n\u0131n se\u00e7m\u0259 m\u0259rh\u0259l\u0259si \u00e7\u0259r\u00e7iv\u0259sind\u0259 ke\u00e7iril\u0259c\u0259k Uels &#8211; Az\u0259rbaycan oyununu maltal\u0131 hakiml\u0259r idar\u0259 ed\u0259c\u0259k.<\/p>\n<div id=\"AdviadNativeVideo0\" class=\"AdviadNativeVideo\"><\/div>\n<p>Mat\u00e7\u0131n ba\u015f hakimi Farru\u00e7ia Kann Trustin, onun k\u00f6m\u0259k\u00e7il\u0259ri Alan Kamilleri, Luke Portelli, d\u00f6rd\u00fcnc\u00fc hakim is\u0259 Alan Mario Sant olacaq.<\/p>\n<p>Oyun sentyabr\u0131n 6-s\u0131, saat 22:45-d\u0259 Kardiffd\u0259 ke\u00e7iril\u0259c\u0259k.<\/p>\n<p>Qeyd ed\u0259k ki, \u00fc\u00e7\u00a0oyundan xals\u0131z qalan Az\u0259rbaycan E qrupunda sonuncu s\u0131radad\u0131r.oxu.az<\/p>\n","protected":false},"excerpt":{"rendered":"<p>Uels &#8211; Az\u0259rbaycan oyununun hakiml\u0259ri a\u00e7\u0131qlan\u0131b. ARANTV.AZ\u00a0x\u0259b\u0259r verir ki, 2020-ci il futbol \u00fczr\u0259 Avro \u00e7empionat\u0131n\u0131n se\u00e7m\u0259 m\u0259rh\u0259l\u0259si \u00e7\u0259r\u00e7iv\u0259sind\u0259 ke\u00e7iril\u0259c\u0259k Uels &#8211; Az\u0259rbaycan oyununu maltal\u0131 hakiml\u0259r idar\u0259 ed\u0259c\u0259k. Mat\u00e7\u0131n ba\u015f hakimi Farru\u00e7ia Kann Trustin, onun k\u00f6m\u0259k\u00e7il\u0259ri Alan Kamilleri, Luke Portelli, d\u00f6rd\u00fcnc\u00fc hakim is\u0259 Alan Mario Sant olacaq. Oyun sentyabr\u0131n 6-s\u0131, saat 22:45-d\u0259 Kardiffd\u0259 ke\u00e7iril\u0259c\u0259k. Qeyd ed\u0259k ki, \u00fc\u00e7\u00a0oyundan xals\u0131z qalan Az\u0259rbaycan E qrupunda sonuncu s\u0131radad\u0131r.oxu.az<\/p>\n","protected":false},"author":2,"featured_media":76516,"comment_status":"closed","ping_status":"closed","sticky":false,"template":"","format":"standard","meta":{"om_disable_all_campaigns":false,"_monsterinsights_skip_tracking":false,"_monsterinsights_sitenote_active":false,"_monsterinsights_sitenote_note":"","_monsterinsights_sitenote_category":0},"categories":[6],"tags":[],"aioseo_notices":[],"gutentor_comment":0,"rttpg_featured_image_url":{"full":["https:\/\/arantv.az\/wp-content\/uploads\/2019\/09\/uels_azerbaijan.jpg",620,413,false],"landscape":["https:\/\/arantv.az\/wp-content\/uploads\/2019\/09\/uels_azerbaijan.jpg",620,413,false],"portraits":["https:\/\/arantv.az\/wp-content\/uploads\/2019\/09\/uels_azerbaijan.jpg",620,413,false],"thumbnail":["https:\/\/arantv.az\/wp-content\/uploads\/2019\/09\/uels_azerbaijan-150x150.jpg",150,150,true],"medium":["https:\/\/arantv.az\/wp-content\/uploads\/2019\/09\/uels_azerbaijan-300x200.jpg",300,200,true],"large":["https:\/\/arantv.az\/wp-content\/uploads\/2019\/09\/uels_azerbaijan.jpg",620,413,false],"1536x1536":["https:\/\/arantv.az\/wp-content\/uploads\/2019\/09\/uels_azerbaijan.jpg",620,413,false],"2048x2048":["https:\/\/arantv.az\/wp-content\/uploads\/2019\/09\/uels_azerbaijan.jpg",620,413,false],"post-thumbnail":["https:\/\/arantv.az\/wp-content\/uploads\/2019\/09\/uels_azerbaijan-240x172.jpg",240,172,true],"advps-thumb-one":["https:\/\/arantv.az\/wp-content\/uploads\/2019\/09\/uels_azerbaijan.jpg",620,413,false]},"rttpg_author":{"display_name":"V\u00fcsal Rafiqo\u011flu","author_link":"https:\/\/arantv.az\/?author=2"},"rttpg_comment":0,"rttpg_category":"<a href=\"https:\/\/arantv.az\/?cat=6\" rel=\"category\">\u0130dman<\/a>","rttpg_excerpt":"Uels &#8211; Az\u0259rbaycan oyununun hakiml\u0259ri a\u00e7\u0131qlan\u0131b. ARANTV.AZ\u00a0x\u0259b\u0259r verir ki, 2020-ci il futbol \u00fczr\u0259 Avro \u00e7empionat\u0131n\u0131n se\u00e7m\u0259 m\u0259rh\u0259l\u0259si \u00e7\u0259r\u00e7iv\u0259sind\u0259 ke\u00e7iril\u0259c\u0259k Uels &#8211; Az\u0259rbaycan oyununu maltal\u0131 hakiml\u0259r idar\u0259 ed\u0259c\u0259k. Mat\u00e7\u0131n ba\u015f hakimi Farru\u00e7ia Kann Trustin, onun k\u00f6m\u0259k\u00e7il\u0259ri Alan Kamilleri, Luke Portelli, d\u00f6rd\u00fcnc\u00fc hakim is\u0259 Alan Mario Sant olacaq. Oyun sentyabr\u0131n 6-s\u0131, saat 22:45-d\u0259 Kardiffd\u0259 ke\u00e7iril\u0259c\u0259k. Qeyd ed\u0259k&hellip;","_links":{"self":[{"href":"https:\/\/arantv.az\/index.php?rest_route=\/wp\/v2\/posts\/76515"}],"collection":[{"href":"https:\/\/arantv.az\/index.php?rest_route=\/wp\/v2\/posts"}],"about":[{"href":"https:\/\/arantv.az\/index.php?rest_route=\/wp\/v2\/types\/post"}],"author":[{"embeddable":true,"href":"https:\/\/arantv.az\/index.php?rest_route=\/wp\/v2\/users\/2"}],"replies":[{"embeddable":true,"href":"https:\/\/arantv.az\/index.php?rest_route=%2Fwp%2Fv2%2Fcomments&post=76515"}],"version-history":[{"count":0,"href":"https:\/\/arantv.az\/index.php?rest_route=\/wp\/v2\/posts\/76515\/revisions"}],"wp:featuredmedia":[{"embeddable":true,"href":"https:\/\/arantv.az\/index.php?rest_route=\/wp\/v2\/media\/76516"}],"wp:attachment":[{"href":"https:\/\/arantv.az\/index.php?rest_route=%2Fwp%2Fv2%2Fmedia&parent=76515"}],"wp:term":[{"taxonomy":"category","embeddable":true,"href":"https:\/\/arantv.az\/index.php?rest_route=%2Fwp%2Fv2%2Fcategories&post=76515"},{"taxonomy":"post_tag","embeddable":true,"href":"https:\/\/arantv.az\/index.php?rest_route=%2Fwp%2Fv2%2Ftags&post=76515"}],"curies":[{"name":"wp","href":"https:\/\/api.w.org\/{rel}","templated":true}]}}