{"id":76521,"date":"2019-09-03T14:07:28","date_gmt":"2019-09-03T11:07:28","guid":{"rendered":"http:\/\/arantv.az\/?p=76521"},"modified":"2019-09-03T14:07:28","modified_gmt":"2019-09-03T11:07:28","slug":"az%c9%99rbaycanda-yeni-mes%c9%99l%c9%99r-salinacaq-agaclari-tez-tez-k%c9%99sil%c9%99c%c9%99k","status":"publish","type":"post","link":"https:\/\/arantv.az\/?p=76521","title":{"rendered":"Az\u0259rbaycanda yeni me\u015f\u0259l\u0259r sal\u0131nacaq &#8211; A\u011faclar\u0131 tez-tez k\u0259sil\u0259c\u0259k"},"content":{"rendered":"<p>Yax\u0131n vaxtlarda Az\u0259rbaycanda s\u0259naye \u0259h\u0259miyy\u0259tli me\u015f\u0259l\u0259rin sal\u0131nmas\u0131 planla\u015fd\u0131r\u0131l\u0131r. Bu m\u0259qs\u0259dl\u0259 tez b\u00f6y\u00fcy\u0259n a\u011fac cinsl\u0259rind\u0259n istifad\u0259 olunacaq ki, h\u0259min a\u011faclar k\u0259silib a\u011fac emal\u0131 s\u0259nayesinin inki\u015faf\u0131nda davaml\u0131 olaraq istifad\u0259 olunsun.<\/p>\n<p>Bunu Me\u015f\u0259l\u0259rin \u0130nki\u015faf\u0131 Departamentinin direktoru A\u011faqarda\u015f Qara\u015fov bildirib.<\/p>\n<div id=\"AdviadNativeVideo0\" class=\"AdviadNativeVideo\"><\/div>\n<p>A.Qara\u015fov deyib ki, me\u015f\u0259 t\u0259s\u0259rr\u00fcfat\u0131ndan s\u0259naye m\u0259qs\u0259dl\u0259ri il\u0259 istifad\u0259 \u00fc\u00e7\u00fcn yax\u0131n perspektivd\u0259 bu sah\u0259d\u0259 geni\u015f i\u015fl\u0259rin g\u00f6r\u00fclm\u0259si n\u0259z\u0259rd\u0259 tutulub:<\/p>\n<p>&#8220;Fiziki v\u0259 h\u00fcquqi \u015f\u0259xsl\u0259r\u0259, i\u015f adamlar\u0131na t\u00f6vsiy\u0259 edirik ki, \u00f6zl\u0259rin\u0259 m\u0259xsus torpaq sah\u0259l\u0259rind\u0259 bu tip a\u011fac cinsl\u0259rini yeti\u015fdirsinl\u0259r. Bu i\u015fd\u0259 biz Ekologiya v\u0259 T\u0259bii S\u0259rv\u0259tl\u0259r Nazirliyi olaraq b\u00fct\u00fcn m\u00fcraci\u0259tl\u0259r\u0259 a\u00e7\u0131\u011f\u0131q. \u00d6z t\u00f6vsiy\u0259l\u0259rimizi ver\u0259 v\u0259 a\u011fac cinsl\u0259rinin se\u00e7ilm\u0259sind\u0259 k\u00f6m\u0259k ed\u0259 bil\u0259rik. Eyni zamanda, me\u015f\u0259 fondunun a\u00e7\u0131q sah\u0259l\u0259ri d\u0259 bu m\u0259qs\u0259dl\u0259 sahibkarlara icar\u0259y\u0259 veril\u0259 bil\u0259r&#8221;.<\/p>\n","protected":false},"excerpt":{"rendered":"<p>Yax\u0131n vaxtlarda Az\u0259rbaycanda s\u0259naye \u0259h\u0259miyy\u0259tli me\u015f\u0259l\u0259rin sal\u0131nmas\u0131 planla\u015fd\u0131r\u0131l\u0131r. Bu m\u0259qs\u0259dl\u0259 tez b\u00f6y\u00fcy\u0259n a\u011fac cinsl\u0259rind\u0259n istifad\u0259 olunacaq ki, h\u0259min a\u011faclar k\u0259silib a\u011fac emal\u0131 s\u0259nayesinin inki\u015faf\u0131nda davaml\u0131 olaraq istifad\u0259 olunsun. Bunu Me\u015f\u0259l\u0259rin \u0130nki\u015faf\u0131 Departamentinin direktoru A\u011faqarda\u015f Qara\u015fov bildirib. A.Qara\u015fov deyib ki, me\u015f\u0259 t\u0259s\u0259rr\u00fcfat\u0131ndan s\u0259naye m\u0259qs\u0259dl\u0259ri il\u0259 istifad\u0259 \u00fc\u00e7\u00fcn yax\u0131n perspektivd\u0259 bu sah\u0259d\u0259 geni\u015f i\u015fl\u0259rin g\u00f6r\u00fclm\u0259si n\u0259z\u0259rd\u0259 tutulub: &#8220;Fiziki v\u0259 h\u00fcquqi \u015f\u0259xsl\u0259r\u0259, i\u015f adamlar\u0131na t\u00f6vsiy\u0259 edirik ki, \u00f6zl\u0259rin\u0259 m\u0259xsus torpaq sah\u0259l\u0259rind\u0259 bu tip a\u011fac cinsl\u0259rini yeti\u015fdirsinl\u0259r. Bu i\u015fd\u0259 biz Ekologiya v\u0259 T\u0259bii S\u0259rv\u0259tl\u0259r Nazirliyi olaraq b\u00fct\u00fcn m\u00fcraci\u0259tl\u0259r\u0259 a\u00e7\u0131\u011f\u0131q. \u00d6z t\u00f6vsiy\u0259l\u0259rimizi ver\u0259 v\u0259 a\u011fac&hellip;<\/p>\n","protected":false},"author":2,"featured_media":76522,"comment_status":"closed","ping_status":"closed","sticky":false,"template":"","format":"standard","meta":{"om_disable_all_campaigns":false,"_monsterinsights_skip_tracking":false,"_monsterinsights_sitenote_active":false,"_monsterinsights_sitenote_note":"","_monsterinsights_sitenote_category":0},"categories":[1],"tags":[],"aioseo_notices":[],"gutentor_comment":0,"rttpg_featured_image_url":{"full":["https:\/\/arantv.az\/wp-content\/uploads\/2019\/09\/meshe.jpg",620,426,false],"landscape":["https:\/\/arantv.az\/wp-content\/uploads\/2019\/09\/meshe.jpg",620,426,false],"portraits":["https:\/\/arantv.az\/wp-content\/uploads\/2019\/09\/meshe.jpg",620,426,false],"thumbnail":["https:\/\/arantv.az\/wp-content\/uploads\/2019\/09\/meshe-150x150.jpg",150,150,true],"medium":["https:\/\/arantv.az\/wp-content\/uploads\/2019\/09\/meshe-300x206.jpg",300,206,true],"large":["https:\/\/arantv.az\/wp-content\/uploads\/2019\/09\/meshe.jpg",620,426,false],"1536x1536":["https:\/\/arantv.az\/wp-content\/uploads\/2019\/09\/meshe.jpg",620,426,false],"2048x2048":["https:\/\/arantv.az\/wp-content\/uploads\/2019\/09\/meshe.jpg",620,426,false],"post-thumbnail":["https:\/\/arantv.az\/wp-content\/uploads\/2019\/09\/meshe-240x172.jpg",240,172,true],"advps-thumb-one":["https:\/\/arantv.az\/wp-content\/uploads\/2019\/09\/meshe.jpg",620,426,false]},"rttpg_author":{"display_name":"V\u00fcsal Rafiqo\u011flu","author_link":"https:\/\/arantv.az\/?author=2"},"rttpg_comment":0,"rttpg_category":"<a href=\"https:\/\/arantv.az\/?cat=1\" rel=\"category\">C\u0259miyy\u0259t<\/a>","rttpg_excerpt":"Yax\u0131n vaxtlarda Az\u0259rbaycanda s\u0259naye \u0259h\u0259miyy\u0259tli me\u015f\u0259l\u0259rin sal\u0131nmas\u0131 planla\u015fd\u0131r\u0131l\u0131r. Bu m\u0259qs\u0259dl\u0259 tez b\u00f6y\u00fcy\u0259n a\u011fac cinsl\u0259rind\u0259n istifad\u0259 olunacaq ki, h\u0259min a\u011faclar k\u0259silib a\u011fac emal\u0131 s\u0259nayesinin inki\u015faf\u0131nda davaml\u0131 olaraq istifad\u0259 olunsun. Bunu Me\u015f\u0259l\u0259rin \u0130nki\u015faf\u0131 Departamentinin direktoru A\u011faqarda\u015f Qara\u015fov bildirib. A.Qara\u015fov deyib ki, me\u015f\u0259 t\u0259s\u0259rr\u00fcfat\u0131ndan s\u0259naye m\u0259qs\u0259dl\u0259ri il\u0259 istifad\u0259 \u00fc\u00e7\u00fcn yax\u0131n perspektivd\u0259 bu sah\u0259d\u0259 geni\u015f i\u015fl\u0259rin g\u00f6r\u00fclm\u0259si n\u0259z\u0259rd\u0259 tutulub:&hellip;","_links":{"self":[{"href":"https:\/\/arantv.az\/index.php?rest_route=\/wp\/v2\/posts\/76521"}],"collection":[{"href":"https:\/\/arantv.az\/index.php?rest_route=\/wp\/v2\/posts"}],"about":[{"href":"https:\/\/arantv.az\/index.php?rest_route=\/wp\/v2\/types\/post"}],"author":[{"embeddable":true,"href":"https:\/\/arantv.az\/index.php?rest_route=\/wp\/v2\/users\/2"}],"replies":[{"embeddable":true,"href":"https:\/\/arantv.az\/index.php?rest_route=%2Fwp%2Fv2%2Fcomments&post=76521"}],"version-history":[{"count":0,"href":"https:\/\/arantv.az\/index.php?rest_route=\/wp\/v2\/posts\/76521\/revisions"}],"wp:featuredmedia":[{"embeddable":true,"href":"https:\/\/arantv.az\/index.php?rest_route=\/wp\/v2\/media\/76522"}],"wp:attachment":[{"href":"https:\/\/arantv.az\/index.php?rest_route=%2Fwp%2Fv2%2Fmedia&parent=76521"}],"wp:term":[{"taxonomy":"category","embeddable":true,"href":"https:\/\/arantv.az\/index.php?rest_route=%2Fwp%2Fv2%2Fcategories&post=76521"},{"taxonomy":"post_tag","embeddable":true,"href":"https:\/\/arantv.az\/index.php?rest_route=%2Fwp%2Fv2%2Ftags&post=76521"}],"curies":[{"name":"wp","href":"https:\/\/api.w.org\/{rel}","templated":true}]}}