{"id":76524,"date":"2019-09-03T14:08:36","date_gmt":"2019-09-03T11:08:36","guid":{"rendered":"http:\/\/arantv.az\/?p=76524"},"modified":"2019-09-03T14:08:37","modified_gmt":"2019-09-03T11:08:37","slug":"nazirlikd%c9%99n-t%c9%99dris-ilinin-baslama-tarixi-il%c9%99-bagli-aciqlama","status":"publish","type":"post","link":"https:\/\/arantv.az\/?p=76524","title":{"rendered":"Nazirlikd\u0259n t\u0259dris ilinin ba\u015flama tarixi il\u0259 ba\u011fl\u0131 A\u00c7IQLAMA"},"content":{"rendered":"<p>2019-2020-ci t\u0259dris ilinin ilk d\u0259rs g\u00fcn\u00fc sentyabr\u0131n 16-da olacaq.<\/p>\n<p><strong>ARANTV.AZ<\/strong>\u00a0 x\u0259b\u0259r verir ki, T\u0259hsil Nazirliyind\u0259n\u00a0<a href=\"https:\/\/az.trend.az\/\" target=\"_blank\" rel=\"noopener\">Trend<\/a>-\u0259 veril\u0259n m\u0259lumata g\u00f6r\u0259, Bilik G\u00fcn\u00fc &#8211; 15 sentyabr bazar g\u00fcn\u00fcn\u0259 t\u0259sad\u00fcf etdiyi \u00fc\u00e7\u00fcn t\u0259dris ilinin ilk g\u00fcn\u00fc 16 sentyabr hesab edil\u0259c\u0259k.<\/p>\n<p>Bununla \u0259laq\u0259dar orta m\u0259kt\u0259bl\u0259rd\u0259 d\u0259rsl\u0259rin ke\u00e7irilm\u0259sin\u0259 sentyabr\u0131n 16-dan ba\u015flanacaq.<\/p>\n<p>Qeyd ed\u0259k ki, Az\u0259rbaycanda t\u0259dris ili ad\u0259t\u0259n 15 sentyabrda ba\u015flay\u0131b, 14 iyunda ba\u015fa \u00e7at\u0131r.<\/p>\n<p>2019-2020-ci t\u0259dris ilind\u0259 respublikan\u0131n \u00fcmumt\u0259hsil m\u0259kt\u0259bl\u0259rinin I sinifl\u0259rin\u0259 164234 u\u015fa\u011f\u0131n ged\u0259c\u0259yi g\u00f6zl\u0259nilir.<\/p>\n<div>\n<div id=\"AdviadNativeVideo0\" class=\"AdviadNativeVideo\"><\/div>\n<\/div>\n<p>Onlardan 77542-si q\u0131z, 86692 n\u0259f\u0259ri is\u0259 o\u011fland\u0131r.<\/p>\n","protected":false},"excerpt":{"rendered":"<p>2019-2020-ci t\u0259dris ilinin ilk d\u0259rs g\u00fcn\u00fc sentyabr\u0131n 16-da olacaq. ARANTV.AZ\u00a0 x\u0259b\u0259r verir ki, T\u0259hsil Nazirliyind\u0259n\u00a0Trend-\u0259 veril\u0259n m\u0259lumata g\u00f6r\u0259, Bilik G\u00fcn\u00fc &#8211; 15 sentyabr bazar g\u00fcn\u00fcn\u0259 t\u0259sad\u00fcf etdiyi \u00fc\u00e7\u00fcn t\u0259dris ilinin ilk g\u00fcn\u00fc 16 sentyabr hesab edil\u0259c\u0259k. Bununla \u0259laq\u0259dar orta m\u0259kt\u0259bl\u0259rd\u0259 d\u0259rsl\u0259rin ke\u00e7irilm\u0259sin\u0259 sentyabr\u0131n 16-dan ba\u015flanacaq. Qeyd ed\u0259k ki, Az\u0259rbaycanda t\u0259dris ili ad\u0259t\u0259n 15 sentyabrda ba\u015flay\u0131b, 14 iyunda ba\u015fa \u00e7at\u0131r. 2019-2020-ci t\u0259dris ilind\u0259 respublikan\u0131n \u00fcmumt\u0259hsil m\u0259kt\u0259bl\u0259rinin I sinifl\u0259rin\u0259 164234 u\u015fa\u011f\u0131n ged\u0259c\u0259yi g\u00f6zl\u0259nilir. Onlardan 77542-si q\u0131z, 86692 n\u0259f\u0259ri is\u0259 o\u011fland\u0131r.<\/p>\n","protected":false},"author":2,"featured_media":76525,"comment_status":"closed","ping_status":"closed","sticky":false,"template":"","format":"standard","meta":{"om_disable_all_campaigns":false,"_monsterinsights_skip_tracking":false,"_monsterinsights_sitenote_active":false,"_monsterinsights_sitenote_note":"","_monsterinsights_sitenote_category":0},"categories":[1],"tags":[],"aioseo_notices":[],"gutentor_comment":0,"rttpg_featured_image_url":{"full":["https:\/\/arantv.az\/wp-content\/uploads\/2019\/09\/782965.jpg",1000,667,false],"landscape":["https:\/\/arantv.az\/wp-content\/uploads\/2019\/09\/782965.jpg",1000,667,false],"portraits":["https:\/\/arantv.az\/wp-content\/uploads\/2019\/09\/782965.jpg",1000,667,false],"thumbnail":["https:\/\/arantv.az\/wp-content\/uploads\/2019\/09\/782965-150x150.jpg",150,150,true],"medium":["https:\/\/arantv.az\/wp-content\/uploads\/2019\/09\/782965-300x200.jpg",300,200,true],"large":["https:\/\/arantv.az\/wp-content\/uploads\/2019\/09\/782965.jpg",640,427,false],"1536x1536":["https:\/\/arantv.az\/wp-content\/uploads\/2019\/09\/782965.jpg",1000,667,false],"2048x2048":["https:\/\/arantv.az\/wp-content\/uploads\/2019\/09\/782965.jpg",1000,667,false],"post-thumbnail":["https:\/\/arantv.az\/wp-content\/uploads\/2019\/09\/782965-240x172.jpg",240,172,true],"advps-thumb-one":["https:\/\/arantv.az\/wp-content\/uploads\/2019\/09\/782965-1000x620.jpg",1000,620,true]},"rttpg_author":{"display_name":"V\u00fcsal Rafiqo\u011flu","author_link":"https:\/\/arantv.az\/?author=2"},"rttpg_comment":0,"rttpg_category":"<a href=\"https:\/\/arantv.az\/?cat=1\" rel=\"category\">C\u0259miyy\u0259t<\/a>","rttpg_excerpt":"2019-2020-ci t\u0259dris ilinin ilk d\u0259rs g\u00fcn\u00fc sentyabr\u0131n 16-da olacaq. ARANTV.AZ\u00a0 x\u0259b\u0259r verir ki, T\u0259hsil Nazirliyind\u0259n\u00a0Trend-\u0259 veril\u0259n m\u0259lumata g\u00f6r\u0259, Bilik G\u00fcn\u00fc &#8211; 15 sentyabr bazar g\u00fcn\u00fcn\u0259 t\u0259sad\u00fcf etdiyi \u00fc\u00e7\u00fcn t\u0259dris ilinin ilk g\u00fcn\u00fc 16 sentyabr hesab edil\u0259c\u0259k. Bununla \u0259laq\u0259dar orta m\u0259kt\u0259bl\u0259rd\u0259 d\u0259rsl\u0259rin ke\u00e7irilm\u0259sin\u0259 sentyabr\u0131n 16-dan ba\u015flanacaq. Qeyd ed\u0259k ki, Az\u0259rbaycanda t\u0259dris ili ad\u0259t\u0259n 15 sentyabrda ba\u015flay\u0131b,&hellip;","_links":{"self":[{"href":"https:\/\/arantv.az\/index.php?rest_route=\/wp\/v2\/posts\/76524"}],"collection":[{"href":"https:\/\/arantv.az\/index.php?rest_route=\/wp\/v2\/posts"}],"about":[{"href":"https:\/\/arantv.az\/index.php?rest_route=\/wp\/v2\/types\/post"}],"author":[{"embeddable":true,"href":"https:\/\/arantv.az\/index.php?rest_route=\/wp\/v2\/users\/2"}],"replies":[{"embeddable":true,"href":"https:\/\/arantv.az\/index.php?rest_route=%2Fwp%2Fv2%2Fcomments&post=76524"}],"version-history":[{"count":0,"href":"https:\/\/arantv.az\/index.php?rest_route=\/wp\/v2\/posts\/76524\/revisions"}],"wp:featuredmedia":[{"embeddable":true,"href":"https:\/\/arantv.az\/index.php?rest_route=\/wp\/v2\/media\/76525"}],"wp:attachment":[{"href":"https:\/\/arantv.az\/index.php?rest_route=%2Fwp%2Fv2%2Fmedia&parent=76524"}],"wp:term":[{"taxonomy":"category","embeddable":true,"href":"https:\/\/arantv.az\/index.php?rest_route=%2Fwp%2Fv2%2Fcategories&post=76524"},{"taxonomy":"post_tag","embeddable":true,"href":"https:\/\/arantv.az\/index.php?rest_route=%2Fwp%2Fv2%2Ftags&post=76524"}],"curies":[{"name":"wp","href":"https:\/\/api.w.org\/{rel}","templated":true}]}}