{"id":765526,"date":"2024-10-31T07:29:08","date_gmt":"2024-10-31T03:29:08","guid":{"rendered":"https:\/\/arantv.az\/?p=765526"},"modified":"2024-10-31T07:29:08","modified_gmt":"2024-10-31T03:29:08","slug":"zaman-d%c9%99yiss%c9%99-d%c9%99-antimilli-unsurl%c9%99rin-xisl%c9%99ti-d%c9%99yismir","status":"publish","type":"post","link":"https:\/\/arantv.az\/?p=765526","title":{"rendered":"Zaman d\u0259yi\u015fs\u0259 d\u0259 antimilli \u00fcns\u00fcrl\u0259rin xisl\u0259ti d\u0259yi\u015fmir"},"content":{"rendered":"<p><em><strong>H\u0259r bir u\u011fura d\u00fc\u015fm\u0259n m\u00f6vqeyind\u0259n baxmaq art\u0131q radikal m\u00fcxalif\u0259t \u00fc\u00e7\u00fcn xroniki x\u0259st\u0259lik hal\u0131n\u0131 al\u0131b<\/strong><\/em><\/p>\n<p>\u00d6t\u0259n ill\u0259rd\u0259\u00a0 oldu\u011fu kimi, bu g\u00fcn d\u0259 t\u0259f\u0259kk\u00fcrl\u0259rind\u0259 v\u0259 d\u00fc\u015f\u00fcnc\u0259l\u0259rind\u0259 he\u00e7 bir m\u00fcasirliy\u0259 nail ola bilm\u0259y\u0259n da\u011f\u0131d\u0131c\u0131 m\u00fcxalif\u0259t n\u00fcmay\u0259nd\u0259l\u0259ri\u00a0 x\u0259yan\u0259t yolundad\u0131rlar.\u00a0 Son ill\u0259r m\u00fcxt\u0259lif internet kanallar\u0131 a\u00e7araq qarayaxma kampaniyas\u0131 il\u0259 m\u0259\u015f\u011ful olan da\u011f\u0131d\u0131c\u0131 m\u00fcxalif\u0259td\u0259 \u201cinkar\u00e7\u0131l\u0131q hissi\u201d \u00e7ox\u00a0 y\u00fcks\u0259kdir. Onlar\u0131n m\u0259qs\u0259dl\u0259ri n\u0259yin bahas\u0131na olursa-olsun Az\u0259rbaycan hakimiyy\u0259tinin h\u0259yata ke\u00e7irdiyi u\u011furlu layih\u0259l\u0259ri\u00a0\u00a0 g\u00f6zd\u0259n salmaq, apar\u0131lan siyasi, sosial-iqtisadi islahatlara m\u0259nfi don geyindirm\u0259kdir.\u00a0 \u0130qtidar\u0131n atd\u0131\u011f\u0131 h\u0259r bir u\u011furlu add\u0131m radikal m\u00fcxalif\u0259t t\u0259r\u0259find\u0259n birm\u0259nal\u0131 \u015f\u0259kild\u0259 s\u0259hv h\u0259r\u0259k\u0259t kimi qiym\u0259tl\u0259ndilir. \u201cB\u0259s radikal m\u00fcxalif\u0259tin \u00f6z\u00fc n\u0259 edir, n\u0259 ed\u0259c\u0259k\u201d sual\u0131 is\u0259 h\u0259r zaman cavabs\u0131z qal\u0131r. \u00d6zl\u0259rinin konsepsiyalar\u0131 bar\u0259d\u0259 bir k\u0259lm\u0259 bel\u0259 dan\u0131\u015fm\u0131rlar. Onlar n\u0259 \u00f6z platformalar\u0131n\u0131 a\u00e7\u0131qlay\u0131r, n\u0259 d\u0259 ki, iqtidar\u0131n siyas\u0259tin\u0259 alternativ t\u0259klifl\u0259r ir\u0259li s\u00fcr\u00fcrl\u0259r.\u00a0 Bu is\u0259 onlar\u0131n \u00e7\u00fcr\u00fck psixologiyas\u0131ndan, g\u0259l\u0259c\u0259kl\u0259 ba\u011fl\u0131 he\u00e7 bir siyasi, iqtisadi, sosial konsepsiyalar\u0131n\u0131n olmamas\u0131ndan x\u0259b\u0259r verir. Sad\u0259c\u0259 onlar hakimiyy\u0259ti bo\u015f-bo\u015funa t\u0259nqid etm\u0259kl\u0259\u00a0 v\u0259 anti-Az\u0259rbaycan dair\u0259l\u0259rin tezisl\u0259rini t\u0259krarlamaqla m\u0259\u015f\u011fuldurlar.<\/p>\n<p>H\u0259r bir u\u011fura d\u00fc\u015fm\u0259n m\u00f6vqeyind\u0259n baxmaq\u00a0 radikal m\u00fcxalif\u0259t \u00fc\u00e7\u00fcn art\u0131q xroniki x\u0259st\u0259lik hal\u0131n\u0131 al\u0131b. Onlar\u0131n bacard\u0131qlar\u0131 yegan\u0259 i\u015f insanlar\u0131 ita\u0259tsizliy\u0259 \u00e7a\u011f\u0131rmaq, v\u0259t\u0259nda\u015flar\u0131 qar\u015f\u0131durmaya t\u0259hrik etm\u0259kdir. D\u00fcnya t\u0259cr\u00fcb\u0259sind\u0259n d\u0259 m\u0259lumdur ki, v\u0259t\u0259nda\u015f ita\u0259tsizliyi v\u0259t\u0259nda\u015f m\u00fcharib\u0259sin\u0259 apar\u0131b \u00e7\u0131xaran amildir. D\u00fcnyan\u0131n sivil c\u0259miyy\u0259tl\u0259rind\u0259 bel\u0259 yana\u015fmalar he\u00e7 vaxt q\u0259bul olunmur.<\/p>\n<p>\u018fslind\u0259 radikal m\u00fcxalif\u0259tin bu \u0259n\u0259n\u0259ni davam etdir\u0259c\u0259yi g\u00f6zl\u0259nil\u0259n idi. Bu m\u0259nz\u0259r\u0259 2012-ci ild\u0259 \u201cEurovision\u201d mahn\u0131 m\u00fcsabiq\u0259si, 2015-ci ild\u0259 Birinci Avropa Oyunlar\u0131 v\u0259 dig\u0259r m\u00fch\u00fcm beyn\u0259lxalq t\u0259dbirl\u0259r \u0259r\u0259f\u0259sind\u0259 d\u0259 m\u00fc\u015fahid\u0259 olunub. Bu d\u0259f\u0259 d\u0259 radikal m\u00fcxalif qruplar\u0131 COP29 \u0259r\u0259f\u0259si bu m\u00fch\u00fcm beyn\u0259lxalq t\u0259dbiri g\u00f6zd\u0259n salmaq \u00fc\u00e7\u00fcn d\u0259rid\u0259n-qab\u0131qdan \u00e7\u0131x\u0131rlar. COP29 konfrans\u0131n\u0131n regionda ilk d\u0259f\u0259 Az\u0259rbaycanda t\u0259\u015fkil olunmas\u0131 Q\u0259rbin b\u0259zi q\u0259r\u0259zli t\u0259\u015fkilatlar\u0131n\u0131 \u00fczd\u00fcy\u00fc kimi, onlar\u0131n yerli ma\u015falar\u0131n\u0131 da narahat edir. T\u0259\u0259ss\u00fcf ki,\u00a0 Az\u0259rbaycan\u0131 sevm\u0259y\u0259n quvv\u0259l\u0259rin dikt\u0259si il\u0259 oturub-duran bu antimilli \u00fcns\u00fcrl\u0259r yen\u0259 d\u0259 fitn\u0259-f\u0259sadla m\u0259\u015f\u011ful olurlar.<\/p>\n<p>T\u0259hlill\u0259r g\u00f6st\u0259rir ki, Az\u0259rbaycan \u0259leyhin\u0259 ox\u015far t\u0259bli\u011fat Erm\u0259nistan m\u0259tbuat\u0131nda da h\u0259yata ke\u00e7irilir. T\u0259bii ki, bu s\u0131raya Erm\u0259nistanla v\u0259 erm\u0259ni diasporu il\u0259 s\u0131x \u0259laq\u0259d\u0259 olan xarici median\u0131 d\u0259 \u0259lav\u0259 ets\u0259k, daha do\u011fru olar. \u0130ndiki halda radikal qruplar\u0131n h\u0259yata ke\u00e7irdiyi insanl\u0131qdan uzaq, \u00e7irkin qarayaxma kampaniyas\u0131n\u0131n tezisl\u0259ri i\u015f\u011fal\u00e7\u0131 \u00f6lk\u0259nin anti-Az\u0259rbaycan kampaniyas\u0131n\u0131n ideoloji istiqam\u0259tl\u0259ri il\u0259 tam \u00fcst-\u00fcst\u0259 d\u00fc\u015f\u00fcr. \u00c7\u00fcnki h\u0259r iki t\u0259r\u0259f vahid m\u0259rk\u0259zd\u0259n idar\u0259 olunur, yaxud ortaq v\u0259 raz\u0131la\u015fd\u0131r\u0131lm\u0131\u015f maraqlara uy\u011fun h\u0259r\u0259k\u0259t edirl\u0259r.<\/p>\n<p>Uzun ill\u0259rdir xarici havadarlar\u0131n\u0131n maliyy\u0259 d\u0259st\u0259yi il\u0259 ist\u0259nil\u0259n yola ba\u015f vurma\u011fa, i\u011fti\u015fa\u015flar t\u00f6r\u0259tm\u0259y\u0259 haz\u0131r olan bu ifrat radikal dair\u0259l\u0259rin i\u00e7 \u00fcz\u00fcn\u00fc art\u0131q xalq yax\u015f\u0131 tan\u0131y\u0131r. H\u0259min radikal d\u00fc\u015f\u0259rg\u0259nin \u0259sas \u00aboyun\u00e7ular\u00bb\u0131n\u0131n son g\u00fcnl\u0259rd\u0259 siyasi \u201cf\u0259al\u201dl\u0131\u011f\u0131n\u0131 art\u0131rmas\u0131 onlar\u0131n xaricd\u0259n \u201c\u0259mr\u201d ald\u0131qlar\u0131n\u0131 bir daha t\u0259sdiql\u0259yir. \u00d6lk\u0259mizin u\u011furlar\u0131n\u0131 h\u0259zm ed\u0259 bilm\u0259y\u0259n \u018fli K\u0259rimli, Altay G\u00f6y\u00fc\u015fov, Arif Hac\u0131l\u0131, Tural Sad\u0131ql\u0131, Arif \u015eahmarl\u0131, Sevinc Osmanq\u0131z\u0131, Q\u0259nim\u0259t Zahid, C\u0259mil H\u0259s\u0259nli, G\u00fclt\u0259kin Hac\u0131b\u0259yli kimi \u00fcns\u00fcrl\u0259r erm\u0259ni xisl\u0259tli olduqlar\u0131n\u0131 a\u00e7\u0131q-ayd\u0131n g\u00f6st\u0259r\u0259r\u0259k utanmadan d\u00fc\u015fm\u0259n d\u0259yirman\u0131na su t\u00f6km\u0259kl\u0259 m\u0259\u015f\u011fuldurlar. 30 illik i\u015f\u011fal d\u00f6vr\u00fcnd\u0259 birc\u0259 d\u0259f\u0259 d\u0259 olsun Az\u0259rbaycan\u0131n haqq\u0131n\u0131 tan\u0131mayan bu \u00fcns\u00fcrl\u0259r Erm\u0259nistana d\u0259st\u0259k \u00fc\u00e7\u00fcn sifari\u015fli aksiyalar t\u0259\u015fkil etdil\u0259r. \u0130\u015f\u011fal\u00e7\u0131 Erm\u0259nistan\u0131n beyn\u0259lxalq t\u0259\u015fkilatlar qar\u015f\u0131s\u0131nda ir\u0259li s\u00fcrd\u00fcy\u00fc haqs\u0131z t\u0259l\u0259bl\u0259ri Bak\u0131n\u0131n k\u00fc\u00e7\u0259l\u0259rind\u0259 s\u0259sl\u0259ndirdil\u0259r. Torpaqlar\u0131m\u0131z i\u015f\u011falda oldu\u011fu m\u00fcdd\u0259td\u0259 erm\u0259ni g\u0259ncl\u0259ri il\u0259 c\u0259bh\u0259\u00e7i g\u0259ncl\u0259ri birg\u0259 layih\u0259l\u0259r\u0259 c\u0259lb edib \u201cxalq diplomatiyas\u0131\u201d ad\u0131 alt\u0131nda \u00f6lk\u0259miz\u0259 qar\u015f\u0131 tam bir x\u0259yan\u0259t yolunu tutdular.\u00a0 T\u0259\u0259ss\u00fcf ki, i\u00e7imizd\u0259ki anti-milli \u00fcns\u00fcrl\u0259rin x\u0259yan\u0259ti bu g\u00fcn d\u0259 davam edir. \u0130ll\u0259r ke\u00e7s\u0259 d\u0259, zaman d\u0259yi\u015fs\u0259 d\u0259 onlar\u0131n xisl\u0259ti d\u0259yi\u015fm\u0259di ki, d\u0259yi\u015fm\u0259di.<\/p>\n<p><strong>\u015e\u0259msiyy\u0259 \u018fliq\u0131z\u0131, \u201c\u0130ki sahil\u201d<\/strong><\/p>\n","protected":false},"excerpt":{"rendered":"<p>H\u0259r bir u\u011fura d\u00fc\u015fm\u0259n m\u00f6vqeyind\u0259n baxmaq art\u0131q radikal m\u00fcxalif\u0259t \u00fc\u00e7\u00fcn xroniki x\u0259st\u0259lik hal\u0131n\u0131 al\u0131b \u00d6t\u0259n ill\u0259rd\u0259\u00a0 oldu\u011fu kimi, bu g\u00fcn d\u0259 t\u0259f\u0259kk\u00fcrl\u0259rind\u0259 v\u0259 d\u00fc\u015f\u00fcnc\u0259l\u0259rind\u0259 he\u00e7 bir m\u00fcasirliy\u0259 nail ola bilm\u0259y\u0259n da\u011f\u0131d\u0131c\u0131 m\u00fcxalif\u0259t n\u00fcmay\u0259nd\u0259l\u0259ri\u00a0 x\u0259yan\u0259t yolundad\u0131rlar.\u00a0 Son ill\u0259r m\u00fcxt\u0259lif internet kanallar\u0131 a\u00e7araq qarayaxma kampaniyas\u0131 il\u0259 m\u0259\u015f\u011ful olan da\u011f\u0131d\u0131c\u0131 m\u00fcxalif\u0259td\u0259 \u201cinkar\u00e7\u0131l\u0131q hissi\u201d \u00e7ox\u00a0 y\u00fcks\u0259kdir. Onlar\u0131n m\u0259qs\u0259dl\u0259ri n\u0259yin bahas\u0131na olursa-olsun Az\u0259rbaycan hakimiyy\u0259tinin h\u0259yata ke\u00e7irdiyi u\u011furlu layih\u0259l\u0259ri\u00a0\u00a0 g\u00f6zd\u0259n salmaq, apar\u0131lan siyasi, sosial-iqtisadi islahatlara m\u0259nfi don geyindirm\u0259kdir.\u00a0 \u0130qtidar\u0131n atd\u0131\u011f\u0131 h\u0259r bir u\u011furlu add\u0131m radikal m\u00fcxalif\u0259t t\u0259r\u0259find\u0259n birm\u0259nal\u0131 \u015f\u0259kild\u0259 s\u0259hv h\u0259r\u0259k\u0259t kimi qiym\u0259tl\u0259ndilir. \u201cB\u0259s radikal m\u00fcxalif\u0259tin&hellip;<\/p>\n","protected":false},"author":2,"featured_media":765527,"comment_status":"closed","ping_status":"closed","sticky":false,"template":"","format":"standard","meta":{"om_disable_all_campaigns":false,"_monsterinsights_skip_tracking":false,"_monsterinsights_sitenote_active":false,"_monsterinsights_sitenote_note":"","_monsterinsights_sitenote_category":0},"categories":[19],"tags":[],"aioseo_notices":[],"gutentor_comment":0,"rttpg_featured_image_url":{"full":["https:\/\/arantv.az\/wp-content\/uploads\/2024\/10\/74961657173029763378065236910373642.jpg",975,540,false],"landscape":["https:\/\/arantv.az\/wp-content\/uploads\/2024\/10\/74961657173029763378065236910373642.jpg",975,540,false],"portraits":["https:\/\/arantv.az\/wp-content\/uploads\/2024\/10\/74961657173029763378065236910373642.jpg",975,540,false],"thumbnail":["https:\/\/arantv.az\/wp-content\/uploads\/2024\/10\/74961657173029763378065236910373642-500x280.jpg",500,280,true],"medium":["https:\/\/arantv.az\/wp-content\/uploads\/2024\/10\/74961657173029763378065236910373642-660x365.jpg",660,365,true],"large":["https:\/\/arantv.az\/wp-content\/uploads\/2024\/10\/74961657173029763378065236910373642-840x465.jpg",640,354,true],"1536x1536":["https:\/\/arantv.az\/wp-content\/uploads\/2024\/10\/74961657173029763378065236910373642.jpg",975,540,false],"2048x2048":["https:\/\/arantv.az\/wp-content\/uploads\/2024\/10\/74961657173029763378065236910373642.jpg",975,540,false],"post-thumbnail":["https:\/\/arantv.az\/wp-content\/uploads\/2024\/10\/74961657173029763378065236910373642-240x172.jpg",240,172,true],"advps-thumb-one":["https:\/\/arantv.az\/wp-content\/uploads\/2024\/10\/74961657173029763378065236910373642.jpg",975,540,false]},"rttpg_author":{"display_name":"V\u00fcsal Rafiqo\u011flu","author_link":"https:\/\/arantv.az\/?author=2"},"rttpg_comment":0,"rttpg_category":"<a href=\"https:\/\/arantv.az\/?cat=19\" rel=\"category\">G\u00fcnd\u0259m<\/a>","rttpg_excerpt":"H\u0259r bir u\u011fura d\u00fc\u015fm\u0259n m\u00f6vqeyind\u0259n baxmaq art\u0131q radikal m\u00fcxalif\u0259t \u00fc\u00e7\u00fcn xroniki x\u0259st\u0259lik hal\u0131n\u0131 al\u0131b \u00d6t\u0259n ill\u0259rd\u0259\u00a0 oldu\u011fu kimi, bu g\u00fcn d\u0259 t\u0259f\u0259kk\u00fcrl\u0259rind\u0259 v\u0259 d\u00fc\u015f\u00fcnc\u0259l\u0259rind\u0259 he\u00e7 bir m\u00fcasirliy\u0259 nail ola bilm\u0259y\u0259n da\u011f\u0131d\u0131c\u0131 m\u00fcxalif\u0259t n\u00fcmay\u0259nd\u0259l\u0259ri\u00a0 x\u0259yan\u0259t yolundad\u0131rlar.\u00a0 Son ill\u0259r m\u00fcxt\u0259lif internet kanallar\u0131 a\u00e7araq qarayaxma kampaniyas\u0131 il\u0259 m\u0259\u015f\u011ful olan da\u011f\u0131d\u0131c\u0131 m\u00fcxalif\u0259td\u0259 \u201cinkar\u00e7\u0131l\u0131q hissi\u201d \u00e7ox\u00a0 y\u00fcks\u0259kdir. Onlar\u0131n m\u0259qs\u0259dl\u0259ri n\u0259yin&hellip;","_links":{"self":[{"href":"https:\/\/arantv.az\/index.php?rest_route=\/wp\/v2\/posts\/765526"}],"collection":[{"href":"https:\/\/arantv.az\/index.php?rest_route=\/wp\/v2\/posts"}],"about":[{"href":"https:\/\/arantv.az\/index.php?rest_route=\/wp\/v2\/types\/post"}],"author":[{"embeddable":true,"href":"https:\/\/arantv.az\/index.php?rest_route=\/wp\/v2\/users\/2"}],"replies":[{"embeddable":true,"href":"https:\/\/arantv.az\/index.php?rest_route=%2Fwp%2Fv2%2Fcomments&post=765526"}],"version-history":[{"count":1,"href":"https:\/\/arantv.az\/index.php?rest_route=\/wp\/v2\/posts\/765526\/revisions"}],"predecessor-version":[{"id":765528,"href":"https:\/\/arantv.az\/index.php?rest_route=\/wp\/v2\/posts\/765526\/revisions\/765528"}],"wp:featuredmedia":[{"embeddable":true,"href":"https:\/\/arantv.az\/index.php?rest_route=\/wp\/v2\/media\/765527"}],"wp:attachment":[{"href":"https:\/\/arantv.az\/index.php?rest_route=%2Fwp%2Fv2%2Fmedia&parent=765526"}],"wp:term":[{"taxonomy":"category","embeddable":true,"href":"https:\/\/arantv.az\/index.php?rest_route=%2Fwp%2Fv2%2Fcategories&post=765526"},{"taxonomy":"post_tag","embeddable":true,"href":"https:\/\/arantv.az\/index.php?rest_route=%2Fwp%2Fv2%2Ftags&post=765526"}],"curies":[{"name":"wp","href":"https:\/\/api.w.org\/{rel}","templated":true}]}}