{"id":765783,"date":"2024-11-01T18:17:30","date_gmt":"2024-11-01T14:17:30","guid":{"rendered":"https:\/\/arantv.az\/?p=765783"},"modified":"2024-11-01T18:17:30","modified_gmt":"2024-11-01T14:17:30","slug":"su-h%c9%99yatdir-ekoloji-konfransin-t%c9%99skili-layih%c9%99sinin-novb%c9%99ti-seminari-kecirildi","status":"publish","type":"post","link":"https:\/\/arantv.az\/?p=765783","title":{"rendered":"SU H\u018fYATDIR! &#8211; Ekoloji konfrans\u0131n t\u0259\u015fkili layih\u0259sinin n\u00f6vb\u0259ti seminar\u0131 ke\u00e7irildi"},"content":{"rendered":"<p>\u201cQad\u0131n v\u0259 G\u0259nc Ail\u0259l\u0259rin Sosial \u0130nki\u015faf\u0131\u201d \u0130ctimai Birliyi, \u00a0Az\u0259rbaycan G\u0259ncl\u0259r Fondunun maliyy\u0259 d\u0259st\u0259yi il\u0259 SU H\u018fYATDIR! &#8211; Ekoloji konfrans\u0131n t\u0259\u015fkili layih\u0259sinin n\u00f6vb\u0259ti seminar\u0131 ke\u00e7irilmi\u015fdir.<\/p>\n<p>Layih\u0259nin \u0259sas m\u0259qs\u0259di, \u0259traf m\u00fchitin, su ehtiyatlar\u0131n\u0131n qorunmas\u0131 v\u0259 onlardan s\u0259m\u0259r\u0259li istifad\u0259 edilm\u0259si, m\u00fcvafiq qlobal ekoloji probleml\u0259rin h\u0259llin\u0259 d\u0259st\u0259k verm\u0259k \u00fc\u00e7\u00fcn g\u0259ncl\u0259rin ekoloji maarifl\u0259ndirilm\u0259sidir.<\/p>\n<p>Layih\u0259 \u00fc\u00e7 ay m\u00fcdd\u0259tind\u0259 Xa\u00e7maz rayonunda h\u0259yata ke\u00e7iril\u0259c\u0259kdir. \u00dcmumilikd\u0259 \u00fc\u00e7 seminar\u0131 \u0259hat\u0259 ed\u0259c\u0259k layih\u0259y\u0259 120 n\u0259f\u0259r g\u0259nc c\u0259lb olunacaqd\u0131r.<\/p>\n<p>Az\u0259rbaycan G\u0259ncl\u0259r Fondunun \u201cYa\u015f\u0131l D\u00fcnya Namin\u0259 H\u0259mr\u0259ylik ili\u201d \u00e7\u0259r\u00e7iv\u0259sind\u0259 elan etdiyi qrant m\u00fcsabiq\u0259sinin qalibi olan SU H\u018fYATDIR! &#8211; Ekoloji konfrans\u0131n t\u0259\u015fkili layih\u0259sinin \u00fc\u00e7\u00fcnc\u00fc seminar\u0131 Xa\u00e7maz Pe\u015f\u0259 liseyind\u0259 ke\u00e7irildi. Layih\u0259d\u0259 i\u015ftirak ed\u0259n g\u0259ncl\u0259r\u0259 ekoloji maarifl\u0259ndirici seminar ke\u00e7irildi.<\/p>\n<p>Xa\u00e7maz rayon \u0130cra Hakimiyy\u0259ti ictimai-siyasi v\u0259 humanitar m\u0259s\u0259l\u0259l\u0259r \u015f\u00f6b\u0259sinin ba\u015f m\u0259sl\u0259h\u0259t\u00e7isi Yaqut M\u0259simova Xa\u00e7maz rayonunun \u0259razisind\u0259n ke\u00e7\u0259n bir \u00e7ox \u00e7aylar\u0131n quruma t\u0259hl\u00fck\u0259sind\u0259n, ekologiyan\u0131n z\u0259r\u0259rli tullant\u0131lardan t\u0259mizl\u0259nm\u0259sinin vacibliyind\u0259n dan\u0131\u015fd\u0131.<\/p>\n<p>Qad\u0131n v\u0259 G\u0259nc Ail\u0259l\u0259rin Sosial \u0130nki\u015faf\u0131 \u0130ctimai Birliyinin s\u0259dri T\u00fcnzal\u0259 Cavadova bildirdi ki, layih\u0259d\u0259 \u0259sas m\u0259qs\u0259d hal-haz\u0131rda Xa\u00e7maz rayonun Nabran q\u0259s\u0259b\u0259sind\u0259 yerl\u0259\u015f\u0259n d\u0259niz sahili \u0259razil\u0259rin \u00e7irkl\u0259nm\u0259sinin qar\u015f\u0131s\u0131n\u0131n al\u0131nmas\u0131nda d\u0259st\u0259k g\u00f6st\u0259rilm\u0259si g\u0259nc n\u0259slin \u00fcz\u0259rin\u0259 d\u00fc\u015f\u00fcr.<\/p>\n<p>Pe\u015f\u0259 liseyinin m\u00fc\u0259llim kollektivi d\u0259 bu layih\u0259nin vacibliyind\u0259n v\u0259 g\u0259nc n\u0259slin su ehtiyatlar\u0131ndan s\u0259m\u0259r\u0259li istifad\u0259 etm\u0259li olmalar\u0131ndan v\u0259 t\u0259bi\u0259ti \u00e7irkl\u0259nm\u0259d\u0259n qorumaqla, qar\u015f\u0131da ba\u015f ver\u0259 bil\u0259c\u0259k m\u00fcxt\u0259lif t\u0259bii f\u0259lak\u0259tl\u0259rin qar\u015f\u0131s\u0131n\u0131 ala bil\u0259c\u0259kl\u0259rind\u0259n dan\u0131\u015fd\u0131lar. Bu t\u0259dbirin COP29 beyn\u0259lxalq t\u0259dbiri \u0259r\u0259f\u0259sind\u0259 h\u0259yata ke\u00e7irilm\u0259sinin t\u0259dqir\u0259 layiq olmas\u0131ndan v\u0259 suyun insan h\u0259yat\u0131 \u00fc\u00e7\u00fcn b\u00f6y\u00fck \u0259h\u0259miyy\u0259tind\u0259n dan\u0131\u015fd\u0131lar.<\/p>\n<p>Qeyd ed\u0259k ki, \u00a0layih\u0259 Az\u0259rbaycan G\u0259ncl\u0259r Fondu t\u0259r\u0259find\u0259n d\u0259st\u0259kl\u0259nir.<\/p>\n<p><img loading=\"lazy\" class=\"alignnone size-medium wp-image-765784\" src=\"https:\/\/arantv.az\/wp-content\/uploads\/2024\/11\/eaba6778-03af-4dfc-bc6c-60aeed364e4e-548x365.jpg\" alt=\"\" width=\"548\" height=\"365\" \/> <img loading=\"lazy\" class=\"alignnone size-medium wp-image-765785\" src=\"https:\/\/arantv.az\/wp-content\/uploads\/2024\/11\/f127b11c-5a7c-4c60-9d9d-44c87bf07f16-548x365.jpg\" alt=\"\" width=\"548\" height=\"365\" \/> <img loading=\"lazy\" class=\"alignnone size-medium wp-image-765786\" src=\"https:\/\/arantv.az\/wp-content\/uploads\/2024\/11\/a4fd4334-eb4c-46c1-9f0f-dcf02f52444e-243x365.jpg\" alt=\"\" width=\"243\" height=\"365\" \/> <img loading=\"lazy\" class=\"alignnone size-medium wp-image-765787\" src=\"https:\/\/arantv.az\/wp-content\/uploads\/2024\/11\/dd5572ec-7b17-4e73-8bd2-8e39a80e5d06-243x365.jpg\" alt=\"\" width=\"243\" height=\"365\" \/> <img loading=\"lazy\" class=\"alignnone size-medium wp-image-765788\" src=\"https:\/\/arantv.az\/wp-content\/uploads\/2024\/11\/ffcbe392-2f0b-4bf8-9d58-2e132b7e70f7-243x365.jpg\" alt=\"\" width=\"243\" height=\"365\" \/> <img loading=\"lazy\" class=\"alignnone size-medium wp-image-765789\" src=\"https:\/\/arantv.az\/wp-content\/uploads\/2024\/11\/108e522c-77f8-4e71-bfef-c3283598f3fc-548x365.jpg\" alt=\"\" width=\"548\" height=\"365\" \/> <img loading=\"lazy\" class=\"alignnone size-medium wp-image-765790\" src=\"https:\/\/arantv.az\/wp-content\/uploads\/2024\/11\/70f7c287-32b7-4ccc-8eb3-fdb3ec4562d4-243x365.jpg\" alt=\"\" width=\"243\" height=\"365\" \/><\/p>\n<p>&nbsp;<\/p>\n<p><strong>\u00a0<\/strong><\/p>\n<p>&nbsp;<\/p>\n<p><strong><em>\u00a0<\/em><\/strong><\/p>\n<p>&nbsp;<\/p>\n<p>&nbsp;<\/p>\n<p>&nbsp;<\/p>\n<p>&nbsp;<\/p>\n<p>&nbsp;<\/p>\n<p>&nbsp;<\/p>\n<p>&nbsp;<\/p>\n<p>&nbsp;<\/p>\n<p>&nbsp;<\/p>\n<p>&nbsp;<\/p>\n<p>&nbsp;<\/p>\n<p>&nbsp;<\/p>\n<p>&nbsp;<\/p>\n<p>&nbsp;<\/p>\n","protected":false},"excerpt":{"rendered":"<p>\u201cQad\u0131n v\u0259 G\u0259nc Ail\u0259l\u0259rin Sosial \u0130nki\u015faf\u0131\u201d \u0130ctimai Birliyi, \u00a0Az\u0259rbaycan G\u0259ncl\u0259r Fondunun maliyy\u0259 d\u0259st\u0259yi il\u0259 SU H\u018fYATDIR! &#8211; Ekoloji konfrans\u0131n t\u0259\u015fkili layih\u0259sinin n\u00f6vb\u0259ti seminar\u0131 ke\u00e7irilmi\u015fdir. Layih\u0259nin \u0259sas m\u0259qs\u0259di, \u0259traf m\u00fchitin, su ehtiyatlar\u0131n\u0131n qorunmas\u0131 v\u0259 onlardan s\u0259m\u0259r\u0259li istifad\u0259 edilm\u0259si, m\u00fcvafiq qlobal ekoloji probleml\u0259rin h\u0259llin\u0259 d\u0259st\u0259k verm\u0259k \u00fc\u00e7\u00fcn g\u0259ncl\u0259rin ekoloji maarifl\u0259ndirilm\u0259sidir. Layih\u0259 \u00fc\u00e7 ay m\u00fcdd\u0259tind\u0259 Xa\u00e7maz rayonunda h\u0259yata ke\u00e7iril\u0259c\u0259kdir. \u00dcmumilikd\u0259 \u00fc\u00e7 seminar\u0131 \u0259hat\u0259 ed\u0259c\u0259k layih\u0259y\u0259 120 n\u0259f\u0259r g\u0259nc c\u0259lb olunacaqd\u0131r. Az\u0259rbaycan G\u0259ncl\u0259r Fondunun \u201cYa\u015f\u0131l D\u00fcnya Namin\u0259 H\u0259mr\u0259ylik ili\u201d \u00e7\u0259r\u00e7iv\u0259sind\u0259 elan etdiyi qrant m\u00fcsabiq\u0259sinin qalibi olan SU H\u018fYATDIR! &#8211; Ekoloji konfrans\u0131n t\u0259\u015fkili layih\u0259sinin \u00fc\u00e7\u00fcnc\u00fc&hellip;<\/p>\n","protected":false},"author":2,"featured_media":765785,"comment_status":"closed","ping_status":"closed","sticky":false,"template":"","format":"standard","meta":{"om_disable_all_campaigns":false,"_monsterinsights_skip_tracking":false,"_monsterinsights_sitenote_active":false,"_monsterinsights_sitenote_note":"","_monsterinsights_sitenote_category":0},"categories":[1],"tags":[],"aioseo_notices":[],"gutentor_comment":0,"rttpg_featured_image_url":{"full":["https:\/\/arantv.az\/wp-content\/uploads\/2024\/11\/f127b11c-5a7c-4c60-9d9d-44c87bf07f16.jpg",1200,800,false],"landscape":["https:\/\/arantv.az\/wp-content\/uploads\/2024\/11\/f127b11c-5a7c-4c60-9d9d-44c87bf07f16.jpg",1200,800,false],"portraits":["https:\/\/arantv.az\/wp-content\/uploads\/2024\/11\/f127b11c-5a7c-4c60-9d9d-44c87bf07f16.jpg",1200,800,false],"thumbnail":["https:\/\/arantv.az\/wp-content\/uploads\/2024\/11\/f127b11c-5a7c-4c60-9d9d-44c87bf07f16-500x280.jpg",500,280,true],"medium":["https:\/\/arantv.az\/wp-content\/uploads\/2024\/11\/f127b11c-5a7c-4c60-9d9d-44c87bf07f16-548x365.jpg",548,365,true],"large":["https:\/\/arantv.az\/wp-content\/uploads\/2024\/11\/f127b11c-5a7c-4c60-9d9d-44c87bf07f16-840x560.jpg",640,427,true],"1536x1536":["https:\/\/arantv.az\/wp-content\/uploads\/2024\/11\/f127b11c-5a7c-4c60-9d9d-44c87bf07f16.jpg",1200,800,false],"2048x2048":["https:\/\/arantv.az\/wp-content\/uploads\/2024\/11\/f127b11c-5a7c-4c60-9d9d-44c87bf07f16.jpg",1200,800,false],"post-thumbnail":["https:\/\/arantv.az\/wp-content\/uploads\/2024\/11\/f127b11c-5a7c-4c60-9d9d-44c87bf07f16-240x172.jpg",240,172,true],"advps-thumb-one":["https:\/\/arantv.az\/wp-content\/uploads\/2024\/11\/f127b11c-5a7c-4c60-9d9d-44c87bf07f16-1200x620.jpg",1200,620,true]},"rttpg_author":{"display_name":"V\u00fcsal Rafiqo\u011flu","author_link":"https:\/\/arantv.az\/?author=2"},"rttpg_comment":0,"rttpg_category":"<a href=\"https:\/\/arantv.az\/?cat=1\" rel=\"category\">C\u0259miyy\u0259t<\/a>","rttpg_excerpt":"\u201cQad\u0131n v\u0259 G\u0259nc Ail\u0259l\u0259rin Sosial \u0130nki\u015faf\u0131\u201d \u0130ctimai Birliyi, \u00a0Az\u0259rbaycan G\u0259ncl\u0259r Fondunun maliyy\u0259 d\u0259st\u0259yi il\u0259 SU H\u018fYATDIR! &#8211; Ekoloji konfrans\u0131n t\u0259\u015fkili layih\u0259sinin n\u00f6vb\u0259ti seminar\u0131 ke\u00e7irilmi\u015fdir. Layih\u0259nin \u0259sas m\u0259qs\u0259di, \u0259traf m\u00fchitin, su ehtiyatlar\u0131n\u0131n qorunmas\u0131 v\u0259 onlardan s\u0259m\u0259r\u0259li istifad\u0259 edilm\u0259si, m\u00fcvafiq qlobal ekoloji probleml\u0259rin h\u0259llin\u0259 d\u0259st\u0259k verm\u0259k \u00fc\u00e7\u00fcn g\u0259ncl\u0259rin ekoloji maarifl\u0259ndirilm\u0259sidir. Layih\u0259 \u00fc\u00e7 ay m\u00fcdd\u0259tind\u0259 Xa\u00e7maz rayonunda h\u0259yata&hellip;","_links":{"self":[{"href":"https:\/\/arantv.az\/index.php?rest_route=\/wp\/v2\/posts\/765783"}],"collection":[{"href":"https:\/\/arantv.az\/index.php?rest_route=\/wp\/v2\/posts"}],"about":[{"href":"https:\/\/arantv.az\/index.php?rest_route=\/wp\/v2\/types\/post"}],"author":[{"embeddable":true,"href":"https:\/\/arantv.az\/index.php?rest_route=\/wp\/v2\/users\/2"}],"replies":[{"embeddable":true,"href":"https:\/\/arantv.az\/index.php?rest_route=%2Fwp%2Fv2%2Fcomments&post=765783"}],"version-history":[{"count":1,"href":"https:\/\/arantv.az\/index.php?rest_route=\/wp\/v2\/posts\/765783\/revisions"}],"predecessor-version":[{"id":765791,"href":"https:\/\/arantv.az\/index.php?rest_route=\/wp\/v2\/posts\/765783\/revisions\/765791"}],"wp:featuredmedia":[{"embeddable":true,"href":"https:\/\/arantv.az\/index.php?rest_route=\/wp\/v2\/media\/765785"}],"wp:attachment":[{"href":"https:\/\/arantv.az\/index.php?rest_route=%2Fwp%2Fv2%2Fmedia&parent=765783"}],"wp:term":[{"taxonomy":"category","embeddable":true,"href":"https:\/\/arantv.az\/index.php?rest_route=%2Fwp%2Fv2%2Fcategories&post=765783"},{"taxonomy":"post_tag","embeddable":true,"href":"https:\/\/arantv.az\/index.php?rest_route=%2Fwp%2Fv2%2Ftags&post=765783"}],"curies":[{"name":"wp","href":"https:\/\/api.w.org\/{rel}","templated":true}]}}