{"id":765810,"date":"2024-11-01T18:49:25","date_gmt":"2024-11-01T14:49:25","guid":{"rendered":"https:\/\/arantv.az\/?p=765810"},"modified":"2024-11-01T18:49:25","modified_gmt":"2024-11-01T14:49:25","slug":"agdasa-basci-t%c9%99yin-olunan-orxan-huseynzad%c9%99-kimdir-dosye","status":"publish","type":"post","link":"https:\/\/arantv.az\/?p=765810","title":{"rendered":"A\u011fda\u015fa ba\u015f\u00e7\u0131 t\u0259yin olunan Orxan H\u00fcseynzad\u0259 K\u0130MD\u0130R&#8230; &#8211; DOSYE"},"content":{"rendered":"<p><strong><a title=\"https:\/\/musavat.com\/news\/prezident-bu-rayona-yeni-icra-bascisi-teyin-etdi-son-deqiqe_1115712.html\" href=\"https:\/\/musavat.com\/news\/prezident-bu-rayona-yeni-icra-bascisi-teyin-etdi-son-deqiqe_1115712.html\">X\u0259b\u0259r verdiyimiz kimi<\/a>, Prezident \u0130lham \u018fliyevin s\u0259r\u0259ncam\u0131 il\u0259 Orxan H\u00fcseynzad\u0259\u00a0A\u011fda\u015f Rayon \u0130cra Hakimiyy\u0259tinin ba\u015f\u00e7\u0131s\u0131 t\u0259yin edilib.<\/strong><\/p>\n<p><strong>ARANTV.AZ\u00a0 <\/strong>Orxan H\u00fcseynzad\u0259nin\u00a0dosyesini \u00f6z oxucular\u0131na t\u0259qdim edir:<\/p>\n<p>Orxan H\u00fcseynzad\u0259 1983-c\u00fc ild\u0259 Bak\u0131 \u015f\u0259h\u0259rind\u0259 anadan olub.<\/p>\n<p>O, 2004-c\u00fc ild\u0259 Bak\u0131 D\u00f6vl\u0259t Universitetini, 2013-c\u00fc ild\u0259 is\u0259 Az\u0259rbaycan Respublikas\u0131n\u0131n Prezidenti yan\u0131nda D\u00f6vl\u0259t \u0130dar\u0259\u00e7ilik Akademiyas\u0131n\u0131 bitirib.<\/p>\n<p>O.H\u00fcseynzad\u0259 2006-2012-ci ill\u0259rd\u0259 S\u0259hiyy\u0259 Nazirliyi, 2012-2018-ci ill\u0259r \u0259rzind\u0259 Standartla\u015fd\u0131rma, Metrologiya v\u0259 Patent \u00fczr\u0259 D\u00f6vl\u0259t Komit\u0259sind\u0259 m\u00fcxt\u0259lif v\u0259zif\u0259l\u0259rd\u0259 i\u015fl\u0259yib. 2018-ci ild\u0259 \u018fm\u0259k v\u0259 \u018fhalinin Sosial M\u00fcdafi\u0259si Nazirliyinin Aparat\u0131nda i\u015fl\u0259yib. 2018-ci ild\u0259n bu t\u0259yinatad\u0259k nazirlik yan\u0131nda D\u00f6vl\u0259t \u018fm\u0259k M\u00fcf\u0259tti\u015fliyi Xidm\u0259tind\u0259 \u00e7al\u0131\u015f\u0131b.<\/p>\n<p>Qeyd ed\u0259k ki, avqustun 7-d\u0259 Tofiq H\u00fcseyn o\u011flu \u0130brahimov A\u011fda\u015f Rayon \u0130cra Hakimiyy\u0259tinin ba\u015f\u00e7\u0131s\u0131 v\u0259zif\u0259sind\u0259n azad edilib.<\/p>\n","protected":false},"excerpt":{"rendered":"<p>X\u0259b\u0259r verdiyimiz kimi, Prezident \u0130lham \u018fliyevin s\u0259r\u0259ncam\u0131 il\u0259 Orxan H\u00fcseynzad\u0259\u00a0A\u011fda\u015f Rayon \u0130cra Hakimiyy\u0259tinin ba\u015f\u00e7\u0131s\u0131 t\u0259yin edilib. ARANTV.AZ\u00a0 Orxan H\u00fcseynzad\u0259nin\u00a0dosyesini \u00f6z oxucular\u0131na t\u0259qdim edir: Orxan H\u00fcseynzad\u0259 1983-c\u00fc ild\u0259 Bak\u0131 \u015f\u0259h\u0259rind\u0259 anadan olub. O, 2004-c\u00fc ild\u0259 Bak\u0131 D\u00f6vl\u0259t Universitetini, 2013-c\u00fc ild\u0259 is\u0259 Az\u0259rbaycan Respublikas\u0131n\u0131n Prezidenti yan\u0131nda D\u00f6vl\u0259t \u0130dar\u0259\u00e7ilik Akademiyas\u0131n\u0131 bitirib. O.H\u00fcseynzad\u0259 2006-2012-ci ill\u0259rd\u0259 S\u0259hiyy\u0259 Nazirliyi, 2012-2018-ci ill\u0259r \u0259rzind\u0259 Standartla\u015fd\u0131rma, Metrologiya v\u0259 Patent \u00fczr\u0259 D\u00f6vl\u0259t Komit\u0259sind\u0259 m\u00fcxt\u0259lif v\u0259zif\u0259l\u0259rd\u0259 i\u015fl\u0259yib. 2018-ci ild\u0259 \u018fm\u0259k v\u0259 \u018fhalinin Sosial M\u00fcdafi\u0259si Nazirliyinin Aparat\u0131nda i\u015fl\u0259yib. 2018-ci ild\u0259n bu t\u0259yinatad\u0259k nazirlik yan\u0131nda D\u00f6vl\u0259t \u018fm\u0259k M\u00fcf\u0259tti\u015fliyi Xidm\u0259tind\u0259 \u00e7al\u0131\u015f\u0131b. Qeyd ed\u0259k ki,&hellip;<\/p>\n","protected":false},"author":2,"featured_media":765811,"comment_status":"closed","ping_status":"closed","sticky":false,"template":"","format":"standard","meta":{"om_disable_all_campaigns":false,"_monsterinsights_skip_tracking":false,"_monsterinsights_sitenote_active":false,"_monsterinsights_sitenote_note":"","_monsterinsights_sitenote_category":0},"categories":[19],"tags":[],"aioseo_notices":[],"gutentor_comment":0,"rttpg_featured_image_url":{"full":["https:\/\/arantv.az\/wp-content\/uploads\/2024\/11\/f1816ccbdbdd09761e7cea7476e6953d.jpg",738,442,false],"landscape":["https:\/\/arantv.az\/wp-content\/uploads\/2024\/11\/f1816ccbdbdd09761e7cea7476e6953d.jpg",738,442,false],"portraits":["https:\/\/arantv.az\/wp-content\/uploads\/2024\/11\/f1816ccbdbdd09761e7cea7476e6953d.jpg",738,442,false],"thumbnail":["https:\/\/arantv.az\/wp-content\/uploads\/2024\/11\/f1816ccbdbdd09761e7cea7476e6953d-500x280.jpg",500,280,true],"medium":["https:\/\/arantv.az\/wp-content\/uploads\/2024\/11\/f1816ccbdbdd09761e7cea7476e6953d-609x365.jpg",609,365,true],"large":["https:\/\/arantv.az\/wp-content\/uploads\/2024\/11\/f1816ccbdbdd09761e7cea7476e6953d.jpg",640,383,false],"1536x1536":["https:\/\/arantv.az\/wp-content\/uploads\/2024\/11\/f1816ccbdbdd09761e7cea7476e6953d.jpg",738,442,false],"2048x2048":["https:\/\/arantv.az\/wp-content\/uploads\/2024\/11\/f1816ccbdbdd09761e7cea7476e6953d.jpg",738,442,false],"post-thumbnail":["https:\/\/arantv.az\/wp-content\/uploads\/2024\/11\/f1816ccbdbdd09761e7cea7476e6953d-240x172.jpg",240,172,true],"advps-thumb-one":["https:\/\/arantv.az\/wp-content\/uploads\/2024\/11\/f1816ccbdbdd09761e7cea7476e6953d.jpg",738,442,false]},"rttpg_author":{"display_name":"V\u00fcsal Rafiqo\u011flu","author_link":"https:\/\/arantv.az\/?author=2"},"rttpg_comment":0,"rttpg_category":"<a href=\"https:\/\/arantv.az\/?cat=19\" rel=\"category\">G\u00fcnd\u0259m<\/a>","rttpg_excerpt":"X\u0259b\u0259r verdiyimiz kimi, Prezident \u0130lham \u018fliyevin s\u0259r\u0259ncam\u0131 il\u0259 Orxan H\u00fcseynzad\u0259\u00a0A\u011fda\u015f Rayon \u0130cra Hakimiyy\u0259tinin ba\u015f\u00e7\u0131s\u0131 t\u0259yin edilib. ARANTV.AZ\u00a0 Orxan H\u00fcseynzad\u0259nin\u00a0dosyesini \u00f6z oxucular\u0131na t\u0259qdim edir: Orxan H\u00fcseynzad\u0259 1983-c\u00fc ild\u0259 Bak\u0131 \u015f\u0259h\u0259rind\u0259 anadan olub. O, 2004-c\u00fc ild\u0259 Bak\u0131 D\u00f6vl\u0259t Universitetini, 2013-c\u00fc ild\u0259 is\u0259 Az\u0259rbaycan Respublikas\u0131n\u0131n Prezidenti yan\u0131nda D\u00f6vl\u0259t \u0130dar\u0259\u00e7ilik Akademiyas\u0131n\u0131 bitirib. O.H\u00fcseynzad\u0259 2006-2012-ci ill\u0259rd\u0259 S\u0259hiyy\u0259 Nazirliyi, 2012-2018-ci ill\u0259r&hellip;","_links":{"self":[{"href":"https:\/\/arantv.az\/index.php?rest_route=\/wp\/v2\/posts\/765810"}],"collection":[{"href":"https:\/\/arantv.az\/index.php?rest_route=\/wp\/v2\/posts"}],"about":[{"href":"https:\/\/arantv.az\/index.php?rest_route=\/wp\/v2\/types\/post"}],"author":[{"embeddable":true,"href":"https:\/\/arantv.az\/index.php?rest_route=\/wp\/v2\/users\/2"}],"replies":[{"embeddable":true,"href":"https:\/\/arantv.az\/index.php?rest_route=%2Fwp%2Fv2%2Fcomments&post=765810"}],"version-history":[{"count":1,"href":"https:\/\/arantv.az\/index.php?rest_route=\/wp\/v2\/posts\/765810\/revisions"}],"predecessor-version":[{"id":765812,"href":"https:\/\/arantv.az\/index.php?rest_route=\/wp\/v2\/posts\/765810\/revisions\/765812"}],"wp:featuredmedia":[{"embeddable":true,"href":"https:\/\/arantv.az\/index.php?rest_route=\/wp\/v2\/media\/765811"}],"wp:attachment":[{"href":"https:\/\/arantv.az\/index.php?rest_route=%2Fwp%2Fv2%2Fmedia&parent=765810"}],"wp:term":[{"taxonomy":"category","embeddable":true,"href":"https:\/\/arantv.az\/index.php?rest_route=%2Fwp%2Fv2%2Fcategories&post=765810"},{"taxonomy":"post_tag","embeddable":true,"href":"https:\/\/arantv.az\/index.php?rest_route=%2Fwp%2Fv2%2Ftags&post=765810"}],"curies":[{"name":"wp","href":"https:\/\/api.w.org\/{rel}","templated":true}]}}