{"id":765816,"date":"2024-11-01T18:51:44","date_gmt":"2024-11-01T14:51:44","guid":{"rendered":"https:\/\/arantv.az\/?p=765816"},"modified":"2024-11-01T18:51:44","modified_gmt":"2024-11-01T14:51:44","slug":"cop29-cagri-m%c9%99rk%c9%99zi-f%c9%99aliyy%c9%99t%c9%99-basladifoto","status":"publish","type":"post","link":"https:\/\/arantv.az\/?p=765816","title":{"rendered":"COP29 \u00c7a\u011fr\u0131 M\u0259rk\u0259zi f\u0259aliyy\u0259t\u0259 ba\u015flad\u0131FOTO"},"content":{"rendered":"<div class=\"text-content\" data-id=\"\" data-url=\"\">\n<p><strong>COP29 konfrans\u0131na haz\u0131rl\u0131q prosesl\u0259rinin tamamlanmas\u0131 \u0259r\u0259f\u0259sind\u0259 konfrans i\u015ftirak\u00e7\u0131lar\u0131 \u00fc\u00e7\u00fcn m\u0259lumat d\u0259st\u0259yinin t\u0259min edilm\u0259si m\u0259qs\u0259dil\u0259 COP29 \u00c7a\u011fr\u0131 M\u0259rk\u0259zi f\u0259aliyy\u0259t\u0259 ba\u015flay\u0131b.<\/strong><\/p>\n<p>Bu bar\u0259d\u0259\u00a0<strong>Musavat.com<\/strong>-a COP29 Az\u0259rbaycan \u018fm\u0259liyyat \u015eirk\u0259tind\u0259n m\u0259lumat verilib.<\/p>\n<p>Qeyd edilib ki, COP t\u0259dbirl\u0259ri tarixind\u0259 ilk d\u0259f\u0259 m\u0259hz COP29 konfrans\u0131 \u00fc\u00e7\u00fcn yarad\u0131lm\u0131\u015f \u00c7a\u011fr\u0131 M\u0259rk\u0259zinin m\u0259qs\u0259di t\u0259dbirin t\u0259\u015fkilati v\u0259 texniki aspektl\u0259ri, el\u0259c\u0259 d\u0259 COP29-da i\u015ftirakla ba\u011fl\u0131 m\u00fcxt\u0259lif istiqam\u0259tl\u0259rd\u0259 m\u0259lumat sor\u011fular\u0131n\u0131n operativ idar\u0259 edilm\u0259si v\u0259 \u0259l\u00e7atan v\u0259 \u0259hat\u0259li m\u0259lumatlar\u0131n \u00e7atd\u0131r\u0131lmas\u0131 il\u0259 mane\u0259siz v\u0259 rahat COP29 ziyar\u0259t\u00e7i t\u0259cr\u00fcb\u0259sinin t\u0259min edilm\u0259sidir.<\/p>\n<p>Noyabr\u0131n 1-d\u0259n f\u0259aliyy\u0259t\u0259 ba\u015flayan \u00c7a\u011fr\u0131 M\u0259rk\u0259zi akkreditasiya v\u0259 Ya\u015f\u0131l Zona biletl\u0259ri, n\u0259qliyyat, qonaqlama xidm\u0259tl\u0259ri, sa\u011flaml\u0131q, t\u0259hl\u00fck\u0259sizlik, logistika kimi bir s\u0131ra m\u00f6vzularda m\u00fcxt\u0259lif sor\u011fular\u0131n cavabland\u0131r\u0131lmas\u0131 il\u0259 yana\u015f\u0131, t\u0259dbir v\u0259 \u0259laq\u0259li m\u0259kanlarda \u0259l\u00e7atanl\u0131q xidm\u0259tl\u0259ri haqq\u0131nda m\u0259lumatland\u0131rmaqla d\u0259st\u0259k g\u00f6st\u0259r\u0259c\u0259k.<\/p>\n<p>\u00c7a\u011fr\u0131 M\u0259rk\u0259zi \u0259n\u0259n\u0259vi z\u0259ng xidm\u0259ti il\u0259 yana\u015f\u0131, m\u00fcxt\u0259lif r\u0259q\u0259msal platformalar vasit\u0259sil\u0259 d\u0259 \u0259laq\u0259 yaratmaq imkan\u0131n\u0131 t\u0259klif edir. Bel\u0259 ki, COP29 konfrans\u0131 il\u0259 \u0259laq\u0259dar h\u0259r hans\u0131 sual\u0131 olan \u015f\u0259xsl\u0259r COP29-un r\u0259smi internet s\u0259hif\u0259si \u00fcz\u0259rind\u0259n canl\u0131 \u00e7at, WhatsApp v\u0259 Telegram \u00fcz\u0259rind\u0259n birba\u015fa \u0259laq\u0259 v\u0259 ya yerli z\u0259ngl\u0259r \u00fc\u00e7\u00fcn \u00f6d\u0259ni\u015fsiz olan\u00a0<strong>*<em>1029<\/em><\/strong>\u00a0q\u0131sa n\u00f6mr\u0259sin\u0259 z\u0259ng ed\u0259r\u0259k m\u0259lumat ala bil\u0259rl\u0259r. Bundan \u0259lav\u0259, ilkin m\u0259rh\u0259l\u0259d\u0259 \u00c7a\u011fr\u0131 M\u0259rk\u0259zi h\u0259m\u00e7inin \u0130nteraktiv S\u0259sli Cavab Sistemi (\u0130VR) v\u0259 Chatbot kimi \u00f6z\u00fcn\u0259xidm\u0259t vasit\u0259l\u0259ri il\u0259 d\u0259 m\u0259lumatland\u0131rma xidm\u0259tl\u0259rini g\u00f6st\u0259r\u0259c\u0259k.<\/p>\n<p><strong>\u00c7a\u011fr\u0131 M\u0259rk\u0259zinin i\u015f qrafiki:<\/strong><\/p>\n<ul>\n<li>1 noyabr \u2013 03 noyabr: 08:00-dan 20:00-d\u0259k<\/li>\n<li>04 noyabr \u2013 23 noyabr: 24\/7 fasil\u0259siz xidm\u0259t<\/li>\n<li>24 noyabr \u2013 30 noyabr: 08:00-dan 20:00-d\u0259k<\/li>\n<\/ul>\n<\/div>\n<div>\n<div class=\"form-group\"><img class=\"img-responsive\" src=\"https:\/\/cdn.musavat.com\/news\/images\/Ayten\/CAGR%C4%B0%201.jpg\" \/><\/div>\n<div class=\"form-group\"><img class=\"img-responsive\" src=\"https:\/\/cdn.musavat.com\/news\/images\/Ayten\/CAGR%C4%B0%202.jpg\" \/><\/div>\n<div class=\"form-group\"><img class=\"img-responsive\" src=\"https:\/\/cdn.musavat.com\/news\/images\/Ayten\/CAGR%C4%B0.jpg\" \/><\/div>\n<\/div>\n","protected":false},"excerpt":{"rendered":"<p>COP29 konfrans\u0131na haz\u0131rl\u0131q prosesl\u0259rinin tamamlanmas\u0131 \u0259r\u0259f\u0259sind\u0259 konfrans i\u015ftirak\u00e7\u0131lar\u0131 \u00fc\u00e7\u00fcn m\u0259lumat d\u0259st\u0259yinin t\u0259min edilm\u0259si m\u0259qs\u0259dil\u0259 COP29 \u00c7a\u011fr\u0131 M\u0259rk\u0259zi f\u0259aliyy\u0259t\u0259 ba\u015flay\u0131b. Bu bar\u0259d\u0259\u00a0Musavat.com-a COP29 Az\u0259rbaycan \u018fm\u0259liyyat \u015eirk\u0259tind\u0259n m\u0259lumat verilib. Qeyd edilib ki, COP t\u0259dbirl\u0259ri tarixind\u0259 ilk d\u0259f\u0259 m\u0259hz COP29 konfrans\u0131 \u00fc\u00e7\u00fcn yarad\u0131lm\u0131\u015f \u00c7a\u011fr\u0131 M\u0259rk\u0259zinin m\u0259qs\u0259di t\u0259dbirin t\u0259\u015fkilati v\u0259 texniki aspektl\u0259ri, el\u0259c\u0259 d\u0259 COP29-da i\u015ftirakla ba\u011fl\u0131 m\u00fcxt\u0259lif istiqam\u0259tl\u0259rd\u0259 m\u0259lumat sor\u011fular\u0131n\u0131n operativ idar\u0259 edilm\u0259si v\u0259 \u0259l\u00e7atan v\u0259 \u0259hat\u0259li m\u0259lumatlar\u0131n \u00e7atd\u0131r\u0131lmas\u0131 il\u0259 mane\u0259siz v\u0259 rahat COP29 ziyar\u0259t\u00e7i t\u0259cr\u00fcb\u0259sinin t\u0259min edilm\u0259sidir. Noyabr\u0131n 1-d\u0259n f\u0259aliyy\u0259t\u0259 ba\u015flayan \u00c7a\u011fr\u0131 M\u0259rk\u0259zi akkreditasiya v\u0259 Ya\u015f\u0131l Zona biletl\u0259ri, n\u0259qliyyat, qonaqlama xidm\u0259tl\u0259ri, sa\u011flaml\u0131q,&hellip;<\/p>\n","protected":false},"author":2,"featured_media":765817,"comment_status":"closed","ping_status":"closed","sticky":false,"template":"","format":"standard","meta":{"om_disable_all_campaigns":false,"_monsterinsights_skip_tracking":false,"_monsterinsights_sitenote_active":false,"_monsterinsights_sitenote_note":"","_monsterinsights_sitenote_category":0},"categories":[19],"tags":[],"aioseo_notices":[],"gutentor_comment":0,"rttpg_featured_image_url":{"full":["https:\/\/arantv.az\/wp-content\/uploads\/2024\/11\/d803b11f990c5431168aca293fb22f57.jpg",850,500,false],"landscape":["https:\/\/arantv.az\/wp-content\/uploads\/2024\/11\/d803b11f990c5431168aca293fb22f57.jpg",850,500,false],"portraits":["https:\/\/arantv.az\/wp-content\/uploads\/2024\/11\/d803b11f990c5431168aca293fb22f57.jpg",850,500,false],"thumbnail":["https:\/\/arantv.az\/wp-content\/uploads\/2024\/11\/d803b11f990c5431168aca293fb22f57-500x280.jpg",500,280,true],"medium":["https:\/\/arantv.az\/wp-content\/uploads\/2024\/11\/d803b11f990c5431168aca293fb22f57-621x365.jpg",621,365,true],"large":["https:\/\/arantv.az\/wp-content\/uploads\/2024\/11\/d803b11f990c5431168aca293fb22f57-840x494.jpg",640,376,true],"1536x1536":["https:\/\/arantv.az\/wp-content\/uploads\/2024\/11\/d803b11f990c5431168aca293fb22f57.jpg",850,500,false],"2048x2048":["https:\/\/arantv.az\/wp-content\/uploads\/2024\/11\/d803b11f990c5431168aca293fb22f57.jpg",850,500,false],"post-thumbnail":["https:\/\/arantv.az\/wp-content\/uploads\/2024\/11\/d803b11f990c5431168aca293fb22f57-240x172.jpg",240,172,true],"advps-thumb-one":["https:\/\/arantv.az\/wp-content\/uploads\/2024\/11\/d803b11f990c5431168aca293fb22f57.jpg",850,500,false]},"rttpg_author":{"display_name":"V\u00fcsal Rafiqo\u011flu","author_link":"https:\/\/arantv.az\/?author=2"},"rttpg_comment":0,"rttpg_category":"<a href=\"https:\/\/arantv.az\/?cat=19\" rel=\"category\">G\u00fcnd\u0259m<\/a>","rttpg_excerpt":"COP29 konfrans\u0131na haz\u0131rl\u0131q prosesl\u0259rinin tamamlanmas\u0131 \u0259r\u0259f\u0259sind\u0259 konfrans i\u015ftirak\u00e7\u0131lar\u0131 \u00fc\u00e7\u00fcn m\u0259lumat d\u0259st\u0259yinin t\u0259min edilm\u0259si m\u0259qs\u0259dil\u0259 COP29 \u00c7a\u011fr\u0131 M\u0259rk\u0259zi f\u0259aliyy\u0259t\u0259 ba\u015flay\u0131b. Bu bar\u0259d\u0259\u00a0Musavat.com-a COP29 Az\u0259rbaycan \u018fm\u0259liyyat \u015eirk\u0259tind\u0259n m\u0259lumat verilib. Qeyd edilib ki, COP t\u0259dbirl\u0259ri tarixind\u0259 ilk d\u0259f\u0259 m\u0259hz COP29 konfrans\u0131 \u00fc\u00e7\u00fcn yarad\u0131lm\u0131\u015f \u00c7a\u011fr\u0131 M\u0259rk\u0259zinin m\u0259qs\u0259di t\u0259dbirin t\u0259\u015fkilati v\u0259 texniki aspektl\u0259ri, el\u0259c\u0259 d\u0259 COP29-da i\u015ftirakla ba\u011fl\u0131 m\u00fcxt\u0259lif istiqam\u0259tl\u0259rd\u0259&hellip;","_links":{"self":[{"href":"https:\/\/arantv.az\/index.php?rest_route=\/wp\/v2\/posts\/765816"}],"collection":[{"href":"https:\/\/arantv.az\/index.php?rest_route=\/wp\/v2\/posts"}],"about":[{"href":"https:\/\/arantv.az\/index.php?rest_route=\/wp\/v2\/types\/post"}],"author":[{"embeddable":true,"href":"https:\/\/arantv.az\/index.php?rest_route=\/wp\/v2\/users\/2"}],"replies":[{"embeddable":true,"href":"https:\/\/arantv.az\/index.php?rest_route=%2Fwp%2Fv2%2Fcomments&post=765816"}],"version-history":[{"count":2,"href":"https:\/\/arantv.az\/index.php?rest_route=\/wp\/v2\/posts\/765816\/revisions"}],"predecessor-version":[{"id":765819,"href":"https:\/\/arantv.az\/index.php?rest_route=\/wp\/v2\/posts\/765816\/revisions\/765819"}],"wp:featuredmedia":[{"embeddable":true,"href":"https:\/\/arantv.az\/index.php?rest_route=\/wp\/v2\/media\/765817"}],"wp:attachment":[{"href":"https:\/\/arantv.az\/index.php?rest_route=%2Fwp%2Fv2%2Fmedia&parent=765816"}],"wp:term":[{"taxonomy":"category","embeddable":true,"href":"https:\/\/arantv.az\/index.php?rest_route=%2Fwp%2Fv2%2Fcategories&post=765816"},{"taxonomy":"post_tag","embeddable":true,"href":"https:\/\/arantv.az\/index.php?rest_route=%2Fwp%2Fv2%2Ftags&post=765816"}],"curies":[{"name":"wp","href":"https:\/\/api.w.org\/{rel}","templated":true}]}}