{"id":765826,"date":"2024-11-01T18:55:33","date_gmt":"2024-11-01T14:55:33","guid":{"rendered":"https:\/\/arantv.az\/?p=765826"},"modified":"2024-11-01T18:55:33","modified_gmt":"2024-11-01T14:55:33","slug":"unesco-nun-yaradici-s%c9%99h%c9%99rl%c9%99r-s%c9%99b%c9%99k%c9%99sin%c9%99-dair-d%c9%99yirmi-masa-kecirilibfoto","status":"publish","type":"post","link":"https:\/\/arantv.az\/?p=765826","title":{"rendered":"UNESCO-nun Yarad\u0131c\u0131 \u015e\u0259h\u0259rl\u0259r \u015e\u0259b\u0259k\u0259sin\u0259 dair d\u0259yirmi masa ke\u00e7irilibFOTO"},"content":{"rendered":"<div class=\"text-content\" data-id=\"\" data-url=\"\">\n<p><strong>M\u0259d\u0259niyy\u0259t Nazirliyi t\u0259r\u0259find\u0259n 31 oktyabr \u2013 D\u00fcnya \u015e\u0259h\u0259rl\u0259r G\u00fcn\u00fc m\u00fcnasib\u0259til\u0259 Heyd\u0259r \u018fliyev M\u0259rk\u0259zind\u0259 UNESCO-nun Yarad\u0131c\u0131 \u015e\u0259h\u0259rl\u0259r \u015e\u0259b\u0259k\u0259sin\u0259 dair d\u0259yirmi masa t\u0259\u015fkil edilib.<\/strong><\/p>\n<p>T\u0259dbird\u0259 m\u0259d\u0259niyy\u0259t nazirinin m\u00fc\u015faviri Cahangir S\u0259limxanov, nazirliyin struktur b\u00f6lm\u0259l\u0259rinin r\u0259hb\u0259rl\u0259ri v\u0259 \u0259m\u0259kda\u015flar\u0131, regional m\u0259d\u0259niyy\u0259t idar\u0259l\u0259rinin, el\u0259c\u0259 d\u0259 \u015e\u0259ki, Bak\u0131, L\u0259nk\u0259ran \u015f\u0259h\u0259r icra hakimiyy\u0259tl\u0259ri, Az\u0259rbaycan Respublikas\u0131n\u0131n UNESCO yan\u0131nda Daimi n\u00fcmay\u0259nd\u0259liyi v\u0259 UNESCO \u00fczr\u0259 Milli Komissiyan\u0131n t\u0259msil\u00e7il\u0259ri i\u015ftirak edibl\u0259r.<\/p>\n<p>\u018fvv\u0259lc\u0259 UNESCO-nun Yarad\u0131c\u0131 S\u0259nayel\u0259r \u015e\u0259b\u0259k\u0259sinin tarixi, \u0259h\u0259miyy\u0259ti v\u0259 m\u0259qs\u0259dl\u0259ri haqq\u0131nda q\u0131sa m\u0259lumat verilib, \u015f\u0259h\u0259rl\u0259rin sosial-iqtisadi inki\u015faf\u0131na olan t\u0259siri il\u0259 ba\u011fl\u0131 fikir m\u00fcbadil\u0259si apar\u0131l\u0131b.<\/p>\n<p>Sonra Yarad\u0131c\u0131 \u015e\u0259h\u0259rl\u0259r \u015e\u0259b\u0259k\u0259sind\u0259 yer alan \u015e\u0259ki, Bak\u0131 v\u0259 L\u0259nk\u0259ran \u015f\u0259h\u0259rl\u0259ri il\u0259 ba\u011fl\u0131 t\u0259qdimatlar olub, \u015e\u0259b\u0259k\u0259y\u0259 \u00fczvl\u00fck d\u00f6vr\u00fcnd\u0259 g\u00f6r\u00fcl\u0259n i\u015fl\u0259rd\u0259n dan\u0131\u015f\u0131l\u0131b. Qeyd olunub ki, \u015f\u0259h\u0259rl\u0259rimiz bu \u00e7\u0259r\u00e7iv\u0259d\u0259 bir s\u0131ra layih\u0259l\u0259r h\u0259yata ke\u00e7irib, yerli v\u0259 beyn\u0259lxalq s\u0259viyy\u0259d\u0259 yarad\u0131c\u0131l\u0131\u011f\u0131 t\u0259\u015fviq ed\u0259n t\u0259dbirl\u0259r t\u0259\u015fkil edib.<\/p>\n<p>\u015e\u0259b\u0259k\u0259d\u0259 \u015f\u0259h\u0259rl\u0259rimizin daha aktiv f\u0259aliyy\u0259tinin t\u0259\u015fkili m\u0259qs\u0259dil\u0259 koordinasiya mexanizml\u0259rinin t\u0259kmill\u0259\u015fdirilm\u0259si, d\u00fcnyan\u0131n m\u00fcxt\u0259lif \u00f6lk\u0259l\u0259rind\u0259 ke\u00e7iril\u0259n alt-\u015f\u0259b\u0259k\u0259 g\u00f6r\u00fc\u015fl\u0259rind\u0259, eyni zamanda 2025-ci ild\u0259 Meksikan\u0131n Keretaro \u015f\u0259h\u0259rind\u0259 ba\u015f tutacaq Yarad\u0131c\u0131 \u015e\u0259h\u0259rl\u0259r \u015e\u0259b\u0259k\u0259sinin illik konfrans\u0131nda i\u015ftirak v\u0259 \u015e\u0259b\u0259k\u0259y\u0259 \u00fczv olan dig\u0259r \u015f\u0259h\u0259rl\u0259rl\u0259 \u0259m\u0259kda\u015fl\u0131\u011fa dair t\u0259klifl\u0259r s\u0259sl\u0259nib.<\/p>\n<p>Bildirilib ki, Az\u0259rbaycan\u0131n dig\u0259r \u015f\u0259h\u0259rl\u0259rinin d\u0259 \u015e\u0259b\u0259k\u0259y\u0259 daxil edilm\u0259si \u00fc\u00e7\u00fcn m\u00fcvafiq namiz\u0259dlikl\u0259rin UNESCO Katibliyin\u0259 t\u0259qdim olunmas\u0131 istiqam\u0259tind\u0259 i\u015fl\u0259r apar\u0131l\u0131r.<\/p>\n<p>Xat\u0131rladaq ki, Az\u0259rbaycan\u0131n \u015e\u0259ki \u015f\u0259h\u0259ri \u201cs\u0259n\u0259t v\u0259 s\u0259n\u0259tkarl\u0131q\u201d tematikas\u0131 \u00fczr\u0259 2017-ci ild\u0259n, Bak\u0131 \u015f\u0259h\u0259ri \u201cdizayn\u201d tematikas\u0131 \u00fczr\u0259 2019-cu ild\u0259n, L\u0259nk\u0259ran \u015f\u0259h\u0259ri is\u0259 \u201cqastronomiya\u201d tematikas\u0131 \u00fczr\u0259 2021-ci ild\u0259n UNESCO-nun Yarad\u0131c\u0131 \u015e\u0259h\u0259rl\u0259r \u015e\u0259b\u0259k\u0259sinin \u00fczv\u00fcd\u00fcr.<\/p>\n<\/div>\n<div>\n<div class=\"form-group\"><img class=\"img-responsive\" src=\"https:\/\/cdn.musavat.com\/news\/images\/Ayten\/UNES%201.jpeg\" \/><\/div>\n<div class=\"form-group\"><img class=\"img-responsive\" src=\"https:\/\/cdn.musavat.com\/news\/images\/Ayten\/UNES%202.jpeg\" \/><\/div>\n<div class=\"form-group\"><img class=\"img-responsive\" src=\"https:\/\/cdn.musavat.com\/news\/images\/Ayten\/UNES%203.jpeg\" \/><\/div>\n<div class=\"form-group\"><img class=\"img-responsive\" src=\"https:\/\/cdn.musavat.com\/news\/images\/Ayten\/UNES%204.jpeg\" \/><\/div>\n<div class=\"form-group\"><img class=\"img-responsive\" src=\"https:\/\/cdn.musavat.com\/news\/images\/Ayten\/UNES%205.jpeg\" \/><\/div>\n<div class=\"form-group\"><img class=\"img-responsive\" src=\"https:\/\/cdn.musavat.com\/news\/images\/Ayten\/UNES%206.jpeg\" \/><\/div>\n<div class=\"form-group\"><img class=\"img-responsive\" src=\"https:\/\/cdn.musavat.com\/news\/images\/Ayten\/UNES%207.jpeg\" \/><\/div>\n<div class=\"form-group\"><img class=\"img-responsive\" src=\"https:\/\/cdn.musavat.com\/news\/images\/Ayten\/UNES.jpeg\" \/><\/div>\n<\/div>\n","protected":false},"excerpt":{"rendered":"<p>M\u0259d\u0259niyy\u0259t Nazirliyi t\u0259r\u0259find\u0259n 31 oktyabr \u2013 D\u00fcnya \u015e\u0259h\u0259rl\u0259r G\u00fcn\u00fc m\u00fcnasib\u0259til\u0259 Heyd\u0259r \u018fliyev M\u0259rk\u0259zind\u0259 UNESCO-nun Yarad\u0131c\u0131 \u015e\u0259h\u0259rl\u0259r \u015e\u0259b\u0259k\u0259sin\u0259 dair d\u0259yirmi masa t\u0259\u015fkil edilib. T\u0259dbird\u0259 m\u0259d\u0259niyy\u0259t nazirinin m\u00fc\u015faviri Cahangir S\u0259limxanov, nazirliyin struktur b\u00f6lm\u0259l\u0259rinin r\u0259hb\u0259rl\u0259ri v\u0259 \u0259m\u0259kda\u015flar\u0131, regional m\u0259d\u0259niyy\u0259t idar\u0259l\u0259rinin, el\u0259c\u0259 d\u0259 \u015e\u0259ki, Bak\u0131, L\u0259nk\u0259ran \u015f\u0259h\u0259r icra hakimiyy\u0259tl\u0259ri, Az\u0259rbaycan Respublikas\u0131n\u0131n UNESCO yan\u0131nda Daimi n\u00fcmay\u0259nd\u0259liyi v\u0259 UNESCO \u00fczr\u0259 Milli Komissiyan\u0131n t\u0259msil\u00e7il\u0259ri i\u015ftirak edibl\u0259r. \u018fvv\u0259lc\u0259 UNESCO-nun Yarad\u0131c\u0131 S\u0259nayel\u0259r \u015e\u0259b\u0259k\u0259sinin tarixi, \u0259h\u0259miyy\u0259ti v\u0259 m\u0259qs\u0259dl\u0259ri haqq\u0131nda q\u0131sa m\u0259lumat verilib, \u015f\u0259h\u0259rl\u0259rin sosial-iqtisadi inki\u015faf\u0131na olan t\u0259siri il\u0259 ba\u011fl\u0131 fikir m\u00fcbadil\u0259si apar\u0131l\u0131b. Sonra Yarad\u0131c\u0131 \u015e\u0259h\u0259rl\u0259r \u015e\u0259b\u0259k\u0259sind\u0259 yer alan \u015e\u0259ki, Bak\u0131&hellip;<\/p>\n","protected":false},"author":2,"featured_media":765827,"comment_status":"closed","ping_status":"closed","sticky":false,"template":"","format":"standard","meta":{"om_disable_all_campaigns":false,"_monsterinsights_skip_tracking":false,"_monsterinsights_sitenote_active":false,"_monsterinsights_sitenote_note":"","_monsterinsights_sitenote_category":0},"categories":[1],"tags":[],"aioseo_notices":[],"gutentor_comment":0,"rttpg_featured_image_url":{"full":["https:\/\/arantv.az\/wp-content\/uploads\/2024\/11\/4d1b2c6bc664785f861c6264c705ddb9.jpg",870,500,false],"landscape":["https:\/\/arantv.az\/wp-content\/uploads\/2024\/11\/4d1b2c6bc664785f861c6264c705ddb9.jpg",870,500,false],"portraits":["https:\/\/arantv.az\/wp-content\/uploads\/2024\/11\/4d1b2c6bc664785f861c6264c705ddb9.jpg",870,500,false],"thumbnail":["https:\/\/arantv.az\/wp-content\/uploads\/2024\/11\/4d1b2c6bc664785f861c6264c705ddb9-500x280.jpg",500,280,true],"medium":["https:\/\/arantv.az\/wp-content\/uploads\/2024\/11\/4d1b2c6bc664785f861c6264c705ddb9-635x365.jpg",635,365,true],"large":["https:\/\/arantv.az\/wp-content\/uploads\/2024\/11\/4d1b2c6bc664785f861c6264c705ddb9-840x483.jpg",640,368,true],"1536x1536":["https:\/\/arantv.az\/wp-content\/uploads\/2024\/11\/4d1b2c6bc664785f861c6264c705ddb9.jpg",870,500,false],"2048x2048":["https:\/\/arantv.az\/wp-content\/uploads\/2024\/11\/4d1b2c6bc664785f861c6264c705ddb9.jpg",870,500,false],"post-thumbnail":["https:\/\/arantv.az\/wp-content\/uploads\/2024\/11\/4d1b2c6bc664785f861c6264c705ddb9-240x172.jpg",240,172,true],"advps-thumb-one":["https:\/\/arantv.az\/wp-content\/uploads\/2024\/11\/4d1b2c6bc664785f861c6264c705ddb9.jpg",870,500,false]},"rttpg_author":{"display_name":"V\u00fcsal Rafiqo\u011flu","author_link":"https:\/\/arantv.az\/?author=2"},"rttpg_comment":0,"rttpg_category":"<a href=\"https:\/\/arantv.az\/?cat=1\" rel=\"category\">C\u0259miyy\u0259t<\/a>","rttpg_excerpt":"M\u0259d\u0259niyy\u0259t Nazirliyi t\u0259r\u0259find\u0259n 31 oktyabr \u2013 D\u00fcnya \u015e\u0259h\u0259rl\u0259r G\u00fcn\u00fc m\u00fcnasib\u0259til\u0259 Heyd\u0259r \u018fliyev M\u0259rk\u0259zind\u0259 UNESCO-nun Yarad\u0131c\u0131 \u015e\u0259h\u0259rl\u0259r \u015e\u0259b\u0259k\u0259sin\u0259 dair d\u0259yirmi masa t\u0259\u015fkil edilib. T\u0259dbird\u0259 m\u0259d\u0259niyy\u0259t nazirinin m\u00fc\u015faviri Cahangir S\u0259limxanov, nazirliyin struktur b\u00f6lm\u0259l\u0259rinin r\u0259hb\u0259rl\u0259ri v\u0259 \u0259m\u0259kda\u015flar\u0131, regional m\u0259d\u0259niyy\u0259t idar\u0259l\u0259rinin, el\u0259c\u0259 d\u0259 \u015e\u0259ki, Bak\u0131, L\u0259nk\u0259ran \u015f\u0259h\u0259r icra hakimiyy\u0259tl\u0259ri, Az\u0259rbaycan Respublikas\u0131n\u0131n UNESCO yan\u0131nda Daimi n\u00fcmay\u0259nd\u0259liyi v\u0259 UNESCO \u00fczr\u0259 Milli&hellip;","_links":{"self":[{"href":"https:\/\/arantv.az\/index.php?rest_route=\/wp\/v2\/posts\/765826"}],"collection":[{"href":"https:\/\/arantv.az\/index.php?rest_route=\/wp\/v2\/posts"}],"about":[{"href":"https:\/\/arantv.az\/index.php?rest_route=\/wp\/v2\/types\/post"}],"author":[{"embeddable":true,"href":"https:\/\/arantv.az\/index.php?rest_route=\/wp\/v2\/users\/2"}],"replies":[{"embeddable":true,"href":"https:\/\/arantv.az\/index.php?rest_route=%2Fwp%2Fv2%2Fcomments&post=765826"}],"version-history":[{"count":1,"href":"https:\/\/arantv.az\/index.php?rest_route=\/wp\/v2\/posts\/765826\/revisions"}],"predecessor-version":[{"id":765828,"href":"https:\/\/arantv.az\/index.php?rest_route=\/wp\/v2\/posts\/765826\/revisions\/765828"}],"wp:featuredmedia":[{"embeddable":true,"href":"https:\/\/arantv.az\/index.php?rest_route=\/wp\/v2\/media\/765827"}],"wp:attachment":[{"href":"https:\/\/arantv.az\/index.php?rest_route=%2Fwp%2Fv2%2Fmedia&parent=765826"}],"wp:term":[{"taxonomy":"category","embeddable":true,"href":"https:\/\/arantv.az\/index.php?rest_route=%2Fwp%2Fv2%2Fcategories&post=765826"},{"taxonomy":"post_tag","embeddable":true,"href":"https:\/\/arantv.az\/index.php?rest_route=%2Fwp%2Fv2%2Ftags&post=765826"}],"curies":[{"name":"wp","href":"https:\/\/api.w.org\/{rel}","templated":true}]}}