{"id":765829,"date":"2024-11-01T18:57:07","date_gmt":"2024-11-01T14:57:07","guid":{"rendered":"https:\/\/arantv.az\/?p=765829"},"modified":"2024-11-01T18:57:07","modified_gmt":"2024-11-01T14:57:07","slug":"%c9%99rdogan-istanbulda-iraqin-bas-nazirini-q%c9%99bul-edib","status":"publish","type":"post","link":"https:\/\/arantv.az\/?p=765829","title":{"rendered":"\u018frdo\u011fan \u0130stanbulda \u0130raq\u0131n Ba\u015f nazirini q\u0259bul edib"},"content":{"rendered":"<p>T\u00fcrkiy\u0259 Prezidenti R\u0259c\u0259b Tayyib \u018frdo\u011fan \u0130raq\u0131n Ba\u015f naziri M\u0259h\u0259mm\u0259d \u015eia \u0259s-Sudanini \u0130stanbulda q\u0259bul edib.<\/p>\n<p>\u201cReport\u201d x\u0259b\u0259r verir ki, m\u0259lumat\u0131 T\u00fcrkiy\u0259 Prezidenti Administrasiyas\u0131 yay\u0131b.<\/p>\n<p>M\u0259lumata g\u00f6r\u0259, g\u00f6r\u00fc\u015f \u0130stanbulda Vahdettin iqam\u0259tgah\u0131nda ke\u00e7irilir.<\/p>\n<p>Bildirilib ki, liderl\u0259r ikit\u0259r\u0259fli v\u0259 regional m\u0259s\u0259l\u0259l\u0259ri m\u00fczakir\u0259 edirl\u0259r.<\/p>\n","protected":false},"excerpt":{"rendered":"<p>T\u00fcrkiy\u0259 Prezidenti R\u0259c\u0259b Tayyib \u018frdo\u011fan \u0130raq\u0131n Ba\u015f naziri M\u0259h\u0259mm\u0259d \u015eia \u0259s-Sudanini \u0130stanbulda q\u0259bul edib. \u201cReport\u201d x\u0259b\u0259r verir ki, m\u0259lumat\u0131 T\u00fcrkiy\u0259 Prezidenti Administrasiyas\u0131 yay\u0131b. M\u0259lumata g\u00f6r\u0259, g\u00f6r\u00fc\u015f \u0130stanbulda Vahdettin iqam\u0259tgah\u0131nda ke\u00e7irilir. Bildirilib ki, liderl\u0259r ikit\u0259r\u0259fli v\u0259 regional m\u0259s\u0259l\u0259l\u0259ri m\u00fczakir\u0259 edirl\u0259r.<\/p>\n","protected":false},"author":2,"featured_media":765830,"comment_status":"closed","ping_status":"closed","sticky":false,"template":"","format":"standard","meta":{"om_disable_all_campaigns":false,"_monsterinsights_skip_tracking":false,"_monsterinsights_sitenote_active":false,"_monsterinsights_sitenote_note":"","_monsterinsights_sitenote_category":0},"categories":[7],"tags":[],"aioseo_notices":[],"gutentor_comment":0,"rttpg_featured_image_url":{"full":["https:\/\/arantv.az\/wp-content\/uploads\/2024\/11\/080185e98308d1819ab8dd2e05dad1f0.jpg",850,500,false],"landscape":["https:\/\/arantv.az\/wp-content\/uploads\/2024\/11\/080185e98308d1819ab8dd2e05dad1f0.jpg",850,500,false],"portraits":["https:\/\/arantv.az\/wp-content\/uploads\/2024\/11\/080185e98308d1819ab8dd2e05dad1f0.jpg",850,500,false],"thumbnail":["https:\/\/arantv.az\/wp-content\/uploads\/2024\/11\/080185e98308d1819ab8dd2e05dad1f0-500x280.jpg",500,280,true],"medium":["https:\/\/arantv.az\/wp-content\/uploads\/2024\/11\/080185e98308d1819ab8dd2e05dad1f0-621x365.jpg",621,365,true],"large":["https:\/\/arantv.az\/wp-content\/uploads\/2024\/11\/080185e98308d1819ab8dd2e05dad1f0-840x494.jpg",640,376,true],"1536x1536":["https:\/\/arantv.az\/wp-content\/uploads\/2024\/11\/080185e98308d1819ab8dd2e05dad1f0.jpg",850,500,false],"2048x2048":["https:\/\/arantv.az\/wp-content\/uploads\/2024\/11\/080185e98308d1819ab8dd2e05dad1f0.jpg",850,500,false],"post-thumbnail":["https:\/\/arantv.az\/wp-content\/uploads\/2024\/11\/080185e98308d1819ab8dd2e05dad1f0-240x172.jpg",240,172,true],"advps-thumb-one":["https:\/\/arantv.az\/wp-content\/uploads\/2024\/11\/080185e98308d1819ab8dd2e05dad1f0.jpg",850,500,false]},"rttpg_author":{"display_name":"V\u00fcsal Rafiqo\u011flu","author_link":"https:\/\/arantv.az\/?author=2"},"rttpg_comment":0,"rttpg_category":"<a href=\"https:\/\/arantv.az\/?cat=7\" rel=\"category\">D\u00fcnya<\/a>","rttpg_excerpt":"T\u00fcrkiy\u0259 Prezidenti R\u0259c\u0259b Tayyib \u018frdo\u011fan \u0130raq\u0131n Ba\u015f naziri M\u0259h\u0259mm\u0259d \u015eia \u0259s-Sudanini \u0130stanbulda q\u0259bul edib. \u201cReport\u201d x\u0259b\u0259r verir ki, m\u0259lumat\u0131 T\u00fcrkiy\u0259 Prezidenti Administrasiyas\u0131 yay\u0131b. M\u0259lumata g\u00f6r\u0259, g\u00f6r\u00fc\u015f \u0130stanbulda Vahdettin iqam\u0259tgah\u0131nda ke\u00e7irilir. Bildirilib ki, liderl\u0259r ikit\u0259r\u0259fli v\u0259 regional m\u0259s\u0259l\u0259l\u0259ri m\u00fczakir\u0259 edirl\u0259r.","_links":{"self":[{"href":"https:\/\/arantv.az\/index.php?rest_route=\/wp\/v2\/posts\/765829"}],"collection":[{"href":"https:\/\/arantv.az\/index.php?rest_route=\/wp\/v2\/posts"}],"about":[{"href":"https:\/\/arantv.az\/index.php?rest_route=\/wp\/v2\/types\/post"}],"author":[{"embeddable":true,"href":"https:\/\/arantv.az\/index.php?rest_route=\/wp\/v2\/users\/2"}],"replies":[{"embeddable":true,"href":"https:\/\/arantv.az\/index.php?rest_route=%2Fwp%2Fv2%2Fcomments&post=765829"}],"version-history":[{"count":1,"href":"https:\/\/arantv.az\/index.php?rest_route=\/wp\/v2\/posts\/765829\/revisions"}],"predecessor-version":[{"id":765831,"href":"https:\/\/arantv.az\/index.php?rest_route=\/wp\/v2\/posts\/765829\/revisions\/765831"}],"wp:featuredmedia":[{"embeddable":true,"href":"https:\/\/arantv.az\/index.php?rest_route=\/wp\/v2\/media\/765830"}],"wp:attachment":[{"href":"https:\/\/arantv.az\/index.php?rest_route=%2Fwp%2Fv2%2Fmedia&parent=765829"}],"wp:term":[{"taxonomy":"category","embeddable":true,"href":"https:\/\/arantv.az\/index.php?rest_route=%2Fwp%2Fv2%2Fcategories&post=765829"},{"taxonomy":"post_tag","embeddable":true,"href":"https:\/\/arantv.az\/index.php?rest_route=%2Fwp%2Fv2%2Ftags&post=765829"}],"curies":[{"name":"wp","href":"https:\/\/api.w.org\/{rel}","templated":true}]}}