{"id":765839,"date":"2024-11-01T19:00:48","date_gmt":"2024-11-01T15:00:48","guid":{"rendered":"https:\/\/arantv.az\/?p=765839"},"modified":"2024-11-01T19:00:48","modified_gmt":"2024-11-01T15:00:48","slug":"leyla-%c9%99liyevanin-istiraki-il%c9%99-sabuncu-rayonunda-agac%c9%99km%c9%99-aksiyasi-kecirilib","status":"publish","type":"post","link":"https:\/\/arantv.az\/?p=765839","title":{"rendered":"Leyla \u018fliyevan\u0131n i\u015ftirak\u0131 il\u0259 Sabun\u00e7u rayonunda a\u011fac\u0259km\u0259 aksiyas\u0131 ke\u00e7irilib"},"content":{"rendered":"<div class=\"content lead font-weight-normal\">\n<p><em><strong>Noyabr\u0131n 1-d\u0259 Bak\u0131n\u0131n Sabun\u00e7u rayonu \u0259razisind\u0259 a\u011fac\u0259km\u0259 aksiyas\u0131 ke\u00e7irilib. Heyd\u0259r \u018fliyev Fondunun vitse-prezidenti, \u201cIDEA\u201d \u0130ctimai Birliyinin t\u0259sis\u00e7isi v\u0259 r\u0259hb\u0259ri Leyla \u018fliyeva aksiyada i\u015ftirak edib.<\/strong><\/em><\/p>\n<p><strong>ARANTV.AZ\u00a0 x\u0259b\u0259r verir ki,<\/strong>\u00a0Heyd\u0259r \u018fliyev Fondunun \u201cRegional \u0130nki\u015faf\u201d \u0130ctimai Birliyinin (R\u0130\u0130B) v\u0259 COP29 k\u00f6n\u00fcll\u00fcl\u0259rinin qat\u0131ld\u0131qlar\u0131 aksiyada 1000 \u0259d\u0259d Eldar \u015fam\u0131 a\u011fac\u0131 \u0259kilib.<\/p>\n<p>A\u011fac\u0259km\u0259 aksiyas\u0131 2024-c\u00fc ilin Az\u0259rbaycan Respublikas\u0131 Prezidenti t\u0259r\u0259find\u0259n \u201cYa\u015f\u0131l d\u00fcnya namin\u0259 h\u0259mr\u0259ylik ili\u201d elan edilm\u0259si \u00e7\u0259r\u00e7iv\u0259sind\u0259 \u00f6lk\u0259mizd\u0259 ya\u015f\u0131ll\u0131q zolaqlar\u0131n\u0131n art\u0131r\u0131lmas\u0131 v\u0259 \u0259traf m\u00fchitin m\u00fchafiz\u0259sin\u0259 daha bir t\u00f6hf\u0259 kimi d\u0259y\u0259rl\u0259ndiril\u0259 bil\u0259r. Aksiya, eyni zamanda, \u00f6lk\u0259mizd\u0259 ke\u00e7iril\u0259c\u0259k COP29 konfrans\u0131na d\u0259st\u0259yin v\u0259 \u00fcmumiyy\u0259tl\u0259 t\u0259bi\u0259tin qorunmas\u0131 il\u0259 ba\u011fl\u0131 t\u0259\u015f\u0259bb\u00fcsl\u0259r\u0259 h\u0259mr\u0259yliyin ifad\u0259sidir.<\/p>\n<p>Qeyd ed\u0259k ki, Leyla \u018fliyevan\u0131n r\u0259hb\u0259rlik etdiyi \u201cIDEA\u201d \u0130ctimai Birliyi Az\u0259rbaycanda ekoloji tarazl\u0131\u011f\u0131n b\u0259rpas\u0131, t\u0259bi\u0259t\u0259 t\u00f6hf\u0259 verm\u0259k, insanlar\u0131n diqq\u0259tini ya\u015f\u0131ll\u0131qlar\u0131n qorunmas\u0131na y\u00f6n\u0259ltm\u0259k, el\u0259c\u0259 d\u0259 \u0259traf m\u00fchitin m\u00fchafiz\u0259si i\u015find\u0259 ictimai n\u0259zar\u0259ti g\u00fccl\u0259ndirm\u0259k m\u0259qs\u0259di da\u015f\u0131yan \u00e7oxsayl\u0131 layih\u0259l\u0259r icra edir.<\/p>\n<p>\u00d6lk\u0259mizd\u0259 yeni ya\u015f\u0131ll\u0131qlar\u0131n sal\u0131nmas\u0131, m\u00f6vcudlar\u0131n\u0131n qorunmas\u0131 il\u0259 yana\u015f\u0131, eyni zamanda, \u0259vv\u0259ll\u0259r he\u00e7 bir ya\u015f\u0131ll\u0131q olmayan sah\u0259l\u0259rd\u0259 d\u0259 a\u011fac\u0259km\u0259 aksiyalar\u0131n\u0131n ke\u00e7irilm\u0259si ekoloji durumun yax\u015f\u0131la\u015fd\u0131r\u0131lmas\u0131, ya\u015f\u0131ll\u0131q zonalar\u0131n\u0131n art\u0131r\u0131lmas\u0131 istiqam\u0259tind\u0259 \u00f6n\u0259mli add\u0131mlardand\u0131r.<\/p>\n<div class=\"clearfix\"><\/div>\n<\/div>\n<div class=\"fotorama--hidden\"><\/div>\n<div id=\"galleryList\" class=\"fotorama fotorama1730473183048\" data-nav=\"thumbs\" data-width=\"100%\" data-thumbwidth=\"90\" data-thumbheight=\"60\" data-allowfullscreen=\"true\" data-autoplay=\"3000\" data-ratio=\"1.5\" data-keyboard=\"true\" data-fit=\"contain\">\n<div class=\"fotorama__wrap fotorama__wrap--css3 fotorama__wrap--slide fotorama__wrap--toggle-arrows fotorama__wrap--no-controls\">\n<div class=\"fotorama__stage fotorama__pointer\">\n<div class=\"fotorama__fullscreen-icon\" tabindex=\"0\" role=\"button\"><\/div>\n<div class=\"fotorama__stage__shaft\">\n<div class=\"fotorama__stage__frame fotorama__loaded fotorama__loaded--img\"><img class=\"fotorama__img\" src=\"https:\/\/ikisahil.az\/photo\/0x0_2\/upload\/gallery\/2024\/11\/01\/-2548a4ac173046936871468525110046667.jpg\" \/><\/div>\n<div class=\"fotorama__stage__frame fotorama__loaded fotorama__loaded--img fotorama__active\"><img class=\"fotorama__img\" src=\"https:\/\/ikisahil.az\/photo\/0x0_2\/upload\/gallery\/2024\/11\/01\/-37740d59173046936834688648110203440.jpg\" \/><\/div>\n<div class=\"fotorama__stage__frame fotorama__loaded fotorama__loaded--img\"><img class=\"fotorama__img\" src=\"https:\/\/ikisahil.az\/photo\/0x0_2\/upload\/gallery\/2024\/11\/01\/-e3ca0449173046936812917730010894579.jpg\" \/><\/div>\n<\/div>\n<div class=\"fotorama__arr fotorama__arr--prev\" tabindex=\"0\" role=\"button\"><\/div>\n<div class=\"fotorama__arr fotorama__arr--next\" tabindex=\"0\" role=\"button\"><\/div>\n<div class=\"fotorama__video-close\"><\/div>\n<\/div>\n<div class=\"fotorama__nav-wrap\">\n<div class=\"fotorama__nav fotorama__nav--thumbs fotorama__shadows--left fotorama__shadows--right\">\n<div class=\"fotorama__nav__shaft fotorama__grab\">\n<div class=\"fotorama__thumb-border\"><\/div>\n<div class=\"fotorama__nav__frame fotorama__nav__frame--thumb\" tabindex=\"0\" role=\"button\">\n<div class=\"fotorama__thumb fotorama__loaded fotorama__loaded--img\"><img class=\"fotorama__img\" src=\"https:\/\/ikisahil.az\/photo\/150x100_2\/upload\/gallery\/2024\/11\/01\/-3b5e2c9b173046936838656639310706695.jpg\" \/><\/div>\n<\/div>\n<div class=\"fotorama__nav__frame fotorama__nav__frame--thumb\" tabindex=\"0\" role=\"button\">\n<div class=\"fotorama__thumb fotorama__loaded fotorama__loaded--img\"><img class=\"fotorama__img\" src=\"https:\/\/ikisahil.az\/photo\/150x100_2\/upload\/gallery\/2024\/11\/01\/-945e01e4173046936829306263110357674.jpg\" \/><\/div>\n<\/div>\n<div class=\"fotorama__nav__frame fotorama__nav__frame--thumb\" tabindex=\"0\" role=\"button\">\n<div class=\"fotorama__thumb fotorama__loaded fotorama__loaded--img\"><img class=\"fotorama__img\" src=\"https:\/\/ikisahil.az\/photo\/150x100_2\/upload\/gallery\/2024\/11\/01\/-bc3744cb173046936831801621810971849.jpg\" \/><\/div>\n<\/div>\n<div class=\"fotorama__nav__frame fotorama__nav__frame--thumb\" tabindex=\"0\" role=\"button\">\n<div class=\"fotorama__thumb fotorama__loaded fotorama__loaded--img\"><img class=\"fotorama__img\" src=\"https:\/\/ikisahil.az\/photo\/150x100_2\/upload\/gallery\/2024\/11\/01\/-2ba8698b173046936815869629510325300.jpg\" \/><\/div>\n<\/div>\n<div class=\"fotorama__nav__frame fotorama__nav__frame--thumb\" tabindex=\"0\" role=\"button\">\n<div class=\"fotorama__thumb fotorama__loaded fotorama__loaded--img\"><img class=\"fotorama__img\" src=\"https:\/\/ikisahil.az\/photo\/150x100_2\/upload\/gallery\/2024\/11\/01\/-2548a4ac173046936871468525110046667.jpg\" \/><\/div>\n<\/div>\n<div class=\"fotorama__nav__frame fotorama__nav__frame--thumb fotorama__active\" tabindex=\"0\" role=\"button\">\n<div class=\"fotorama__thumb fotorama__loaded fotorama__loaded--img\"><img class=\"fotorama__img\" src=\"https:\/\/ikisahil.az\/photo\/150x100_2\/upload\/gallery\/2024\/11\/01\/-37740d59173046936834688648110203440.jpg\" \/><\/div>\n<\/div>\n<div class=\"fotorama__nav__frame fotorama__nav__frame--thumb\" tabindex=\"0\" role=\"button\">\n<div class=\"fotorama__thumb fotorama__loaded fotorama__loaded--img\"><img class=\"fotorama__img\" src=\"https:\/\/ikisahil.az\/photo\/150x100_2\/upload\/gallery\/2024\/11\/01\/-e3ca0449173046936812917730010894579.jpg\" \/><\/div>\n<\/div>\n<div class=\"fotorama__nav__frame fotorama__nav__frame--thumb\" tabindex=\"0\" role=\"button\">\n<div class=\"fotorama__thumb fotorama__loaded fotorama__loaded--img\"><img class=\"fotorama__img\" src=\"https:\/\/ikisahil.az\/photo\/150x100_2\/upload\/gallery\/2024\/11\/01\/-99ba5c40173046936842767235210674652.jpg\" \/><\/div>\n<\/div>\n<div class=\"fotorama__nav__frame fotorama__nav__frame--thumb\" tabindex=\"0\" role=\"button\">\n<div class=\"fotorama__thumb fotorama__loaded fotorama__loaded--img\"><img class=\"fotorama__img\" src=\"https:\/\/ikisahil.az\/photo\/150x100_2\/upload\/gallery\/2024\/11\/01\/-fc6709bf173046936873814324110718679.jpg\" \/><\/div>\n<\/div>\n<div class=\"fotorama__nav__frame fotorama__nav__frame--thumb\" tabindex=\"0\" role=\"button\">\n<div class=\"fotorama__thumb\"><\/div>\n<\/div>\n<div class=\"fotorama__nav__frame fotorama__nav__frame--thumb\" tabindex=\"0\" role=\"button\">\n<div class=\"fotorama__thumb\"><\/div>\n<\/div>\n<div class=\"fotorama__nav__frame fotorama__nav__frame--thumb\" tabindex=\"0\" role=\"button\">\n<div class=\"fotorama__thumb\"><\/div>\n<\/div>\n<div class=\"fotorama__nav__frame fotorama__nav__frame--thumb\" tabindex=\"0\" role=\"button\">\n<div class=\"fotorama__thumb\"><\/div>\n<\/div>\n<div class=\"fotorama__nav__frame fotorama__nav__frame--thumb\" tabindex=\"0\" role=\"button\">\n<div class=\"fotorama__thumb\"><\/div>\n<\/div>\n<div class=\"fotorama__nav__frame fotorama__nav__frame--thumb\" tabindex=\"0\" role=\"button\">\n<div class=\"fotorama__thumb\"><\/div>\n<\/div>\n<div class=\"fotorama__nav__frame fotorama__nav__frame--thumb\" tabindex=\"0\" role=\"button\">\n<div class=\"fotorama__thumb\"><\/div>\n<\/div>\n<div class=\"fotorama__nav__frame fotorama__nav__frame--thumb\" tabindex=\"0\" role=\"button\">\n<div class=\"fotorama__thumb\"><\/div>\n<\/div>\n<div class=\"fotorama__nav__frame fotorama__nav__frame--thumb\" tabindex=\"0\" role=\"button\">\n<div class=\"fotorama__thumb\"><\/div>\n<\/div>\n<\/div>\n<\/div>\n<\/div>\n<\/div>\n<\/div>\n<div class=\"sharing my-2 row no-gutters d-print-none\"><\/div>\n<div class=\"d-none d-sm-block\"><\/div>\n","protected":false},"excerpt":{"rendered":"<p>Noyabr\u0131n 1-d\u0259 Bak\u0131n\u0131n Sabun\u00e7u rayonu \u0259razisind\u0259 a\u011fac\u0259km\u0259 aksiyas\u0131 ke\u00e7irilib. Heyd\u0259r \u018fliyev Fondunun vitse-prezidenti, \u201cIDEA\u201d \u0130ctimai Birliyinin t\u0259sis\u00e7isi v\u0259 r\u0259hb\u0259ri Leyla \u018fliyeva aksiyada i\u015ftirak edib. ARANTV.AZ\u00a0 x\u0259b\u0259r verir ki,\u00a0Heyd\u0259r \u018fliyev Fondunun \u201cRegional \u0130nki\u015faf\u201d \u0130ctimai Birliyinin (R\u0130\u0130B) v\u0259 COP29 k\u00f6n\u00fcll\u00fcl\u0259rinin qat\u0131ld\u0131qlar\u0131 aksiyada 1000 \u0259d\u0259d Eldar \u015fam\u0131 a\u011fac\u0131 \u0259kilib. A\u011fac\u0259km\u0259 aksiyas\u0131 2024-c\u00fc ilin Az\u0259rbaycan Respublikas\u0131 Prezidenti t\u0259r\u0259find\u0259n \u201cYa\u015f\u0131l d\u00fcnya namin\u0259 h\u0259mr\u0259ylik ili\u201d elan edilm\u0259si \u00e7\u0259r\u00e7iv\u0259sind\u0259 \u00f6lk\u0259mizd\u0259 ya\u015f\u0131ll\u0131q zolaqlar\u0131n\u0131n art\u0131r\u0131lmas\u0131 v\u0259 \u0259traf m\u00fchitin m\u00fchafiz\u0259sin\u0259 daha bir t\u00f6hf\u0259 kimi d\u0259y\u0259rl\u0259ndiril\u0259 bil\u0259r. Aksiya, eyni zamanda, \u00f6lk\u0259mizd\u0259 ke\u00e7iril\u0259c\u0259k COP29 konfrans\u0131na d\u0259st\u0259yin v\u0259 \u00fcmumiyy\u0259tl\u0259 t\u0259bi\u0259tin qorunmas\u0131 il\u0259 ba\u011fl\u0131&hellip;<\/p>\n","protected":false},"author":2,"featured_media":765840,"comment_status":"closed","ping_status":"closed","sticky":false,"template":"","format":"standard","meta":{"om_disable_all_campaigns":false,"_monsterinsights_skip_tracking":false,"_monsterinsights_sitenote_active":false,"_monsterinsights_sitenote_note":"","_monsterinsights_sitenote_category":0},"categories":[1],"tags":[],"aioseo_notices":[],"gutentor_comment":0,"rttpg_featured_image_url":{"full":["https:\/\/arantv.az\/wp-content\/uploads\/2024\/11\/af086cda173046935051332144410192170.jpg",975,540,false],"landscape":["https:\/\/arantv.az\/wp-content\/uploads\/2024\/11\/af086cda173046935051332144410192170.jpg",975,540,false],"portraits":["https:\/\/arantv.az\/wp-content\/uploads\/2024\/11\/af086cda173046935051332144410192170.jpg",975,540,false],"thumbnail":["https:\/\/arantv.az\/wp-content\/uploads\/2024\/11\/af086cda173046935051332144410192170-500x280.jpg",500,280,true],"medium":["https:\/\/arantv.az\/wp-content\/uploads\/2024\/11\/af086cda173046935051332144410192170-660x365.jpg",660,365,true],"large":["https:\/\/arantv.az\/wp-content\/uploads\/2024\/11\/af086cda173046935051332144410192170-840x465.jpg",640,354,true],"1536x1536":["https:\/\/arantv.az\/wp-content\/uploads\/2024\/11\/af086cda173046935051332144410192170.jpg",975,540,false],"2048x2048":["https:\/\/arantv.az\/wp-content\/uploads\/2024\/11\/af086cda173046935051332144410192170.jpg",975,540,false],"post-thumbnail":["https:\/\/arantv.az\/wp-content\/uploads\/2024\/11\/af086cda173046935051332144410192170-240x172.jpg",240,172,true],"advps-thumb-one":["https:\/\/arantv.az\/wp-content\/uploads\/2024\/11\/af086cda173046935051332144410192170.jpg",975,540,false]},"rttpg_author":{"display_name":"V\u00fcsal Rafiqo\u011flu","author_link":"https:\/\/arantv.az\/?author=2"},"rttpg_comment":0,"rttpg_category":"<a href=\"https:\/\/arantv.az\/?cat=1\" rel=\"category\">C\u0259miyy\u0259t<\/a>","rttpg_excerpt":"Noyabr\u0131n 1-d\u0259 Bak\u0131n\u0131n Sabun\u00e7u rayonu \u0259razisind\u0259 a\u011fac\u0259km\u0259 aksiyas\u0131 ke\u00e7irilib. Heyd\u0259r \u018fliyev Fondunun vitse-prezidenti, \u201cIDEA\u201d \u0130ctimai Birliyinin t\u0259sis\u00e7isi v\u0259 r\u0259hb\u0259ri Leyla \u018fliyeva aksiyada i\u015ftirak edib. ARANTV.AZ\u00a0 x\u0259b\u0259r verir ki,\u00a0Heyd\u0259r \u018fliyev Fondunun \u201cRegional \u0130nki\u015faf\u201d \u0130ctimai Birliyinin (R\u0130\u0130B) v\u0259 COP29 k\u00f6n\u00fcll\u00fcl\u0259rinin qat\u0131ld\u0131qlar\u0131 aksiyada 1000 \u0259d\u0259d Eldar \u015fam\u0131 a\u011fac\u0131 \u0259kilib. A\u011fac\u0259km\u0259 aksiyas\u0131 2024-c\u00fc ilin Az\u0259rbaycan Respublikas\u0131 Prezidenti t\u0259r\u0259find\u0259n \u201cYa\u015f\u0131l&hellip;","_links":{"self":[{"href":"https:\/\/arantv.az\/index.php?rest_route=\/wp\/v2\/posts\/765839"}],"collection":[{"href":"https:\/\/arantv.az\/index.php?rest_route=\/wp\/v2\/posts"}],"about":[{"href":"https:\/\/arantv.az\/index.php?rest_route=\/wp\/v2\/types\/post"}],"author":[{"embeddable":true,"href":"https:\/\/arantv.az\/index.php?rest_route=\/wp\/v2\/users\/2"}],"replies":[{"embeddable":true,"href":"https:\/\/arantv.az\/index.php?rest_route=%2Fwp%2Fv2%2Fcomments&post=765839"}],"version-history":[{"count":1,"href":"https:\/\/arantv.az\/index.php?rest_route=\/wp\/v2\/posts\/765839\/revisions"}],"predecessor-version":[{"id":765841,"href":"https:\/\/arantv.az\/index.php?rest_route=\/wp\/v2\/posts\/765839\/revisions\/765841"}],"wp:featuredmedia":[{"embeddable":true,"href":"https:\/\/arantv.az\/index.php?rest_route=\/wp\/v2\/media\/765840"}],"wp:attachment":[{"href":"https:\/\/arantv.az\/index.php?rest_route=%2Fwp%2Fv2%2Fmedia&parent=765839"}],"wp:term":[{"taxonomy":"category","embeddable":true,"href":"https:\/\/arantv.az\/index.php?rest_route=%2Fwp%2Fv2%2Fcategories&post=765839"},{"taxonomy":"post_tag","embeddable":true,"href":"https:\/\/arantv.az\/index.php?rest_route=%2Fwp%2Fv2%2Ftags&post=765839"}],"curies":[{"name":"wp","href":"https:\/\/api.w.org\/{rel}","templated":true}]}}