{"id":765845,"date":"2024-11-01T19:04:21","date_gmt":"2024-11-01T15:04:21","guid":{"rendered":"https:\/\/arantv.az\/?p=765845"},"modified":"2024-11-01T19:04:21","modified_gmt":"2024-11-01T15:04:21","slug":"az%c9%99rbaycanla-erm%c9%99nistan-delimitasiya-komissiyalarinin-%c9%99sasnam%c9%99si-bu-gund%c9%99n-quvv%c9%99y%c9%99-minir","status":"publish","type":"post","link":"https:\/\/arantv.az\/?p=765845","title":{"rendered":"Az\u0259rbaycanla Erm\u0259nistan Delimitasiya Komissiyalar\u0131n\u0131n \u018fsasnam\u0259si bu g\u00fcnd\u0259n q\u00fcvv\u0259y\u0259 minir"},"content":{"rendered":"<p><em><strong>2024-c\u00fc il noyabr\u0131n 1-d\u0259 Az\u0259rbaycan Respublikas\u0131 v\u0259 Erm\u0259nistan Respublikas\u0131 aras\u0131nda s\u0259rh\u0259dd\u0259 Az\u0259rbaycan Respublikas\u0131n\u0131n Ba\u015f nazirinin m\u00fcavini \u015eahin Mustafayev v\u0259 Erm\u0259nistan Respublikas\u0131n\u0131n Ba\u015f nazirinin m\u00fcavini Mher Qriqoryan\u0131n s\u0259drliyi alt\u0131nda Az\u0259rbaycan Respublikas\u0131 il\u0259 Erm\u0259nistan Respublikas\u0131 aras\u0131nda d\u00f6vl\u0259t s\u0259rh\u0259dinin delimitasiyas\u0131 \u00fczr\u0259 D\u00f6vl\u0259t Komissiyas\u0131n\u0131n v\u0259 Erm\u0259nistan Respublikas\u0131 il\u0259 Az\u0259rbaycan Respublikas\u0131 aras\u0131nda d\u00f6vl\u0259t s\u0259rh\u0259dinin delimitasiyas\u0131 v\u0259 s\u0259rh\u0259d t\u0259hl\u00fck\u0259sizliyi m\u0259s\u0259l\u0259l\u0259ri \u00fczr\u0259 Komissiyan\u0131n onuncu g\u00f6r\u00fc\u015f\u00fc ke\u00e7irilib.<\/strong><\/em><\/p>\n<p><strong>ARANTV.AZ\u00a0 x\u0259b\u0259r verir ki,<\/strong>\u00a0yuxar\u0131da qeyd olunan komissiyalar\u0131n birg\u0259 f\u0259aliyy\u0259ti haqq\u0131nda 2024-c\u00fc il avqustun 30-da imzalanm\u0131\u015f \u018fsasnam\u0259nin 7-ci madd\u0259sin\u0259 uy\u011fun olaraq, g\u00f6r\u00fc\u015f zaman\u0131 T\u0259r\u0259fl\u0259r h\u0259min \u018fsasnam\u0259nin q\u00fcvv\u0259y\u0259 minm\u0259si \u00fc\u00e7\u00fcn z\u0259ruri olan d\u00f6vl\u0259tdaxili prosedurlar\u0131n onlar\u0131n d\u00f6vl\u0259tl\u0259ri t\u0259r\u0259find\u0259n yerin\u0259 yetirilm\u0259si bar\u0259d\u0259 bildiri\u015fl\u0259ri m\u00fcbadil\u0259 etdil\u0259r.<\/p>\n<p>\u018fsasnam\u0259nin 7-ci madd\u0259sinin bu c\u00fcr prosedurlar\u0131n yerin\u0259 yetirilm\u0259si bar\u0259d\u0259 sonuncu yaz\u0131l\u0131 bildiri\u015fin al\u0131nd\u0131\u011f\u0131 g\u00fcnd\u0259 onun q\u00fcvv\u0259y\u0259 minm\u0259sini t\u0259sbit etm\u0259sini n\u0259z\u0259r\u0259 alaraq, T\u0259r\u0259fl\u0259r vur\u011fulad\u0131lar ki, s\u00f6z\u00fcged\u0259n \u018fsasnam\u0259 2024-c\u00fc il noyabr\u0131n 1-d\u0259 q\u00fcvv\u0259y\u0259 minir.<\/p>\n<p>T\u0259r\u0259fl\u0259r n\u00f6vb\u0259ti m\u0259rh\u0259l\u0259d\u0259 delimitasiya i\u015fl\u0259rinin h\u0259yata ke\u00e7irilm\u0259si \u00fc\u00e7\u00fcn s\u0259rh\u0259d x\u0259ttinin sah\u0259l\u0259rinin\/hiss\u0259l\u0259rinin ard\u0131c\u0131ll\u0131\u011f\u0131 m\u0259s\u0259l\u0259si \u0259traf\u0131nda fikir m\u00fcbadil\u0259si apard\u0131lar.<\/p>\n<p>T\u0259r\u0259fl\u0259r delimitasiya i\u015fl\u0259rinin g\u00f6r\u00fclm\u0259sinin qaydas\u0131 \u00fczr\u0259 m\u00fcvafiq t\u0259limatlar\u0131n layih\u0259l\u0259rini m\u00fczakir\u0259 etdil\u0259r.<\/p>\n<p>T\u0259r\u0259fl\u0259r n\u00f6vb\u0259ti g\u00f6r\u00fc\u015f\u00fcn ke\u00e7irilm\u0259sinin tarixini v\u0259 yerini i\u015f\u00e7i qaydada m\u00fc\u0259yy\u0259n etm\u0259k bar\u0259d\u0259 raz\u0131l\u0131\u011fa g\u0259ldil\u0259r.<\/p>\n<p>Komissiyalar\u0131n g\u00f6r\u00fc\u015f\u00fc ba\u015fa \u00e7atd\u0131qdan sonra Az\u0259rbaycan Respublikas\u0131n\u0131n Ba\u015f nazirinin m\u00fcavini \u015eahin Mustafayev v\u0259 Erm\u0259nistan Respublikas\u0131n\u0131n Ba\u015f nazirinin m\u00fcavini Mher Qriqoryan ayr\u0131ca olaraq n\u0259qliyyat kommunikasiyalar\u0131 m\u0259s\u0259l\u0259l\u0259rini m\u00fczakir\u0259 etdil\u0259r.<\/p>\n","protected":false},"excerpt":{"rendered":"<p>2024-c\u00fc il noyabr\u0131n 1-d\u0259 Az\u0259rbaycan Respublikas\u0131 v\u0259 Erm\u0259nistan Respublikas\u0131 aras\u0131nda s\u0259rh\u0259dd\u0259 Az\u0259rbaycan Respublikas\u0131n\u0131n Ba\u015f nazirinin m\u00fcavini \u015eahin Mustafayev v\u0259 Erm\u0259nistan Respublikas\u0131n\u0131n Ba\u015f nazirinin m\u00fcavini Mher Qriqoryan\u0131n s\u0259drliyi alt\u0131nda Az\u0259rbaycan Respublikas\u0131 il\u0259 Erm\u0259nistan Respublikas\u0131 aras\u0131nda d\u00f6vl\u0259t s\u0259rh\u0259dinin delimitasiyas\u0131 \u00fczr\u0259 D\u00f6vl\u0259t Komissiyas\u0131n\u0131n v\u0259 Erm\u0259nistan Respublikas\u0131 il\u0259 Az\u0259rbaycan Respublikas\u0131 aras\u0131nda d\u00f6vl\u0259t s\u0259rh\u0259dinin delimitasiyas\u0131 v\u0259 s\u0259rh\u0259d t\u0259hl\u00fck\u0259sizliyi m\u0259s\u0259l\u0259l\u0259ri \u00fczr\u0259 Komissiyan\u0131n onuncu g\u00f6r\u00fc\u015f\u00fc ke\u00e7irilib. ARANTV.AZ\u00a0 x\u0259b\u0259r verir ki,\u00a0yuxar\u0131da qeyd olunan komissiyalar\u0131n birg\u0259 f\u0259aliyy\u0259ti haqq\u0131nda 2024-c\u00fc il avqustun 30-da imzalanm\u0131\u015f \u018fsasnam\u0259nin 7-ci madd\u0259sin\u0259 uy\u011fun olaraq, g\u00f6r\u00fc\u015f zaman\u0131 T\u0259r\u0259fl\u0259r h\u0259min \u018fsasnam\u0259nin q\u00fcvv\u0259y\u0259 minm\u0259si \u00fc\u00e7\u00fcn z\u0259ruri olan d\u00f6vl\u0259tdaxili&hellip;<\/p>\n","protected":false},"author":2,"featured_media":765846,"comment_status":"closed","ping_status":"closed","sticky":false,"template":"","format":"standard","meta":{"om_disable_all_campaigns":false,"_monsterinsights_skip_tracking":false,"_monsterinsights_sitenote_active":false,"_monsterinsights_sitenote_note":"","_monsterinsights_sitenote_category":0},"categories":[4],"tags":[],"aioseo_notices":[],"gutentor_comment":0,"rttpg_featured_image_url":{"full":["https:\/\/arantv.az\/wp-content\/uploads\/2024\/11\/91a575b3171411452869201952911023230.jpg",975,540,false],"landscape":["https:\/\/arantv.az\/wp-content\/uploads\/2024\/11\/91a575b3171411452869201952911023230.jpg",975,540,false],"portraits":["https:\/\/arantv.az\/wp-content\/uploads\/2024\/11\/91a575b3171411452869201952911023230.jpg",975,540,false],"thumbnail":["https:\/\/arantv.az\/wp-content\/uploads\/2024\/11\/91a575b3171411452869201952911023230-500x280.jpg",500,280,true],"medium":["https:\/\/arantv.az\/wp-content\/uploads\/2024\/11\/91a575b3171411452869201952911023230-660x365.jpg",660,365,true],"large":["https:\/\/arantv.az\/wp-content\/uploads\/2024\/11\/91a575b3171411452869201952911023230-840x465.jpg",640,354,true],"1536x1536":["https:\/\/arantv.az\/wp-content\/uploads\/2024\/11\/91a575b3171411452869201952911023230.jpg",975,540,false],"2048x2048":["https:\/\/arantv.az\/wp-content\/uploads\/2024\/11\/91a575b3171411452869201952911023230.jpg",975,540,false],"post-thumbnail":["https:\/\/arantv.az\/wp-content\/uploads\/2024\/11\/91a575b3171411452869201952911023230-240x172.jpg",240,172,true],"advps-thumb-one":["https:\/\/arantv.az\/wp-content\/uploads\/2024\/11\/91a575b3171411452869201952911023230.jpg",975,540,false]},"rttpg_author":{"display_name":"V\u00fcsal Rafiqo\u011flu","author_link":"https:\/\/arantv.az\/?author=2"},"rttpg_comment":0,"rttpg_category":"<a href=\"https:\/\/arantv.az\/?cat=4\" rel=\"category\">Siyas\u0259t<\/a>","rttpg_excerpt":"2024-c\u00fc il noyabr\u0131n 1-d\u0259 Az\u0259rbaycan Respublikas\u0131 v\u0259 Erm\u0259nistan Respublikas\u0131 aras\u0131nda s\u0259rh\u0259dd\u0259 Az\u0259rbaycan Respublikas\u0131n\u0131n Ba\u015f nazirinin m\u00fcavini \u015eahin Mustafayev v\u0259 Erm\u0259nistan Respublikas\u0131n\u0131n Ba\u015f nazirinin m\u00fcavini Mher Qriqoryan\u0131n s\u0259drliyi alt\u0131nda Az\u0259rbaycan Respublikas\u0131 il\u0259 Erm\u0259nistan Respublikas\u0131 aras\u0131nda d\u00f6vl\u0259t s\u0259rh\u0259dinin delimitasiyas\u0131 \u00fczr\u0259 D\u00f6vl\u0259t Komissiyas\u0131n\u0131n v\u0259 Erm\u0259nistan Respublikas\u0131 il\u0259 Az\u0259rbaycan Respublikas\u0131 aras\u0131nda d\u00f6vl\u0259t s\u0259rh\u0259dinin delimitasiyas\u0131 v\u0259 s\u0259rh\u0259d t\u0259hl\u00fck\u0259sizliyi m\u0259s\u0259l\u0259l\u0259ri \u00fczr\u0259&hellip;","_links":{"self":[{"href":"https:\/\/arantv.az\/index.php?rest_route=\/wp\/v2\/posts\/765845"}],"collection":[{"href":"https:\/\/arantv.az\/index.php?rest_route=\/wp\/v2\/posts"}],"about":[{"href":"https:\/\/arantv.az\/index.php?rest_route=\/wp\/v2\/types\/post"}],"author":[{"embeddable":true,"href":"https:\/\/arantv.az\/index.php?rest_route=\/wp\/v2\/users\/2"}],"replies":[{"embeddable":true,"href":"https:\/\/arantv.az\/index.php?rest_route=%2Fwp%2Fv2%2Fcomments&post=765845"}],"version-history":[{"count":1,"href":"https:\/\/arantv.az\/index.php?rest_route=\/wp\/v2\/posts\/765845\/revisions"}],"predecessor-version":[{"id":765847,"href":"https:\/\/arantv.az\/index.php?rest_route=\/wp\/v2\/posts\/765845\/revisions\/765847"}],"wp:featuredmedia":[{"embeddable":true,"href":"https:\/\/arantv.az\/index.php?rest_route=\/wp\/v2\/media\/765846"}],"wp:attachment":[{"href":"https:\/\/arantv.az\/index.php?rest_route=%2Fwp%2Fv2%2Fmedia&parent=765845"}],"wp:term":[{"taxonomy":"category","embeddable":true,"href":"https:\/\/arantv.az\/index.php?rest_route=%2Fwp%2Fv2%2Fcategories&post=765845"},{"taxonomy":"post_tag","embeddable":true,"href":"https:\/\/arantv.az\/index.php?rest_route=%2Fwp%2Fv2%2Ftags&post=765845"}],"curies":[{"name":"wp","href":"https:\/\/api.w.org\/{rel}","templated":true}]}}