{"id":766072,"date":"2024-11-02T18:03:21","date_gmt":"2024-11-02T14:03:21","guid":{"rendered":"https:\/\/arantv.az\/?p=766072"},"modified":"2024-11-02T18:03:21","modified_gmt":"2024-11-02T14:03:21","slug":"bir-muraci%c9%99tin-%c9%99ks-s%c9%99dasi","status":"publish","type":"post","link":"https:\/\/arantv.az\/?p=766072","title":{"rendered":"Bir m\u00fcraci\u0259tin \u0259ks-s\u0259das\u0131"},"content":{"rendered":"<p><em><strong>31\u00a0il \u00f6nc\u0259 Ulu \u00d6nd\u0259r Heyd\u0259r \u018fliyevin \u00e7a\u011f\u0131r\u0131\u015f\u0131 il\u0259 Az\u0259rbaycan Ordusunun m\u00fcz\u0259ff\u0259r y\u00fcr\u00fc\u015f\u00fcn\u0259 ba\u015flan\u0131l\u0131b<\/strong><\/em><\/p>\n<p><em><strong>Az\u0259rbaycan Ordusu Prezident, Ali Ba\u015f Komandan \u0130lham \u018fliyevin r\u0259hb\u0259rliyi il\u0259 2016-c\u0131 ilin d\u00f6rdg\u00fcnl\u00fck Aprel d\u00f6y\u00fc\u015fl\u0259rind\u0259, 2018-ci ilin may\u0131nda G\u00fcnn\u00fct \u0259m\u0259liyyat\u0131nda, 2020-ci ilin iyununda Tovuz d\u00f6y\u00fc\u015fl\u0259rind\u0259, 2020-ci ilin 44 g\u00fcnl\u00fck V\u0259t\u0259n m\u00fcharib\u0259sind\u0259\u00a0 h\u0259rb tariximiz\u0259\u00a0 \u015f\u0259r\u0259fli s\u0259hif\u0259l\u0259r yazd\u0131. \u00d6t\u0259n il sentyabr\u0131n 19-20-d\u0259 ordumuzun b\u00f6lm\u0259l\u0259ri Qaraba\u011fda k\u00f6k salm\u0131\u015f terror\u00e7u-separat\u00e7\u0131 q\u00fcvv\u0259l\u0259r\u0259 qar\u015f\u0131 ke\u00e7irdikl\u0259ri lokal antiterror t\u0259dbirl\u0259ri zaman\u0131 m\u00fclki \u0259haliy\u0259 v\u0259 infrastruktura he\u00e7 bir ziyan verm\u0259d\u0259n Az\u0259rbaycan\u0131n h\u0259m \u0259razi b\u00fct\u00f6vl\u00fcy\u00fcn\u00fc, h\u0259m d\u0259 suverenliyini tam b\u0259rpa etdil\u0259r. Ordumuz b\u00fct\u00fcn bu u\u011furlar\u0131, y\u0259ni\u00a0 \u0259ld\u0259 etdiyi z\u0259f\u0259rl\u0259ri il\u0259 XXI \u0259sr d\u00fcnya h\u0259rb tarixini heyr\u0259t\u0259 g\u0259tirm\u0259yi d\u0259 bacard\u0131.<\/strong><\/em><\/p>\n<p><em><strong><img src=\"https:\/\/ikisahil.az\/upload\/\/2024\/11\/02\/\/-f2e84d98173052887483933912010397676.jpg\" alt=\"\" \/><\/strong><\/em><\/p>\n<p>\u015e\u00fcbh\u0259siz, b\u00fct\u00fcn bu u\u011furlarda Ulu \u00d6nd\u0259r Heyd\u0259r \u018fliyevin misilsiz xidm\u0259tl\u0259ri vard\u0131r. \u00c7\u00fcnki 31\u00a0il \u00f6nc\u0259 Ulu \u00d6nd\u0259r Heyd\u0259r \u018fliyevin \u00e7a\u011f\u0131r\u0131\u015f\u0131 il\u0259 Az\u0259rbaycan Ordusunun m\u00fcz\u0259ff\u0259r y\u00fcr\u00fc\u015f\u00fcn\u00fcn b\u00fcn\u00f6vr\u0259si qoyulub. Bel\u0259 ki, m\u0259hz xalq\u0131n b\u00f6y\u00fck d\u0259st\u0259yi v\u0259 irad\u0259si il\u0259 \u00dcmummilli Liderin Az\u0259rbaycan Respublikas\u0131n\u0131n Prezidenti se\u00e7ilm\u0259sind\u0259n c\u0259mi bir ay sonra, y\u0259ni 2 noyabr 1993-c\u00fc ild\u0259 Onun televiziya v\u0259 radio il\u0259 xalqa m\u00fcraci\u0259tind\u0259n sonra xalq\u0131m\u0131z s\u00f6z\u00fcn h\u0259qiqi m\u0259nas\u0131nda bir n\u0259f\u0259r kimi \u00f6lk\u0259mizin m\u00fcdafi\u0259sin\u0259 qalx\u0131b.\u00a0 Ulu \u00d6nd\u0259r bu tarixi \u00e7\u0131x\u0131\u015f\u0131nda diqq\u0259t\u0259 \u00e7atd\u0131rm\u0131\u015fd\u0131 ki, Erm\u0259nistan\u0131n t\u0259cav\u00fcz\u00fc n\u0259tic\u0259sind\u0259 \u0259razil\u0259rimiz i\u015f\u011fal edilib,\u00a0 soyda\u015flar\u0131m\u0131z h\u0259lak olub, yaralanm\u0131\u015f, on minl\u0259rl\u0259 v\u0259t\u0259nda\u015f\u0131m\u0131z yerl\u0259rind\u0259n did\u0259rgin d\u00fc\u015f\u0259r\u0259k qa\u00e7q\u0131na \u00e7evrilibl\u0259r: \u201cBunun bir hiss\u0259si Az\u0259rbaycan Respublikas\u0131 Sovetl\u0259r \u0130ttifaq\u0131n\u0131n t\u0259rkibind\u0259 ik\u0259n olmu\u015fdur. Ancaq iki ild\u0259n art\u0131qd\u0131r ki, Az\u0259rbaycan Respublikas\u0131 m\u00fcst\u0259qil bir d\u00f6vl\u0259tdir. Bu iki il m\u00fcdd\u0259tind\u0259 m\u00fcst\u0259qil d\u00f6vl\u0259timiz \u00f6z m\u00fcdafi\u0259 q\u00fcvv\u0259l\u0259rini, \u00f6z ordusunu yaratmal\u0131 idi. Bundan \u00f6tr\u00fc Az\u0259rbaycan Respublikas\u0131n\u0131n b\u00fct\u00fcn imkanlar\u0131 vard\u0131. Ordunu bir g\u00fcnd\u0259, be\u015f g\u00fcnd\u0259, bir ayda, \u00fc\u00e7 ayda yaratmaq m\u00fcmk\u00fcn deyil. Ancaq iki il, \u00fc\u00e7 il m\u00fcdd\u0259tind\u0259 ordu yaratmaq, Az\u0259rbaycan\u0131n etibarl\u0131 m\u00fcdafi\u0259sini t\u0259\u015fkil etm\u0259k v\u0259 \u0259razi b\u00fct\u00f6vl\u00fcy\u00fcn\u00fc d\u0259 t\u0259min etm\u0259k m\u00fcmk\u00fcn idi. Lakin bu f\u00fcrs\u0259tl\u0259r \u0259ld\u0259n verilib v\u0259 Az\u0259rbaycan\u0131n m\u00fcdafi\u0259 imkanlar\u0131 get-ged\u0259 m\u00f6hk\u0259ml\u0259nm\u0259k \u0259v\u0259zin\u0259 z\u0259ifl\u0259mi\u015fdir. Ayr\u0131-ayr\u0131 d\u0259st\u0259l\u0259r, qruplar, yaxud batalyonlar t\u0259r\u0259find\u0259n apar\u0131lan ayr\u0131-ayr\u0131 d\u00f6y\u00fc\u015fl\u0259rin ham\u0131s\u0131 p\u0259rak\u0259nd\u0259 \u015f\u0259kild\u0259 olmu\u015f, m\u00fcxt\u0259lif q\u00fcvv\u0259l\u0259r\u0259, m\u0259qs\u0259dl\u0259r\u0259 xidm\u0259t etmi\u015f, b\u00f6y\u00fck bir h\u0259rbi strategiya, m\u00fcdafi\u0259 strategiyas\u0131 \u0259sas\u0131nda, h\u0259rbi nizam-intizam \u0259sas\u0131nda g\u00f6r\u00fcl\u0259n t\u0259dbirl\u0259r olmam\u0131\u015fd\u0131r\u201d. Bununla da \u00f6lk\u0259mizin a\u011f\u0131r durumda oldu\u011funu bildir\u0259n Ulu\u00a0 \u00d6nd\u0259r, h\u0259m\u00e7inin\u00a0 vur\u011fulam\u0131\u015fd\u0131 ki, Az\u0259rbaycan\u0131n g\u0259l\u0259c\u0259k taleyi, onun m\u00f6vcudlu\u011fu xalq\u0131n \u00f6z \u0259lind\u0259dir. D\u00fc\u015fm\u0259n t\u0259r\u0259find\u0259n i\u015f\u011fal edilmi\u015f Az\u0259rbaycan torpaqlar\u0131n\u0131 da az\u0259rbaycanl\u0131lardan ba\u015fqa kims\u0259 azad etm\u0259y\u0259c\u0259kdir: \u201c\u0130ndi bizim ordumuz yaranmal\u0131 v\u0259 qurulmal\u0131d\u0131r. Bir d\u0259 qeyd edir\u0259m, ordumuz ancaq Az\u0259rbaycan\u0131 m\u00fcdafi\u0259 etm\u0259k m\u0259qs\u0259di da\u015f\u0131y\u0131r. \u0130\u015f\u011fal\u00e7\u0131l\u0131q m\u0259qs\u0259di da\u015f\u0131m\u0131r. Bizim i\u015fimiz haqq i\u015fidir, g\u0259r\u0259k h\u0259r bir v\u0259t\u0259nda\u015f bunu \u00f6z\u00fcn\u00fcn \u015f\u0259r\u0259fli borcu kimi q\u0259bul etsin. Kim \u00f6z\u00fc orduda qulluq ed\u0259 bilirs\u0259, qoy k\u00f6n\u00fcll\u00fc sur\u0259td\u0259 getsin. Kim \u00f6z\u00fc qulluq ed\u0259 bilmirs\u0259, yan\u0131ndak\u0131lar\u0131 ba\u015fa sals\u0131n ki, gedib orduda xidm\u0259t etm\u0259k laz\u0131md\u0131r. Yaxud \u0259g\u0259r \u00f6z\u00fc orduda qulluq ed\u0259 bilmirs\u0259, fikirl\u0259\u015fsin ki, orduya nec\u0259 k\u00f6m\u0259k etm\u0259k laz\u0131md\u0131r. \u0130ndi bunlar\u0131n ham\u0131s\u0131 \u0259n z\u0259ruri v\u0259zif\u0259l\u0259rdir. B\u00fct\u00fcn xalqa, Az\u0259rbaycan v\u0259t\u0259nda\u015flar\u0131na m\u00fcraci\u0259t edir\u0259m ki, bu t\u0259dbirl\u0259rin h\u0259yata ke\u00e7irilm\u0259sind\u0259 f\u0259al i\u015ftirak etsinl\u0259r\u201d.<\/p>\n<p>Yeri g\u0259lmi\u015fk\u0259n onu da qeyd ed\u0259k ki, bu, Az\u0259rbaycan xalq\u0131n\u0131 m\u00fcbariz\u0259y\u0259 s\u0259sl\u0259y\u0259n, \u00f6lk\u0259mizd\u0259 b\u00f6y\u00fck \u0259ks-s\u0259da do\u011furan, c\u0259miyy\u0259timiz t\u0259r\u0259find\u0259n m\u00fcdafi\u0259 olunan d\u00f6vl\u0259t r\u0259hb\u0259ri s\u0259viyy\u0259sind\u0259\u00a0 ilk m\u00fcraci\u0259t, \u00e7a\u011f\u0131r\u0131\u015f olub. N\u0259tic\u0259d\u0259 ordu s\u0131ralar\u0131na s\u0259f\u0259rb\u0259r olunan k\u00f6n\u00fcll\u00fcl\u0259rin say\u0259sind\u0259 1993-c\u00fc ilin sonu, 1994-c\u00fc ilin \u0259vv\u0259ll\u0259rind\u0259 F\u00fczuli istiqam\u0259tind \u0259m\u0259liyyatlar h\u0259yata ke\u00e7irilib, i\u015f\u011fal olunmu\u015f b\u0259zi ya\u015fay\u0131\u015f m\u0259sk\u0259nl\u0259ri, strateji y\u00fcks\u0259klikl\u0259r d\u00fc\u015fm\u0259nd\u0259n azad edilib. H\u0259min g\u00fcnl\u0259rd\u0259 \u00dcmummilli Lider demi\u015fdir: \u201cQar\u015f\u0131da F\u00fczuli rayonunun dig\u0259r hiss\u0259l\u0259ri var, C\u0259bray\u0131l var, Z\u0259ngilan var, Qubadl\u0131 var, o yandan A\u011fdam, dig\u0259r rayonlar var. Bunlar\u0131n ham\u0131s\u0131n\u0131 biz azad etm\u0259liyik\u201d.<\/p>\n<p>2 noyabr h\u0259m d\u0259 \u00f6lk\u0259mizin tarixin\u0259 yeni ordu quruculu\u011funun \u0259sas\u0131n\u0131n\u00a0 qoyuldu\u011fu g\u00fcn kimi d\u0259 daxil olub. M\u0259hz bundan sonra Az\u0259rbaycanda ordu quruculu\u011fu, \u00f6lk\u0259nin m\u00fcdafi\u0259 qabiliyy\u0259tinin art\u0131r\u0131lmas\u0131 istiqam\u0259tind\u0259 g\u00f6r\u00fcl\u0259n i\u015fl\u0259r yeni fazaya daxil olub, m\u0259rk\u0259zi komandanl\u0131\u011fa tabe olmayan b\u00fct\u00fcn silahl\u0131 birl\u0259\u015fm\u0259l\u0259ri l\u0259\u011fv edil\u0259r\u0259k ayr\u0131-ayr\u0131 qo\u015fun n\u00f6vl\u0259rinin\u00a0 formala\u015fd\u0131r\u0131lmas\u0131na, daha do\u011frusu, nizami ordunun t\u0259\u015fkilin\u0259 ba\u015flan\u0131l\u0131b. 2003-c\u00fc ild\u0259n respublikam\u0131za r\u0259hb\u0259rlik etm\u0259y\u0259 ba\u015flayan Prezident \u0130lham \u018fliyev Silahl\u0131 Q\u00fcvv\u0259l\u0259rimizin d\u00f6y\u00fc\u015f imkanlar\u0131n\u0131n art\u0131r\u0131lmas\u0131n\u0131 daim diqq\u0259t m\u0259rk\u0259zind\u0259 saxlad\u0131, bu istiqam\u0259td\u0259 davaml\u0131 \u015f\u0259kild\u0259 h\u0259rbi islahatlar h\u0259yata ke\u00e7irdi. N\u0259tic\u0259d\u0259 \u00f6lk\u0259mizin \u0259razi b\u00fct\u00f6vl\u00fcy\u00fc v\u0259 suverenliyi tam b\u0259rpa olundu.<\/p>\n<p><em><strong>Qvami M\u0259h\u0259bb\u0259to\u011flu, \u201c\u0130ki sahil\u201d<\/strong><\/em><\/p>\n","protected":false},"excerpt":{"rendered":"<p>31\u00a0il \u00f6nc\u0259 Ulu \u00d6nd\u0259r Heyd\u0259r \u018fliyevin \u00e7a\u011f\u0131r\u0131\u015f\u0131 il\u0259 Az\u0259rbaycan Ordusunun m\u00fcz\u0259ff\u0259r y\u00fcr\u00fc\u015f\u00fcn\u0259 ba\u015flan\u0131l\u0131b Az\u0259rbaycan Ordusu Prezident, Ali Ba\u015f Komandan \u0130lham \u018fliyevin r\u0259hb\u0259rliyi il\u0259 2016-c\u0131 ilin d\u00f6rdg\u00fcnl\u00fck Aprel d\u00f6y\u00fc\u015fl\u0259rind\u0259, 2018-ci ilin may\u0131nda G\u00fcnn\u00fct \u0259m\u0259liyyat\u0131nda, 2020-ci ilin iyununda Tovuz d\u00f6y\u00fc\u015fl\u0259rind\u0259, 2020-ci ilin 44 g\u00fcnl\u00fck V\u0259t\u0259n m\u00fcharib\u0259sind\u0259\u00a0 h\u0259rb tariximiz\u0259\u00a0 \u015f\u0259r\u0259fli s\u0259hif\u0259l\u0259r yazd\u0131. \u00d6t\u0259n il sentyabr\u0131n 19-20-d\u0259 ordumuzun b\u00f6lm\u0259l\u0259ri Qaraba\u011fda k\u00f6k salm\u0131\u015f terror\u00e7u-separat\u00e7\u0131 q\u00fcvv\u0259l\u0259r\u0259 qar\u015f\u0131 ke\u00e7irdikl\u0259ri lokal antiterror t\u0259dbirl\u0259ri zaman\u0131 m\u00fclki \u0259haliy\u0259 v\u0259 infrastruktura he\u00e7 bir ziyan verm\u0259d\u0259n Az\u0259rbaycan\u0131n h\u0259m \u0259razi b\u00fct\u00f6vl\u00fcy\u00fcn\u00fc, h\u0259m d\u0259 suverenliyini tam b\u0259rpa etdil\u0259r. Ordumuz b\u00fct\u00fcn bu u\u011furlar\u0131, y\u0259ni\u00a0 \u0259ld\u0259&hellip;<\/p>\n","protected":false},"author":2,"featured_media":766073,"comment_status":"closed","ping_status":"closed","sticky":false,"template":"","format":"standard","meta":{"om_disable_all_campaigns":false,"_monsterinsights_skip_tracking":false,"_monsterinsights_sitenote_active":false,"_monsterinsights_sitenote_note":"","_monsterinsights_sitenote_category":0},"categories":[19],"tags":[],"aioseo_notices":[],"gutentor_comment":0,"rttpg_featured_image_url":{"full":["https:\/\/arantv.az\/wp-content\/uploads\/2024\/11\/322a45a2173052882365403532810706569.jpg",975,540,false],"landscape":["https:\/\/arantv.az\/wp-content\/uploads\/2024\/11\/322a45a2173052882365403532810706569.jpg",975,540,false],"portraits":["https:\/\/arantv.az\/wp-content\/uploads\/2024\/11\/322a45a2173052882365403532810706569.jpg",975,540,false],"thumbnail":["https:\/\/arantv.az\/wp-content\/uploads\/2024\/11\/322a45a2173052882365403532810706569-500x280.jpg",500,280,true],"medium":["https:\/\/arantv.az\/wp-content\/uploads\/2024\/11\/322a45a2173052882365403532810706569-660x365.jpg",660,365,true],"large":["https:\/\/arantv.az\/wp-content\/uploads\/2024\/11\/322a45a2173052882365403532810706569-840x465.jpg",640,354,true],"1536x1536":["https:\/\/arantv.az\/wp-content\/uploads\/2024\/11\/322a45a2173052882365403532810706569.jpg",975,540,false],"2048x2048":["https:\/\/arantv.az\/wp-content\/uploads\/2024\/11\/322a45a2173052882365403532810706569.jpg",975,540,false],"post-thumbnail":["https:\/\/arantv.az\/wp-content\/uploads\/2024\/11\/322a45a2173052882365403532810706569-240x172.jpg",240,172,true],"advps-thumb-one":["https:\/\/arantv.az\/wp-content\/uploads\/2024\/11\/322a45a2173052882365403532810706569.jpg",975,540,false]},"rttpg_author":{"display_name":"V\u00fcsal Rafiqo\u011flu","author_link":"https:\/\/arantv.az\/?author=2"},"rttpg_comment":0,"rttpg_category":"<a href=\"https:\/\/arantv.az\/?cat=19\" rel=\"category\">G\u00fcnd\u0259m<\/a>","rttpg_excerpt":"31\u00a0il \u00f6nc\u0259 Ulu \u00d6nd\u0259r Heyd\u0259r \u018fliyevin \u00e7a\u011f\u0131r\u0131\u015f\u0131 il\u0259 Az\u0259rbaycan Ordusunun m\u00fcz\u0259ff\u0259r y\u00fcr\u00fc\u015f\u00fcn\u0259 ba\u015flan\u0131l\u0131b Az\u0259rbaycan Ordusu Prezident, Ali Ba\u015f Komandan \u0130lham \u018fliyevin r\u0259hb\u0259rliyi il\u0259 2016-c\u0131 ilin d\u00f6rdg\u00fcnl\u00fck Aprel d\u00f6y\u00fc\u015fl\u0259rind\u0259, 2018-ci ilin may\u0131nda G\u00fcnn\u00fct \u0259m\u0259liyyat\u0131nda, 2020-ci ilin iyununda Tovuz d\u00f6y\u00fc\u015fl\u0259rind\u0259, 2020-ci ilin 44 g\u00fcnl\u00fck V\u0259t\u0259n m\u00fcharib\u0259sind\u0259\u00a0 h\u0259rb tariximiz\u0259\u00a0 \u015f\u0259r\u0259fli s\u0259hif\u0259l\u0259r yazd\u0131. \u00d6t\u0259n il sentyabr\u0131n 19-20-d\u0259 ordumuzun b\u00f6lm\u0259l\u0259ri&hellip;","_links":{"self":[{"href":"https:\/\/arantv.az\/index.php?rest_route=\/wp\/v2\/posts\/766072"}],"collection":[{"href":"https:\/\/arantv.az\/index.php?rest_route=\/wp\/v2\/posts"}],"about":[{"href":"https:\/\/arantv.az\/index.php?rest_route=\/wp\/v2\/types\/post"}],"author":[{"embeddable":true,"href":"https:\/\/arantv.az\/index.php?rest_route=\/wp\/v2\/users\/2"}],"replies":[{"embeddable":true,"href":"https:\/\/arantv.az\/index.php?rest_route=%2Fwp%2Fv2%2Fcomments&post=766072"}],"version-history":[{"count":1,"href":"https:\/\/arantv.az\/index.php?rest_route=\/wp\/v2\/posts\/766072\/revisions"}],"predecessor-version":[{"id":766074,"href":"https:\/\/arantv.az\/index.php?rest_route=\/wp\/v2\/posts\/766072\/revisions\/766074"}],"wp:featuredmedia":[{"embeddable":true,"href":"https:\/\/arantv.az\/index.php?rest_route=\/wp\/v2\/media\/766073"}],"wp:attachment":[{"href":"https:\/\/arantv.az\/index.php?rest_route=%2Fwp%2Fv2%2Fmedia&parent=766072"}],"wp:term":[{"taxonomy":"category","embeddable":true,"href":"https:\/\/arantv.az\/index.php?rest_route=%2Fwp%2Fv2%2Fcategories&post=766072"},{"taxonomy":"post_tag","embeddable":true,"href":"https:\/\/arantv.az\/index.php?rest_route=%2Fwp%2Fv2%2Ftags&post=766072"}],"curies":[{"name":"wp","href":"https:\/\/api.w.org\/{rel}","templated":true}]}}