{"id":766280,"date":"2024-11-04T18:23:37","date_gmt":"2024-11-04T14:23:37","guid":{"rendered":"https:\/\/arantv.az\/?p=766280"},"modified":"2024-11-04T18:23:37","modified_gmt":"2024-11-04T14:23:37","slug":"qarabag-z%c9%99f%c9%99ri-az%c9%99rbaycan-prezidentinin-mudrik-siyasi-v%c9%99-h%c9%99rbi-diplomatiyasinin-m%c9%99ntiqi-yekunudur-agalar-v%c9%99liyev","status":"publish","type":"post","link":"https:\/\/arantv.az\/?p=766280","title":{"rendered":"Qaraba\u011f Z\u0259f\u0259ri Az\u0259rbaycan Prezidentinin m\u00fcdrik siyasi v\u0259 h\u0259rbi diplomatiyas\u0131n\u0131n m\u0259ntiqi yekunudur &#8211; A\u011falar V\u0259liyev"},"content":{"rendered":"<p><em><strong>Xalq\u0131m\u0131z 8 Noyabr &#8211; Z\u0259f\u0259r G\u00fcn\u00fcn\u00fc haql\u0131 olaraq b\u00f6y\u00fck sevinc v\u0259 q\u00fcrur hissi il\u0259 qeyd edir. V\u0259t\u0259n m\u00fcharib\u0259sind\u0259 qazan\u0131lan tarixi Q\u0259l\u0259b\u0259nin arxas\u0131nda is\u0259, he\u00e7 \u015f\u00fcbh\u0259siz, m\u00fcdrik siyasi v\u0259 h\u0259rbi diplomatiya, xalq-d\u00f6vl\u0259t birliyi, Prezident, M\u00fcz\u0259ff\u0259r Ali Ba\u015f Komandan \u0130lham \u018fliyevin d\u0259rin z\u0259kas\u0131, uzaqg\u00f6r\u0259n siyas\u0259ti dayan\u0131r. Tarixd\u0259 misli g\u00f6r\u00fcnm\u0259mi\u015f tarixi Q\u0259l\u0259b\u0259y\u0259 imza atm\u0131\u015f Az\u0259rbaycan bu g\u00fcn regionun lider d\u00f6vl\u0259ti kimi beyn\u0259lxalq prosesl\u0259rd\u0259 m\u00fch\u00fcm rol oynayan aktora \u00e7evrilib.<\/strong><\/em><\/p>\n<p>Bu fikirl\u0259ri\u00a0<strong>\u201c\u0130ki sahil\u201d<\/strong>\u0259 a\u00e7\u0131qlamas\u0131nda Milli M\u0259clisin deputat\u0131\u00a0<strong>A\u011falar V\u0259liyev\u00a0<\/strong>s\u00f6yl\u0259yib.<\/p>\n<p>Mill\u0259t v\u0259kili bildirib ki, i\u015f\u011fal alt\u0131nda olmu\u015f torpaqlar\u0131m\u0131z\u0131n azad edilm\u0259si b\u00fct\u00fcn d\u00f6vrl\u0259rd\u0259 d\u00f6vl\u0259t siyas\u0259tinin m\u00fctl\u0259q prioriteti v\u0259 strateji h\u0259d\u0259fi olub. Az\u0259rbaycan zaman-zaman torpaqlar\u0131n\u0131n itirilm\u0259sin\u0259, xalq\u0131m\u0131z soyq\u0131r\u0131mlar\u0131, deportasiyalara m\u0259ruz qal\u0131b. B\u00fct\u00fcn bunlara baxmayaraq, beyn\u0259lxalq t\u0259\u015fkilatlar, x\u00fcsusil\u0259 BMT \u00f6lk\u0259miz\u0259 qar\u015f\u0131 bu c\u00fcr \u0259dal\u0259tsizlikl\u0259r\u0259 he\u00e7 vaxt adekvat reaksiya verm\u0259yib. BMT T\u0259hl\u00fck\u0259sizlik \u015euras\u0131n\u0131n \u00f6lk\u0259mizin i\u015f\u011fal olunmu\u015f \u0259razil\u0259ri il\u0259 ba\u011fl\u0131 q\u0259bul etdiyi q\u0259tnam\u0259l\u0259r is\u0259 ka\u011f\u0131z \u00fcz\u0259rind\u0259 qalm\u0131\u015f, i\u015f\u011fal\u00e7\u0131ya qar\u015f\u0131 he\u00e7 bir ciddi t\u0259dbir g\u00f6r\u00fclm\u0259mi\u015fdir. Bel\u0259 olan halda, t\u0259bii ki, Az\u0259rbaycan \u00f6z m\u0259s\u0259l\u0259sini \u00f6z\u00fc h\u0259ll etm\u0259k m\u0259cburiyy\u0259tind\u0259 qald\u0131.<\/p>\n<p>\u00d6lk\u0259mizd\u0259 Ulu \u00d6nd\u0259r Heyd\u0259r \u018fliyevin r\u0259hb\u0259rliyi il\u0259 \u00f6t\u0259n \u0259srin sonlar\u0131ndan ba\u015flayan iqtisadi inki\u015faf m\u0259ntiqi n\u0259tic\u0259y\u0259 hesablanm\u0131\u015fd\u0131 \u2013 torpaqlar\u0131m\u0131z\u0131n i\u015f\u011faldan azad edilm\u0259si. \u00dcmummilli Liderin ba\u015flatd\u0131\u011f\u0131 v\u0259 Prezident \u0130lham t\u0259r\u0259find\u0259n u\u011furla davam etdiril\u0259n Az\u0259rbaycan\u0131n iqtisadi inki\u015faf\u0131 onun h\u0259rbi q\u00fcdr\u0259tinin, beyn\u0259lxalq n\u00fcfuzunun artmas\u0131na g\u0259tirib \u00e7\u0131xard\u0131. Ordumuzun d\u00f6y\u00fc\u015f qabiliyy\u0259tinin art\u0131r\u0131lmas\u0131, milli m\u00fcdafi\u0259 s\u0259nayemizin inki\u015faf\u0131 \u00f6lk\u0259mizi Q\u0259l\u0259b\u0259y\u0259 yax\u0131nla\u015fd\u0131r\u0131rd\u0131.<\/p>\n<p>Prezident \u0130lham \u018fliyev d\u0259 bununla ba\u011fl\u0131 demi\u015fdir: \u201cM\u0259n i\u015f\u011fal d\u00f6vr\u00fcnd\u0259 deyirdim, bir ne\u00e7\u0259 d\u0259f\u0259 deyirdim, h\u0259r birimiz azadl\u0131q g\u00fcn\u00fcn\u00fc, bu m\u00fcq\u0259dd\u0259s g\u00fcn\u00fc \u00f6z i\u015fimizl\u0259 yax\u0131nla\u015fd\u0131rmal\u0131y\u0131q, yax\u0131nla\u015fd\u0131r\u0131rd\u0131q v\u0259 yax\u0131nla\u015fd\u0131rd\u0131q\u201d.<\/p>\n<p>Deputat qeyd edib ki, Aprel d\u00f6y\u00fc\u015fl\u0259ri, G\u00fcnn\u00fct \u0259m\u0259liyyat\u0131, Tovuz d\u00f6y\u00fc\u015fl\u0259ri v\u0259 dig\u0259r t\u0259dbirl\u0259r art\u0131q Az\u0259rbaycan\u0131n b\u00f6y\u00fck Q\u0259l\u0259b\u0259y\u0259 do\u011fru ir\u0259lil\u0259diyini g\u00f6st\u0259rirdi. Bel\u0259likl\u0259, 2020-ci ilin sentyabr\u0131nda ba\u015flayan v\u0259 44 g\u00fcn davam ed\u0259n h\u0259rbi \u0259m\u0259liyyatlar Az\u0259rbaycan\u0131n b\u00f6y\u00fck Q\u0259l\u0259b\u0259si il\u0259 n\u0259tic\u0259l\u0259ndi. Bu, t\u0259kc\u0259 h\u0259rbi z\u0259f\u0259r deyil, eyni zamanda, \u0259dal\u0259tsizlik \u00fcz\u0259rind\u0259 q\u0259l\u0259b\u0259dir, Az\u0259rbaycan xalq\u0131n\u0131n \u0259yilm\u0259z ruhunun t\u0259nt\u0259n\u0259sidir.<\/p>\n<p>Prezident \u0130lham \u018fliyevin ali ba\u015f komandanl\u0131\u011f\u0131 il\u0259 d\u00f6y\u00fc\u015f meydan\u0131nda tarix d\u0259rsl\u0259rin\u0259 sal\u0131nan h\u0259rbi \u0259m\u0259liyyatlar\u0131n apar\u0131lmas\u0131 Ordumuzun pe\u015f\u0259karl\u0131\u011f\u0131n\u0131n n\u00fcmun\u0259si idi. 2023-c\u00fc ilin sentyabr\u0131nda h\u0259yata ke\u00e7iril\u0259n lokal xarakterli antiterror t\u0259dbirl\u0259ri il\u0259 Qaraba\u011fda erm\u0259ni separatizminin k\u00f6k\u00fc bird\u0259f\u0259lik k\u0259sildi. Prezident \u0130lham \u018fliyevin antiterror \u0259m\u0259liyyat\u0131ndan c\u0259mi t\u0259qrib\u0259n bir ay sonra azad Xank\u0259ndid\u0259, Xocal\u0131da, \u018fsg\u0259randa v\u0259 dig\u0259r torpaqlar\u0131m\u0131zda \u00fc\u00e7r\u0259ngli Az\u0259rbaycan Bayra\u011f\u0131n\u0131 ucaltmas\u0131 \u00f6lk\u0259mizin Q\u0259l\u0259b\u0259sini h\u0259zm ed\u0259 bilm\u0259y\u0259n aktorlara da bir mesaj oldu \u2013 C\u0259nubi Qafqazda s\u00f6z sahibi Az\u0259rbaycand\u0131r v\u0259 b\u00fct\u00fcn d\u00fcnya bunu q\u0259bul etm\u0259lidir.<\/p>\n<p>\u201cB\u0259li, bu g\u00fcn b\u00fct\u00fcn d\u00fcnya Az\u0259rbaycan\u0131n Q\u0259l\u0259b\u0259sini v\u0259 onun regional liderliyini q\u0259bul edir. \u00d6lk\u0259mizin beyn\u0259lxalq arenada rolunun getdikc\u0259 artmas\u0131, x\u00fcsusil\u0259 V\u0259t\u0259n m\u00fcharib\u0259sind\u0259n sonra Prezident \u0130lham \u018fliyevin bir s\u0131ra n\u00fcfuzlu beyn\u0259lxalq t\u0259dbirl\u0259r\u0259 f\u0259xri qonaq qismind\u0259 d\u0259v\u0259t olunmas\u0131 Az\u0259rbaycan\u0131n m\u00fch\u00fcm aktor kimi rolunun t\u0259sdiqidir. Bu g\u00fcn Az\u0259rbaycan\u0131n y\u00fcr\u00fctd\u00fcy\u00fc siyas\u0259t b\u00fct\u00fcn dost \u00f6lk\u0259l\u0259r t\u0259r\u0259find\u0259n d\u0259st\u0259kl\u0259nir v\u0259 y\u00fcks\u0259k qiym\u0259tl\u0259ndirilir\u201d, &#8211; dey\u0259 A.V\u0259liyev \u0259lav\u0259 edib.<\/p>\n<p>Milli M\u0259clisin deputat\u0131 vur\u011fulay\u0131b ki, Qaraba\u011f Z\u0259f\u0259ri h\u0259m d\u0259 Az\u0259rbaycan xalq\u0131n\u0131n \u0259traf\u0131nda \u201cd\u0259mir yumruq\u201d kimi birl\u0259\u015fdiyi Liderin\u0259 sonsuz etimad\u0131n\u0131n, V\u0259t\u0259n\u0259 m\u0259h\u0259bb\u0259tin ayd\u0131n ifad\u0259si oldu. Bu g\u00fcn Az\u0259rbaycan xalq\u0131 \u015fanl\u0131 Z\u0259f\u0259ri il\u0259 f\u0259xr edir, q\u00fcrur duyur v\u0259 bu Q\u0259l\u0259b\u0259nin \u0259b\u0259dil\u0259\u015fdirilm\u0259si istiqam\u0259tind\u0259 m\u0259qs\u0259dy\u00f6nl\u00fc, prinsipial add\u0131mlar at\u0131l\u0131r. Noyabr\u0131n 8-i b\u00fct\u00fcn Az\u0259rbaycan \u00fc\u00e7\u00fcn \u0259n \u015fanl\u0131 g\u00fcn v\u0259 uzun ill\u0259r h\u0259sr\u0259tind\u0259 oldu\u011fu Z\u0259f\u0259r G\u00fcn\u00fcd\u00fcr. Bu, uzun, ke\u015fm\u0259ke\u015fli, lakin \u015f\u0259r\u0259fli \u00a0yolun sonunda l\u0259yaq\u0259tl\u0259 qazan\u0131lm\u0131\u015f tarixi nailiyy\u0259tdir.<\/p>\n","protected":false},"excerpt":{"rendered":"<p>Xalq\u0131m\u0131z 8 Noyabr &#8211; Z\u0259f\u0259r G\u00fcn\u00fcn\u00fc haql\u0131 olaraq b\u00f6y\u00fck sevinc v\u0259 q\u00fcrur hissi il\u0259 qeyd edir. V\u0259t\u0259n m\u00fcharib\u0259sind\u0259 qazan\u0131lan tarixi Q\u0259l\u0259b\u0259nin arxas\u0131nda is\u0259, he\u00e7 \u015f\u00fcbh\u0259siz, m\u00fcdrik siyasi v\u0259 h\u0259rbi diplomatiya, xalq-d\u00f6vl\u0259t birliyi, Prezident, M\u00fcz\u0259ff\u0259r Ali Ba\u015f Komandan \u0130lham \u018fliyevin d\u0259rin z\u0259kas\u0131, uzaqg\u00f6r\u0259n siyas\u0259ti dayan\u0131r. Tarixd\u0259 misli g\u00f6r\u00fcnm\u0259mi\u015f tarixi Q\u0259l\u0259b\u0259y\u0259 imza atm\u0131\u015f Az\u0259rbaycan bu g\u00fcn regionun lider d\u00f6vl\u0259ti kimi beyn\u0259lxalq prosesl\u0259rd\u0259 m\u00fch\u00fcm rol oynayan aktora \u00e7evrilib. Bu fikirl\u0259ri\u00a0\u201c\u0130ki sahil\u201d\u0259 a\u00e7\u0131qlamas\u0131nda Milli M\u0259clisin deputat\u0131\u00a0A\u011falar V\u0259liyev\u00a0s\u00f6yl\u0259yib. Mill\u0259t v\u0259kili bildirib ki, i\u015f\u011fal alt\u0131nda olmu\u015f torpaqlar\u0131m\u0131z\u0131n azad edilm\u0259si b\u00fct\u00fcn d\u00f6vrl\u0259rd\u0259 d\u00f6vl\u0259t siyas\u0259tinin m\u00fctl\u0259q prioriteti v\u0259&hellip;<\/p>\n","protected":false},"author":2,"featured_media":766281,"comment_status":"closed","ping_status":"closed","sticky":false,"template":"","format":"standard","meta":{"om_disable_all_campaigns":false,"_monsterinsights_skip_tracking":false,"_monsterinsights_sitenote_active":false,"_monsterinsights_sitenote_note":"","_monsterinsights_sitenote_category":0},"categories":[8],"tags":[],"aioseo_notices":[],"gutentor_comment":0,"rttpg_featured_image_url":{"full":["https:\/\/arantv.az\/wp-content\/uploads\/2024\/11\/c1bb2ec7173070935474146281810987055.jpg",975,540,false],"landscape":["https:\/\/arantv.az\/wp-content\/uploads\/2024\/11\/c1bb2ec7173070935474146281810987055.jpg",975,540,false],"portraits":["https:\/\/arantv.az\/wp-content\/uploads\/2024\/11\/c1bb2ec7173070935474146281810987055.jpg",975,540,false],"thumbnail":["https:\/\/arantv.az\/wp-content\/uploads\/2024\/11\/c1bb2ec7173070935474146281810987055-500x280.jpg",500,280,true],"medium":["https:\/\/arantv.az\/wp-content\/uploads\/2024\/11\/c1bb2ec7173070935474146281810987055-660x365.jpg",660,365,true],"large":["https:\/\/arantv.az\/wp-content\/uploads\/2024\/11\/c1bb2ec7173070935474146281810987055-840x465.jpg",640,354,true],"1536x1536":["https:\/\/arantv.az\/wp-content\/uploads\/2024\/11\/c1bb2ec7173070935474146281810987055.jpg",975,540,false],"2048x2048":["https:\/\/arantv.az\/wp-content\/uploads\/2024\/11\/c1bb2ec7173070935474146281810987055.jpg",975,540,false],"post-thumbnail":["https:\/\/arantv.az\/wp-content\/uploads\/2024\/11\/c1bb2ec7173070935474146281810987055-240x172.jpg",240,172,true],"advps-thumb-one":["https:\/\/arantv.az\/wp-content\/uploads\/2024\/11\/c1bb2ec7173070935474146281810987055.jpg",975,540,false]},"rttpg_author":{"display_name":"V\u00fcsal Rafiqo\u011flu","author_link":"https:\/\/arantv.az\/?author=2"},"rttpg_comment":0,"rttpg_category":"<a href=\"https:\/\/arantv.az\/?cat=8\" rel=\"category\">\u018fsas s\u0259hif\u0259<\/a>","rttpg_excerpt":"Xalq\u0131m\u0131z 8 Noyabr &#8211; Z\u0259f\u0259r G\u00fcn\u00fcn\u00fc haql\u0131 olaraq b\u00f6y\u00fck sevinc v\u0259 q\u00fcrur hissi il\u0259 qeyd edir. V\u0259t\u0259n m\u00fcharib\u0259sind\u0259 qazan\u0131lan tarixi Q\u0259l\u0259b\u0259nin arxas\u0131nda is\u0259, he\u00e7 \u015f\u00fcbh\u0259siz, m\u00fcdrik siyasi v\u0259 h\u0259rbi diplomatiya, xalq-d\u00f6vl\u0259t birliyi, Prezident, M\u00fcz\u0259ff\u0259r Ali Ba\u015f Komandan \u0130lham \u018fliyevin d\u0259rin z\u0259kas\u0131, uzaqg\u00f6r\u0259n siyas\u0259ti dayan\u0131r. Tarixd\u0259 misli g\u00f6r\u00fcnm\u0259mi\u015f tarixi Q\u0259l\u0259b\u0259y\u0259 imza atm\u0131\u015f Az\u0259rbaycan bu g\u00fcn regionun&hellip;","_links":{"self":[{"href":"https:\/\/arantv.az\/index.php?rest_route=\/wp\/v2\/posts\/766280"}],"collection":[{"href":"https:\/\/arantv.az\/index.php?rest_route=\/wp\/v2\/posts"}],"about":[{"href":"https:\/\/arantv.az\/index.php?rest_route=\/wp\/v2\/types\/post"}],"author":[{"embeddable":true,"href":"https:\/\/arantv.az\/index.php?rest_route=\/wp\/v2\/users\/2"}],"replies":[{"embeddable":true,"href":"https:\/\/arantv.az\/index.php?rest_route=%2Fwp%2Fv2%2Fcomments&post=766280"}],"version-history":[{"count":1,"href":"https:\/\/arantv.az\/index.php?rest_route=\/wp\/v2\/posts\/766280\/revisions"}],"predecessor-version":[{"id":766282,"href":"https:\/\/arantv.az\/index.php?rest_route=\/wp\/v2\/posts\/766280\/revisions\/766282"}],"wp:featuredmedia":[{"embeddable":true,"href":"https:\/\/arantv.az\/index.php?rest_route=\/wp\/v2\/media\/766281"}],"wp:attachment":[{"href":"https:\/\/arantv.az\/index.php?rest_route=%2Fwp%2Fv2%2Fmedia&parent=766280"}],"wp:term":[{"taxonomy":"category","embeddable":true,"href":"https:\/\/arantv.az\/index.php?rest_route=%2Fwp%2Fv2%2Fcategories&post=766280"},{"taxonomy":"post_tag","embeddable":true,"href":"https:\/\/arantv.az\/index.php?rest_route=%2Fwp%2Fv2%2Ftags&post=766280"}],"curies":[{"name":"wp","href":"https:\/\/api.w.org\/{rel}","templated":true}]}}