{"id":766283,"date":"2024-11-04T18:24:22","date_gmt":"2024-11-04T14:24:22","guid":{"rendered":"https:\/\/arantv.az\/?p=766283"},"modified":"2024-11-04T18:24:22","modified_gmt":"2024-11-04T14:24:22","slug":"8-noyabr-z%c9%99f%c9%99r-gunu-2","status":"publish","type":"post","link":"https:\/\/arantv.az\/?p=766283","title":{"rendered":"8 Noyabr &#8211; Z\u0259f\u0259r G\u00fcn\u00fc"},"content":{"rendered":"<p><em><strong>\u201cM\u0259n i\u015f\u011fal d\u00f6vr\u00fcnd\u0259 deyirdim, bir ne\u00e7\u0259 d\u0259f\u0259 deyirdim, h\u0259r birimiz azadl\u0131q g\u00fcn\u00fcn\u00fc, bu m\u00fcq\u0259dd\u0259s g\u00fcn\u00fc \u00f6z i\u015fimizl\u0259 yax\u0131nla\u015fd\u0131rmal\u0131y\u0131q, yax\u0131nla\u015fd\u0131r\u0131rd\u0131q v\u0259 yax\u0131nla\u015fd\u0131rd\u0131q.\u201d<br \/>\nPrezident \u0130lham \u018fliyev<\/strong><\/em><\/p>\n<p>B\u0259li, Prezident \u0130lham \u018fliyevin bu s\u00f6zl\u0259ri Az\u0259rbaycan xalq\u0131n\u0131n V\u0259t\u0259n m\u00fcharib\u0259si zaman\u0131 birg\u0259 \u0259zmkarl\u0131\u011f\u0131n\u0131 v\u0259 h\u0259r bir f\u0259rdin azadl\u0131q yolunda t\u00f6hf\u0259 verm\u0259k m\u0259suliyy\u0259tini vur\u011fulay\u0131r. O, i\u015f\u011fal alt\u0131nda olan torpaqlar\u0131n azad olunmas\u0131 u\u011frunda apar\u0131lan m\u00fcbariz\u0259d\u0259 h\u0259r bir az\u0259rbaycanl\u0131n\u0131n f\u0259aliyy\u0259tinin v\u0259 f\u0259dakarl\u0131\u011f\u0131n\u0131n \u0259h\u0259miyy\u0259tini qeyd edirdi. Bu c\u00fcml\u0259 xalq\u0131n birliyini, m\u0259qs\u0259d\u0259 do\u011fru ir\u0259lil\u0259y\u0259rk\u0259n h\u0259r bir f\u0259rdin rolunun vacibliyini \u00f6n plana \u00e7\u0259kir.<\/p>\n<p>C\u0259nab Prezident \u0130lham \u018fliyevin r\u0259hb\u0259rliyi il\u0259 apar\u0131lan m\u0259qs\u0259dy\u00f6nl\u00fc v\u0259 prinsipial siyas\u0259t Az\u0259rbaycan\u0131n milli maraqlar\u0131n\u0131 qorumaq, beyn\u0259lxalq n\u00fcfuzunu art\u0131rmaq v\u0259 dayan\u0131ql\u0131 inki\u015faf\u0131 t\u0259min etm\u0259k m\u0259qs\u0259dini da\u015f\u0131y\u0131r. Bu siyas\u0259t \u00e7\u0259r\u00e7iv\u0259sind\u0259, Az\u0259rbaycan\u0131n \u0259razi b\u00fct\u00f6vl\u00fcy\u00fc, iqtisadi inki\u015faf\u0131 v\u0259 regional g\u00fcc m\u0259rk\u0259zin\u0259 \u00e7evrilm\u0259si \u0259sas prioritetl\u0259r olaraq \u00f6n\u0259 \u00e7\u0131x\u0131r.<\/p>\n<p>Prezident \u0130lham \u018fliyevin prinsipial siyas\u0259tinin \u0259n bariz n\u00fcmun\u0259l\u0259rind\u0259n biri, Qaraba\u011f m\u00fcnaqi\u015f\u0259sinin h\u0259lli v\u0259 torpaqlar\u0131n i\u015f\u011faldan azad olunmas\u0131 \u00fc\u00e7\u00fcn g\u00f6st\u0259rdiyi q\u0259tiyy\u0259t v\u0259 ard\u0131c\u0131l s\u0259yl\u0259rdir. Onun r\u0259hb\u0259rliyi il\u0259 Az\u0259rbaycan 44 g\u00fcnl\u00fck V\u0259t\u0259n m\u00fcharib\u0259sind\u0259 \u0259razi b\u00fct\u00f6vl\u00fcy\u00fcn\u00fc b\u0259rpa etdi. Bu prosesd\u0259 Prezidentin q\u0259tiyy\u0259tli m\u00f6vqeyi v\u0259 xarici siyas\u0259td\u0259 milli maraqlar\u0131 \u0259sas g\u00f6t\u00fcrm\u0259si xalq\u0131n birliyini g\u00fccl\u0259ndir\u0259r\u0259k q\u0259l\u0259b\u0259y\u0259 nail olunmas\u0131n\u0131 t\u0259min etdi.<\/p>\n<p>\u0130qtisadi sah\u0259d\u0259 is\u0259 \u0130lham \u018fliyevin m\u0259qs\u0259dy\u00f6nl\u00fc siyas\u0259ti \u00f6lk\u0259nin neft-qaz sektorundan \u0259ld\u0259 etdiyi g\u0259lirl\u0259ri qeyri-neft sektorunun inki\u015faf\u0131na y\u00f6n\u0259ltm\u0259yi h\u0259d\u0259fl\u0259yir. Bu, Az\u0259rbaycan iqtisadiyyat\u0131n\u0131n diversifikasiyas\u0131 v\u0259 xarici t\u0259sirl\u0259r\u0259 qar\u015f\u0131 dayan\u0131ql\u0131l\u0131\u011f\u0131n\u0131 art\u0131r\u0131r. \u00d6lk\u0259nin n\u0259qliyyat v\u0259 logistika sah\u0259sind\u0259 m\u00fch\u00fcm m\u0259rk\u0259z\u0259 \u00e7evrilm\u0259si, h\u0259m\u00e7inin C\u0259nub Qaz D\u0259hlizi kimi irimiqyasl\u0131 enerji layih\u0259l\u0259rinin h\u0259yata ke\u00e7irilm\u0259si bu siyas\u0259tin parlaq n\u00fcmun\u0259l\u0259ridir.<\/p>\n<p>Prezident \u0130lham \u018fliyevin \u201c44 g\u00fcn \u0259rzind\u0259 Az\u0259rbaycan Ordusu h\u0259r g\u00fcn ir\u0259liy\u0259 gedirdi\u201d s\u00f6zl\u0259ri V\u0259t\u0259n m\u00fcharib\u0259sind\u0259ki u\u011furlu h\u0259rbi strategiyan\u0131n v\u0259 ordunun d\u00f6y\u00fc\u015f qabiliyy\u0259tinin y\u00fcks\u0259k s\u0259viyy\u0259d\u0259 oldu\u011funu vur\u011fulay\u0131r. 2020-ci ild\u0259 apar\u0131lan 44 g\u00fcnl\u00fck V\u0259t\u0259n m\u00fcharib\u0259sind\u0259 Az\u0259rbaycan Ordusu h\u0259r g\u00fcn i\u015f\u011fal alt\u0131nda olan torpaqlar\u0131m\u0131z\u0131 bir-bir azad ed\u0259r\u0259k \u0259razi b\u00fct\u00f6vl\u00fcy\u00fcm\u00fcz\u00fc b\u0259rpa edirdi.<\/p>\n<p>Bu ifad\u0259, Az\u0259rbaycan Ordusunun dayanmadan ir\u0259lil\u0259m\u0259si v\u0259 q\u0259tiyy\u0259tli add\u0131mlarla m\u0259qs\u0259d\u0259 do\u011fru yax\u0131nla\u015fmas\u0131n\u0131n simvoludur. Prezidentin bu \u00e7\u0131x\u0131\u015f\u0131 h\u0259m d\u0259 xalq\u0131n v\u0259 ordunun birliyini, onlar\u0131n torpaqlar\u0131n azadl\u0131\u011f\u0131 u\u011frunda g\u00f6st\u0259rdikl\u0259ri q\u0259hr\u0259manl\u0131\u011f\u0131 v\u0259 \u0259zmi t\u0259c\u0259ss\u00fcm etdirir. \u0130lham \u018fliyevin r\u0259hb\u0259rliyi alt\u0131nda h\u0259yata ke\u00e7iril\u0259n u\u011furlu siyas\u0259t v\u0259 g\u00fccl\u00fc h\u0259rbi potensial bu z\u0259f\u0259rin \u0259sas\u0131n\u0131 t\u0259\u015fkil etdi.<\/p>\n<p>Z\u0259f\u0259r G\u00fcn\u00fc Az\u0259rbaycan xalq\u0131 \u00fc\u00e7\u00fcn \u0259h\u0259miyy\u0259tli bir tarixi hadis\u0259ni \u2013 Qaraba\u011f torpaqlar\u0131n\u0131n i\u015f\u011faldan azad olunmas\u0131n\u0131 v\u0259 2020-ci ilin 10 noyabr\u0131nda ba\u015fa \u00e7atan 44 g\u00fcnl\u00fck V\u0259t\u0259n m\u00fcharib\u0259sind\u0259 qazan\u0131lan q\u0259l\u0259b\u0259ni qeyd edir. Prezident \u0130lham \u018fliyevin q\u0259rar\u0131 il\u0259 h\u0259r il 8 noyabr tarixind\u0259 bu g\u00fcn r\u0259smi olaraq Z\u0259f\u0259r G\u00fcn\u00fc kimi qeyd olunur. Bu tarix, \u015eu\u015fa \u015f\u0259h\u0259rinin 8 noyabr 2020-ci ild\u0259 Az\u0259rbaycan Ordusu t\u0259r\u0259find\u0259n azad edilm\u0259si il\u0259 ba\u011fl\u0131d\u0131r. \u015eu\u015fan\u0131n azad olunmas\u0131, Qaraba\u011f\u0131n azadl\u0131\u011f\u0131 u\u011frunda d\u00f6y\u00fc\u015fl\u0259rin taleyini h\u0259ll ed\u0259n \u0259sas q\u0259l\u0259b\u0259l\u0259rd\u0259n biri kimi tarix\u0259 d\u00fc\u015fd\u00fc.<\/p>\n<p>Z\u0259f\u0259r G\u00fcn\u00fc, Az\u0259rbaycan\u0131n \u0259razi b\u00fct\u00f6vl\u00fcy\u00fc u\u011frunda \u015f\u0259hid olan q\u0259hr\u0259manlar\u0131n xatir\u0259sinin yad edildiyi v\u0259 xalq\u0131n birlik v\u0259 q\u00fcrur hissi il\u0259 ke\u00e7irdiyi bir g\u00fcnd\u00fcr. Bu tarix h\u0259m d\u0259 Az\u0259rbaycan Ordusunun g\u00fcc\u00fcn\u00fc, Prezident \u0130lham \u018fliyevin q\u0259tiyy\u0259tli v\u0259 m\u0259qs\u0259dy\u00f6nl\u00fc siyas\u0259tini, xalq\u0131n V\u0259t\u0259n sevgisini v\u0259 birliyini \u0259ks etdirir.<\/p>\n<p><strong>S\u0259lbi \u018fliyeva,<\/strong><br \/>\n<em>YAP X\u0259tai rayon t\u0259\u015fkilat\u0131n\u0131n f\u0259al\u0131<\/em><\/p>\n","protected":false},"excerpt":{"rendered":"<p>\u201cM\u0259n i\u015f\u011fal d\u00f6vr\u00fcnd\u0259 deyirdim, bir ne\u00e7\u0259 d\u0259f\u0259 deyirdim, h\u0259r birimiz azadl\u0131q g\u00fcn\u00fcn\u00fc, bu m\u00fcq\u0259dd\u0259s g\u00fcn\u00fc \u00f6z i\u015fimizl\u0259 yax\u0131nla\u015fd\u0131rmal\u0131y\u0131q, yax\u0131nla\u015fd\u0131r\u0131rd\u0131q v\u0259 yax\u0131nla\u015fd\u0131rd\u0131q.\u201d Prezident \u0130lham \u018fliyev B\u0259li, Prezident \u0130lham \u018fliyevin bu s\u00f6zl\u0259ri Az\u0259rbaycan xalq\u0131n\u0131n V\u0259t\u0259n m\u00fcharib\u0259si zaman\u0131 birg\u0259 \u0259zmkarl\u0131\u011f\u0131n\u0131 v\u0259 h\u0259r bir f\u0259rdin azadl\u0131q yolunda t\u00f6hf\u0259 verm\u0259k m\u0259suliyy\u0259tini vur\u011fulay\u0131r. O, i\u015f\u011fal alt\u0131nda olan torpaqlar\u0131n azad olunmas\u0131 u\u011frunda apar\u0131lan m\u00fcbariz\u0259d\u0259 h\u0259r bir az\u0259rbaycanl\u0131n\u0131n f\u0259aliyy\u0259tinin v\u0259 f\u0259dakarl\u0131\u011f\u0131n\u0131n \u0259h\u0259miyy\u0259tini qeyd edirdi. Bu c\u00fcml\u0259 xalq\u0131n birliyini, m\u0259qs\u0259d\u0259 do\u011fru ir\u0259lil\u0259y\u0259rk\u0259n h\u0259r bir f\u0259rdin rolunun vacibliyini \u00f6n plana \u00e7\u0259kir. C\u0259nab Prezident \u0130lham \u018fliyevin r\u0259hb\u0259rliyi il\u0259 apar\u0131lan m\u0259qs\u0259dy\u00f6nl\u00fc v\u0259&hellip;<\/p>\n","protected":false},"author":2,"featured_media":766284,"comment_status":"closed","ping_status":"closed","sticky":false,"template":"","format":"standard","meta":{"om_disable_all_campaigns":false,"_monsterinsights_skip_tracking":false,"_monsterinsights_sitenote_active":false,"_monsterinsights_sitenote_note":"","_monsterinsights_sitenote_category":0},"categories":[19],"tags":[],"aioseo_notices":[],"gutentor_comment":0,"rttpg_featured_image_url":{"full":["https:\/\/arantv.az\/wp-content\/uploads\/2024\/11\/486c0401171933635760663557910774459.jpg",975,540,false],"landscape":["https:\/\/arantv.az\/wp-content\/uploads\/2024\/11\/486c0401171933635760663557910774459.jpg",975,540,false],"portraits":["https:\/\/arantv.az\/wp-content\/uploads\/2024\/11\/486c0401171933635760663557910774459.jpg",975,540,false],"thumbnail":["https:\/\/arantv.az\/wp-content\/uploads\/2024\/11\/486c0401171933635760663557910774459-500x280.jpg",500,280,true],"medium":["https:\/\/arantv.az\/wp-content\/uploads\/2024\/11\/486c0401171933635760663557910774459-660x365.jpg",660,365,true],"large":["https:\/\/arantv.az\/wp-content\/uploads\/2024\/11\/486c0401171933635760663557910774459-840x465.jpg",640,354,true],"1536x1536":["https:\/\/arantv.az\/wp-content\/uploads\/2024\/11\/486c0401171933635760663557910774459.jpg",975,540,false],"2048x2048":["https:\/\/arantv.az\/wp-content\/uploads\/2024\/11\/486c0401171933635760663557910774459.jpg",975,540,false],"post-thumbnail":["https:\/\/arantv.az\/wp-content\/uploads\/2024\/11\/486c0401171933635760663557910774459-240x172.jpg",240,172,true],"advps-thumb-one":["https:\/\/arantv.az\/wp-content\/uploads\/2024\/11\/486c0401171933635760663557910774459.jpg",975,540,false]},"rttpg_author":{"display_name":"V\u00fcsal Rafiqo\u011flu","author_link":"https:\/\/arantv.az\/?author=2"},"rttpg_comment":0,"rttpg_category":"<a href=\"https:\/\/arantv.az\/?cat=19\" rel=\"category\">G\u00fcnd\u0259m<\/a>","rttpg_excerpt":"\u201cM\u0259n i\u015f\u011fal d\u00f6vr\u00fcnd\u0259 deyirdim, bir ne\u00e7\u0259 d\u0259f\u0259 deyirdim, h\u0259r birimiz azadl\u0131q g\u00fcn\u00fcn\u00fc, bu m\u00fcq\u0259dd\u0259s g\u00fcn\u00fc \u00f6z i\u015fimizl\u0259 yax\u0131nla\u015fd\u0131rmal\u0131y\u0131q, yax\u0131nla\u015fd\u0131r\u0131rd\u0131q v\u0259 yax\u0131nla\u015fd\u0131rd\u0131q.\u201d Prezident \u0130lham \u018fliyev B\u0259li, Prezident \u0130lham \u018fliyevin bu s\u00f6zl\u0259ri Az\u0259rbaycan xalq\u0131n\u0131n V\u0259t\u0259n m\u00fcharib\u0259si zaman\u0131 birg\u0259 \u0259zmkarl\u0131\u011f\u0131n\u0131 v\u0259 h\u0259r bir f\u0259rdin azadl\u0131q yolunda t\u00f6hf\u0259 verm\u0259k m\u0259suliyy\u0259tini vur\u011fulay\u0131r. O, i\u015f\u011fal alt\u0131nda olan torpaqlar\u0131n azad olunmas\u0131 u\u011frunda&hellip;","_links":{"self":[{"href":"https:\/\/arantv.az\/index.php?rest_route=\/wp\/v2\/posts\/766283"}],"collection":[{"href":"https:\/\/arantv.az\/index.php?rest_route=\/wp\/v2\/posts"}],"about":[{"href":"https:\/\/arantv.az\/index.php?rest_route=\/wp\/v2\/types\/post"}],"author":[{"embeddable":true,"href":"https:\/\/arantv.az\/index.php?rest_route=\/wp\/v2\/users\/2"}],"replies":[{"embeddable":true,"href":"https:\/\/arantv.az\/index.php?rest_route=%2Fwp%2Fv2%2Fcomments&post=766283"}],"version-history":[{"count":1,"href":"https:\/\/arantv.az\/index.php?rest_route=\/wp\/v2\/posts\/766283\/revisions"}],"predecessor-version":[{"id":766285,"href":"https:\/\/arantv.az\/index.php?rest_route=\/wp\/v2\/posts\/766283\/revisions\/766285"}],"wp:featuredmedia":[{"embeddable":true,"href":"https:\/\/arantv.az\/index.php?rest_route=\/wp\/v2\/media\/766284"}],"wp:attachment":[{"href":"https:\/\/arantv.az\/index.php?rest_route=%2Fwp%2Fv2%2Fmedia&parent=766283"}],"wp:term":[{"taxonomy":"category","embeddable":true,"href":"https:\/\/arantv.az\/index.php?rest_route=%2Fwp%2Fv2%2Fcategories&post=766283"},{"taxonomy":"post_tag","embeddable":true,"href":"https:\/\/arantv.az\/index.php?rest_route=%2Fwp%2Fv2%2Ftags&post=766283"}],"curies":[{"name":"wp","href":"https:\/\/api.w.org\/{rel}","templated":true}]}}