{"id":766286,"date":"2024-11-04T18:25:08","date_gmt":"2024-11-04T14:25:08","guid":{"rendered":"https:\/\/arantv.az\/?p=766286"},"modified":"2024-11-04T18:25:08","modified_gmt":"2024-11-04T14:25:08","slug":"az%c9%99rbaycanda-ikt-sah%c9%99si-ugurla-inkisaf-edir","status":"publish","type":"post","link":"https:\/\/arantv.az\/?p=766286","title":{"rendered":"Az\u0259rbaycanda \u0130KT sah\u0259si u\u011furla inki\u015faf edir"},"content":{"rendered":"<p><em><strong>Az\u0259rbaycanda \u0130KT-nin inki\u015faf\u0131 prioritet elan olunmu\u015fdur. \u0130KT-nin inki\u015faf\u0131 \u00f6lk\u0259nin sosial-iqtisadi g\u00f6st\u0259ricil\u0259rin\u0259 m\u00fcsb\u0259t t\u0259sir g\u00f6st\u0259rir v\u0259 bu, \u00dcmummilli Lider Heyd\u0259r \u018fliyevin v\u0259 onun layiqli davam\u00e7\u0131s\u0131 Prezident \u0130lham \u018fliyevin y\u00fcr\u00fctd\u00fcy\u00fc siyas\u0259tl\u0259 izah olunur. Bu siyas\u0259t n\u0259tic\u0259sind\u0259 \u0130KT-nin inki\u015faf\u0131 istiqam\u0259tind\u0259 m\u00fch\u00fcm add\u0131mlar at\u0131lm\u0131\u015fd\u0131.<\/strong><\/em><\/p>\n<p>Az\u0259rbaycan d\u00fcnyan\u0131n inki\u015faf etm\u0259kd\u0259 olan \u00f6lk\u0259l\u0259rind\u0259n biridir. B\u00fct\u00fcn sah\u0259l\u0259rd\u0259 ba\u015f ver\u0259n yenilikl\u0259r Az\u0259rbaycan\u0131n d\u00fcnya il\u0259 birg\u0259 inki\u015faf etdiyin\u0259 \u0259yani s\u00fcbutdur. \u00d6lk\u0259miz s\u00fcr\u0259tl\u0259 d\u0259yi\u015f\u0259n d\u00fcnyan\u0131n s\u00fcr\u0259ti il\u0259 ir\u0259lil\u0259m\u0259k niyy\u0259tind\u0259dir. Bu bax\u0131mdan Az\u0259rbaycanda \u0130KT sah\u0259sinin inki\u015faf etdirilm\u0259si olduqca vacibdir. Az\u0259rbaycanda informasiya-kommunikasiya texnologiyalar\u0131n\u0131n inki\u015faf\u0131 sah\u0259sind\u0259 d\u00f6vl\u0259tin h\u0259yata ke\u00e7irdiyi b\u00fct\u00fcn t\u0259dbirl\u0259r m\u00fcasir d\u00fcnyan\u0131n yeni \u00e7a\u011f\u0131r\u0131\u015flar\u0131na tam cavab verir. Az\u0259rbaycan Respublikas\u0131n\u0131n Prezidenti \u0130lham \u018fliyevin \u0130KT sektoruna g\u00f6st\u0259rdiyi diqq\u0259t v\u0259 qay\u011f\u0131 Az\u0259rbaycanda bu sah\u0259nin u\u011furla inki\u015faf etdirilm\u0259sin\u0259 ciddi t\u0259kan vermi\u015fdir. \u018fsas\u0131 Ulu \u00f6nd\u0259r Heyd\u0259r \u018fliyev t\u0259r\u0259find\u0259n qoyulan m\u00fcasir, m\u00fck\u0259mm\u0259l v\u0259 m\u00fct\u0259r\u0259qqi idar\u0259etm\u0259 siyas\u0259tini uzaqg\u00f6r\u0259nlikl\u0259 davam etdir\u0259n Prezident \u0130lham \u018fliyev \u00f6lk\u0259mizd\u0259 informasiya-kommunikasiya texnologiyalar\u0131n\u0131n d\u00fcnya standartlar\u0131na uy\u011funla\u015fd\u0131r\u0131lmas\u0131 istiqam\u0259tind\u0259 bir \u00e7ox \u0259h\u0259miyy\u0259tli add\u0131mlar atm\u0131\u015fd\u0131r. Bu sah\u0259nin inki\u015faf\u0131 v\u0259 geni\u015fl\u0259ndirilm\u0259si il\u0259 \u0259laq\u0259dar c\u0259nab Prezidentin imzalad\u0131\u011f\u0131 f\u0259rman v\u0259 s\u0259r\u0259ncamlar, qanunvericilik bazas\u0131n\u0131n t\u0259kmill\u0259\u015fdirilm\u0259si, maddi-texniki t\u0259chizat m\u0259s\u0259l\u0259l\u0259rinin h\u0259lli, ke\u00e7iril\u0259n beyn\u0259lxalq s\u0259rgi, konfrans v\u0259 dig\u0259r m\u00fcn\u00fcm t\u0259dbirl\u0259r \u00f6lk\u0259mizd\u0259 \u0130KT sektorunun canlanmas\u0131na s\u0259b\u0259b olmu\u015fdur.<\/p>\n<p>T\u0259cr\u00fcb\u0259 g\u00f6st\u0259rir ki, c\u0259miyy\u0259td\u0259 h\u0259r bir inki\u015faf\u0131n \u0259sas\u0131nda m\u00fck\u0259mm\u0259l t\u0259hsil, elm, bilik v\u0259 bacar\u0131qlar dayan\u0131r. \u00d6lk\u0259nin, mill\u0259tin intellektual v\u0259 m\u0259n\u0259vi potensial\u0131 onun maddi, iqtisadi v\u0259 sosial t\u0259r\u0259qqisin\u0259 t\u0259sir g\u00f6st\u0259rir. Bu c\u0259h\u0259td\u0259n Az\u0259rbaycan\u0131n t\u0259hsil ocaqlar\u0131nda informatika f\u0259nninin t\u0259drisin\u0259 x\u00fcsusi \u00f6n\u0259m verilm\u0259si, orta m\u0259kt\u0259bl\u0259rd\u0259 informatika d\u0259rsl\u0259rinin art\u0131r\u0131lmas\u0131, yeni t\u0259dris proqram v\u0259 \u00fcsullar\u0131n\u0131n t\u0259tbiqi m\u00fcasir d\u00f6vr\u00fcn t\u0259l\u0259bl\u0259rind\u0259n biridir. Bu f\u0259nni t\u0259dris ed\u0259n h\u0259r bir m\u00fc\u0259llim \u00f6z\u00fcn\u0259m\u0259xsus metodika il\u0259 yeti\u015fm\u0259kd\u0259 olan g\u0259nc n\u0259slin \u0130KT-y\u0259 olan mara\u011f\u0131n\u0131 formala\u015fd\u0131ra bil\u0259r. Az\u0259rbaycan yenilikl\u0259r\u0259 a\u00e7\u0131q \u00f6lk\u0259dir. Yenilikl\u0259r is\u0259 yeni Az\u0259rbaycan\u0131n g\u0259l\u0259c\u0259yin\u0259 xidm\u0259t etm\u0259lidir. Bu x\u00fcsusda i\u015f\u011faldan azad edil\u0259n m\u00fcq\u0259dd\u0259s torpaqlar\u0131m\u0131zda t\u0259tbiq edil\u0259n yeni texnologiyalar\u0131n da b\u00f6y\u00fck yenilik oldu\u011funu f\u0259r\u0259hl\u0259 qeyd etm\u0259liyik. B\u0259li, memar\u0131 Ulu \u00f6nd\u0259r Heyd\u0259r \u018fliyev olan m\u00fcst\u0259qil Az\u0259rbaycan h\u0259rt\u0259r\u0259fli \u015f\u0259kild\u0259 inki\u015faf edir. Bu inki\u015faf Az\u0259rbaycan Respublikas\u0131n\u0131n Prezidenti \u0130lham \u018fliyevin m\u00fcdrik siyas\u0259ti say\u0259sind\u0259 daha da geni\u015f miqyas al\u0131r. Az\u0259rbaycanda apar\u0131lan \u0130KT siyas\u0259ti \u00f6lk\u0259d\u0259 geni\u015f miqyas alan inki\u015faf\u0131n t\u0259rkib hiss\u0259sidir.<\/p>\n<p><strong>Nuriyy\u0259 H\u00fcseynova,<\/strong><br \/>\n<em>Bak\u0131 \u015f\u0259h\u0259ri 254 n\u00f6mr\u0259li tam orta m\u0259kt\u0259bin informatika m\u00fc\u0259llimi<\/em><\/p>\n","protected":false},"excerpt":{"rendered":"<p>Az\u0259rbaycanda \u0130KT-nin inki\u015faf\u0131 prioritet elan olunmu\u015fdur. \u0130KT-nin inki\u015faf\u0131 \u00f6lk\u0259nin sosial-iqtisadi g\u00f6st\u0259ricil\u0259rin\u0259 m\u00fcsb\u0259t t\u0259sir g\u00f6st\u0259rir v\u0259 bu, \u00dcmummilli Lider Heyd\u0259r \u018fliyevin v\u0259 onun layiqli davam\u00e7\u0131s\u0131 Prezident \u0130lham \u018fliyevin y\u00fcr\u00fctd\u00fcy\u00fc siyas\u0259tl\u0259 izah olunur. Bu siyas\u0259t n\u0259tic\u0259sind\u0259 \u0130KT-nin inki\u015faf\u0131 istiqam\u0259tind\u0259 m\u00fch\u00fcm add\u0131mlar at\u0131lm\u0131\u015fd\u0131. Az\u0259rbaycan d\u00fcnyan\u0131n inki\u015faf etm\u0259kd\u0259 olan \u00f6lk\u0259l\u0259rind\u0259n biridir. B\u00fct\u00fcn sah\u0259l\u0259rd\u0259 ba\u015f ver\u0259n yenilikl\u0259r Az\u0259rbaycan\u0131n d\u00fcnya il\u0259 birg\u0259 inki\u015faf etdiyin\u0259 \u0259yani s\u00fcbutdur. \u00d6lk\u0259miz s\u00fcr\u0259tl\u0259 d\u0259yi\u015f\u0259n d\u00fcnyan\u0131n s\u00fcr\u0259ti il\u0259 ir\u0259lil\u0259m\u0259k niyy\u0259tind\u0259dir. Bu bax\u0131mdan Az\u0259rbaycanda \u0130KT sah\u0259sinin inki\u015faf etdirilm\u0259si olduqca vacibdir. Az\u0259rbaycanda informasiya-kommunikasiya texnologiyalar\u0131n\u0131n inki\u015faf\u0131 sah\u0259sind\u0259 d\u00f6vl\u0259tin h\u0259yata ke\u00e7irdiyi b\u00fct\u00fcn t\u0259dbirl\u0259r m\u00fcasir d\u00fcnyan\u0131n yeni&hellip;<\/p>\n","protected":false},"author":2,"featured_media":766287,"comment_status":"closed","ping_status":"closed","sticky":false,"template":"","format":"standard","meta":{"om_disable_all_campaigns":false,"_monsterinsights_skip_tracking":false,"_monsterinsights_sitenote_active":false,"_monsterinsights_sitenote_note":"","_monsterinsights_sitenote_category":0},"categories":[1],"tags":[],"aioseo_notices":[],"gutentor_comment":0,"rttpg_featured_image_url":{"full":["https:\/\/arantv.az\/wp-content\/uploads\/2024\/11\/cb8a08a2168335975816784221910017283.jpg",975,540,false],"landscape":["https:\/\/arantv.az\/wp-content\/uploads\/2024\/11\/cb8a08a2168335975816784221910017283.jpg",975,540,false],"portraits":["https:\/\/arantv.az\/wp-content\/uploads\/2024\/11\/cb8a08a2168335975816784221910017283.jpg",975,540,false],"thumbnail":["https:\/\/arantv.az\/wp-content\/uploads\/2024\/11\/cb8a08a2168335975816784221910017283-500x280.jpg",500,280,true],"medium":["https:\/\/arantv.az\/wp-content\/uploads\/2024\/11\/cb8a08a2168335975816784221910017283-660x365.jpg",660,365,true],"large":["https:\/\/arantv.az\/wp-content\/uploads\/2024\/11\/cb8a08a2168335975816784221910017283-840x465.jpg",640,354,true],"1536x1536":["https:\/\/arantv.az\/wp-content\/uploads\/2024\/11\/cb8a08a2168335975816784221910017283.jpg",975,540,false],"2048x2048":["https:\/\/arantv.az\/wp-content\/uploads\/2024\/11\/cb8a08a2168335975816784221910017283.jpg",975,540,false],"post-thumbnail":["https:\/\/arantv.az\/wp-content\/uploads\/2024\/11\/cb8a08a2168335975816784221910017283-240x172.jpg",240,172,true],"advps-thumb-one":["https:\/\/arantv.az\/wp-content\/uploads\/2024\/11\/cb8a08a2168335975816784221910017283.jpg",975,540,false]},"rttpg_author":{"display_name":"V\u00fcsal Rafiqo\u011flu","author_link":"https:\/\/arantv.az\/?author=2"},"rttpg_comment":0,"rttpg_category":"<a href=\"https:\/\/arantv.az\/?cat=1\" rel=\"category\">C\u0259miyy\u0259t<\/a>","rttpg_excerpt":"Az\u0259rbaycanda \u0130KT-nin inki\u015faf\u0131 prioritet elan olunmu\u015fdur. \u0130KT-nin inki\u015faf\u0131 \u00f6lk\u0259nin sosial-iqtisadi g\u00f6st\u0259ricil\u0259rin\u0259 m\u00fcsb\u0259t t\u0259sir g\u00f6st\u0259rir v\u0259 bu, \u00dcmummilli Lider Heyd\u0259r \u018fliyevin v\u0259 onun layiqli davam\u00e7\u0131s\u0131 Prezident \u0130lham \u018fliyevin y\u00fcr\u00fctd\u00fcy\u00fc siyas\u0259tl\u0259 izah olunur. Bu siyas\u0259t n\u0259tic\u0259sind\u0259 \u0130KT-nin inki\u015faf\u0131 istiqam\u0259tind\u0259 m\u00fch\u00fcm add\u0131mlar at\u0131lm\u0131\u015fd\u0131. Az\u0259rbaycan d\u00fcnyan\u0131n inki\u015faf etm\u0259kd\u0259 olan \u00f6lk\u0259l\u0259rind\u0259n biridir. B\u00fct\u00fcn sah\u0259l\u0259rd\u0259 ba\u015f ver\u0259n yenilikl\u0259r Az\u0259rbaycan\u0131n d\u00fcnya il\u0259&hellip;","_links":{"self":[{"href":"https:\/\/arantv.az\/index.php?rest_route=\/wp\/v2\/posts\/766286"}],"collection":[{"href":"https:\/\/arantv.az\/index.php?rest_route=\/wp\/v2\/posts"}],"about":[{"href":"https:\/\/arantv.az\/index.php?rest_route=\/wp\/v2\/types\/post"}],"author":[{"embeddable":true,"href":"https:\/\/arantv.az\/index.php?rest_route=\/wp\/v2\/users\/2"}],"replies":[{"embeddable":true,"href":"https:\/\/arantv.az\/index.php?rest_route=%2Fwp%2Fv2%2Fcomments&post=766286"}],"version-history":[{"count":1,"href":"https:\/\/arantv.az\/index.php?rest_route=\/wp\/v2\/posts\/766286\/revisions"}],"predecessor-version":[{"id":766288,"href":"https:\/\/arantv.az\/index.php?rest_route=\/wp\/v2\/posts\/766286\/revisions\/766288"}],"wp:featuredmedia":[{"embeddable":true,"href":"https:\/\/arantv.az\/index.php?rest_route=\/wp\/v2\/media\/766287"}],"wp:attachment":[{"href":"https:\/\/arantv.az\/index.php?rest_route=%2Fwp%2Fv2%2Fmedia&parent=766286"}],"wp:term":[{"taxonomy":"category","embeddable":true,"href":"https:\/\/arantv.az\/index.php?rest_route=%2Fwp%2Fv2%2Fcategories&post=766286"},{"taxonomy":"post_tag","embeddable":true,"href":"https:\/\/arantv.az\/index.php?rest_route=%2Fwp%2Fv2%2Ftags&post=766286"}],"curies":[{"name":"wp","href":"https:\/\/api.w.org\/{rel}","templated":true}]}}