{"id":766289,"date":"2024-11-04T18:25:48","date_gmt":"2024-11-04T14:25:48","guid":{"rendered":"https:\/\/arantv.az\/?p=766289"},"modified":"2024-11-04T18:52:36","modified_gmt":"2024-11-04T14:52:36","slug":"tariximiz%c9%99-qizil-h%c9%99rfl%c9%99rl%c9%99-yazilan-z%c9%99f%c9%99r-gunu","status":"publish","type":"post","link":"https:\/\/arantv.az\/?p=766289","title":{"rendered":"Tariximiz\u0259 q\u0131z\u0131l h\u0259rfl\u0259rl\u0259 yaz\u0131lan Z\u0259f\u0259r G\u00fcn\u00fc"},"content":{"rendered":"<p><em><strong>8 Noyabr-ruhun v\u0259 cismin qovu\u015fdu\u011fu g\u00fcn,tariximiz\u0259 q\u0131z\u0131l h\u0259rfl\u0259rl\u0259 yaz\u0131lan Z\u0259f\u0259r G\u00fcn\u00fcd\u00fcr. \u00d6lk\u0259 Prezidenti c\u0259nab \u0130lham \u018fliyevin 2020-ci il dekabr\u0131n 3-d\u0259 \u201cAz\u0259rbaycan Respublikas\u0131nda Z\u0259f\u0259r G\u00fcn\u00fcn\u00fcn t\u0259sis edilm\u0259si haqq\u0131nda\u201d imzalad\u0131\u011f\u0131 s\u0259r\u0259ncama \u0259sas\u0259n \u00f6lk\u0259d\u0259 h\u0259r il 8 noyabr Z\u0259f\u0259r G\u00fcn\u00fc kimi qeyd olunur.<\/strong><\/em><\/p>\n<p>XIX \u0259srin \u0259vv\u0259ll\u0259rind\u0259 \u00e7ar Rusiyas\u0131 Araz \u00e7ay\u0131ndan \u015fimalda yerl\u0259\u015f\u0259n Az\u0259rbaycan xanl\u0131qlar\u0131n\u0131 i\u015f\u011fal etdikd\u0259n sonra b\u00f6lg\u0259nin etnik m\u0259nz\u0259r\u0259sini d\u0259yi\u015fdirib \u00f6z dayaqlar\u0131n\u0131 m\u00f6hk\u0259ml\u0259ndirm\u0259k \u00fc\u00e7\u00fcn b\u00fct\u00fcn XIX \u0259sr boyu \u0130randan v\u0259 T\u00fcrkiy\u0259d\u0259n 1 milyondan \u00e7ox erm\u0259nini C\u0259nubi Qafqaza k\u00f6\u00e7\u00fcrm\u00fc\u015fd\u00fcr. 1905\u20131907-ci ill\u0259rd\u0259, habel\u0259 \u00a01918-ci ild\u0259 onlar Bak\u0131da, Tiflisd\u0259, \u0130r\u0259vanda, Nax\u00e7\u0131vanda, G\u0259nc\u0259d\u0259, Qaraba\u011fda, Z\u0259ng\u0259zurda, G\u00f6y\u00e7\u0259d\u0259 v\u0259 dig\u0259r yerl\u0259rd\u0259 az\u0259rbaycanl\u0131lara k\u00fctl\u0259vi \u015f\u0259kild\u0259 divan tutmu\u015f, \u015f\u0259h\u0259r v\u0259 k\u0259ndl\u0259ri yand\u0131rm\u0131\u015f, u\u015faqlar\u0131, qad\u0131nlar\u0131, qocalar\u0131 misilsiz q\u0259ddarl\u0131qla \u00f6ld\u00fcrm\u00fc\u015fl\u0259r. Erm\u0259ni v\u0259h\u015filiyind\u0259n sa\u011f qurtara bil\u0259n on minl\u0259rl\u0259 az\u0259rbaycanl\u0131 do\u011fma yurd-yuvas\u0131n\u0131 t\u0259rk etm\u0259y\u0259 m\u0259cbur olmu\u015fdur.\u00a0 Az\u0259rbaycanl\u0131lardan t\u0259mizl\u0259n\u0259n \u0259razil\u0259r 1918-ci ild\u0259 m\u00fcst\u0259qilliyini elan etmi\u015f Erm\u0259nistan Respublikas\u0131na qat\u0131lm\u0131\u015fd\u0131r. \u00a0Erm\u0259nistanda v\u0259 Az\u0259rbaycanda sovet hakimiyy\u0259ti qurulduqdan sonra bol\u015fevik rejiminin \u0259li il\u0259 Az\u0259rbaycan torpaqlar\u0131n\u0131n daha bir hiss\u0259si, o c\u00fcml\u0259d\u0259n Q\u0259rbi Z\u0259ng\u0259zur Erm\u0259nistan\u0131n t\u0259rkibin\u0259 daxil edilmi\u015f, n\u0259tic\u0259d\u0259 onun \u0259razisi 9,8 min kvadrat-kilometrd\u0259n 29,8 min kvadrat-kilometr\u0259 \u00e7atd\u0131r\u0131lm\u0131\u015fd\u0131r.<\/p>\n<p>Az\u0259rbaycanl\u0131lara qar\u015f\u0131 d\u00fc\u015fm\u0259n\u00e7ilik siyas\u0259ti sovet hakimiyy\u0259ti ill\u0259rind\u0259 d\u0259 davam etdirilmi\u015fdir. Erm\u0259nistan \u0259razisind\u0259 qalan, ata-baba torpaqlar\u0131nda ellikl\u0259 ya\u015fayan y\u00fcz minl\u0259rl\u0259 az\u0259rbaycanl\u0131ya muxtariyy\u0259t verilm\u0259diyi halda, Az\u0259rbaycan \u0259razisind\u0259 erm\u0259nil\u0259r \u00fc\u00e7\u00fcn qondarma \u201cDa\u011fl\u0131q Qaraba\u011f Muxtar Vilay\u0259ti\u201d t\u0259\u015fkil edilmi\u015fdir. SSR\u0130 r\u0259hb\u0259rliyinin k\u00f6m\u0259yi il\u0259 Erm\u0259nistan SSR-in hakim dair\u0259l\u0259ri 1948\u20131953-c\u00fc ill\u0259rd\u0259 Erm\u0259nistandan y\u00fcz minl\u0259rl\u0259 az\u0259rbaycanl\u0131n\u0131n deportasiya edilm\u0259sin\u0259 nail olmu\u015flar. Az\u0259rbaycanl\u0131lara qar\u015f\u0131 k\u0259skin m\u0259n\u0259vi t\u0259cav\u00fcz kampaniyas\u0131 apar\u0131lm\u0131\u015fd\u0131r. Son y\u00fcz ild\u0259n art\u0131q d\u00f6vrd\u0259 erm\u0259ni xalq\u0131n\u0131n bir ne\u00e7\u0259 n\u0259sli milli m\u00fcst\u0259snal\u0131q ruhunda t\u0259rbiy\u0259 edilmi\u015fdir.<\/p>\n<p>Az\u0259rbaycanl\u0131lara qar\u015f\u0131 davam ed\u0259n d\u00fc\u015fm\u0259n\u00e7ilik siyas\u0259ti 20-ci \u0259srd\u0259 m\u00fcharib\u0259y\u0259 s\u0259b\u0259b oldu.Erm\u0259nil\u0259r i\u015f\u011fal\u00e7\u0131l\u0131q siyas\u0259tini geni\u015fl\u0259ndir\u0259r\u0259k Az\u0259rbaycan Respublikas\u0131n\u0131n torpaqlar\u0131n\u0131 \u0259l\u0259 ke\u00e7irdil\u0259r.1994-c\u00fc ild\u0259 imzalanm\u0131\u015f Bi\u015fkek protokolu il\u0259 m\u00fcharib\u0259 dayand\u0131r\u0131ld\u0131,s\u00fclh imzaland\u0131.Az\u0259rbaycan Respublikas\u0131 d\u0259f\u0259l\u0259rl\u0259 beyn\u0259lxalq t\u0259\u015fkilatlarda Erm\u0259nistan\u0131n i\u015f\u011fal\u00e7\u0131 d\u00f6vl\u0259t oldu\u011funu,torpaqlar\u0131n erm\u0259ni tapda\u011f\u0131 alt\u0131nda oldu\u011funu d\u00fcnya \u00f6lk\u0259l\u0259rin\u0259 b\u0259yan etm\u0259y\u0259 \u00e7al\u0131\u015fd\u0131. M\u00fcnaqi\u015f\u0259nin nizama sal\u0131nmas\u0131 \u00fc\u00e7\u00fcn yarad\u0131lm\u0131\u015f AT\u018fT-in Minsk qrupunun vasit\u0259\u00e7iliyi il\u0259 apar\u0131lan dan\u0131\u015f\u0131qlardan Az\u0259rbaycan torpaqlar\u0131n\u0131n i\u015f\u011fal\u0131n\u0131n n\u0259tic\u0259l\u0259rini bu v\u0259 ya dig\u0259r \u015f\u0259kild\u0259 r\u0259smil\u0259\u015fdirm\u0259k, bu m\u00fcmk\u00fcn olmad\u0131qda is\u0259 vaxt uzatmaq \u00fc\u00e7\u00fcn istifad\u0259 edilmi\u015fdir.<\/p>\n<p>Az\u0259rbaycan d\u0259f\u0259l\u0259rl\u0259 s\u00fclh dan\u0131\u015f\u0131qlar\u0131na haz\u0131r oldu\u011funu b\u0259yan ets\u0259d\u0259 erm\u0259ni t\u0259r\u0259fi bundan boyun qa\u00e7\u0131r\u0131r,dan\u0131\u015f\u0131qlara g\u0259lmirdi. 2020-ci il sentyabr\u0131n 27-d\u0259 Erm\u0259nistan silahl\u0131 q\u00fcvv\u0259l\u0259rinin n\u00f6vb\u0259ti t\u0259cav\u00fcz akt\u0131ndan sonra Az\u0259rbaycan torpaqlar\u0131n\u0131n i\u015f\u011fal\u0131na son qoymaq m\u0259qs\u0259di il\u0259 \u0259ks-h\u00fccum \u0259m\u0259liyyat\u0131na ba\u015flam\u0131\u015fd\u0131r.<\/p>\n<p>Az\u0259rbaycan Respublikas\u0131n\u0131n Prezidenti, m\u00fcz\u0259ff\u0259r Ali Ba\u015f Komandan \u0130lham \u018fliyevin r\u0259hb\u0259rliyi il\u0259 Az\u0259rbaycan Silahl\u0131 Q\u00fcvv\u0259l\u0259ri 44 g\u00fcn davam ed\u0259n V\u0259t\u0259n m\u00fcharib\u0259sind\u0259 heyr\u0259tamiz q\u0259l\u0259b\u0259l\u0259r \u0259ld\u0259 ed\u0259r\u0259k d\u00fcnya h\u0259rb tarixin\u0259 yeni \u015fanl\u0131 s\u0259hif\u0259l\u0259r yazm\u0131\u015flar. \u0130\u015f\u011fal\u00e7\u0131 q\u00fcvv\u0259l\u0259r\u0259 a\u011f\u0131r z\u0259rb\u0259l\u0259r endirilmi\u015f, onlar\u0131n \u00e7oxlu sayda canl\u0131 q\u00fcvv\u0259si v\u0259 h\u0259rbi texnikas\u0131 m\u0259hv edilmi\u015fdir. \u00d6lk\u0259mizin i\u015f\u011fal alt\u0131nda olan \u0259razisinin b\u00f6y\u00fck bir hiss\u0259si, o c\u00fcml\u0259d\u0259n F\u00fczuli, C\u0259bray\u0131l, Z\u0259ngilan, Qubadl\u0131 rayonlar\u0131, Hadrut v\u0259 Suqovu\u015fan q\u0259s\u0259b\u0259l\u0259ri, \u00fcmum\u0259n 300-\u0259 yax\u0131n ya\u015fay\u0131\u015f m\u0259nt\u0259q\u0259si azad edilmi\u015fdir. V\u0259t\u0259n m\u00fcharib\u0259sinin \u0259n \u015f\u0259r\u0259fli s\u0259hif\u0259l\u0259rind\u0259n biri noyabr ay\u0131n\u0131n 8-d\u0259 Qaraba\u011f\u0131n incisi v\u0259 tac\u0131, Az\u0259rbaycan m\u0259d\u0259niyy\u0259tinin be\u015fiyi olan \u015eu\u015fan\u0131n \u0259sar\u0259td\u0259n xilas edildiyi g\u00fcn olmu\u015fdur.<\/p>\n<p>Az\u0259rbaycan Silahl\u0131 Q\u00fcvv\u0259l\u0259ri qar\u015f\u0131s\u0131nda duru\u015f g\u0259tir\u0259 bilm\u0259y\u0259c\u0259yini, m\u0259hv\u0259 \u00a0m\u0259hkum oldu\u011funu anlayan Erm\u0259nistan m\u0259\u011flubiyy\u0259tini etiraf etmi\u015fdir. \u00a0Az\u0259rbaycan Silahl\u0131 Q\u00fcvv\u0259l\u0259rinin \u0259ld\u0259 etdiyi h\u0259rbi Z\u0259f\u0259r siyasi m\u00fcst\u0259vid\u0259 qazan\u0131lan q\u0259l\u0259b\u0259 il\u0259 tamamlanm\u0131\u015fd\u0131r. 2020-ci il noyabr\u0131n 10-da Az\u0259rbaycan, Rusiya prezidentl\u0259rinin v\u0259 Erm\u0259nistan ba\u015f nazirinin imzalad\u0131qlar\u0131 \u00fc\u00e7t\u0259r\u0259fli b\u0259yanat 30 ild\u0259n art\u0131q davam ed\u0259n m\u00fcnaqi\u015f\u0259y\u0259 son qoymu\u015fdur.<\/p>\n<p>Bu g\u00fcn Az\u0259rbaycan Respublikas\u0131 \u0259razi b\u00fct\u00f6vl\u00fcy\u00fcn\u00fc b\u0259rpa etmi\u015f d\u00f6vl\u0259t kimi tarixind\u0259 \u0259n b\u00f6y\u00fck quruculuq v\u0259 qay\u0131d\u0131\u015f d\u00f6vr\u00fcn\u00fc ya\u015fay\u0131r.<\/p>\n<p><strong>G\u00fcnel S\u00fcleymanl\u0131,<\/strong><br \/>\n<em>YAP X\u0259tai rayon t\u0259\u015fkilat\u0131n\u0131n &#8220;General \u015e\u0131xl\u0131nski 56\/2 \u00fcnvan\u0131&#8221;\u00a0\u00fczr\u0259 \u0259razi partiya t\u0259\u015fkilat\u0131n\u0131n \u00fczv\u00fc<\/em><\/p>\n","protected":false},"excerpt":{"rendered":"<p>8 Noyabr-ruhun v\u0259 cismin qovu\u015fdu\u011fu g\u00fcn,tariximiz\u0259 q\u0131z\u0131l h\u0259rfl\u0259rl\u0259 yaz\u0131lan Z\u0259f\u0259r G\u00fcn\u00fcd\u00fcr. \u00d6lk\u0259 Prezidenti c\u0259nab \u0130lham \u018fliyevin 2020-ci il dekabr\u0131n 3-d\u0259 \u201cAz\u0259rbaycan Respublikas\u0131nda Z\u0259f\u0259r G\u00fcn\u00fcn\u00fcn t\u0259sis edilm\u0259si haqq\u0131nda\u201d imzalad\u0131\u011f\u0131 s\u0259r\u0259ncama \u0259sas\u0259n \u00f6lk\u0259d\u0259 h\u0259r il 8 noyabr Z\u0259f\u0259r G\u00fcn\u00fc kimi qeyd olunur. XIX \u0259srin \u0259vv\u0259ll\u0259rind\u0259 \u00e7ar Rusiyas\u0131 Araz \u00e7ay\u0131ndan \u015fimalda yerl\u0259\u015f\u0259n Az\u0259rbaycan xanl\u0131qlar\u0131n\u0131 i\u015f\u011fal etdikd\u0259n sonra b\u00f6lg\u0259nin etnik m\u0259nz\u0259r\u0259sini d\u0259yi\u015fdirib \u00f6z dayaqlar\u0131n\u0131 m\u00f6hk\u0259ml\u0259ndirm\u0259k \u00fc\u00e7\u00fcn b\u00fct\u00fcn XIX \u0259sr boyu \u0130randan v\u0259 T\u00fcrkiy\u0259d\u0259n 1 milyondan \u00e7ox erm\u0259nini C\u0259nubi Qafqaza k\u00f6\u00e7\u00fcrm\u00fc\u015fd\u00fcr. 1905\u20131907-ci ill\u0259rd\u0259, habel\u0259 \u00a01918-ci ild\u0259 onlar Bak\u0131da, Tiflisd\u0259, \u0130r\u0259vanda, Nax\u00e7\u0131vanda, G\u0259nc\u0259d\u0259, Qaraba\u011fda, Z\u0259ng\u0259zurda, G\u00f6y\u00e7\u0259d\u0259&hellip;<\/p>\n","protected":false},"author":2,"featured_media":766303,"comment_status":"closed","ping_status":"closed","sticky":false,"template":"","format":"standard","meta":{"om_disable_all_campaigns":false,"_monsterinsights_skip_tracking":false,"_monsterinsights_sitenote_active":false,"_monsterinsights_sitenote_note":"","_monsterinsights_sitenote_category":0},"categories":[19],"tags":[],"aioseo_notices":[],"gutentor_comment":0,"rttpg_featured_image_url":{"full":["https:\/\/arantv.az\/wp-content\/uploads\/2024\/11\/e033fdb1172146503025555593111067428.jpg",975,540,false],"landscape":["https:\/\/arantv.az\/wp-content\/uploads\/2024\/11\/e033fdb1172146503025555593111067428.jpg",975,540,false],"portraits":["https:\/\/arantv.az\/wp-content\/uploads\/2024\/11\/e033fdb1172146503025555593111067428.jpg",975,540,false],"thumbnail":["https:\/\/arantv.az\/wp-content\/uploads\/2024\/11\/e033fdb1172146503025555593111067428-500x280.jpg",500,280,true],"medium":["https:\/\/arantv.az\/wp-content\/uploads\/2024\/11\/e033fdb1172146503025555593111067428-660x365.jpg",660,365,true],"large":["https:\/\/arantv.az\/wp-content\/uploads\/2024\/11\/e033fdb1172146503025555593111067428-840x465.jpg",640,354,true],"1536x1536":["https:\/\/arantv.az\/wp-content\/uploads\/2024\/11\/e033fdb1172146503025555593111067428.jpg",975,540,false],"2048x2048":["https:\/\/arantv.az\/wp-content\/uploads\/2024\/11\/e033fdb1172146503025555593111067428.jpg",975,540,false],"post-thumbnail":["https:\/\/arantv.az\/wp-content\/uploads\/2024\/11\/e033fdb1172146503025555593111067428-240x172.jpg",240,172,true],"advps-thumb-one":["https:\/\/arantv.az\/wp-content\/uploads\/2024\/11\/e033fdb1172146503025555593111067428.jpg",975,540,false]},"rttpg_author":{"display_name":"V\u00fcsal Rafiqo\u011flu","author_link":"https:\/\/arantv.az\/?author=2"},"rttpg_comment":0,"rttpg_category":"<a href=\"https:\/\/arantv.az\/?cat=19\" rel=\"category\">G\u00fcnd\u0259m<\/a>","rttpg_excerpt":"8 Noyabr-ruhun v\u0259 cismin qovu\u015fdu\u011fu g\u00fcn,tariximiz\u0259 q\u0131z\u0131l h\u0259rfl\u0259rl\u0259 yaz\u0131lan Z\u0259f\u0259r G\u00fcn\u00fcd\u00fcr. \u00d6lk\u0259 Prezidenti c\u0259nab \u0130lham \u018fliyevin 2020-ci il dekabr\u0131n 3-d\u0259 \u201cAz\u0259rbaycan Respublikas\u0131nda Z\u0259f\u0259r G\u00fcn\u00fcn\u00fcn t\u0259sis edilm\u0259si haqq\u0131nda\u201d imzalad\u0131\u011f\u0131 s\u0259r\u0259ncama \u0259sas\u0259n \u00f6lk\u0259d\u0259 h\u0259r il 8 noyabr Z\u0259f\u0259r G\u00fcn\u00fc kimi qeyd olunur. XIX \u0259srin \u0259vv\u0259ll\u0259rind\u0259 \u00e7ar Rusiyas\u0131 Araz \u00e7ay\u0131ndan \u015fimalda yerl\u0259\u015f\u0259n Az\u0259rbaycan xanl\u0131qlar\u0131n\u0131 i\u015f\u011fal etdikd\u0259n sonra b\u00f6lg\u0259nin&hellip;","_links":{"self":[{"href":"https:\/\/arantv.az\/index.php?rest_route=\/wp\/v2\/posts\/766289"}],"collection":[{"href":"https:\/\/arantv.az\/index.php?rest_route=\/wp\/v2\/posts"}],"about":[{"href":"https:\/\/arantv.az\/index.php?rest_route=\/wp\/v2\/types\/post"}],"author":[{"embeddable":true,"href":"https:\/\/arantv.az\/index.php?rest_route=\/wp\/v2\/users\/2"}],"replies":[{"embeddable":true,"href":"https:\/\/arantv.az\/index.php?rest_route=%2Fwp%2Fv2%2Fcomments&post=766289"}],"version-history":[{"count":1,"href":"https:\/\/arantv.az\/index.php?rest_route=\/wp\/v2\/posts\/766289\/revisions"}],"predecessor-version":[{"id":766291,"href":"https:\/\/arantv.az\/index.php?rest_route=\/wp\/v2\/posts\/766289\/revisions\/766291"}],"wp:featuredmedia":[{"embeddable":true,"href":"https:\/\/arantv.az\/index.php?rest_route=\/wp\/v2\/media\/766303"}],"wp:attachment":[{"href":"https:\/\/arantv.az\/index.php?rest_route=%2Fwp%2Fv2%2Fmedia&parent=766289"}],"wp:term":[{"taxonomy":"category","embeddable":true,"href":"https:\/\/arantv.az\/index.php?rest_route=%2Fwp%2Fv2%2Fcategories&post=766289"},{"taxonomy":"post_tag","embeddable":true,"href":"https:\/\/arantv.az\/index.php?rest_route=%2Fwp%2Fv2%2Ftags&post=766289"}],"curies":[{"name":"wp","href":"https:\/\/api.w.org\/{rel}","templated":true}]}}