{"id":766292,"date":"2024-11-04T18:26:26","date_gmt":"2024-11-04T14:26:26","guid":{"rendered":"https:\/\/arantv.az\/?p=766292"},"modified":"2024-11-04T18:26:26","modified_gmt":"2024-11-04T14:26:26","slug":"sanli-z%c9%99f%c9%99r-tarixi","status":"publish","type":"post","link":"https:\/\/arantv.az\/?p=766292","title":{"rendered":"\u015eanl\u0131 Z\u0259f\u0259r tarixi"},"content":{"rendered":"<p><em><strong>Az\u0259rbaycan Respublikas\u0131n\u0131n Prezidenti, m\u00fcz\u0259ff\u0259r Ali Ba\u015f Komandan \u0130lham \u018fliyevin r\u0259hb\u0259rliyi il\u0259 Az\u0259rbaycan Silahl\u0131 Q\u00fcvv\u0259l\u0259rinin 44 g\u00fcnl\u00fck V\u0259t\u0259n\u00a0 m\u00fcharib\u0259sinin q\u0259l\u0259b\u0259si \u015f\u0259r\u0259fin\u0259 t\u0259sis edilmi\u015f Z\u0259f\u0259r G\u00fcn\u00fc h\u0259r il noyabr\u0131n 8-d\u0259 b\u00f6y\u00fck t\u0259nt\u0259n\u0259 il\u0259\u00a0 qeyd edilir. Az\u0259rbaycan xalq\u0131n\u0131n v\u0259 d\u00f6vl\u0259tinin q\u00fcdr\u0259tinin r\u0259mzin\u0259 \u00e7evrilmi\u015f bu m\u00f6ht\u0259\u015f\u0259m Z\u0259f\u0259rin tarixi \u0259h\u0259miyy\u0259ti bir \u0259srin h\u00fcdudlar\u0131na s\u0131\u011fm\u0131r. 44 g\u00fcnl\u00fck V\u0259t\u0259n m\u00fcharib\u0259si n\u0259tic\u0259sind\u0259 Az\u0259rbaycan torpaqlar\u0131n\u0131n 30 illik i\u015f\u011fal\u0131na son qoyulmas\u0131, d\u00f6vl\u0259timizin \u0259razi b\u00fct\u00f6vl\u00fcy\u00fcn\u00fcn t\u0259min edilm\u0259si il\u0259 birlikd\u0259, son iki y\u00fcz il\u0259 yax\u0131n d\u00f6vrd\u0259 Az\u0259rbaycan xalq\u0131na \u00e7oxsayl\u0131 milli f\u0259lak\u0259tl\u0259r g\u0259tir\u0259n erm\u0259ni \u015fovinizmin\u0259 v\u0259 ekspansionizmin\u0259 sars\u0131d\u0131c\u0131 z\u0259rb\u0259 endirilmi\u015f v\u0259 xalq\u0131m\u0131z\u0131n tarixi taleyi il\u0259 ba\u011fl\u0131 olan son d\u0259r\u0259c\u0259 m\u00fch\u00fcm bir m\u0259s\u0259l\u0259 h\u0259ll edilmi\u015fdir.<\/strong><\/em><\/p>\n<p>Az\u0259rbaycana qar\u015f\u0131 \u0259razi iddialar\u0131n\u0131 h\u0259yata ke\u00e7irm\u0259k \u00fc\u00e7\u00fcn Erm\u0259nistan\u0131n 1988-ci ild\u0259 ba\u015flad\u0131\u011f\u0131, 1992-ci ild\u0259 is\u0259 miqyas\u0131n\u0131 geni\u015fl\u0259ndirdiyi etnik t\u0259mizl\u0259m\u0259 siyas\u0259ti v\u0259 i\u015f\u011fal\u00e7\u0131l\u0131q m\u00fcharib\u0259si n\u0259tic\u0259sind\u0259 Az\u0259rbaycan Respublikas\u0131 \u0259razisinin 20 faizi i\u015f\u011fal olunmu\u015f, Erm\u0259nistan \u0259razisind\u0259n v\u0259 Az\u0259rbaycan\u0131n i\u015f\u011fal edilmi\u015f b\u00f6lg\u0259sind\u0259n 1 milyondan \u00e7ox az\u0259rbaycanl\u0131 qovulmu\u015fdur. Az\u0259rbaycanl\u0131lara qar\u015f\u0131 milli nifr\u0259t v\u0259 d\u00fc\u015fm\u0259n\u00e7ilikd\u0259n qaynaqlanan a\u011f\u0131r cinay\u0259t aktlar\u0131 h\u0259yata ke\u00e7irilmi\u015f, XX \u0259srin \u0259n d\u0259h\u015f\u0259tli faci\u0259l\u0259rind\u0259n olan Xocal\u0131 soyq\u0131r\u0131m\u0131, bir s\u0131ra dig\u0259r q\u0259tliam \u0259m\u0259ll\u0259ri t\u00f6r\u0259dilmi\u015fdir.<\/p>\n<p>Az\u0259rbaycan d\u00f6vl\u0259tinin r\u0259hb\u0259rliyi onillikl\u0259r boyu b\u0259yan etmi\u015fdir ki, Az\u0259rbaycan Respublikas\u0131 \u00f6z \u0259razisinin bir hiss\u0259sind\u0259 suverenliyinin q\u0259sb edilm\u0259sin\u0259, torpaqlar\u0131n\u0131n quldurcas\u0131na z\u0259bt edilm\u0259sin\u0259 v\u0259 qopar\u0131lmas\u0131na he\u00e7 zaman raz\u0131 ola bilm\u0259z v\u0259 b\u00fct\u00fcn imkanlardan istifad\u0259 ed\u0259r\u0259k \u0259razi b\u00fct\u00f6vl\u00fcy\u00fcn\u00fcn b\u0259rpas\u0131na nail olacaqd\u0131r. 2020-ci il sentyabr\u0131n 27-d\u0259 Erm\u0259nistan silahl\u0131 q\u00fcvv\u0259l\u0259rinin n\u00f6vb\u0259ti t\u0259cav\u00fcz akt\u0131ndan sonra Az\u0259rbaycan Respublikas\u0131 BMT-nin Nizamnam\u0259sinin verdiyi \u00f6z\u00fcn\u00fcm\u00fcdafi\u0259 h\u00fcququndan istifad\u0259 ed\u0259r\u0259k, t\u0259cav\u00fczkar\u0131 s\u00fclh\u0259 m\u0259cbur etm\u0259k, Az\u0259rbaycan torpaqlar\u0131n\u0131n i\u015f\u011fal\u0131na son qoymaq m\u0259qs\u0259di il\u0259 \u0259ks-h\u00fccum \u0259m\u0259liyyat\u0131na ba\u015flam\u0131\u015fd\u0131r.<\/p>\n<p>8 Noyabr Z\u0259f\u0259ri m\u00fcz\u0259ff\u0259r Ali Ba\u015f Komandan\u0131n yenilm\u0259z irad\u0259sinin v\u0259\u00a0 b\u00f6y\u00fck s\u0259rk\u0259rd\u0259lik m\u0259har\u0259tinin, Az\u0259rbaycan Silahl\u0131 Q\u00fcvv\u0259l\u0259rinin d\u00f6y\u00fc\u015f \u0259zminin, r\u0259\u015fad\u0259tinin, y\u00fcks\u0259k h\u0259rbi-texniki, m\u0259n\u0259vi-psixoloji haz\u0131rl\u0131\u011f\u0131n\u0131n v\u0259 pe\u015f\u0259karl\u0131\u011f\u0131n\u0131n t\u0259nt\u0259n\u0259si olmu\u015fdur. Az\u0259rbaycan\u0131n \u0259z\u0259li tarixi torpa\u011f\u0131 olan Qaraba\u011f\u0131n v\u0259 \u015e\u0259rqi Z\u0259ng\u0259zurun i\u015f\u011faldan azad\u00a0 edilm\u0259si xalq\u0131m\u0131z\u0131 uzun ill\u0259r davam ed\u0259n\u00a0 m\u0259\u011flubiyy\u0259t ac\u0131s\u0131ndan qurtarm\u0131\u015f v\u0259 onu qalib xalqa \u00e7evirmi\u015fdir. Q\u00fcdr\u0259tli Az\u0259rbaycan yerl\u0259\u015fdiyi b\u00f6lg\u0259nin siyasi, iqtisadi, h\u0259rbi, humanitar m\u0259nz\u0259r\u0259sini d\u0259yi\u015fm\u0259y\u0259 qadir oldu\u011funu, bundan sonra he\u00e7 k\u0259sin onunla g\u00fcc v\u0259 t\u0259zyiq dili il\u0259 dan\u0131\u015fa bilm\u0259y\u0259c\u0259yini q\u0259tiyy\u0259tl\u0259 n\u00fcmayi\u015f etdirmi\u015fdir.<\/p>\n<p><strong>Aydan N\u0259sibova,<\/strong><br \/>\n<em>YAP X\u0259tai rayon t\u0259\u015fkilat\u0131n\u0131n \u201cGeneral \u015e\u0131xlinski 56\/2\u201d\u00a0 \u00fcnvan\u0131 \u00fczr\u0259 \u0259razi partiy t\u0259\u015fkilat\u0131n\u0131n \u00fczv\u00fc<\/em><\/p>\n","protected":false},"excerpt":{"rendered":"<p>Az\u0259rbaycan Respublikas\u0131n\u0131n Prezidenti, m\u00fcz\u0259ff\u0259r Ali Ba\u015f Komandan \u0130lham \u018fliyevin r\u0259hb\u0259rliyi il\u0259 Az\u0259rbaycan Silahl\u0131 Q\u00fcvv\u0259l\u0259rinin 44 g\u00fcnl\u00fck V\u0259t\u0259n\u00a0 m\u00fcharib\u0259sinin q\u0259l\u0259b\u0259si \u015f\u0259r\u0259fin\u0259 t\u0259sis edilmi\u015f Z\u0259f\u0259r G\u00fcn\u00fc h\u0259r il noyabr\u0131n 8-d\u0259 b\u00f6y\u00fck t\u0259nt\u0259n\u0259 il\u0259\u00a0 qeyd edilir. Az\u0259rbaycan xalq\u0131n\u0131n v\u0259 d\u00f6vl\u0259tinin q\u00fcdr\u0259tinin r\u0259mzin\u0259 \u00e7evrilmi\u015f bu m\u00f6ht\u0259\u015f\u0259m Z\u0259f\u0259rin tarixi \u0259h\u0259miyy\u0259ti bir \u0259srin h\u00fcdudlar\u0131na s\u0131\u011fm\u0131r. 44 g\u00fcnl\u00fck V\u0259t\u0259n m\u00fcharib\u0259si n\u0259tic\u0259sind\u0259 Az\u0259rbaycan torpaqlar\u0131n\u0131n 30 illik i\u015f\u011fal\u0131na son qoyulmas\u0131, d\u00f6vl\u0259timizin \u0259razi b\u00fct\u00f6vl\u00fcy\u00fcn\u00fcn t\u0259min edilm\u0259si il\u0259 birlikd\u0259, son iki y\u00fcz il\u0259 yax\u0131n d\u00f6vrd\u0259 Az\u0259rbaycan xalq\u0131na \u00e7oxsayl\u0131 milli f\u0259lak\u0259tl\u0259r g\u0259tir\u0259n erm\u0259ni \u015fovinizmin\u0259 v\u0259 ekspansionizmin\u0259 sars\u0131d\u0131c\u0131 z\u0259rb\u0259 endirilmi\u015f v\u0259 xalq\u0131m\u0131z\u0131n tarixi&hellip;<\/p>\n","protected":false},"author":2,"featured_media":766293,"comment_status":"closed","ping_status":"closed","sticky":false,"template":"","format":"standard","meta":{"om_disable_all_campaigns":false,"_monsterinsights_skip_tracking":false,"_monsterinsights_sitenote_active":false,"_monsterinsights_sitenote_note":"","_monsterinsights_sitenote_category":0},"categories":[19],"tags":[],"aioseo_notices":[],"gutentor_comment":0,"rttpg_featured_image_url":{"full":["https:\/\/arantv.az\/wp-content\/uploads\/2024\/11\/e1cd50f4166136001497731558110088411.jpg",975,540,false],"landscape":["https:\/\/arantv.az\/wp-content\/uploads\/2024\/11\/e1cd50f4166136001497731558110088411.jpg",975,540,false],"portraits":["https:\/\/arantv.az\/wp-content\/uploads\/2024\/11\/e1cd50f4166136001497731558110088411.jpg",975,540,false],"thumbnail":["https:\/\/arantv.az\/wp-content\/uploads\/2024\/11\/e1cd50f4166136001497731558110088411-500x280.jpg",500,280,true],"medium":["https:\/\/arantv.az\/wp-content\/uploads\/2024\/11\/e1cd50f4166136001497731558110088411-660x365.jpg",660,365,true],"large":["https:\/\/arantv.az\/wp-content\/uploads\/2024\/11\/e1cd50f4166136001497731558110088411-840x465.jpg",640,354,true],"1536x1536":["https:\/\/arantv.az\/wp-content\/uploads\/2024\/11\/e1cd50f4166136001497731558110088411.jpg",975,540,false],"2048x2048":["https:\/\/arantv.az\/wp-content\/uploads\/2024\/11\/e1cd50f4166136001497731558110088411.jpg",975,540,false],"post-thumbnail":["https:\/\/arantv.az\/wp-content\/uploads\/2024\/11\/e1cd50f4166136001497731558110088411-240x172.jpg",240,172,true],"advps-thumb-one":["https:\/\/arantv.az\/wp-content\/uploads\/2024\/11\/e1cd50f4166136001497731558110088411.jpg",975,540,false]},"rttpg_author":{"display_name":"V\u00fcsal Rafiqo\u011flu","author_link":"https:\/\/arantv.az\/?author=2"},"rttpg_comment":0,"rttpg_category":"<a href=\"https:\/\/arantv.az\/?cat=19\" rel=\"category\">G\u00fcnd\u0259m<\/a>","rttpg_excerpt":"Az\u0259rbaycan Respublikas\u0131n\u0131n Prezidenti, m\u00fcz\u0259ff\u0259r Ali Ba\u015f Komandan \u0130lham \u018fliyevin r\u0259hb\u0259rliyi il\u0259 Az\u0259rbaycan Silahl\u0131 Q\u00fcvv\u0259l\u0259rinin 44 g\u00fcnl\u00fck V\u0259t\u0259n\u00a0 m\u00fcharib\u0259sinin q\u0259l\u0259b\u0259si \u015f\u0259r\u0259fin\u0259 t\u0259sis edilmi\u015f Z\u0259f\u0259r G\u00fcn\u00fc h\u0259r il noyabr\u0131n 8-d\u0259 b\u00f6y\u00fck t\u0259nt\u0259n\u0259 il\u0259\u00a0 qeyd edilir. Az\u0259rbaycan xalq\u0131n\u0131n v\u0259 d\u00f6vl\u0259tinin q\u00fcdr\u0259tinin r\u0259mzin\u0259 \u00e7evrilmi\u015f bu m\u00f6ht\u0259\u015f\u0259m Z\u0259f\u0259rin tarixi \u0259h\u0259miyy\u0259ti bir \u0259srin h\u00fcdudlar\u0131na s\u0131\u011fm\u0131r. 44 g\u00fcnl\u00fck V\u0259t\u0259n m\u00fcharib\u0259si n\u0259tic\u0259sind\u0259 Az\u0259rbaycan&hellip;","_links":{"self":[{"href":"https:\/\/arantv.az\/index.php?rest_route=\/wp\/v2\/posts\/766292"}],"collection":[{"href":"https:\/\/arantv.az\/index.php?rest_route=\/wp\/v2\/posts"}],"about":[{"href":"https:\/\/arantv.az\/index.php?rest_route=\/wp\/v2\/types\/post"}],"author":[{"embeddable":true,"href":"https:\/\/arantv.az\/index.php?rest_route=\/wp\/v2\/users\/2"}],"replies":[{"embeddable":true,"href":"https:\/\/arantv.az\/index.php?rest_route=%2Fwp%2Fv2%2Fcomments&post=766292"}],"version-history":[{"count":1,"href":"https:\/\/arantv.az\/index.php?rest_route=\/wp\/v2\/posts\/766292\/revisions"}],"predecessor-version":[{"id":766294,"href":"https:\/\/arantv.az\/index.php?rest_route=\/wp\/v2\/posts\/766292\/revisions\/766294"}],"wp:featuredmedia":[{"embeddable":true,"href":"https:\/\/arantv.az\/index.php?rest_route=\/wp\/v2\/media\/766293"}],"wp:attachment":[{"href":"https:\/\/arantv.az\/index.php?rest_route=%2Fwp%2Fv2%2Fmedia&parent=766292"}],"wp:term":[{"taxonomy":"category","embeddable":true,"href":"https:\/\/arantv.az\/index.php?rest_route=%2Fwp%2Fv2%2Fcategories&post=766292"},{"taxonomy":"post_tag","embeddable":true,"href":"https:\/\/arantv.az\/index.php?rest_route=%2Fwp%2Fv2%2Ftags&post=766292"}],"curies":[{"name":"wp","href":"https:\/\/api.w.org\/{rel}","templated":true}]}}