{"id":766295,"date":"2024-11-04T18:27:08","date_gmt":"2024-11-04T14:27:08","guid":{"rendered":"https:\/\/arantv.az\/?p=766295"},"modified":"2024-11-04T18:27:08","modified_gmt":"2024-11-04T14:27:08","slug":"az%c9%99rbaycan-xalqinin-tarixi-q%c9%99l%c9%99b%c9%99si","status":"publish","type":"post","link":"https:\/\/arantv.az\/?p=766295","title":{"rendered":"Az\u0259rbaycan xalq\u0131n\u0131n tarixi Q\u0259l\u0259b\u0259si"},"content":{"rendered":"<p>XX \u0259srin 80-ci ill\u0259rin sonlar\u0131ndan erm\u0259nil\u0259rin Az\u0259rbaycana qar\u015f\u0131 \u0259razi iddialar\u0131 il\u0259 ba\u015flayan Qaraba\u011f m\u00fcnaqi\u015f\u0259si \u00f6lk\u0259mizin son y\u00fcz ild\u0259 ya\u015fad\u0131\u011f\u0131 \u00e7\u0259tin, a\u011fr\u0131l\u0131 problemdir. Bel\u0259 bir d\u00f6vrd\u0259 \u00f6lk\u0259miz m\u00fcst\u0259qilliyini qazan\u0131r. Az\u011f\u0131n erm\u0259nil\u0259r xarici havadarlar\u0131na arxalanaraq Az\u0259rbaycan xalq\u0131na qar\u015f\u0131 v\u0259h\u015filikl\u0259r t\u00f6r\u0259dirdil\u0259r. Erm\u0259nil\u0259rin \u0259sass\u0131z torpaq iddialar\u0131 qar\u015f\u0131s\u0131nda pe\u015f\u0259kar ordusu olmayan, iqtisadi c\u0259h\u0259td\u0259n \u00e7\u0259tinlikl\u0259r ya\u015fayan \u00f6lk\u0259miz t\u0259k m\u00fcbariz\u0259 apar\u0131rd\u0131. Hakimiyy\u0259td\u0259 h\u00f6km s\u00fcr\u0259n siyasi s\u0259ri\u015ft\u0259sizlik itkil\u0259rimizin s\u0259b\u0259bi idi. T\u0259\u0259ss\u00fcf ki, I Qaraba\u011f m\u00fcharib\u0259sind\u0259 10 mind\u0259n \u00e7ox \u015f\u0259hid verdik, 4 mind\u0259n \u00e7ox v\u0259t\u0259nda\u015f\u0131m\u0131z itkin d\u00fc\u015fd\u00fc. \u018frazimizin 20% i\u015f\u011fala m\u0259ruz qald\u0131, 1 milyondan \u00e7ox soyda\u015f\u0131m\u0131z 30 il k\u00f6\u00e7k\u00fcnl\u00fck h\u0259yat\u0131 ya\u015fad\u0131.<\/p>\n<p>Erm\u0259nistan\u0131n i\u015f\u011fal\u00e7\u0131 siyas\u0259tinini davam etdirir, Az\u0259rbaycanla s\u0259rh\u0259d b\u00f6lg\u0259sind\u0259\u00a0 Erm\u0259nistan ordusu geni\u015fmiqyasl\u0131 t\u0259xribat t\u00f6r\u0259d\u0259r\u0259k c\u0259bh\u0259boyu zonada yerl\u0259\u015f\u0259n Az\u0259rbaycan Ordusunun m\u00f6vqel\u0259rini v\u0259 ya\u015fay\u0131\u015f m\u0259nt\u0259q\u0259l\u0259rini iri\u00e7apl\u0131 silahlar, minaatanlar v\u0259 m\u00fcxt\u0259lif \u00e7apl\u0131 artilleriya qur\u011fular\u0131ndan intensiv at\u0259\u015f\u0259 tuturdu. 2020-ci il 27 sentyabr\u0131ndan ba\u015flayan 44 g\u00fcn davam ed\u0259n V\u0259t\u0259n m\u00fcharib\u0259sind\u0259 \u015eanl\u0131 Az\u0259rbaycan \u00a0Ordusu\u00a0 Erm\u0259nistan ordusunun d\u00f6y\u00fc\u015f aktivliyinin qar\u015f\u0131s\u0131n\u0131 almaq v\u0259 m\u00fclki \u0259halinin t\u0259hl\u00fck\u0259sizliyini t\u0259min etm\u0259k m\u0259qs\u0259dil\u0259 \u0259ks-h\u00fccum \u0259m\u0259liyyat\u0131na ba\u015flad\u0131.\u00a0 Az\u0259rbaycan\u0131n \u00f6z \u0259razi b\u00fct\u00f6vl\u00fcy\u00fc u\u011frunda ba\u015flad\u0131\u011f\u0131 bu m\u00fcbariz\u0259 tarixd\u0259 II Qaraba\u011f m\u00fcharib\u0259si adlan\u0131.\u00a0\u018fm\u0259liyyat\u0131n \u201cD\u0259mir yumruq\u201d adland\u0131r\u0131lmas\u0131 m\u0259s\u0259l\u0259ni k\u00f6k\u00fcnd\u0259n h\u0259ll edil\u0259c\u0259yin\u0259 g\u00f6st\u0259ricisi idi.<\/p>\n<p>Az\u0259rbaycan\u0131n q\u0259dim ya\u015fay\u0131\u015f m\u0259sk\u0259ni olan Qaraba\u011f\u0131n erm\u0259ni i\u015f\u011fal\u0131ndan azad edilm\u0259si 2020-ci ilin \u0259n b\u00f6y\u00fck tarixi hadis\u0259sidir. M\u00fcz\u0259ff\u0259r Az\u0259rbaycan Ordusu erm\u0259nil\u0259rin 30 ild\u0259 apard\u0131qlar\u0131 etnik t\u0259mizl\u0259m\u0259 siyas\u0259tin\u0259, soyda\u015flar\u0131m\u0131za qar\u015f\u0131 t\u00f6r\u0259tdikl\u0259ri v\u0259h\u015filikl\u0259r\u0259, haqs\u0131zl\u0131\u011fa, z\u00fclm\u0259 44 g\u00fcnd\u0259 son qoydu. D\u00f6vl\u0259timizin m\u00fcnaqi\u015f\u0259ni dan\u0131\u015f\u0131qlar vasit\u0259sil\u0259 h\u0259llin\u0259 \u00e7al\u0131\u015fmas\u0131n\u0131 d\u00fc\u015fm\u0259n f\u0259rqli \u015f\u0259kild\u0259 yorumlay\u0131rd\u0131. \u015eanl\u0131 Z\u0259f\u0259r\u0259rimiz\u0259 aparan yolun 44 g\u00fcn \u00e7\u0259km\u0259si erm\u0259nil\u0259r\u0259 Az\u0259rbaycan\u0131n \u0259sl g\u00fcc\u00fcn\u00fc g\u00f6st\u0259rdi.<\/p>\n<p>C\u0259nab Prezident \u0130lham \u018fliyev 44 g\u00fcnl\u00fck V\u0259t\u0259n m\u00fcharib\u0259sind\u0259 \u015eu\u015fa \u0259m\u0259liyyat\u0131n\u0131 d\u0259y\u0259rl\u0259ndir\u0259rk\u0259n al\u0131nmaz qala say\u0131lan \u015eu\u015fan\u0131 y\u00fcng\u00fcl silahlarla, bir \u00e7ox hallarda \u0259lb\u0259yaxa d\u00f6y\u00fc\u015fl\u0259r n\u0259tic\u0259sind\u0259 azad edilm\u0259sini h\u0259rbi\u00e7il\u0259rimizin pe\u015f\u0259karl\u0131\u011f\u0131 v\u0259 f\u0259dakarl\u0131\u011f\u0131 say\u0259sind\u0259 qazan\u0131ld\u0131\u011f\u0131n\u0131 bildirdi. Ali Ba\u015f Komandan torpaqlar\u0131m\u0131za g\u00f6z dik\u0259n d\u00fc\u015fm\u0259n q\u00fcvv\u0259l\u0259r\u0259 s\u0259sl\u0259n\u0259r\u0259k bir daha bu s\u00f6zl\u0259rl\u0259 mesaj verdi: \u201cBiz ist\u0259nil\u0259n m\u00fcst\u0259vid\u0259 d\u00f6y\u00fc\u015f\u0259 haz\u0131r\u0131q, siyasi, laz\u0131m olarsa, h\u0259rbi meydanda bunu g\u00f6st\u0259rmi\u015fik. XXI \u0259srd\u0259 he\u00e7 bir ordu bizim q\u0259d\u0259r pe\u015f\u0259karl\u0131q, f\u0259dakarl\u0131q g\u00f6st\u0259rm\u0259mi\u015fdir. He\u00e7 bir xalq \u00f6z do\u011fma torpa\u011f\u0131n\u0131 bu q\u0259d\u0259r \u0259ziz tutub u\u011frunda \u00f6l\u00fcm\u0259 getm\u0259y\u0259 haz\u0131r olmam\u0131\u015fd\u0131r\u201d.<\/p>\n<p>2020-ci ilin 10 noyabr\u0131nda 30 illik \u0259dal\u0259tsizliy\u0259 \u00f6z h\u0259rbi g\u00fcc\u00fcm\u00fcz say\u0259sind\u0259 son qoyuldu\u011funu xalqa efir vasit\u0259sil\u0259 b\u0259yan ed\u0259n c\u0259nab Prezident \u0130lham \u018fliyev \u00e7\u0131x\u0131\u015f\u0131n\u0131 bu s\u00f6zl\u0259rl\u0259 tamamlam\u0131\u015fd\u0131: \u201cQaraba\u011f Az\u0259rbaycand\u0131r v\u0259 nida\u201d ifad\u0259si art\u0131q bizim q\u0259l\u0259b\u0259mizin r\u0259mzi idi, r\u0259mzin\u0259 \u00e7evrildi. Bir il bundan \u0259vv\u0259l m\u0259n bunu demi\u015f\u0259m. M\u0259n f\u0259xr edir\u0259m ki, m\u0259nim dediyim ifad\u0259 art\u0131q bir milli \u015f\u00fcara \u00e7evrildi. Bu g\u00fcn b\u00f6y\u00fck q\u00fcrur hissi il\u0259 dey\u0259 bil\u0259rik ki, F\u00fczuli bizimdir, C\u0259bray\u0131l bizimdir, Z\u0259ngilan bizimdir, Qubadl\u0131 bizimdir, A\u011fdam bizimdir, La\u00e7\u0131n bizimdir, K\u0259lb\u0259c\u0259r bizimdir, \u015eu\u015fa bizimdir, Qaraba\u011f bizimdir, Qaraba\u011f Az\u0259rbaycand\u0131r! E\u015fq olsun Az\u0259rbaycan xalq\u0131na! Ya\u015fas\u0131n Az\u0259rbaycan!<\/p>\n<p>Az\u0259rbaycan Respublikas\u0131n\u0131n Prezidenti c\u0259nab \u0130lham \u018fliyevin 3 dekabr 2020-ci il S\u0259r\u0259ncam\u0131 il\u0259 h\u0259r il noyabr\u0131n 8-i \u00a0Az\u0259rbaycan Respublikas\u0131nda Z\u0259f\u0259r G\u00fcn\u00fc kimi qeyd edilir.<\/p>\n<p>27 sentyabr 2021-ci ild\u0259 Ali Ba\u015f Komandan, Az\u0259rbaycan Respublikas\u0131n\u0131n Prezidenti c\u0259nab \u0130lham \u018fliyev An\u0131m G\u00fcn\u00fc il\u0259 \u0259laq\u0259dar xalqa m\u00fcraci\u0259tind\u0259 demi\u015fdir: \u0130kinci Qaraba\u011f m\u00fcharib\u0259si bizim \u015fanl\u0131 tariximizdir. Bu Q\u0259l\u0259b\u0259 tarixd\u0259 \u0259b\u0259di qalacaq. Az\u0259rbaycan Silahl\u0131 Q\u00fcvv\u0259l\u0259ri 44 g\u00fcn \u0259rzind\u0259 d\u00fc\u015fm\u0259n ordusunu m\u0259hv ed\u0259r\u0259k \u00f6z \u0259razi b\u00fct\u00f6vl\u00fcy\u00fcn\u00fc b\u0259rpa etdi. M\u0259n d\u0259f\u0259l\u0259rl\u0259 demi\u015fdim ki, Az\u0259rbaycan xalq\u0131 he\u00e7 vaxt i\u015f\u011falla bar\u0131\u015fmayacaq. D\u0259f\u0259l\u0259rl\u0259 demi\u015fdim ki, n\u0259yin bahas\u0131na olursa-olsun biz \u00f6z torpaqlar\u0131m\u0131z\u0131 geri qaytaraca\u011f\u0131q. D\u0259f\u0259l\u0259rl\u0259 demi\u015fdim ki, d\u00fc\u015fm\u0259n \u00f6z xo\u015fu il\u0259 torpaqlar\u0131m\u0131zdan \u00e7\u0131xmasa, biz onu torpaqlar\u0131m\u0131zdan qovaca\u011f\u0131q v\u0259 bel\u0259 d\u0259 oldu. Biz Birinci Qaraba\u011f m\u00fcharib\u0259sind\u0259ki m\u0259\u011flubiyy\u0259tl\u0259 bar\u0131\u015fmad\u0131q, g\u00fcc toplad\u0131q, b\u00fct\u00fcn g\u00fccl\u0259ri s\u0259f\u0259rb\u0259r etdik, ordumuzu g\u00fccl\u0259ndirdik, \u00f6lk\u0259 iqtisadiyyat\u0131n\u0131 g\u00fccl\u0259ndirdik, \u00f6lk\u0259mizin n\u00fcfuzunu qald\u0131rd\u0131q v\u0259 \u00f6z tarixi missiyam\u0131z\u0131 \u015f\u0259r\u0259fl\u0259 yerin\u0259 yetirdik. Biz d\u00fc\u015fm\u0259ni torpaqlar\u0131m\u0131zdan qovduq v\u0259 \u0259dal\u0259ti, beyn\u0259lxalq h\u00fcququ b\u0259rpa etdik. Biz milli l\u0259yaq\u0259timizi b\u0259rpa etdik. Bu g\u00fcn Az\u0259rbaycan xalq\u0131 m\u00fcz\u0259ff\u0259r xalq kimi ya\u015fay\u0131r. Bu g\u00fcn Az\u0259rbaycan d\u00f6vl\u0259ti qalib d\u00f6vl\u0259t kimi ya\u015fay\u0131r. Biz bundan sonra m\u00fcz\u0259ff\u0259r xalq v\u0259 qalib d\u00f6vl\u0259t kimi \u0259b\u0259di ya\u015fayaca\u011f\u0131q.<\/p>\n<p><strong>Bahar M\u0259mm\u0259dova,<\/strong><br \/>\n<em>YAP X\u0259tai rayon t\u0259\u015fkilat\u0131n\u0131n &#8220;General \u015e\u0131xlinski 56\/2&#8221; \u00fcnvan\u0131 \u00fczr\u0259 \u0259razi partiya t\u0259\u015fkilat\u0131n\u0131n s\u0259dri<\/em><\/p>\n","protected":false},"excerpt":{"rendered":"<p>XX \u0259srin 80-ci ill\u0259rin sonlar\u0131ndan erm\u0259nil\u0259rin Az\u0259rbaycana qar\u015f\u0131 \u0259razi iddialar\u0131 il\u0259 ba\u015flayan Qaraba\u011f m\u00fcnaqi\u015f\u0259si \u00f6lk\u0259mizin son y\u00fcz ild\u0259 ya\u015fad\u0131\u011f\u0131 \u00e7\u0259tin, a\u011fr\u0131l\u0131 problemdir. Bel\u0259 bir d\u00f6vrd\u0259 \u00f6lk\u0259miz m\u00fcst\u0259qilliyini qazan\u0131r. Az\u011f\u0131n erm\u0259nil\u0259r xarici havadarlar\u0131na arxalanaraq Az\u0259rbaycan xalq\u0131na qar\u015f\u0131 v\u0259h\u015filikl\u0259r t\u00f6r\u0259dirdil\u0259r. Erm\u0259nil\u0259rin \u0259sass\u0131z torpaq iddialar\u0131 qar\u015f\u0131s\u0131nda pe\u015f\u0259kar ordusu olmayan, iqtisadi c\u0259h\u0259td\u0259n \u00e7\u0259tinlikl\u0259r ya\u015fayan \u00f6lk\u0259miz t\u0259k m\u00fcbariz\u0259 apar\u0131rd\u0131. Hakimiyy\u0259td\u0259 h\u00f6km s\u00fcr\u0259n siyasi s\u0259ri\u015ft\u0259sizlik itkil\u0259rimizin s\u0259b\u0259bi idi. T\u0259\u0259ss\u00fcf ki, I Qaraba\u011f m\u00fcharib\u0259sind\u0259 10 mind\u0259n \u00e7ox \u015f\u0259hid verdik, 4 mind\u0259n \u00e7ox v\u0259t\u0259nda\u015f\u0131m\u0131z itkin d\u00fc\u015fd\u00fc. \u018frazimizin 20% i\u015f\u011fala m\u0259ruz qald\u0131, 1 milyondan \u00e7ox soyda\u015f\u0131m\u0131z 30 il k\u00f6\u00e7k\u00fcnl\u00fck&hellip;<\/p>\n","protected":false},"author":2,"featured_media":766296,"comment_status":"closed","ping_status":"closed","sticky":false,"template":"","format":"standard","meta":{"om_disable_all_campaigns":false,"_monsterinsights_skip_tracking":false,"_monsterinsights_sitenote_active":false,"_monsterinsights_sitenote_note":"","_monsterinsights_sitenote_category":0},"categories":[19],"tags":[],"aioseo_notices":[],"gutentor_comment":0,"rttpg_featured_image_url":{"full":["https:\/\/arantv.az\/wp-content\/uploads\/2024\/11\/ed383ec9172771014097209236210897675.jpg",975,540,false],"landscape":["https:\/\/arantv.az\/wp-content\/uploads\/2024\/11\/ed383ec9172771014097209236210897675.jpg",975,540,false],"portraits":["https:\/\/arantv.az\/wp-content\/uploads\/2024\/11\/ed383ec9172771014097209236210897675.jpg",975,540,false],"thumbnail":["https:\/\/arantv.az\/wp-content\/uploads\/2024\/11\/ed383ec9172771014097209236210897675-500x280.jpg",500,280,true],"medium":["https:\/\/arantv.az\/wp-content\/uploads\/2024\/11\/ed383ec9172771014097209236210897675-660x365.jpg",660,365,true],"large":["https:\/\/arantv.az\/wp-content\/uploads\/2024\/11\/ed383ec9172771014097209236210897675-840x465.jpg",640,354,true],"1536x1536":["https:\/\/arantv.az\/wp-content\/uploads\/2024\/11\/ed383ec9172771014097209236210897675.jpg",975,540,false],"2048x2048":["https:\/\/arantv.az\/wp-content\/uploads\/2024\/11\/ed383ec9172771014097209236210897675.jpg",975,540,false],"post-thumbnail":["https:\/\/arantv.az\/wp-content\/uploads\/2024\/11\/ed383ec9172771014097209236210897675-240x172.jpg",240,172,true],"advps-thumb-one":["https:\/\/arantv.az\/wp-content\/uploads\/2024\/11\/ed383ec9172771014097209236210897675.jpg",975,540,false]},"rttpg_author":{"display_name":"V\u00fcsal Rafiqo\u011flu","author_link":"https:\/\/arantv.az\/?author=2"},"rttpg_comment":0,"rttpg_category":"<a href=\"https:\/\/arantv.az\/?cat=19\" rel=\"category\">G\u00fcnd\u0259m<\/a>","rttpg_excerpt":"XX \u0259srin 80-ci ill\u0259rin sonlar\u0131ndan erm\u0259nil\u0259rin Az\u0259rbaycana qar\u015f\u0131 \u0259razi iddialar\u0131 il\u0259 ba\u015flayan Qaraba\u011f m\u00fcnaqi\u015f\u0259si \u00f6lk\u0259mizin son y\u00fcz ild\u0259 ya\u015fad\u0131\u011f\u0131 \u00e7\u0259tin, a\u011fr\u0131l\u0131 problemdir. Bel\u0259 bir d\u00f6vrd\u0259 \u00f6lk\u0259miz m\u00fcst\u0259qilliyini qazan\u0131r. Az\u011f\u0131n erm\u0259nil\u0259r xarici havadarlar\u0131na arxalanaraq Az\u0259rbaycan xalq\u0131na qar\u015f\u0131 v\u0259h\u015filikl\u0259r t\u00f6r\u0259dirdil\u0259r. Erm\u0259nil\u0259rin \u0259sass\u0131z torpaq iddialar\u0131 qar\u015f\u0131s\u0131nda pe\u015f\u0259kar ordusu olmayan, iqtisadi c\u0259h\u0259td\u0259n \u00e7\u0259tinlikl\u0259r ya\u015fayan \u00f6lk\u0259miz t\u0259k m\u00fcbariz\u0259 apar\u0131rd\u0131. Hakimiyy\u0259td\u0259&hellip;","_links":{"self":[{"href":"https:\/\/arantv.az\/index.php?rest_route=\/wp\/v2\/posts\/766295"}],"collection":[{"href":"https:\/\/arantv.az\/index.php?rest_route=\/wp\/v2\/posts"}],"about":[{"href":"https:\/\/arantv.az\/index.php?rest_route=\/wp\/v2\/types\/post"}],"author":[{"embeddable":true,"href":"https:\/\/arantv.az\/index.php?rest_route=\/wp\/v2\/users\/2"}],"replies":[{"embeddable":true,"href":"https:\/\/arantv.az\/index.php?rest_route=%2Fwp%2Fv2%2Fcomments&post=766295"}],"version-history":[{"count":1,"href":"https:\/\/arantv.az\/index.php?rest_route=\/wp\/v2\/posts\/766295\/revisions"}],"predecessor-version":[{"id":766297,"href":"https:\/\/arantv.az\/index.php?rest_route=\/wp\/v2\/posts\/766295\/revisions\/766297"}],"wp:featuredmedia":[{"embeddable":true,"href":"https:\/\/arantv.az\/index.php?rest_route=\/wp\/v2\/media\/766296"}],"wp:attachment":[{"href":"https:\/\/arantv.az\/index.php?rest_route=%2Fwp%2Fv2%2Fmedia&parent=766295"}],"wp:term":[{"taxonomy":"category","embeddable":true,"href":"https:\/\/arantv.az\/index.php?rest_route=%2Fwp%2Fv2%2Fcategories&post=766295"},{"taxonomy":"post_tag","embeddable":true,"href":"https:\/\/arantv.az\/index.php?rest_route=%2Fwp%2Fv2%2Ftags&post=766295"}],"curies":[{"name":"wp","href":"https:\/\/api.w.org\/{rel}","templated":true}]}}