{"id":766302,"date":"2024-11-04T18:29:16","date_gmt":"2024-11-04T14:29:16","guid":{"rendered":"https:\/\/arantv.az\/?p=766302"},"modified":"2024-11-04T18:29:16","modified_gmt":"2024-11-04T14:29:16","slug":"biz%c9%99-z%c9%99f%c9%99r-yarasir","status":"publish","type":"post","link":"https:\/\/arantv.az\/?p=766302","title":{"rendered":"Biz\u0259 Z\u0259f\u0259r yara\u015f\u0131r!"},"content":{"rendered":"<p>Az\u0259rbaycan! \u2013 Bu q\u0259dim v\u0259 m\u00fcasir m\u0259ml\u0259k\u0259t, bu b\u00f6y\u00fck v\u0259 b\u00fct\u00f6v \u00f6lk\u0259, bu do\u011fma v\u0259 m\u00fcq\u0259dd\u0259s v\u0259t\u0259n bizim \u00fc\u00e7\u00fcn, h\u0259r bir az\u0259rbaycanl\u0131 \u00fc\u00e7\u00fcn t\u0259kc\u0259 co\u011frafi bir \u0259razi, maddi bir varl\u0131q deyil, h\u0259m d\u0259 m\u0259n\u0259vi-ruhi s\u0259rv\u0259tdir. Bu s\u0259rv\u0259t h\u0259r birimiz \u00fc\u00e7\u00fcn \u00f6l\u00fcm-dirim, var\u0131m-yoxum, \u00fcr\u0259k-k\u00f6n\u00fcl, qan-can m\u0259s\u0259l\u0259sidir. \u00dcmumiyy\u0259tl\u0259, v\u0259t\u0259n, v\u0259t\u0259nda\u015f, d\u00f6vl\u0259t, \u00f6lk\u0259, xalq, mill\u0259t, insan v\u0259 insanl\u0131q anlay\u0131\u015flar\u0131 xalq\u0131m\u0131z\u0131n milli t\u0259f\u0259kk\u00fcr\u00fcnd\u0259 x\u00fcsusi yer tutur. Tariximiz, k\u00f6k\u00fcm\u00fcz, m\u0259d\u0259niyy\u0259timiz, \u0259d\u0259biyyat\u0131m\u0131z, folklorumuz, dini inanclar\u0131m\u0131z, milli ad\u0259t-\u0259n\u0259n\u0259l\u0259rimiz Az\u0259rbaycan insan\u0131n\u0131n t\u0259rbiy\u0259 sistemini, d\u00fcnyag\u00f6r\u00fc\u015f\u00fcn\u00fc, d\u00fc\u015f\u00fcnc\u0259 t\u0259rzini tamamil\u0259 f\u0259rqli formala\u015fd\u0131r\u0131b. Bu bax\u0131mdan d\u00fcnya h\u0259rb tarixind\u0259 x\u00fcsusi hadis\u0259 kimi d\u0259y\u0259rl\u0259ndiril\u0259n \u0130kinci Qaraba\u011f sava\u015f\u0131n\u0131n ba\u015f verm\u0259si qa\u00e7\u0131lmaz idi.<\/p>\n<p>Az\u0259rbaycan Respublikas\u0131n\u0131n Prezidenti, Silahl\u0131 Q\u00fcvv\u0259l\u0259rin Ali Ba\u015f Komandan\u0131 \u0130lham \u018fliyevin r\u0259hb\u0259rliyi alt\u0131nda Az\u0259rbaycan ordusu Erm\u0259nistan\u0131n ard\u0131c\u0131l t\u0259xribatlar\u0131n\u0131n v\u0259 yeni i\u015f\u011fal planlar\u0131n\u0131n qar\u015f\u0131s\u0131n\u0131 almaq, i\u015f\u011fal alt\u0131nda olan torpaqlar\u0131m\u0131z\u0131 azad etm\u0259k m\u0259qs\u0259dil\u0259 2020-ci il sentyabr\u0131n 27-d\u0259n etibar\u0259n ba\u015flad\u0131\u011f\u0131 z\u0259f\u0259r y\u00fcr\u00fc\u015f\u00fcnd\u0259 inan\u0131lmaz u\u011furlar \u0259ld\u0259 etmi\u015fdir.<\/p>\n<p>44 g\u00fcn s\u00fcr\u0259n h\u0259rbi \u0259m\u0259liyyatlar n\u0259tic\u0259sind\u0259 r\u0259\u015fad\u0259tli Az\u0259rbaycan ordusu t\u0259r\u0259find\u0259n C\u0259bray\u0131l, F\u00fczuli, Z\u0259ngilan, Qubadl\u0131 \u015f\u0259h\u0259rl\u0259ri, Z\u0259ngilan rayonunun Mincivan, A\u011fb\u0259nd, Bartaz q\u0259s\u0259b\u0259l\u0259ri, Xocav\u0259nd rayonunun Hadrut q\u0259s\u0259b\u0259sini v\u0259 bir \u00e7ox k\u0259ndl\u0259ri, T\u0259rt\u0259r rayonunun Suqovu\u015fan k\u0259ndi, Xocal\u0131 v\u0259 La\u00e7\u0131n rayonlar\u0131n\u0131n bir ne\u00e7\u0259 k\u0259ndl\u0259ri daxil olmaqla, \u00fcmumilikd\u0259, 300-d\u0259n \u00e7ox ya\u015fay\u0131\u015f m\u0259nt\u0259q\u0259si, o c\u00fcml\u0259d\u0259n A\u011fd\u0259r\u0259, Murovda\u011f v\u0259 Z\u0259ngilan istiqam\u0259tl\u0259rind\u0259 m\u00fch\u00fcm strateji y\u00fcks\u0259klikl\u0259r i\u015f\u011faldan azad edilmi\u015fdir.<\/p>\n<p>Noyabr\u0131n 8-d\u0259 28 illik h\u0259sr\u0259td\u0259n sonra Az\u0259rbaycan xalq\u0131 \u00fc\u00e7\u00fcn b\u00f6y\u00fck \u0259h\u0259miyy\u0259t k\u0259sb ed\u0259n v\u0259 r\u0259mzi m\u0259na da\u015f\u0131yan \u015eu\u015fa \u015f\u0259h\u0259ri i\u015f\u011faldan azad edilmi\u015fdir. Az\u0259rbaycan\u0131n h\u0259rbi sah\u0259d\u0259 qazand\u0131\u011f\u0131 q\u0259l\u0259b\u0259l\u0259r, x\u00fcsusil\u0259 \u015eu\u015fan\u0131n d\u00fc\u015fm\u0259n i\u015f\u011fal\u0131ndan qurtar\u0131lmas\u0131 m\u00fcharib\u0259nin taleyind\u0259 h\u0259lledici rol oynam\u0131\u015fd\u0131r. B\u00fct\u00fcn bunlar Erm\u0259nistan\u0131n \u00f6z m\u0259\u011flubiyy\u0259tini etiraf etm\u0259si v\u0259 kapitulyasiyas\u0131 il\u0259 n\u0259tic\u0259l\u0259nmi\u015fdir.<\/p>\n<p>Az\u0259rbaycan Respublikas\u0131n\u0131n Prezidenti \u0130lham \u018fliyevin 2020-ci il 3 dekabr tarixli S\u0259rancam\u0131 il\u0259 xalq\u0131m\u0131z\u0131n q\u00fcdr\u0259tinin v\u0259 milli q\u00fcrurumuzun t\u0259nt\u0259n\u0259sin\u0259 \u00e7evril\u0259n, d\u00f6vl\u0259timizin n\u00fcfuzu v\u0259 g\u0259l\u0259c\u0259k inki\u015faf\u0131 bax\u0131m\u0131ndan m\u00fcst\u0259sna \u0259h\u0259miyy\u0259t k\u0259sb ed\u0259n bu misilsiz q\u0259l\u0259b\u0259nin \u0259b\u0259dil\u0259\u015fdirilm\u0259si m\u0259qs\u0259dil\u0259 h\u0259r il noyabr\u0131n 8-i Az\u0259rbaycan Respublikas\u0131nda\u00a0Z\u0259f\u0259r G\u00fcn\u00fc\u00a0kimi t\u0259nt\u0259n\u0259li \u015f\u0259kild\u0259 qeyd edilm\u0259si q\u0259rara al\u0131nm\u0131\u015fd\u0131r.<\/p>\n<p>M\u00fcq\u0259dd\u0259s \u015f\u0259hidlik zirv\u0259sin\u0259 y\u00fcks\u0259l\u0259n soyda\u015flar\u0131m\u0131z\u0131n q\u0259hr\u0259manl\u0131\u011f\u0131 say\u0259sind\u0259 biz Qaraba\u011fa, do\u011fma el-obalar\u0131m\u0131za qay\u0131td\u0131q. Bu g\u00fcn Qaraba\u011f geni\u015fmiqyasl\u0131 tikinti-quruculuq v\u0259 abadl\u0131q meydan\u0131na \u00e7evrilib. Obrazl\u0131 des\u0259k, v\u0259t\u0259n ba\u011f\u0131 al-\u0259lvand\u0131r.<\/p>\n<p>Az\u0259rbaycan m\u00fcst\u0259qil v\u0259 suveren d\u00f6vl\u0259tdir. Bu d\u00f6vl\u0259tin bir k\u0259r\u0259 y\u00fcks\u0259l\u0259n v\u0259 bir daha enm\u0259y\u0259n \u00fc\u00e7r\u0259ngli bayra\u011f\u0131 var. Bayra\u011f\u0131m\u0131z Qaraba\u011fda v\u00fcqarla dal\u011falan\u0131r. Bu m\u0259qamda dahi s\u0259n\u0259tkarlar\u0131m\u0131z B\u0259xtiyar Vahabzad\u0259nin \u201cG\u00fcl\u00fcstan\u201d\u0131, M\u0259h\u0259mm\u0259dh\u00fcseyn \u015e\u0259hriyar\u0131n \u201cAz\u0259rbaycan\u201d\u0131, Zeyn\u0259b Xanlarovan\u0131n \u201cQaraba\u011f\u201d\u0131 yada d\u00fc\u015f\u00fcr. D\u00fcn\u0259nimiz, bug\u00fcn\u00fcm\u00fcz, sabah\u0131m\u0131z yada d\u00fc\u015f\u00fcr.<\/p>\n<p>Memar\u0131 v\u0259 qurucusu Ulu \u00f6nd\u0259r Heyd\u0259r \u018fliyev olan m\u00fcasir v\u0259 yeni Az\u0259rbaycan s\u00fcr\u0259tl\u0259 inki\u015faf edir, b\u00f6y\u00fcy\u00fcr, q\u00fcdr\u0259tl\u0259nir. \u00a0Prezident \u0130lham \u018fliyevin apard\u0131\u011f\u0131 m\u00fcdrik daxili v\u0259 xarici siyas\u0259t Az\u0259rbaycan\u0131 says\u0131z-hesabs\u0131z m\u00f6ht\u0259\u015f\u0259m z\u0259f\u0259rl\u0259r\u0259 apar\u0131r. B\u0259li, biz\u0259 yaln\u0131z v\u0259 yaln\u0131z z\u0259f\u0259r yara\u015f\u0131r. Z\u0259f\u0259rin m\u00fcbar\u0259k, Az\u0259rbaycan!<\/p>\n<p><strong>\u015e\u00fckran Mustafayev,<\/strong><br \/>\n<em>Bak\u0131 \u015f\u0259h\u0259ri 254 n\u00f6mr\u0259li tam orta m\u0259kt\u0259bin direktor m\u00fcavini,<br \/>\nYAP X\u0259tai rayon t\u0259\u015fkilat\u0131n\u0131n \u00fczv\u00fc<\/em><\/p>\n","protected":false},"excerpt":{"rendered":"<p>Az\u0259rbaycan! \u2013 Bu q\u0259dim v\u0259 m\u00fcasir m\u0259ml\u0259k\u0259t, bu b\u00f6y\u00fck v\u0259 b\u00fct\u00f6v \u00f6lk\u0259, bu do\u011fma v\u0259 m\u00fcq\u0259dd\u0259s v\u0259t\u0259n bizim \u00fc\u00e7\u00fcn, h\u0259r bir az\u0259rbaycanl\u0131 \u00fc\u00e7\u00fcn t\u0259kc\u0259 co\u011frafi bir \u0259razi, maddi bir varl\u0131q deyil, h\u0259m d\u0259 m\u0259n\u0259vi-ruhi s\u0259rv\u0259tdir. Bu s\u0259rv\u0259t h\u0259r birimiz \u00fc\u00e7\u00fcn \u00f6l\u00fcm-dirim, var\u0131m-yoxum, \u00fcr\u0259k-k\u00f6n\u00fcl, qan-can m\u0259s\u0259l\u0259sidir. \u00dcmumiyy\u0259tl\u0259, v\u0259t\u0259n, v\u0259t\u0259nda\u015f, d\u00f6vl\u0259t, \u00f6lk\u0259, xalq, mill\u0259t, insan v\u0259 insanl\u0131q anlay\u0131\u015flar\u0131 xalq\u0131m\u0131z\u0131n milli t\u0259f\u0259kk\u00fcr\u00fcnd\u0259 x\u00fcsusi yer tutur. Tariximiz, k\u00f6k\u00fcm\u00fcz, m\u0259d\u0259niyy\u0259timiz, \u0259d\u0259biyyat\u0131m\u0131z, folklorumuz, dini inanclar\u0131m\u0131z, milli ad\u0259t-\u0259n\u0259n\u0259l\u0259rimiz Az\u0259rbaycan insan\u0131n\u0131n t\u0259rbiy\u0259 sistemini, d\u00fcnyag\u00f6r\u00fc\u015f\u00fcn\u00fc, d\u00fc\u015f\u00fcnc\u0259 t\u0259rzini tamamil\u0259 f\u0259rqli formala\u015fd\u0131r\u0131b. Bu bax\u0131mdan d\u00fcnya h\u0259rb tarixind\u0259 x\u00fcsusi hadis\u0259 kimi d\u0259y\u0259rl\u0259ndiril\u0259n&hellip;<\/p>\n","protected":false},"author":2,"featured_media":766306,"comment_status":"closed","ping_status":"closed","sticky":false,"template":"","format":"standard","meta":{"om_disable_all_campaigns":false,"_monsterinsights_skip_tracking":false,"_monsterinsights_sitenote_active":false,"_monsterinsights_sitenote_note":"","_monsterinsights_sitenote_category":0},"categories":[19],"tags":[],"aioseo_notices":[],"gutentor_comment":0,"rttpg_featured_image_url":{"full":["https:\/\/arantv.az\/wp-content\/uploads\/2024\/11\/6e3adb1a166479298224109955410913324.jpg",975,540,false],"landscape":["https:\/\/arantv.az\/wp-content\/uploads\/2024\/11\/6e3adb1a166479298224109955410913324.jpg",975,540,false],"portraits":["https:\/\/arantv.az\/wp-content\/uploads\/2024\/11\/6e3adb1a166479298224109955410913324.jpg",975,540,false],"thumbnail":["https:\/\/arantv.az\/wp-content\/uploads\/2024\/11\/6e3adb1a166479298224109955410913324-500x280.jpg",500,280,true],"medium":["https:\/\/arantv.az\/wp-content\/uploads\/2024\/11\/6e3adb1a166479298224109955410913324-660x365.jpg",660,365,true],"large":["https:\/\/arantv.az\/wp-content\/uploads\/2024\/11\/6e3adb1a166479298224109955410913324-840x465.jpg",640,354,true],"1536x1536":["https:\/\/arantv.az\/wp-content\/uploads\/2024\/11\/6e3adb1a166479298224109955410913324.jpg",975,540,false],"2048x2048":["https:\/\/arantv.az\/wp-content\/uploads\/2024\/11\/6e3adb1a166479298224109955410913324.jpg",975,540,false],"post-thumbnail":["https:\/\/arantv.az\/wp-content\/uploads\/2024\/11\/6e3adb1a166479298224109955410913324-240x172.jpg",240,172,true],"advps-thumb-one":["https:\/\/arantv.az\/wp-content\/uploads\/2024\/11\/6e3adb1a166479298224109955410913324.jpg",975,540,false]},"rttpg_author":{"display_name":"V\u00fcsal Rafiqo\u011flu","author_link":"https:\/\/arantv.az\/?author=2"},"rttpg_comment":0,"rttpg_category":"<a href=\"https:\/\/arantv.az\/?cat=19\" rel=\"category\">G\u00fcnd\u0259m<\/a>","rttpg_excerpt":"Az\u0259rbaycan! \u2013 Bu q\u0259dim v\u0259 m\u00fcasir m\u0259ml\u0259k\u0259t, bu b\u00f6y\u00fck v\u0259 b\u00fct\u00f6v \u00f6lk\u0259, bu do\u011fma v\u0259 m\u00fcq\u0259dd\u0259s v\u0259t\u0259n bizim \u00fc\u00e7\u00fcn, h\u0259r bir az\u0259rbaycanl\u0131 \u00fc\u00e7\u00fcn t\u0259kc\u0259 co\u011frafi bir \u0259razi, maddi bir varl\u0131q deyil, h\u0259m d\u0259 m\u0259n\u0259vi-ruhi s\u0259rv\u0259tdir. Bu s\u0259rv\u0259t h\u0259r birimiz \u00fc\u00e7\u00fcn \u00f6l\u00fcm-dirim, var\u0131m-yoxum, \u00fcr\u0259k-k\u00f6n\u00fcl, qan-can m\u0259s\u0259l\u0259sidir. \u00dcmumiyy\u0259tl\u0259, v\u0259t\u0259n, v\u0259t\u0259nda\u015f, d\u00f6vl\u0259t, \u00f6lk\u0259, xalq, mill\u0259t, insan v\u0259 insanl\u0131q&hellip;","_links":{"self":[{"href":"https:\/\/arantv.az\/index.php?rest_route=\/wp\/v2\/posts\/766302"}],"collection":[{"href":"https:\/\/arantv.az\/index.php?rest_route=\/wp\/v2\/posts"}],"about":[{"href":"https:\/\/arantv.az\/index.php?rest_route=\/wp\/v2\/types\/post"}],"author":[{"embeddable":true,"href":"https:\/\/arantv.az\/index.php?rest_route=\/wp\/v2\/users\/2"}],"replies":[{"embeddable":true,"href":"https:\/\/arantv.az\/index.php?rest_route=%2Fwp%2Fv2%2Fcomments&post=766302"}],"version-history":[{"count":1,"href":"https:\/\/arantv.az\/index.php?rest_route=\/wp\/v2\/posts\/766302\/revisions"}],"predecessor-version":[{"id":766307,"href":"https:\/\/arantv.az\/index.php?rest_route=\/wp\/v2\/posts\/766302\/revisions\/766307"}],"wp:featuredmedia":[{"embeddable":true,"href":"https:\/\/arantv.az\/index.php?rest_route=\/wp\/v2\/media\/766306"}],"wp:attachment":[{"href":"https:\/\/arantv.az\/index.php?rest_route=%2Fwp%2Fv2%2Fmedia&parent=766302"}],"wp:term":[{"taxonomy":"category","embeddable":true,"href":"https:\/\/arantv.az\/index.php?rest_route=%2Fwp%2Fv2%2Fcategories&post=766302"},{"taxonomy":"post_tag","embeddable":true,"href":"https:\/\/arantv.az\/index.php?rest_route=%2Fwp%2Fv2%2Ftags&post=766302"}],"curies":[{"name":"wp","href":"https:\/\/api.w.org\/{rel}","templated":true}]}}