{"id":766317,"date":"2024-11-04T18:33:47","date_gmt":"2024-11-04T14:33:47","guid":{"rendered":"https:\/\/arantv.az\/?p=766317"},"modified":"2024-11-04T18:33:47","modified_gmt":"2024-11-04T14:33:47","slug":"fhn-in-regional-m%c9%99rk%c9%99zl%c9%99rind%c9%99-agac%c9%99km%c9%99-aksiyalari-kecirilib","status":"publish","type":"post","link":"https:\/\/arantv.az\/?p=766317","title":{"rendered":"FHN-in regional m\u0259rk\u0259zl\u0259rind\u0259 a\u011fac\u0259km\u0259 aksiyalar\u0131 ke\u00e7irilib"},"content":{"rendered":"<p>Prezident \u0130lham \u018fliyevin m\u00fcvafiq S\u0259r\u0259ncam\u0131 il\u0259 Az\u0259rbaycanda 2024-c\u00fc ilin elan olundu\u011fu \u201cYa\u015f\u0131l d\u00fcnya namin\u0259 h\u0259mr\u0259ylik ili\u201d \u00e7\u0259r\u00e7iv\u0259sind\u0259 FHN-in \u015eimal v\u0259 G\u0259nc\u0259 Regional m\u0259rk\u0259zl\u0259ri t\u0259r\u0259find\u0259n a\u011fac\u0259km\u0259 aksiyas\u0131 ke\u00e7irilib.<\/p>\n<p>Bu bar\u0259d\u0259\u00a0&#8220;\u0130ki sahil&#8221;\u0259 F\u00f6vq\u0259lad\u0259 Hallar Nazirliyind\u0259n m\u0259lumat verilib.<\/p>\n<p>Regional m\u0259rk\u0259zl\u0259rin \u015f\u0259xsi hey\u0259tinin v\u0259 Nazirliyin regionda yerl\u0259\u015f\u0259n dig\u0259r qurumlar\u0131n\u0131n n\u00fcmay\u0259nd\u0259l\u0259rinin i\u015ftirak etdiyi aksiyalar m\u00fcvafiq olaraq Xa\u00e7maz \u015f\u0259h\u0259ri, Heyd\u0259r \u018fliyev prospektind\u0259 v\u0259 G\u0259nc\u0259 \u015f\u0259h\u0259rind\u0259 yerl\u0259\u015f\u0259n Heyd\u0259r \u018fliyev park-kompleksinin \u0259razisind\u0259 t\u0259\u015fkil olunub.<\/p>\n<p>Aksiyalar \u0259traf m\u00fchitin v\u0259 ekoloji tarazl\u0131\u011f\u0131n qorunmas\u0131na, ya\u015f\u0131ll\u0131qlar\u0131n art\u0131r\u0131lmas\u0131na d\u0259st\u0259k verilm\u0259si, el\u0259c\u0259 d\u0259 v\u0259t\u0259nda\u015flar aras\u0131nda ekoloji m\u0259d\u0259niyy\u0259tin, t\u0259bi\u0259t\u0259 qay\u011f\u0131 hissinin t\u0259bli\u011f edilm\u0259si m\u0259qs\u0259dil\u0259 t\u0259\u015fkil olunub.<\/p>\n<p>A\u011fac\u0259km\u0259 aksiyalar\u0131nda regional m\u0259rk\u0259zl\u0259rin \u0259m\u0259kda\u015flar\u0131 t\u0259r\u0259find\u0259n eldar, s\u0259rv v\u0259 tuya n\u00f6vl\u00fc \u015fam a\u011faclar\u0131 \u0259kilib, onlara m\u00fcvafiq aqrotexniki qulluq g\u00f6st\u0259rilib.<\/p>\n<p>Qeyd ed\u0259k ki, F\u00f6vq\u0259lad\u0259 Hallar Nazirliyi t\u0259r\u0259find\u0259n a\u011fac\u0259km\u0259 aksiyalar\u0131 m\u00fct\u0259madi olaraq t\u0259\u015fkil edilir.<\/p>\n","protected":false},"excerpt":{"rendered":"<p>Prezident \u0130lham \u018fliyevin m\u00fcvafiq S\u0259r\u0259ncam\u0131 il\u0259 Az\u0259rbaycanda 2024-c\u00fc ilin elan olundu\u011fu \u201cYa\u015f\u0131l d\u00fcnya namin\u0259 h\u0259mr\u0259ylik ili\u201d \u00e7\u0259r\u00e7iv\u0259sind\u0259 FHN-in \u015eimal v\u0259 G\u0259nc\u0259 Regional m\u0259rk\u0259zl\u0259ri t\u0259r\u0259find\u0259n a\u011fac\u0259km\u0259 aksiyas\u0131 ke\u00e7irilib. Bu bar\u0259d\u0259\u00a0&#8220;\u0130ki sahil&#8221;\u0259 F\u00f6vq\u0259lad\u0259 Hallar Nazirliyind\u0259n m\u0259lumat verilib. Regional m\u0259rk\u0259zl\u0259rin \u015f\u0259xsi hey\u0259tinin v\u0259 Nazirliyin regionda yerl\u0259\u015f\u0259n dig\u0259r qurumlar\u0131n\u0131n n\u00fcmay\u0259nd\u0259l\u0259rinin i\u015ftirak etdiyi aksiyalar m\u00fcvafiq olaraq Xa\u00e7maz \u015f\u0259h\u0259ri, Heyd\u0259r \u018fliyev prospektind\u0259 v\u0259 G\u0259nc\u0259 \u015f\u0259h\u0259rind\u0259 yerl\u0259\u015f\u0259n Heyd\u0259r \u018fliyev park-kompleksinin \u0259razisind\u0259 t\u0259\u015fkil olunub. Aksiyalar \u0259traf m\u00fchitin v\u0259 ekoloji tarazl\u0131\u011f\u0131n qorunmas\u0131na, ya\u015f\u0131ll\u0131qlar\u0131n art\u0131r\u0131lmas\u0131na d\u0259st\u0259k verilm\u0259si, el\u0259c\u0259 d\u0259 v\u0259t\u0259nda\u015flar aras\u0131nda ekoloji m\u0259d\u0259niyy\u0259tin, t\u0259bi\u0259t\u0259 qay\u011f\u0131 hissinin t\u0259bli\u011f edilm\u0259si m\u0259qs\u0259dil\u0259 t\u0259\u015fkil&hellip;<\/p>\n","protected":false},"author":2,"featured_media":766318,"comment_status":"closed","ping_status":"closed","sticky":false,"template":"","format":"standard","meta":{"om_disable_all_campaigns":false,"_monsterinsights_skip_tracking":false,"_monsterinsights_sitenote_active":false,"_monsterinsights_sitenote_note":"","_monsterinsights_sitenote_category":0},"categories":[10],"tags":[],"aioseo_notices":[],"gutentor_comment":0,"rttpg_featured_image_url":{"full":["https:\/\/arantv.az\/wp-content\/uploads\/2024\/11\/3187b170173071957375964497110187628.jpg",975,540,false],"landscape":["https:\/\/arantv.az\/wp-content\/uploads\/2024\/11\/3187b170173071957375964497110187628.jpg",975,540,false],"portraits":["https:\/\/arantv.az\/wp-content\/uploads\/2024\/11\/3187b170173071957375964497110187628.jpg",975,540,false],"thumbnail":["https:\/\/arantv.az\/wp-content\/uploads\/2024\/11\/3187b170173071957375964497110187628-500x280.jpg",500,280,true],"medium":["https:\/\/arantv.az\/wp-content\/uploads\/2024\/11\/3187b170173071957375964497110187628-660x365.jpg",660,365,true],"large":["https:\/\/arantv.az\/wp-content\/uploads\/2024\/11\/3187b170173071957375964497110187628-840x465.jpg",640,354,true],"1536x1536":["https:\/\/arantv.az\/wp-content\/uploads\/2024\/11\/3187b170173071957375964497110187628.jpg",975,540,false],"2048x2048":["https:\/\/arantv.az\/wp-content\/uploads\/2024\/11\/3187b170173071957375964497110187628.jpg",975,540,false],"post-thumbnail":["https:\/\/arantv.az\/wp-content\/uploads\/2024\/11\/3187b170173071957375964497110187628-240x172.jpg",240,172,true],"advps-thumb-one":["https:\/\/arantv.az\/wp-content\/uploads\/2024\/11\/3187b170173071957375964497110187628.jpg",975,540,false]},"rttpg_author":{"display_name":"V\u00fcsal Rafiqo\u011flu","author_link":"https:\/\/arantv.az\/?author=2"},"rttpg_comment":0,"rttpg_category":"<a href=\"https:\/\/arantv.az\/?cat=10\" rel=\"category\">C\u0259bh\u0259d\u0259n X\u0259b\u0259r<\/a>","rttpg_excerpt":"Prezident \u0130lham \u018fliyevin m\u00fcvafiq S\u0259r\u0259ncam\u0131 il\u0259 Az\u0259rbaycanda 2024-c\u00fc ilin elan olundu\u011fu \u201cYa\u015f\u0131l d\u00fcnya namin\u0259 h\u0259mr\u0259ylik ili\u201d \u00e7\u0259r\u00e7iv\u0259sind\u0259 FHN-in \u015eimal v\u0259 G\u0259nc\u0259 Regional m\u0259rk\u0259zl\u0259ri t\u0259r\u0259find\u0259n a\u011fac\u0259km\u0259 aksiyas\u0131 ke\u00e7irilib. Bu bar\u0259d\u0259\u00a0&#8220;\u0130ki sahil&#8221;\u0259 F\u00f6vq\u0259lad\u0259 Hallar Nazirliyind\u0259n m\u0259lumat verilib. Regional m\u0259rk\u0259zl\u0259rin \u015f\u0259xsi hey\u0259tinin v\u0259 Nazirliyin regionda yerl\u0259\u015f\u0259n dig\u0259r qurumlar\u0131n\u0131n n\u00fcmay\u0259nd\u0259l\u0259rinin i\u015ftirak etdiyi aksiyalar m\u00fcvafiq olaraq Xa\u00e7maz \u015f\u0259h\u0259ri, Heyd\u0259r \u018fliyev&hellip;","_links":{"self":[{"href":"https:\/\/arantv.az\/index.php?rest_route=\/wp\/v2\/posts\/766317"}],"collection":[{"href":"https:\/\/arantv.az\/index.php?rest_route=\/wp\/v2\/posts"}],"about":[{"href":"https:\/\/arantv.az\/index.php?rest_route=\/wp\/v2\/types\/post"}],"author":[{"embeddable":true,"href":"https:\/\/arantv.az\/index.php?rest_route=\/wp\/v2\/users\/2"}],"replies":[{"embeddable":true,"href":"https:\/\/arantv.az\/index.php?rest_route=%2Fwp%2Fv2%2Fcomments&post=766317"}],"version-history":[{"count":2,"href":"https:\/\/arantv.az\/index.php?rest_route=\/wp\/v2\/posts\/766317\/revisions"}],"predecessor-version":[{"id":766320,"href":"https:\/\/arantv.az\/index.php?rest_route=\/wp\/v2\/posts\/766317\/revisions\/766320"}],"wp:featuredmedia":[{"embeddable":true,"href":"https:\/\/arantv.az\/index.php?rest_route=\/wp\/v2\/media\/766318"}],"wp:attachment":[{"href":"https:\/\/arantv.az\/index.php?rest_route=%2Fwp%2Fv2%2Fmedia&parent=766317"}],"wp:term":[{"taxonomy":"category","embeddable":true,"href":"https:\/\/arantv.az\/index.php?rest_route=%2Fwp%2Fv2%2Fcategories&post=766317"},{"taxonomy":"post_tag","embeddable":true,"href":"https:\/\/arantv.az\/index.php?rest_route=%2Fwp%2Fv2%2Ftags&post=766317"}],"curies":[{"name":"wp","href":"https:\/\/api.w.org\/{rel}","templated":true}]}}