{"id":766339,"date":"2024-11-04T18:39:13","date_gmt":"2024-11-04T14:39:13","guid":{"rendered":"https:\/\/arantv.az\/?p=766339"},"modified":"2024-11-04T18:39:13","modified_gmt":"2024-11-04T14:39:13","slug":"aqta-s%c9%99dri-unlu-q%c9%99nnadi-m%c9%99mulatlarinin-istehsali-ixraci-v%c9%99-idxali-sah%c9%99sind%c9%99-f%c9%99aliyy%c9%99t-gost%c9%99r%c9%99n-sahibkarlarla-gorus%c9%99c%c9%99k","status":"publish","type":"post","link":"https:\/\/arantv.az\/?p=766339","title":{"rendered":"AQTA s\u0259dri unlu q\u0259nnad\u0131 m\u0259mulatlar\u0131n\u0131n istehsal\u0131, ixrac\u0131 v\u0259 idxal\u0131 sah\u0259sind\u0259 f\u0259aliyy\u0259t g\u00f6st\u0259r\u0259n sahibkarlarla g\u00f6r\u00fc\u015f\u0259c\u0259k"},"content":{"rendered":"<p>Az\u0259rbaycan Respublikas\u0131 Qida T\u0259hl\u00fck\u0259sizliyi Agentliyinin (AQTA) s\u0259dri Qo\u015fqar T\u0259hm\u0259zli h\u0259r h\u0259ft\u0259nin IV g\u00fcn\u00fc saat 16:00-dan 18:00-d\u0259k Agentliyin inzibati binas\u0131nda v\u0259t\u0259nda\u015flar\u0131 q\u0259bul edir. Qida z\u0259ncirinin b\u00fct\u00fcn m\u0259rh\u0259l\u0259l\u0259rind\u0259 f\u0259aliyy\u0259t g\u00f6st\u0259r\u0259n sahibkarl\u0131q subyektl\u0259ri, o c\u00fcml\u0259d\u0259n qida m\u0259hsullar\u0131n\u0131n istehsal\u0131, emal\u0131, idxal-ixrac\u0131 sah\u0259sind\u0259 \u00e7al\u0131\u015fan \u015f\u0259xsl\u0259r v\u0259 v\u0259t\u0259nda\u015flar onlar\u0131 narahat ed\u0259n m\u0259s\u0259l\u0259l\u0259rl\u0259 ba\u011fl\u0131 AQTA s\u0259dri il\u0259 g\u00f6r\u00fc\u015f\u0259 bil\u0259rl\u0259r. Agentliyin \u0130nformasiya t\u0259minat\u0131 v\u0259 innovativ h\u0259ll\u0259r \u015f\u00f6b\u0259sind\u0259n\u00a0<a class=\"azertac-link\" href=\"https:\/\/azertag.az\/\" target=\"_blank\" rel=\"noopener\">AZ\u018fRTAC<\/a>-a veril\u0259n m\u0259lumata g\u00f6r\u0259, bu \u00e7\u0259r\u00e7iv\u0259d\u0259 n\u00f6vb\u0259ti q\u0259bul bu h\u0259ft\u0259nin IV g\u00fcn\u00fc, noyabr\u0131n 7-d\u0259 unlu q\u0259nnad\u0131 m\u0259mulatlar\u0131n\u0131n istehsal\u0131, ixrac\u0131 v\u0259 idxal\u0131 sah\u0259sind\u0259 f\u0259aliyy\u0259t g\u00f6st\u0259r\u0259n sahibkarlarla ke\u00e7iril\u0259c\u0259k.<\/p>\n<p>G\u00f6r\u00fc\u015fd\u0259 i\u015ftirak etm\u0259k ist\u0259y\u0259n \u015f\u0259xsl\u0259r ad, soyad, f\u0259aliyy\u0259t sah\u0259si, m\u00fcraci\u0259tin m\u0259zmunu v\u0259 telefon n\u00f6mr\u0259l\u0259rini g\u00f6st\u0259rm\u0259kl\u0259\u00a0info@afsa.gov.az\u00a0elektron po\u00e7tu vasit\u0259sil\u0259 m\u00fcraci\u0259t etm\u0259kl\u0259 v\u0259 ya (+994 50) 515 51 87 n\u00f6mr\u0259sin\u0259 z\u0259ng etm\u0259kl\u0259, h\u0259m\u00e7inin vatsap \u00fcz\u0259rind\u0259n \u0259laq\u0259 saxlamaqla q\u0259bula yaz\u0131la bil\u0259rl\u0259r.<\/p>\n","protected":false},"excerpt":{"rendered":"<p>Az\u0259rbaycan Respublikas\u0131 Qida T\u0259hl\u00fck\u0259sizliyi Agentliyinin (AQTA) s\u0259dri Qo\u015fqar T\u0259hm\u0259zli h\u0259r h\u0259ft\u0259nin IV g\u00fcn\u00fc saat 16:00-dan 18:00-d\u0259k Agentliyin inzibati binas\u0131nda v\u0259t\u0259nda\u015flar\u0131 q\u0259bul edir. Qida z\u0259ncirinin b\u00fct\u00fcn m\u0259rh\u0259l\u0259l\u0259rind\u0259 f\u0259aliyy\u0259t g\u00f6st\u0259r\u0259n sahibkarl\u0131q subyektl\u0259ri, o c\u00fcml\u0259d\u0259n qida m\u0259hsullar\u0131n\u0131n istehsal\u0131, emal\u0131, idxal-ixrac\u0131 sah\u0259sind\u0259 \u00e7al\u0131\u015fan \u015f\u0259xsl\u0259r v\u0259 v\u0259t\u0259nda\u015flar onlar\u0131 narahat ed\u0259n m\u0259s\u0259l\u0259l\u0259rl\u0259 ba\u011fl\u0131 AQTA s\u0259dri il\u0259 g\u00f6r\u00fc\u015f\u0259 bil\u0259rl\u0259r. Agentliyin \u0130nformasiya t\u0259minat\u0131 v\u0259 innovativ h\u0259ll\u0259r \u015f\u00f6b\u0259sind\u0259n\u00a0AZ\u018fRTAC-a veril\u0259n m\u0259lumata g\u00f6r\u0259, bu \u00e7\u0259r\u00e7iv\u0259d\u0259 n\u00f6vb\u0259ti q\u0259bul bu h\u0259ft\u0259nin IV g\u00fcn\u00fc, noyabr\u0131n 7-d\u0259 unlu q\u0259nnad\u0131 m\u0259mulatlar\u0131n\u0131n istehsal\u0131, ixrac\u0131 v\u0259 idxal\u0131 sah\u0259sind\u0259 f\u0259aliyy\u0259t g\u00f6st\u0259r\u0259n sahibkarlarla ke\u00e7iril\u0259c\u0259k. G\u00f6r\u00fc\u015fd\u0259 i\u015ftirak etm\u0259k ist\u0259y\u0259n \u015f\u0259xsl\u0259r ad,&hellip;<\/p>\n","protected":false},"author":2,"featured_media":766340,"comment_status":"closed","ping_status":"closed","sticky":false,"template":"","format":"standard","meta":{"om_disable_all_campaigns":false,"_monsterinsights_skip_tracking":false,"_monsterinsights_sitenote_active":false,"_monsterinsights_sitenote_note":"","_monsterinsights_sitenote_category":0},"categories":[1],"tags":[],"aioseo_notices":[],"gutentor_comment":0,"rttpg_featured_image_url":{"full":["https:\/\/arantv.az\/wp-content\/uploads\/2024\/11\/17307161935084753295_1200x630.jpg",923,630,false],"landscape":["https:\/\/arantv.az\/wp-content\/uploads\/2024\/11\/17307161935084753295_1200x630.jpg",923,630,false],"portraits":["https:\/\/arantv.az\/wp-content\/uploads\/2024\/11\/17307161935084753295_1200x630.jpg",923,630,false],"thumbnail":["https:\/\/arantv.az\/wp-content\/uploads\/2024\/11\/17307161935084753295_1200x630-500x280.jpg",500,280,true],"medium":["https:\/\/arantv.az\/wp-content\/uploads\/2024\/11\/17307161935084753295_1200x630-535x365.jpg",535,365,true],"large":["https:\/\/arantv.az\/wp-content\/uploads\/2024\/11\/17307161935084753295_1200x630-840x573.jpg",640,437,true],"1536x1536":["https:\/\/arantv.az\/wp-content\/uploads\/2024\/11\/17307161935084753295_1200x630.jpg",923,630,false],"2048x2048":["https:\/\/arantv.az\/wp-content\/uploads\/2024\/11\/17307161935084753295_1200x630.jpg",923,630,false],"post-thumbnail":["https:\/\/arantv.az\/wp-content\/uploads\/2024\/11\/17307161935084753295_1200x630-240x172.jpg",240,172,true],"advps-thumb-one":["https:\/\/arantv.az\/wp-content\/uploads\/2024\/11\/17307161935084753295_1200x630-923x620.jpg",923,620,true]},"rttpg_author":{"display_name":"V\u00fcsal Rafiqo\u011flu","author_link":"https:\/\/arantv.az\/?author=2"},"rttpg_comment":0,"rttpg_category":"<a href=\"https:\/\/arantv.az\/?cat=1\" rel=\"category\">C\u0259miyy\u0259t<\/a>","rttpg_excerpt":"Az\u0259rbaycan Respublikas\u0131 Qida T\u0259hl\u00fck\u0259sizliyi Agentliyinin (AQTA) s\u0259dri Qo\u015fqar T\u0259hm\u0259zli h\u0259r h\u0259ft\u0259nin IV g\u00fcn\u00fc saat 16:00-dan 18:00-d\u0259k Agentliyin inzibati binas\u0131nda v\u0259t\u0259nda\u015flar\u0131 q\u0259bul edir. Qida z\u0259ncirinin b\u00fct\u00fcn m\u0259rh\u0259l\u0259l\u0259rind\u0259 f\u0259aliyy\u0259t g\u00f6st\u0259r\u0259n sahibkarl\u0131q subyektl\u0259ri, o c\u00fcml\u0259d\u0259n qida m\u0259hsullar\u0131n\u0131n istehsal\u0131, emal\u0131, idxal-ixrac\u0131 sah\u0259sind\u0259 \u00e7al\u0131\u015fan \u015f\u0259xsl\u0259r v\u0259 v\u0259t\u0259nda\u015flar onlar\u0131 narahat ed\u0259n m\u0259s\u0259l\u0259l\u0259rl\u0259 ba\u011fl\u0131 AQTA s\u0259dri il\u0259 g\u00f6r\u00fc\u015f\u0259 bil\u0259rl\u0259r. Agentliyin \u0130nformasiya t\u0259minat\u0131&hellip;","_links":{"self":[{"href":"https:\/\/arantv.az\/index.php?rest_route=\/wp\/v2\/posts\/766339"}],"collection":[{"href":"https:\/\/arantv.az\/index.php?rest_route=\/wp\/v2\/posts"}],"about":[{"href":"https:\/\/arantv.az\/index.php?rest_route=\/wp\/v2\/types\/post"}],"author":[{"embeddable":true,"href":"https:\/\/arantv.az\/index.php?rest_route=\/wp\/v2\/users\/2"}],"replies":[{"embeddable":true,"href":"https:\/\/arantv.az\/index.php?rest_route=%2Fwp%2Fv2%2Fcomments&post=766339"}],"version-history":[{"count":1,"href":"https:\/\/arantv.az\/index.php?rest_route=\/wp\/v2\/posts\/766339\/revisions"}],"predecessor-version":[{"id":766341,"href":"https:\/\/arantv.az\/index.php?rest_route=\/wp\/v2\/posts\/766339\/revisions\/766341"}],"wp:featuredmedia":[{"embeddable":true,"href":"https:\/\/arantv.az\/index.php?rest_route=\/wp\/v2\/media\/766340"}],"wp:attachment":[{"href":"https:\/\/arantv.az\/index.php?rest_route=%2Fwp%2Fv2%2Fmedia&parent=766339"}],"wp:term":[{"taxonomy":"category","embeddable":true,"href":"https:\/\/arantv.az\/index.php?rest_route=%2Fwp%2Fv2%2Fcategories&post=766339"},{"taxonomy":"post_tag","embeddable":true,"href":"https:\/\/arantv.az\/index.php?rest_route=%2Fwp%2Fv2%2Ftags&post=766339"}],"curies":[{"name":"wp","href":"https:\/\/api.w.org\/{rel}","templated":true}]}}