{"id":766371,"date":"2024-11-04T20:22:00","date_gmt":"2024-11-04T16:22:00","guid":{"rendered":"https:\/\/arantv.az\/?p=766371"},"modified":"2024-11-04T20:22:00","modified_gmt":"2024-11-04T16:22:00","slug":"az%c9%99rbaycan-mudafi%c9%99-naziri-slovakiyada-r%c9%99smi-s%c9%99f%c9%99rd%c9%99dir","status":"publish","type":"post","link":"https:\/\/arantv.az\/?p=766371","title":{"rendered":"Az\u0259rbaycan m\u00fcdafi\u0259 naziri Slovakiyada r\u0259smi s\u0259f\u0259rd\u0259dir"},"content":{"rendered":"<div class=\"content lead font-weight-normal\">\n<p>Az\u0259rbaycan Respublikas\u0131n\u0131n m\u00fcdafi\u0259 naziri general-polkovnik Zakir H\u0259s\u0259nov Slovakiya Respublikas\u0131n\u0131n Ba\u015f nazirinin m\u00fcavini v\u0259 m\u00fcdafi\u0259 naziri Robert Kalinak\u0131n d\u0259v\u0259ti il\u0259 bu \u00f6lk\u0259d\u0259 r\u0259smi s\u0259f\u0259rd\u0259dir.<\/p>\n<p><strong>ARANTV.AZ\u00a0 x\u0259b\u0259r verir ki,<\/strong>\u00a0\u00a0s\u0259f\u0259r \u00e7\u0259r\u00e7iv\u0259sind\u0259 general-polkovnik Z.H\u0259s\u0259nov &#8220;Slavin &#8211; \u0130kinci D\u00fcnya M\u00fcharib\u0259si abid\u0259si&#8221;ni ziyar\u0259t edib. Abid\u0259 \u00f6n\u00fcn\u0259 \u0259klil qoyaraq h\u0259lak olanlar\u0131n xatir\u0259l\u0259rin\u0259 ehtiram n\u00fcmayi\u015f etdirib.<\/p>\n<p>Bratislava \u015f\u0259h\u0259rind\u0259 Az\u0259rbaycan m\u00fcdafi\u0259 naziri slovakiyal\u0131 h\u0259mkar\u0131 il\u0259 g\u00f6r\u00fc\u015f\u00fcb.<\/p>\n<p>G\u00f6r\u00fc\u015fd\u0259n \u0259vv\u0259l t\u0259\u015fkil edil\u0259n r\u0259smi qar\u015f\u0131lanma m\u0259rasimind\u0259 m\u00fcdafi\u0259 nazirl\u0259ri f\u0259xri qarovulun \u00f6n\u00fcnd\u0259n ke\u00e7ibl\u0259r. N\u00fcmun\u0259vi h\u0259rbi orkestrin m\u00fc\u015fayi\u0259ti il\u0259 h\u0259r iki \u00f6lk\u0259nin D\u00f6vl\u0259t himnl\u0259ri s\u0259sl\u0259ndirilib.<\/p>\n<p>G\u00f6r\u00fc\u015fd\u0259 Az\u0259rbaycan il\u0259 Slovakiya aras\u0131nda h\u0259rbi \u0259m\u0259kda\u015fl\u0131\u011f\u0131n cari v\u0259ziyy\u0259ti bar\u0259d\u0259 \u0259trafl\u0131 fikir m\u00fcbadil\u0259si apar\u0131l\u0131b, qar\u015f\u0131l\u0131ql\u0131 s\u0259f\u0259rl\u0259rin \u0259h\u0259miyy\u0259ti vur\u011fulan\u0131b. T\u0259r\u0259fl\u0259r, h\u0259m\u00e7inin h\u0259rbi, h\u0259rbi-texniki \u0259m\u0259kda\u015fl\u0131\u011f\u0131n inki\u015faf perspektivl\u0259rini m\u00fczakir\u0259 edibl\u0259r.<\/p>\n<div class=\"clearfix\"><\/div>\n<\/div>\n<div class=\"fotorama--hidden\"><\/div>\n<div id=\"galleryList\" class=\"fotorama fotorama1730737239740\" data-nav=\"thumbs\" data-width=\"100%\" data-thumbwidth=\"90\" data-thumbheight=\"60\" data-allowfullscreen=\"true\" data-autoplay=\"3000\" data-ratio=\"1.5\" data-keyboard=\"true\" data-fit=\"contain\">\n<div class=\"fotorama__wrap fotorama__wrap--css3 fotorama__wrap--slide fotorama__wrap--toggle-arrows fotorama__wrap--no-controls\">\n<div class=\"fotorama__stage fotorama__pointer\">\n<div class=\"fotorama__fullscreen-icon\" tabindex=\"0\" role=\"button\"><\/div>\n<div class=\"fotorama__stage__shaft\">\n<div class=\"fotorama__stage__frame fotorama__loaded fotorama__loaded--img fotorama__active\"><img class=\"fotorama__img\" src=\"https:\/\/ikisahil.az\/photo\/0x0_2\/upload\/gallery\/2024\/11\/04\/-cd506ab1173073149850353682710056698.jpg\" \/><\/div>\n<div class=\"fotorama__stage__frame fotorama__loaded fotorama__loaded--img\"><img class=\"fotorama__img\" src=\"https:\/\/ikisahil.az\/photo\/0x0_2\/upload\/gallery\/2024\/11\/04\/-1359aa93173073149853972562210448488.jpg\" \/><\/div>\n<div class=\"fotorama__stage__frame fotorama__loaded fotorama__loaded--img\"><img class=\"fotorama__img\" src=\"https:\/\/ikisahil.az\/photo\/0x0_2\/upload\/gallery\/2024\/11\/04\/-fe45e322173073149854343983010692468.jpg\" \/><\/div>\n<\/div>\n<div class=\"fotorama__arr fotorama__arr--prev\" tabindex=\"0\" role=\"button\"><\/div>\n<div class=\"fotorama__arr fotorama__arr--next fotorama__arr--disabled\" tabindex=\"-1\" role=\"button\"><\/div>\n<div class=\"fotorama__video-close\"><\/div>\n<\/div>\n<div class=\"fotorama__nav-wrap\">\n<div class=\"fotorama__nav fotorama__nav--thumbs\">\n<div class=\"fotorama__nav__shaft\">\n<div class=\"fotorama__thumb-border\"><\/div>\n<div class=\"fotorama__nav__frame fotorama__nav__frame--thumb\" tabindex=\"0\" role=\"button\">\n<div class=\"fotorama__thumb fotorama__loaded fotorama__loaded--img\"><img class=\"fotorama__img\" src=\"https:\/\/ikisahil.az\/photo\/150x100_2\/upload\/gallery\/2024\/11\/04\/-1359aa93173073149853972562210448488.jpg\" \/><\/div>\n<\/div>\n<div class=\"fotorama__nav__frame fotorama__nav__frame--thumb\" tabindex=\"0\" role=\"button\">\n<div class=\"fotorama__thumb fotorama__loaded fotorama__loaded--img\"><img class=\"fotorama__img\" src=\"https:\/\/ikisahil.az\/photo\/150x100_2\/upload\/gallery\/2024\/11\/04\/-cd506ab1173073149850353682710056698.jpg\" \/><\/div>\n<\/div>\n<div class=\"fotorama__nav__frame fotorama__nav__frame--thumb fotorama__active\" tabindex=\"0\" role=\"button\">\n<div class=\"fotorama__thumb fotorama__loaded fotorama__loaded--img\"><img class=\"fotorama__img\" src=\"https:\/\/ikisahil.az\/photo\/150x100_2\/upload\/gallery\/2024\/11\/04\/-fe45e322173073149854343983010692468.jpg\" \/><\/div>\n<\/div>\n<\/div>\n<\/div>\n<\/div>\n<\/div>\n<\/div>\n<div class=\"sharing my-2 row no-gutters d-print-none\"><\/div>\n<div class=\"d-none d-sm-block\"><\/div>\n","protected":false},"excerpt":{"rendered":"<p>Az\u0259rbaycan Respublikas\u0131n\u0131n m\u00fcdafi\u0259 naziri general-polkovnik Zakir H\u0259s\u0259nov Slovakiya Respublikas\u0131n\u0131n Ba\u015f nazirinin m\u00fcavini v\u0259 m\u00fcdafi\u0259 naziri Robert Kalinak\u0131n d\u0259v\u0259ti il\u0259 bu \u00f6lk\u0259d\u0259 r\u0259smi s\u0259f\u0259rd\u0259dir. ARANTV.AZ\u00a0 x\u0259b\u0259r verir ki,\u00a0\u00a0s\u0259f\u0259r \u00e7\u0259r\u00e7iv\u0259sind\u0259 general-polkovnik Z.H\u0259s\u0259nov &#8220;Slavin &#8211; \u0130kinci D\u00fcnya M\u00fcharib\u0259si abid\u0259si&#8221;ni ziyar\u0259t edib. Abid\u0259 \u00f6n\u00fcn\u0259 \u0259klil qoyaraq h\u0259lak olanlar\u0131n xatir\u0259l\u0259rin\u0259 ehtiram n\u00fcmayi\u015f etdirib. Bratislava \u015f\u0259h\u0259rind\u0259 Az\u0259rbaycan m\u00fcdafi\u0259 naziri slovakiyal\u0131 h\u0259mkar\u0131 il\u0259 g\u00f6r\u00fc\u015f\u00fcb. G\u00f6r\u00fc\u015fd\u0259n \u0259vv\u0259l t\u0259\u015fkil edil\u0259n r\u0259smi qar\u015f\u0131lanma m\u0259rasimind\u0259 m\u00fcdafi\u0259 nazirl\u0259ri f\u0259xri qarovulun \u00f6n\u00fcnd\u0259n ke\u00e7ibl\u0259r. N\u00fcmun\u0259vi h\u0259rbi orkestrin m\u00fc\u015fayi\u0259ti il\u0259 h\u0259r iki \u00f6lk\u0259nin D\u00f6vl\u0259t himnl\u0259ri s\u0259sl\u0259ndirilib. G\u00f6r\u00fc\u015fd\u0259 Az\u0259rbaycan il\u0259 Slovakiya aras\u0131nda h\u0259rbi \u0259m\u0259kda\u015fl\u0131\u011f\u0131n cari v\u0259ziyy\u0259ti&hellip;<\/p>\n","protected":false},"author":2,"featured_media":766372,"comment_status":"closed","ping_status":"closed","sticky":false,"template":"","format":"standard","meta":{"om_disable_all_campaigns":false,"_monsterinsights_skip_tracking":false,"_monsterinsights_sitenote_active":false,"_monsterinsights_sitenote_note":"","_monsterinsights_sitenote_category":0},"categories":[10],"tags":[],"aioseo_notices":[],"gutentor_comment":0,"rttpg_featured_image_url":{"full":["https:\/\/arantv.az\/wp-content\/uploads\/2024\/11\/85ef8e89173073148049067883210048472.jpg",975,540,false],"landscape":["https:\/\/arantv.az\/wp-content\/uploads\/2024\/11\/85ef8e89173073148049067883210048472.jpg",975,540,false],"portraits":["https:\/\/arantv.az\/wp-content\/uploads\/2024\/11\/85ef8e89173073148049067883210048472.jpg",975,540,false],"thumbnail":["https:\/\/arantv.az\/wp-content\/uploads\/2024\/11\/85ef8e89173073148049067883210048472-500x280.jpg",500,280,true],"medium":["https:\/\/arantv.az\/wp-content\/uploads\/2024\/11\/85ef8e89173073148049067883210048472-660x365.jpg",660,365,true],"large":["https:\/\/arantv.az\/wp-content\/uploads\/2024\/11\/85ef8e89173073148049067883210048472-840x465.jpg",640,354,true],"1536x1536":["https:\/\/arantv.az\/wp-content\/uploads\/2024\/11\/85ef8e89173073148049067883210048472.jpg",975,540,false],"2048x2048":["https:\/\/arantv.az\/wp-content\/uploads\/2024\/11\/85ef8e89173073148049067883210048472.jpg",975,540,false],"post-thumbnail":["https:\/\/arantv.az\/wp-content\/uploads\/2024\/11\/85ef8e89173073148049067883210048472-240x172.jpg",240,172,true],"advps-thumb-one":["https:\/\/arantv.az\/wp-content\/uploads\/2024\/11\/85ef8e89173073148049067883210048472.jpg",975,540,false]},"rttpg_author":{"display_name":"V\u00fcsal Rafiqo\u011flu","author_link":"https:\/\/arantv.az\/?author=2"},"rttpg_comment":0,"rttpg_category":"<a href=\"https:\/\/arantv.az\/?cat=10\" rel=\"category\">C\u0259bh\u0259d\u0259n X\u0259b\u0259r<\/a>","rttpg_excerpt":"Az\u0259rbaycan Respublikas\u0131n\u0131n m\u00fcdafi\u0259 naziri general-polkovnik Zakir H\u0259s\u0259nov Slovakiya Respublikas\u0131n\u0131n Ba\u015f nazirinin m\u00fcavini v\u0259 m\u00fcdafi\u0259 naziri Robert Kalinak\u0131n d\u0259v\u0259ti il\u0259 bu \u00f6lk\u0259d\u0259 r\u0259smi s\u0259f\u0259rd\u0259dir. ARANTV.AZ\u00a0 x\u0259b\u0259r verir ki,\u00a0\u00a0s\u0259f\u0259r \u00e7\u0259r\u00e7iv\u0259sind\u0259 general-polkovnik Z.H\u0259s\u0259nov &#8220;Slavin &#8211; \u0130kinci D\u00fcnya M\u00fcharib\u0259si abid\u0259si&#8221;ni ziyar\u0259t edib. Abid\u0259 \u00f6n\u00fcn\u0259 \u0259klil qoyaraq h\u0259lak olanlar\u0131n xatir\u0259l\u0259rin\u0259 ehtiram n\u00fcmayi\u015f etdirib. Bratislava \u015f\u0259h\u0259rind\u0259 Az\u0259rbaycan m\u00fcdafi\u0259 naziri slovakiyal\u0131 h\u0259mkar\u0131&hellip;","_links":{"self":[{"href":"https:\/\/arantv.az\/index.php?rest_route=\/wp\/v2\/posts\/766371"}],"collection":[{"href":"https:\/\/arantv.az\/index.php?rest_route=\/wp\/v2\/posts"}],"about":[{"href":"https:\/\/arantv.az\/index.php?rest_route=\/wp\/v2\/types\/post"}],"author":[{"embeddable":true,"href":"https:\/\/arantv.az\/index.php?rest_route=\/wp\/v2\/users\/2"}],"replies":[{"embeddable":true,"href":"https:\/\/arantv.az\/index.php?rest_route=%2Fwp%2Fv2%2Fcomments&post=766371"}],"version-history":[{"count":1,"href":"https:\/\/arantv.az\/index.php?rest_route=\/wp\/v2\/posts\/766371\/revisions"}],"predecessor-version":[{"id":766373,"href":"https:\/\/arantv.az\/index.php?rest_route=\/wp\/v2\/posts\/766371\/revisions\/766373"}],"wp:featuredmedia":[{"embeddable":true,"href":"https:\/\/arantv.az\/index.php?rest_route=\/wp\/v2\/media\/766372"}],"wp:attachment":[{"href":"https:\/\/arantv.az\/index.php?rest_route=%2Fwp%2Fv2%2Fmedia&parent=766371"}],"wp:term":[{"taxonomy":"category","embeddable":true,"href":"https:\/\/arantv.az\/index.php?rest_route=%2Fwp%2Fv2%2Fcategories&post=766371"},{"taxonomy":"post_tag","embeddable":true,"href":"https:\/\/arantv.az\/index.php?rest_route=%2Fwp%2Fv2%2Ftags&post=766371"}],"curies":[{"name":"wp","href":"https:\/\/api.w.org\/{rel}","templated":true}]}}