{"id":766377,"date":"2024-11-04T21:10:19","date_gmt":"2024-11-04T17:10:19","guid":{"rendered":"https:\/\/arantv.az\/?p=766377"},"modified":"2024-11-04T21:10:19","modified_gmt":"2024-11-04T17:10:19","slug":"etibarnam%c9%99-il%c9%99-bagli-%c9%99n%c9%99n%c9%99vi-problem-h%c9%99ll-olundu-video","status":"publish","type":"post","link":"https:\/\/arantv.az\/?p=766377","title":{"rendered":"Etibarnam\u0259 il\u0259 ba\u011fl\u0131 \u0259n\u0259n\u0259vi problem h\u0259ll olundu &#8211; V\u0130DEO"},"content":{"rendered":"<div class=\"text-content\" data-id=\"\" data-url=\"\">\n<p><strong>Etibarnam\u0259 il\u0259 avtomobil idar\u0259 ed\u0259nl\u0259rin \u00fczl\u0259\u015fdiyi \u0259n\u0259n\u0259vi problem \u00f6z h\u0259llini tap\u0131b.<\/strong><\/p>\n<p>\u0130ndiy\u0259d\u0259k inzibati x\u0259talarla ba\u011fl\u0131 c\u0259rim\u0259l\u0259r sonuncu etibarnam\u0259 veril\u0259n \u015f\u0259xsin ad\u0131na g\u0259lirdis\u0259, bu, daha bel\u0259 olmayacaq.<\/p>\n<p>Bel\u0259 ki, Daxili \u0130\u015fl\u0259r Nazirliyinin \u201ce-polis\u201d t\u0259tbiqi vasit\u0259sil\u0259 etibarnam\u0259 il\u0259 avtomobili idar\u0259 ed\u0259c\u0259yiniz tarixl\u0259ri se\u00e7\u0259 v\u0259 bununla ba\u011fl\u0131 m\u00fcraci\u0259t \u00fcnvanlaya bil\u0259rsiniz.<\/p>\n<p>Bir g\u00fcn sonra t\u0259sdiql\u0259n\u0259n m\u00fcraci\u0259td\u0259 s\u00fcr\u00fcc\u00fc, etibarnam\u0259 il\u0259 avtomobili idar\u0259 ed\u0259c\u0259yi tarix aral\u0131\u011f\u0131n\u0131 se\u00e7ir. Etibarnam\u0259 il\u0259 avtomobili idar\u0259 ed\u0259n \u015f\u0259xs qeyd olunan m\u00fcdd\u0259td\u0259 inzibati x\u0259ta t\u00f6r\u0259tm\u0259yibs\u0259, ondan sonrak\u0131 tarixl\u0259rin m\u0259suliyy\u0259tini da\u015f\u0131mam\u0131\u015f olur.<\/p>\n<p>Bir s\u00f6zl\u0259, avtomobil sahibi kim\u0259s\u0259 n\u0259qliyyat vasit\u0259sini etibarnam\u0259 il\u0259 veribs\u0259, art\u0131q n\u0259qliyyat vasit\u0259sini idar\u0259 ed\u0259n \u015f\u0259xs h\u0259min m\u00fcdd\u0259ti \u00f6z\u00fc t\u0259yin ed\u0259 bil\u0259r. Bu zaman t\u00f6r\u0259dil\u0259n inzibati x\u0259talar h\u0259min avtomobil sahibinin yox, s\u00fcr\u00fcc\u00fcn\u00fcn ad\u0131na r\u0259smil\u0259\u015f\u0259c\u0259k.\/\/Qafqazinfo<\/p>\n<p><iframe loading=\"lazy\" src=\"https:\/\/qafqazinfo.bax.tv\/embed\/202601.html?utm_source=playerden&amp;utm_medium=paylasim&amp;utm_campaign=son-xeberler\" width=\"250%\" height=\"480\" frameborder=\"0\" allowfullscreen=\"allowfullscreen\" data-mce-fragment=\"1\"><\/iframe><\/p>\n<\/div>\n<div><\/div>\n<div><\/div>\n<div class=\"inner-social-box\">\n<div class=\"subs-in-social subs-whatsapp\"><\/div>\n<\/div>\n","protected":false},"excerpt":{"rendered":"<p>Etibarnam\u0259 il\u0259 avtomobil idar\u0259 ed\u0259nl\u0259rin \u00fczl\u0259\u015fdiyi \u0259n\u0259n\u0259vi problem \u00f6z h\u0259llini tap\u0131b. \u0130ndiy\u0259d\u0259k inzibati x\u0259talarla ba\u011fl\u0131 c\u0259rim\u0259l\u0259r sonuncu etibarnam\u0259 veril\u0259n \u015f\u0259xsin ad\u0131na g\u0259lirdis\u0259, bu, daha bel\u0259 olmayacaq. Bel\u0259 ki, Daxili \u0130\u015fl\u0259r Nazirliyinin \u201ce-polis\u201d t\u0259tbiqi vasit\u0259sil\u0259 etibarnam\u0259 il\u0259 avtomobili idar\u0259 ed\u0259c\u0259yiniz tarixl\u0259ri se\u00e7\u0259 v\u0259 bununla ba\u011fl\u0131 m\u00fcraci\u0259t \u00fcnvanlaya bil\u0259rsiniz. Bir g\u00fcn sonra t\u0259sdiql\u0259n\u0259n m\u00fcraci\u0259td\u0259 s\u00fcr\u00fcc\u00fc, etibarnam\u0259 il\u0259 avtomobili idar\u0259 ed\u0259c\u0259yi tarix aral\u0131\u011f\u0131n\u0131 se\u00e7ir. Etibarnam\u0259 il\u0259 avtomobili idar\u0259 ed\u0259n \u015f\u0259xs qeyd olunan m\u00fcdd\u0259td\u0259 inzibati x\u0259ta t\u00f6r\u0259tm\u0259yibs\u0259, ondan sonrak\u0131 tarixl\u0259rin m\u0259suliyy\u0259tini da\u015f\u0131mam\u0131\u015f olur. Bir s\u00f6zl\u0259, avtomobil sahibi kim\u0259s\u0259 n\u0259qliyyat vasit\u0259sini etibarnam\u0259 il\u0259 veribs\u0259, art\u0131q&hellip;<\/p>\n","protected":false},"author":2,"featured_media":766378,"comment_status":"closed","ping_status":"closed","sticky":false,"template":"","format":"standard","meta":{"om_disable_all_campaigns":false,"_monsterinsights_skip_tracking":false,"_monsterinsights_sitenote_active":false,"_monsterinsights_sitenote_note":"","_monsterinsights_sitenote_category":0},"categories":[1],"tags":[],"aioseo_notices":[],"gutentor_comment":0,"rttpg_featured_image_url":{"full":["https:\/\/arantv.az\/wp-content\/uploads\/2024\/11\/a1674687f7f37e145c1bbe010221eb1b.jpg",637,400,false],"landscape":["https:\/\/arantv.az\/wp-content\/uploads\/2024\/11\/a1674687f7f37e145c1bbe010221eb1b.jpg",637,400,false],"portraits":["https:\/\/arantv.az\/wp-content\/uploads\/2024\/11\/a1674687f7f37e145c1bbe010221eb1b.jpg",637,400,false],"thumbnail":["https:\/\/arantv.az\/wp-content\/uploads\/2024\/11\/a1674687f7f37e145c1bbe010221eb1b-500x280.jpg",500,280,true],"medium":["https:\/\/arantv.az\/wp-content\/uploads\/2024\/11\/a1674687f7f37e145c1bbe010221eb1b-581x365.jpg",581,365,true],"large":["https:\/\/arantv.az\/wp-content\/uploads\/2024\/11\/a1674687f7f37e145c1bbe010221eb1b.jpg",637,400,false],"1536x1536":["https:\/\/arantv.az\/wp-content\/uploads\/2024\/11\/a1674687f7f37e145c1bbe010221eb1b.jpg",637,400,false],"2048x2048":["https:\/\/arantv.az\/wp-content\/uploads\/2024\/11\/a1674687f7f37e145c1bbe010221eb1b.jpg",637,400,false],"post-thumbnail":["https:\/\/arantv.az\/wp-content\/uploads\/2024\/11\/a1674687f7f37e145c1bbe010221eb1b-240x172.jpg",240,172,true],"advps-thumb-one":["https:\/\/arantv.az\/wp-content\/uploads\/2024\/11\/a1674687f7f37e145c1bbe010221eb1b.jpg",637,400,false]},"rttpg_author":{"display_name":"V\u00fcsal Rafiqo\u011flu","author_link":"https:\/\/arantv.az\/?author=2"},"rttpg_comment":0,"rttpg_category":"<a href=\"https:\/\/arantv.az\/?cat=1\" rel=\"category\">C\u0259miyy\u0259t<\/a>","rttpg_excerpt":"Etibarnam\u0259 il\u0259 avtomobil idar\u0259 ed\u0259nl\u0259rin \u00fczl\u0259\u015fdiyi \u0259n\u0259n\u0259vi problem \u00f6z h\u0259llini tap\u0131b. \u0130ndiy\u0259d\u0259k inzibati x\u0259talarla ba\u011fl\u0131 c\u0259rim\u0259l\u0259r sonuncu etibarnam\u0259 veril\u0259n \u015f\u0259xsin ad\u0131na g\u0259lirdis\u0259, bu, daha bel\u0259 olmayacaq. Bel\u0259 ki, Daxili \u0130\u015fl\u0259r Nazirliyinin \u201ce-polis\u201d t\u0259tbiqi vasit\u0259sil\u0259 etibarnam\u0259 il\u0259 avtomobili idar\u0259 ed\u0259c\u0259yiniz tarixl\u0259ri se\u00e7\u0259 v\u0259 bununla ba\u011fl\u0131 m\u00fcraci\u0259t \u00fcnvanlaya bil\u0259rsiniz. Bir g\u00fcn sonra t\u0259sdiql\u0259n\u0259n m\u00fcraci\u0259td\u0259 s\u00fcr\u00fcc\u00fc, etibarnam\u0259 il\u0259&hellip;","_links":{"self":[{"href":"https:\/\/arantv.az\/index.php?rest_route=\/wp\/v2\/posts\/766377"}],"collection":[{"href":"https:\/\/arantv.az\/index.php?rest_route=\/wp\/v2\/posts"}],"about":[{"href":"https:\/\/arantv.az\/index.php?rest_route=\/wp\/v2\/types\/post"}],"author":[{"embeddable":true,"href":"https:\/\/arantv.az\/index.php?rest_route=\/wp\/v2\/users\/2"}],"replies":[{"embeddable":true,"href":"https:\/\/arantv.az\/index.php?rest_route=%2Fwp%2Fv2%2Fcomments&post=766377"}],"version-history":[{"count":2,"href":"https:\/\/arantv.az\/index.php?rest_route=\/wp\/v2\/posts\/766377\/revisions"}],"predecessor-version":[{"id":766380,"href":"https:\/\/arantv.az\/index.php?rest_route=\/wp\/v2\/posts\/766377\/revisions\/766380"}],"wp:featuredmedia":[{"embeddable":true,"href":"https:\/\/arantv.az\/index.php?rest_route=\/wp\/v2\/media\/766378"}],"wp:attachment":[{"href":"https:\/\/arantv.az\/index.php?rest_route=%2Fwp%2Fv2%2Fmedia&parent=766377"}],"wp:term":[{"taxonomy":"category","embeddable":true,"href":"https:\/\/arantv.az\/index.php?rest_route=%2Fwp%2Fv2%2Fcategories&post=766377"},{"taxonomy":"post_tag","embeddable":true,"href":"https:\/\/arantv.az\/index.php?rest_route=%2Fwp%2Fv2%2Ftags&post=766377"}],"curies":[{"name":"wp","href":"https:\/\/api.w.org\/{rel}","templated":true}]}}