{"id":766381,"date":"2024-11-04T21:11:25","date_gmt":"2024-11-04T17:11:25","guid":{"rendered":"https:\/\/arantv.az\/?p=766381"},"modified":"2024-11-04T21:11:25","modified_gmt":"2024-11-04T17:11:25","slug":"ceyhun-bayramovla-fuad-huseyn-arasinda-muhum-danisiq-yaxin-s%c9%99rqd%c9%99-v%c9%99ziyy%c9%99t","status":"publish","type":"post","link":"https:\/\/arantv.az\/?p=766381","title":{"rendered":"Ceyhun Bayramovla Fuad H\u00fcseyn aras\u0131nda M\u00dcH\u00dcM DANI\u015eIQ &#8211; Yax\u0131n \u015e\u0259rqd\u0259 v\u0259ziyy\u0259t&#8230;"},"content":{"rendered":"<p><strong>Az\u0259rbaycan\u0131n xarici i\u015fl\u0259r naziri Ceyhun Bayramov il\u0259 \u0130raq\u0131n Ba\u015f nazirinin m\u00fcavini v\u0259 xarici i\u015fl\u0259r naziri Fuad H\u00fcseyn aras\u0131nda telefon dan\u0131\u015f\u0131\u011f\u0131 ba\u015f tutub.<\/strong><\/p>\n<p>Bu bar\u0259d\u0259\u00a0<strong>Musavat.com<\/strong>-a Az\u0259rbaycan\u0131n Xarici \u0130\u015fl\u0259r Nazirliyind\u0259n m\u0259lumat verilib.<\/p>\n<p>Bildirilib ki, telefon dan\u0131\u015f\u0131\u011f\u0131 zaman\u0131 Yax\u0131n \u015e\u0259rqd\u0259 cari regional v\u0259ziyy\u0259t, b\u00f6lg\u0259d\u0259 artan g\u0259rginlik, habel\u0259 iki \u00f6lk\u0259 aras\u0131nda ikit\u0259r\u0259fli v\u0259 \u00e7oxt\u0259r\u0259fli \u0259m\u0259kda\u015fl\u0131q m\u0259s\u0259l\u0259l\u0259ri m\u00fczakir\u0259 olunub.<\/p>\n<p>Nazir Fuad H\u00fcseyn b\u00f6lg\u0259d\u0259ki son inki\u015faflar bar\u0259d\u0259 \u0259trafl\u0131 m\u0259lumat ver\u0259r\u0259k, m\u00fcnaqi\u015f\u0259nin geni\u015fl\u0259nm\u0259sinin ciddi narahatl\u0131q do\u011furdu\u011funu diqq\u0259t\u0259 \u00e7atd\u0131r\u0131b.<\/p>\n<p>Qar\u015f\u0131 t\u0259r\u0259f bir ne\u00e7\u0259 g\u00fcn sonra \u00f6lk\u0259mizin ev sahibliyi ed\u0259c\u0259yi BMT-nin \u0130qlim D\u0259yi\u015fm\u0259l\u0259ri \u00fczr\u0259 \u00c7\u0259r\u00e7iv\u0259 Konvensiyas\u0131n\u0131n T\u0259r\u0259fl\u0259r Konfrans\u0131n\u0131n 29-cu sessiyas\u0131na (COP29) son haz\u0131rl\u0131q i\u015fl\u0259ri il\u0259 ba\u011fl\u0131 m\u0259lumatland\u0131r\u0131l\u0131b, m\u00fcmk\u00fcn \u0259m\u0259kda\u015fl\u0131q sah\u0259l\u0259rin\u0259 toxunulub.<\/p>\n<p>G\u00f6r\u00fc\u015fd\u0259 h\u0259m\u00e7inin qar\u015f\u0131l\u0131ql\u0131 maraq do\u011furan dig\u0259r m\u0259s\u0259l\u0259l\u0259r \u0259traf\u0131nda fikir m\u00fcbadil\u0259si apar\u0131l\u0131b.<\/p>\n","protected":false},"excerpt":{"rendered":"<p>Az\u0259rbaycan\u0131n xarici i\u015fl\u0259r naziri Ceyhun Bayramov il\u0259 \u0130raq\u0131n Ba\u015f nazirinin m\u00fcavini v\u0259 xarici i\u015fl\u0259r naziri Fuad H\u00fcseyn aras\u0131nda telefon dan\u0131\u015f\u0131\u011f\u0131 ba\u015f tutub. Bu bar\u0259d\u0259\u00a0Musavat.com-a Az\u0259rbaycan\u0131n Xarici \u0130\u015fl\u0259r Nazirliyind\u0259n m\u0259lumat verilib. Bildirilib ki, telefon dan\u0131\u015f\u0131\u011f\u0131 zaman\u0131 Yax\u0131n \u015e\u0259rqd\u0259 cari regional v\u0259ziyy\u0259t, b\u00f6lg\u0259d\u0259 artan g\u0259rginlik, habel\u0259 iki \u00f6lk\u0259 aras\u0131nda ikit\u0259r\u0259fli v\u0259 \u00e7oxt\u0259r\u0259fli \u0259m\u0259kda\u015fl\u0131q m\u0259s\u0259l\u0259l\u0259ri m\u00fczakir\u0259 olunub. Nazir Fuad H\u00fcseyn b\u00f6lg\u0259d\u0259ki son inki\u015faflar bar\u0259d\u0259 \u0259trafl\u0131 m\u0259lumat ver\u0259r\u0259k, m\u00fcnaqi\u015f\u0259nin geni\u015fl\u0259nm\u0259sinin ciddi narahatl\u0131q do\u011furdu\u011funu diqq\u0259t\u0259 \u00e7atd\u0131r\u0131b. Qar\u015f\u0131 t\u0259r\u0259f bir ne\u00e7\u0259 g\u00fcn sonra \u00f6lk\u0259mizin ev sahibliyi ed\u0259c\u0259yi BMT-nin \u0130qlim D\u0259yi\u015fm\u0259l\u0259ri \u00fczr\u0259 \u00c7\u0259r\u00e7iv\u0259 Konvensiyas\u0131n\u0131n T\u0259r\u0259fl\u0259r Konfrans\u0131n\u0131n 29-cu&hellip;<\/p>\n","protected":false},"author":2,"featured_media":766382,"comment_status":"closed","ping_status":"closed","sticky":false,"template":"","format":"standard","meta":{"om_disable_all_campaigns":false,"_monsterinsights_skip_tracking":false,"_monsterinsights_sitenote_active":false,"_monsterinsights_sitenote_note":"","_monsterinsights_sitenote_category":0},"categories":[4],"tags":[],"aioseo_notices":[],"gutentor_comment":0,"rttpg_featured_image_url":{"full":["https:\/\/arantv.az\/wp-content\/uploads\/2024\/11\/929b0976bee7ef343d4e17dfc8027149.jpg",850,500,false],"landscape":["https:\/\/arantv.az\/wp-content\/uploads\/2024\/11\/929b0976bee7ef343d4e17dfc8027149.jpg",850,500,false],"portraits":["https:\/\/arantv.az\/wp-content\/uploads\/2024\/11\/929b0976bee7ef343d4e17dfc8027149.jpg",850,500,false],"thumbnail":["https:\/\/arantv.az\/wp-content\/uploads\/2024\/11\/929b0976bee7ef343d4e17dfc8027149-500x280.jpg",500,280,true],"medium":["https:\/\/arantv.az\/wp-content\/uploads\/2024\/11\/929b0976bee7ef343d4e17dfc8027149-621x365.jpg",621,365,true],"large":["https:\/\/arantv.az\/wp-content\/uploads\/2024\/11\/929b0976bee7ef343d4e17dfc8027149-840x494.jpg",640,376,true],"1536x1536":["https:\/\/arantv.az\/wp-content\/uploads\/2024\/11\/929b0976bee7ef343d4e17dfc8027149.jpg",850,500,false],"2048x2048":["https:\/\/arantv.az\/wp-content\/uploads\/2024\/11\/929b0976bee7ef343d4e17dfc8027149.jpg",850,500,false],"post-thumbnail":["https:\/\/arantv.az\/wp-content\/uploads\/2024\/11\/929b0976bee7ef343d4e17dfc8027149-240x172.jpg",240,172,true],"advps-thumb-one":["https:\/\/arantv.az\/wp-content\/uploads\/2024\/11\/929b0976bee7ef343d4e17dfc8027149.jpg",850,500,false]},"rttpg_author":{"display_name":"V\u00fcsal Rafiqo\u011flu","author_link":"https:\/\/arantv.az\/?author=2"},"rttpg_comment":0,"rttpg_category":"<a href=\"https:\/\/arantv.az\/?cat=4\" rel=\"category\">Siyas\u0259t<\/a>","rttpg_excerpt":"Az\u0259rbaycan\u0131n xarici i\u015fl\u0259r naziri Ceyhun Bayramov il\u0259 \u0130raq\u0131n Ba\u015f nazirinin m\u00fcavini v\u0259 xarici i\u015fl\u0259r naziri Fuad H\u00fcseyn aras\u0131nda telefon dan\u0131\u015f\u0131\u011f\u0131 ba\u015f tutub. Bu bar\u0259d\u0259\u00a0Musavat.com-a Az\u0259rbaycan\u0131n Xarici \u0130\u015fl\u0259r Nazirliyind\u0259n m\u0259lumat verilib. Bildirilib ki, telefon dan\u0131\u015f\u0131\u011f\u0131 zaman\u0131 Yax\u0131n \u015e\u0259rqd\u0259 cari regional v\u0259ziyy\u0259t, b\u00f6lg\u0259d\u0259 artan g\u0259rginlik, habel\u0259 iki \u00f6lk\u0259 aras\u0131nda ikit\u0259r\u0259fli v\u0259 \u00e7oxt\u0259r\u0259fli \u0259m\u0259kda\u015fl\u0131q m\u0259s\u0259l\u0259l\u0259ri m\u00fczakir\u0259 olunub. Nazir&hellip;","_links":{"self":[{"href":"https:\/\/arantv.az\/index.php?rest_route=\/wp\/v2\/posts\/766381"}],"collection":[{"href":"https:\/\/arantv.az\/index.php?rest_route=\/wp\/v2\/posts"}],"about":[{"href":"https:\/\/arantv.az\/index.php?rest_route=\/wp\/v2\/types\/post"}],"author":[{"embeddable":true,"href":"https:\/\/arantv.az\/index.php?rest_route=\/wp\/v2\/users\/2"}],"replies":[{"embeddable":true,"href":"https:\/\/arantv.az\/index.php?rest_route=%2Fwp%2Fv2%2Fcomments&post=766381"}],"version-history":[{"count":1,"href":"https:\/\/arantv.az\/index.php?rest_route=\/wp\/v2\/posts\/766381\/revisions"}],"predecessor-version":[{"id":766383,"href":"https:\/\/arantv.az\/index.php?rest_route=\/wp\/v2\/posts\/766381\/revisions\/766383"}],"wp:featuredmedia":[{"embeddable":true,"href":"https:\/\/arantv.az\/index.php?rest_route=\/wp\/v2\/media\/766382"}],"wp:attachment":[{"href":"https:\/\/arantv.az\/index.php?rest_route=%2Fwp%2Fv2%2Fmedia&parent=766381"}],"wp:term":[{"taxonomy":"category","embeddable":true,"href":"https:\/\/arantv.az\/index.php?rest_route=%2Fwp%2Fv2%2Fcategories&post=766381"},{"taxonomy":"post_tag","embeddable":true,"href":"https:\/\/arantv.az\/index.php?rest_route=%2Fwp%2Fv2%2Ftags&post=766381"}],"curies":[{"name":"wp","href":"https:\/\/api.w.org\/{rel}","templated":true}]}}