{"id":766653,"date":"2024-11-06T07:46:32","date_gmt":"2024-11-06T03:46:32","guid":{"rendered":"https:\/\/arantv.az\/?p=766653"},"modified":"2024-11-06T07:46:32","modified_gmt":"2024-11-06T03:46:32","slug":"etibarli-t%c9%99m%c9%99l-xalqlarimiz-arasinda-d%c9%99rin-tarixi-v%c9%99-m%c9%99n%c9%99vi-%c9%99laq%c9%99l%c9%99r%c9%99-%c9%99saslanir-az%c9%99rbaycan-qirgizistan","status":"publish","type":"post","link":"https:\/\/arantv.az\/?p=766653","title":{"rendered":"Etibarl\u0131 t\u0259m\u0259l xalqlar\u0131m\u0131z aras\u0131nda d\u0259rin tarixi v\u0259 m\u0259n\u0259vi \u0259laq\u0259l\u0259r\u0259 \u0259saslan\u0131r &#8211; Az\u0259rbaycan-Q\u0131r\u011f\u0131z\u0131stan"},"content":{"rendered":"<p><em><strong>D\u00f6vl\u0259t ba\u015f\u00e7\u0131s\u0131 \u0130lham \u018fliyevin T\u00fcrk D\u00f6vl\u0259tl\u0259ri T\u0259\u015fkilat\u0131 D\u00f6vl\u0259t Ba\u015f\u00e7\u0131lar\u0131n\u0131n 11-ci Zirv\u0259 g\u00f6r\u00fc\u015f\u00fcnd\u0259 i\u015ftirak etm\u0259k \u00fc\u00e7\u00fcn Q\u0131r\u011f\u0131z Respublikas\u0131na s\u0259f\u0259ri \u00fcmumilikd\u0259 t\u00fcrk d\u00fcnyas\u0131n\u0131n birliyin\u0259 verdiyi davaml\u0131 t\u00f6hf\u0259l\u0259rin t\u0259qdimat\u0131d\u0131r<\/strong><\/em><\/p>\n<p>Tarixi Z\u0259f\u0259rimizd\u0259n, suverenliyimizin tam b\u0259rpas\u0131ndan sonra Az\u0259rbaycan\u0131n xarici siyas\u0259t u\u011furlar\u0131 biri-birini \u0259v\u0259zl\u0259yir. \u0130kit\u0259r\u0259fli v\u0259 \u00e7oxt\u0259r\u0259fli \u00e7\u0259r\u00e7iv\u0259d\u0259 \u0259laq\u0259l\u0259rin yeni prioritetl\u0259r \u00fczr\u0259 inki\u015faf etdirilm\u0259si \u00f6lk\u0259mizin beyn\u0259lxalq m\u00fcnasib\u0259tl\u0259r sistemind\u0259 artan roluna, m\u00f6hk\u0259ml\u0259n\u0259n m\u00f6vqeyin\u0259 i\u015f\u0131q sal\u0131r. T\u00fcrk D\u00f6vl\u0259tl\u0259ri T\u0259\u015fkilat\u0131, h\u0259m\u00e7inin quruma \u00fczv d\u00f6vl\u0259tl\u0259r aras\u0131nda \u0259laq\u0259l\u0259r y\u00fcks\u0259l\u0259n x\u0259tl\u0259 inki\u015faf edir. C\u0259nab \u0130lham \u018fliyev daim bu reall\u0131\u011f\u0131 diqq\u0259t\u0259 \u00e7atd\u0131r\u0131r ki, Az\u0259rbaycan h\u0259mi\u015f\u0259 t\u00fcrk d\u00fcnyas\u0131n\u0131n s\u0131x birl\u0259\u015fm\u0259sin\u0259 \u00f6z t\u00f6hf\u0259sini verib v\u0259 bundan sonra da t\u00fcrk d\u00fcnyas\u0131n\u0131n birliyi amallar\u0131na sadiq qalacaq. 2009-cu ild\u0259 Nax\u00e7\u0131van Zirv\u0259 g\u00f6r\u00fc\u015f\u00fcnd\u0259n ba\u015flayaraq t\u0259\u015fkilat b\u00f6y\u00fck inki\u015faf yolu ke\u00e7ib. T\u00fcrk d\u00fcnyas\u0131 200 milyondan \u00e7ox insan\u0131n ya\u015fad\u0131\u011f\u0131 geni\u015f bir co\u011frafiyan\u0131 \u0259hat\u0259 edir v\u0259 b\u00f6y\u00fck iqtisadi potensiala, enerji resurslar\u0131na, n\u0259qliyyat yollar\u0131na v\u0259 m\u00fcasir h\u0259rbi imkanlara malikdir. C\u0259nab \u0130lham \u018fliyev, eyni zamanda, bildirir ki, t\u00fcrk d\u00fcnyas\u0131 b\u00f6y\u00fck bir ail\u0259dir. Bir-birimizin milli maraqlar\u0131n\u0131 n\u0259z\u0259r\u0259 alaraq bundan sonra da qar\u015f\u0131l\u0131ql\u0131 d\u0259st\u0259k v\u0259 h\u0259mr\u0259ylik g\u00f6st\u0259rm\u0259liyik. Siyasi, iqtisadi, ticari, m\u0259d\u0259ni, n\u0259qliyyat, energetika, r\u0259q\u0259msal transformasiya, k\u0259nd t\u0259s\u0259rr\u00fcfat\u0131, turizm sah\u0259l\u0259ri il\u0259 yana\u015f\u0131, t\u0259hl\u00fck\u0259sizlik, m\u00fcdafi\u0259, m\u00fcdafi\u0259 s\u0259nayesi kimi sah\u0259l\u0259rd\u0259 d\u0259 \u0259m\u0259kda\u015fl\u0131\u011f\u0131m\u0131z\u0131 f\u0259alla\u015fd\u0131rmal\u0131y\u0131q.<\/p>\n<p><img src=\"https:\/\/ikisahil.az\/upload\/\/2024\/11\/05\/\/-d88518ac17308213193514114481058872.jpg\" alt=\"\" \/><\/p>\n<p>Prezident \u0130lham \u018fliyevin t\u00fcrkdilli \u00f6lk\u0259l\u0259r\u0259, onlar\u0131n d\u00f6vl\u0259t ba\u015f\u00e7\u0131lar\u0131n\u0131n Az\u0259rbaycana qar\u015f\u0131l\u0131ql\u0131 s\u0259f\u0259rl\u0259ri art\u0131q davaml\u0131 xarakter al\u0131b. C\u0259nab \u0130lham \u018fliyevin noyabr\u0131n 5-d\u0259 T\u00fcrk D\u00f6vl\u0259tl\u0259ri T\u0259\u015fkilat\u0131 D\u00f6vl\u0259t Ba\u015f\u00e7\u0131lar\u0131n\u0131n 11-ci Zirv\u0259 g\u00f6r\u00fc\u015f\u00fcnd\u0259 i\u015ftirak etm\u0259k \u00fc\u00e7\u00fcn Q\u0131r\u011f\u0131z Respublikas\u0131na s\u0259f\u0259ri d\u0259 bunun t\u0259rkib hiss\u0259sidir. Onu da qeyd ed\u0259k ki, bu ilin aprelind\u0259 Q\u0131r\u011f\u0131z\u0131stan Prezidenti Sad\u0131r Japarovun \u00f6lk\u0259miz\u0259 r\u0259smi s\u0259f\u0259ri olmu\u015fdu.<\/p>\n<p>H\u0259r bir s\u0259f\u0259r m\u00fcnasib\u0259tl\u0259rd\u0259 yeni s\u0259hif\u0259nin ba\u015flan\u011f\u0131c\u0131d\u0131r. Bel\u0259 ki, ke\u00e7iril\u0259n g\u00f6r\u00fc\u015fl\u0259rd\u0259 m\u00fczakir\u0259 edil\u0259n m\u0259s\u0259l\u0259l\u0259r, \u00fcmumi m\u00f6vqenin ortaya qoyulmas\u0131, qar\u015f\u0131dak\u0131 d\u00f6vr \u00fc\u00e7\u00fcn m\u00fc\u0259yy\u0259nl\u0259\u015fdiril\u0259n h\u0259d\u0259fl\u0259r \u0259laq\u0259l\u0259rin g\u0259l\u0259c\u0259k inki\u015faf\u0131na stimuldur. D\u00f6vl\u0259t ba\u015f\u00e7\u0131s\u0131 \u0130lham \u018fliyev v\u0259 Q\u0131r\u011f\u0131z\u0131stan Prezidentinin m\u0259tbuata birg\u0259 b\u0259yanatlar\u0131nda iki \u00f6lk\u0259 aras\u0131nda \u0259laq\u0259l\u0259rin d\u00fcn\u0259nin\u0259, bu g\u00fcn\u00fcn\u0259 bir daha n\u0259z\u0259r sal\u0131naraq qar\u015f\u0131dak\u0131 d\u00f6vr\u00fcn h\u0259d\u0259fl\u0259ri a\u00e7\u0131qland\u0131. \u00ab\u018fmin\u0259m ki, bu s\u0259f\u0259r v\u0259 onun n\u0259tic\u0259l\u0259ri qar\u015f\u0131l\u0131ql\u0131 f\u0259aliyy\u0259timizin m\u00f6hk\u0259ml\u0259ndirilm\u0259si, ticar\u0259t d\u00f6vriyy\u0259sinin artmas\u0131 v\u0259 b\u00fct\u00fcn istiqam\u0259tl\u0259r \u00fczr\u0259 \u0259m\u0259kda\u015fl\u0131\u011fa dair praktiki m\u00fcst\u0259vid\u0259 \u00f6z\u00fcn\u00fc ayd\u0131n \u015f\u0259kild\u0259 g\u00f6st\u0259r\u0259c\u0259k\u00bb s\u00f6yl\u0259y\u0259n c\u0259nab \u0130lham \u018fliyev bildirmi\u015fdir ki, bizim h\u0259r il qar\u015f\u0131l\u0131ql\u0131 s\u0259f\u0259rl\u0259rin h\u0259yata ke\u00e7irilm\u0259si \u00fczr\u0259 yax\u015f\u0131 \u0259n\u0259n\u0259miz formala\u015f\u0131b. D\u00f6vl\u0259timizin ba\u015f\u00e7\u0131s\u0131 h\u0259m 2023, h\u0259m d\u0259 2022-ci ild\u0259 bel\u0259 qar\u015f\u0131l\u0131ql\u0131 s\u0259f\u0259rl\u0259rin realla\u015fd\u0131\u011f\u0131n\u0131 diqq\u0259t\u0259 \u00e7atd\u0131rm\u0131\u015fd\u0131r. Onu da qeyd ed\u0259k ki, bu ilin iyul ay\u0131nda Qaraba\u011f\u0131n tac\u0131 \u015eu\u015fada T\u00fcrk D\u00f6vl\u0259tl\u0259ri T\u0259\u015fkilat\u0131n\u0131n D\u00f6vl\u0259t Ba\u015f\u00e7\u0131lar\u0131n\u0131n qeyri-r\u0259smi Zirv\u0259 g\u00f6r\u00fc\u015f\u00fc ke\u00e7irildi. Bu t\u0259\u015f\u0259bb\u00fcs\u00fcn m\u00fc\u0259llifi m\u0259hz d\u00f6vl\u0259timizin ba\u015f\u00e7\u0131s\u0131 \u0130lham \u018fliyevdir. T\u00fcrk d\u00fcnyas\u0131n\u0131n birliyinin t\u0259min edilm\u0259sind\u0259 bel\u0259 g\u00f6r\u00fc\u015fl\u0259rin rolu x\u00fcsusi qeyd olunur. H\u0259m\u00e7inin yax\u0131n g\u00fcnl\u0259rd\u0259 Az\u0259rbaycan\u0131n ev sahibliyi ed\u0259c\u0259yi COP29 t\u0259dbiri d\u0259 i\u015ftirak\u00e7\u0131 \u00f6lk\u0259l\u0259ri bir araya g\u0259tirm\u0259kl\u0259 yana\u015f\u0131, onlar\u0131n m\u00fc\u0259yy\u0259n m\u0259s\u0259l\u0259l\u0259r \u0259traf\u0131nda fikir m\u00fcbadil\u0259si aparmalar\u0131na geni\u015f imkanlar yaradacaq. Bu bax\u0131mdan t\u00fcrk d\u00f6vl\u0259tl\u0259rinin liderl\u0259rinin g\u00f6r\u00fc\u015fl\u0259ri olacaq. H\u0259r bir g\u00f6r\u00fc\u015f qar\u015f\u0131l\u0131ql\u0131 f\u0259aliyy\u0259tin, \u00fcnsiyy\u0259timizin g\u00fccl\u0259ndirilm\u0259si, el\u0259c\u0259 d\u0259 ikit\u0259r\u0259fli v\u0259 \u00e7oxt\u0259r\u0259fli \u0259m\u0259kda\u015fl\u0131\u011f\u0131n m\u00fch\u00fcm m\u0259s\u0259l\u0259l\u0259rinin h\u0259lli bax\u0131m\u0131ndan \u0259h\u0259miyy\u0259tli v\u0259 d\u0259y\u0259rlidir.<\/p>\n<p>Q\u0131r\u011f\u0131z\u0131stan Prezidentinin bu il \u00f6lk\u0259miz\u0259 s\u0259f\u0259ri \u00e7\u0259r\u00e7iv\u0259sind\u0259 Az\u0259rbaycan v\u0259 Q\u0131r\u011f\u0131z\u0131stan D\u00f6vl\u0259tl\u0259raras\u0131 \u015euras\u0131n\u0131n 2-ci iclas\u0131 ke\u00e7irilmi\u015fdi. Bir daha qeyd edilmi\u015fdi ki, qarda\u015f \u00f6lk\u0259l\u0259rimiz aras\u0131nda m\u00fcnasib\u0259tl\u0259r m\u00f6hk\u0259m b\u00fcn\u00f6vr\u0259 &#8211; xalqlar\u0131m\u0131z\u0131n d\u0259rin tarixi v\u0259 m\u0259n\u0259vi \u0259laq\u0259l\u0259ri \u00fcz\u0259rind\u0259 qurulub. Q\u0131r\u011f\u0131z\u0131stan il\u0259 Az\u0259rbaycan aras\u0131nda strateji t\u0259r\u0259fda\u015fl\u0131\u011f\u0131n m\u00fcnt\u0259z\u0259m sur\u0259td\u0259 davam etm\u0259si bax\u0131m\u0131ndan bu s\u0259f\u0259r\u0259 b\u00f6y\u00fck \u0259h\u0259miyy\u0259t verilir. Q\u0131r\u011f\u0131z\u0131stan g\u0259l\u0259c\u0259kd\u0259 d\u0259 d\u00f6vl\u0259tl\u0259raras\u0131 m\u00fcnasib\u0259tl\u0259rin y\u00fcks\u0259k s\u0259viyy\u0259d\u0259 v\u0259 h\u00f6kum\u0259tl\u0259raras\u0131, regionlararas\u0131 v\u0259 g\u0259l\u0259c\u0259k \u0259m\u0259kda\u015fl\u0131q mexanizml\u0259ri \u00fczr\u0259 sonrak\u0131 inki\u015faf\u0131na haz\u0131rd\u0131r.<\/p>\n<p>H\u0259r bir s\u0259f\u0259rin \u0259h\u0259miyy\u0259tini v\u0259 g\u0259l\u0259c\u0259kd\u0259 \u0259laq\u0259l\u0259rin inki\u015faf\u0131nda n\u0259 kimi rol oynayaca\u011f\u0131n\u0131 t\u0259sdiql\u0259y\u0259n m\u00fch\u00fcm m\u0259qamlardan biri d\u0259 s\u0259n\u0259dl\u0259rin imzalanmas\u0131d\u0131r. Az\u0259rbaycan il\u0259 Q\u0131r\u011f\u0131z\u0131stan aras\u0131nda geni\u015f m\u00fcqavil\u0259-h\u00fcquq bazas\u0131 m\u00f6vcuddur v\u0259 indiy\u0259d\u0259k 105 s\u0259n\u0259d imzalan\u0131b. Bu s\u0259n\u0259dl\u0259r iki \u00f6lk\u0259 aras\u0131nda iqtisadi, siyasi, m\u0259d\u0259ni v\u0259 humanitar sah\u0259l\u0259rd\u0259 \u0259m\u0259kda\u015fl\u0131\u011f\u0131n inki\u015faf\u0131n\u0131 t\u0259nziml\u0259yir. Qeyd ed\u0259k ki, Q\u0131r\u011f\u0131z\u0131stan Prezidentinin bu il Az\u0259rbaycana s\u0259f\u0259ri zaman\u0131 18 s\u0259n\u0259d imzalanm\u0131\u015fd\u0131. \u0130mzalanan s\u0259n\u0259dl\u0259r ikit\u0259r\u0259fli m\u00fcnasib\u0259tl\u0259rin g\u0259l\u0259c\u0259k inki\u015faf\u0131n\u0131 m\u00fc\u0259yy\u0259n edir. Onlardan h\u0259r biri b\u00f6y\u00fck \u0259h\u0259miyy\u0259t k\u0259sb edir. Az\u0259rbaycan Prezidenti \u0130lham \u018fliyev v\u0259 Q\u0131r\u011f\u0131z Respublikas\u0131n\u0131n Prezidenti Sad\u0131r Japarov D\u00f6vl\u0259tl\u0259raras\u0131 \u015euras\u0131n\u0131n ikinci iclas\u0131n\u0131n Q\u0259rar\u0131n\u0131 v\u0259 Birg\u0259 B\u0259yannam\u0259ni imzalam\u0131\u015fd\u0131lar. Bu m\u00fch\u00fcm s\u0259n\u0259d bir daha t\u0259sdiql\u0259di ki, Az\u0259rbaycan il\u0259 Q\u0131r\u011f\u0131z\u0131stan aras\u0131nda strateji m\u00fcnasib\u0259tl\u0259r daha d\u0259rin xarakter\u0259 malikdir.<\/p>\n<p>Az\u0259rbaycan\u0131 v\u0259 M\u0259rk\u0259zi Asiyan\u0131 \u0259srl\u0259r boyu \u0259m\u0259kda\u015fl\u0131q v\u0259 dostluq m\u00fcnasib\u0259tl\u0259ri birl\u0259\u015fdirir. \u018fn \u00f6n\u0259mlisi \u0259n\u0259n\u0259vi t\u0259r\u0259fda\u015flar\u0131m\u0131zla, qarda\u015f \u00f6lk\u0259l\u0259rl\u0259 m\u00fcnasib\u0259tl\u0259rimiz u\u011furla inki\u015faf edir. Q\u0131r\u011f\u0131z Respublikas\u0131 il\u0259 d\u0259 \u0259m\u0259kda\u015fl\u0131q x\u00fcsusi \u0259h\u0259miyy\u0259t da\u015f\u0131y\u0131r. Haz\u0131rda iki \u00f6lk\u0259 aras\u0131nda \u0259laq\u0259l\u0259r strateji t\u0259r\u0259fda\u015fl\u0131q s\u0259viyy\u0259sin\u0259 y\u00fcks\u0259lib. 2022-ci ild\u0259 Q\u0131r\u011f\u0131z\u0131stan Prezidenti Sad\u0131r Japarovun \u00f6lk\u0259miz\u0259 r\u0259smi s\u0259f\u0259ri zaman\u0131 \u201cAz\u0259rbaycan Respublikas\u0131 v\u0259 Q\u0131r\u011f\u0131z Respublikas\u0131 aras\u0131nda Strateji T\u0259r\u0259fda\u015fl\u0131q haqq\u0131nda B\u0259yannam\u0259\u201d imzalanm\u0131\u015fd\u0131. S\u0259f\u0259r \u00e7\u0259r\u00e7iv\u0259sind\u0259 m\u0259tbuata b\u0259yanatla \u00e7\u0131x\u0131\u015f ed\u0259n Q\u0131r\u011f\u0131z Respublikas\u0131n\u0131n Prezidenti Sad\u0131r Japarov bildirmi\u015fdir ki, bizim h\u0259d\u0259fimiz beyn\u0259lxalq m\u0259kanlarda f\u0259al qar\u015f\u0131l\u0131ql\u0131 \u0259laq\u0259, siyasi dialoqun m\u00f6hk\u0259ml\u0259nm\u0259si, daha s\u0131x iqtisadi \u0259laq\u0259l\u0259r yarad\u0131lmas\u0131 v\u0259 inki\u015faf etdirilm\u0259si, iri investisiya layih\u0259l\u0259rinin birg\u0259 h\u0259yata ke\u00e7irilm\u0259si, habel\u0259 humanitar \u0259m\u0259kda\u015fl\u0131\u011f\u0131n daha da geni\u015fl\u0259ndirilm\u0259sidir. \u018flb\u0259tt\u0259, bu, etibarl\u0131 t\u0259m\u0259l, xalqlar\u0131m\u0131z aras\u0131nda d\u0259rin tarixi v\u0259 m\u0259n\u0259vi \u0259laq\u0259l\u0259r olmadan m\u00fcmk\u00fcn olmazd\u0131. Sad\u0131r Japarov bu m\u00fch\u00fcm m\u0259qam\u0131 da x\u00fcsusi qeyd etmi\u015fdir ki, bu g\u00fcn d\u00fcnyada ba\u015f ver\u0259n d\u0259rin d\u0259yi\u015fiklikl\u0259r yeni tipli m\u00fcnasib\u0259tl\u0259r qurmaq, onlar\u0131 daha humanist etm\u0259k, l\u0259yaq\u0259t v\u0259 \u015f\u0259r\u0259f kimi \u0259z\u0259li t\u00fcrk d\u0259y\u0259rl\u0259rini \u0259sas g\u00f6t\u00fcrm\u0259k \u00fc\u00e7\u00fcn tarixi \u015fans verir. T\u00fcrk m\u0259kan\u0131nda bu yeni m\u00fcnasib\u0259tl\u0259r yeni d\u00f6vr\u00fcn d\u00f6vl\u0259tl\u0259raras\u0131 qar\u015f\u0131l\u0131ql\u0131 m\u00fcnasib\u0259tl\u0259rinin n\u00fcmun\u0259si olmal\u0131d\u0131r. Az\u0259rbaycan Prezidenti \u0130lham \u018fliyevin bizim bax\u0131\u015flar\u0131m\u0131za \u015f\u0259rik olmas\u0131n\u0131 v\u0259 onlar\u0131 tamamil\u0259 d\u0259st\u0259kl\u0259m\u0259sini d\u0259rk etm\u0259k m\u0259n\u0259 b\u00f6y\u00fck m\u0259mnunluq verir. O da bildirildi ki, m\u00fcr\u0259kk\u0259b d\u00f6vrl\u0259rd\u0259 g\u00fccl\u00fc liderl\u0259r t\u0259l\u0259b olunur. \u00d6z \u00f6lk\u0259sini daha g\u00fccl\u00fc, d\u00fcnyan\u0131 is\u0259 daha yax\u015f\u0131 etm\u0259k \u00fc\u00e7\u00fcn m\u0259suliyy\u0259t onlar\u0131n \u00fcz\u0259rin\u0259 d\u00fc\u015f\u00fcr: \u00abBuna g\u00f6r\u0259 d\u0259 f\u00fcrs\u0259td\u0259n istifad\u0259 edib Prezident \u018fliyev\u0259 s\u0259mimi q\u0259lbd\u0259n h\u0259r bir i\u015find\u0259 u\u011furlar, Az\u0259rbaycan xalq\u0131n\u0131n rifah\u0131 v\u0259 \u00fcmumb\u0259\u015f\u0259ri d\u0259y\u0259rl\u0259r namin\u0259 ali m\u0259qs\u0259dl\u0259r\u0259 \u00e7atmaq \u00fc\u00e7\u00fcn t\u00fck\u0259nm\u0259z enerji arzu etm\u0259k ist\u0259rdim. Biz bu d\u0259y\u0259rl\u0259r \u0259sas\u0131nda az\u0259rbaycanl\u0131 qarda\u015flar\u0131m\u0131zla s\u0259m\u0259r\u0259li i\u015f\u0259 haz\u0131r\u0131q v\u0259 inan\u0131r\u0131q ki, birlikd\u0259 b\u00fct\u00fcn \u00e7\u0259tinlikl\u0259ri aradan qald\u0131racaq, daha yax\u015f\u0131 d\u00fcnya qurulmas\u0131na \u00f6z t\u00f6hf\u0259mizi ver\u0259c\u0259yik. Bunun \u00fc\u00e7\u00fcn bizim h\u0259r c\u00fcr \u015f\u0259raitimiz var.\u00bb<\/p>\n<p>\u0130ki \u00f6lk\u0259nin beyn\u0259lxalq t\u0259\u015fkilatlarda da birg\u0259 f\u0259aliyy\u0259ti y\u00fcks\u0259k s\u0259viyy\u0259d\u0259dir. Bu f\u0259aliyy\u0259t siyasi, iqtisadi v\u0259 m\u0259d\u0259ni \u0259laq\u0259l\u0259rin d\u0259rinl\u0259\u015fm\u0259sin\u0259, eyni zamanda, qar\u015f\u0131l\u0131ql\u0131 etimad\u0131n g\u00fccl\u0259nm\u0259sin\u0259 k\u00f6m\u0259k edir. Bel\u0259likl\u0259, Az\u0259rbaycan v\u0259 Q\u0131r\u011f\u0131z\u0131stan regiondak\u0131 bir \u00e7ox m\u0259s\u0259l\u0259l\u0259rin h\u0259llind\u0259 birg\u0259 m\u00f6vqe n\u00fcmayi\u015f etdir\u0259r\u0259k, m\u00fcnaqi\u015f\u0259l\u0259rin aradan qald\u0131r\u0131lmas\u0131na v\u0259 s\u00fclh\u00fcn t\u0259min edilm\u0259sin\u0259 y\u00f6n\u0259lmi\u015f add\u0131mlar at\u0131rlar. Bu \u0259m\u0259kda\u015fl\u0131q, eyni zamanda, m\u00fcasir \u00e7a\u011f\u0131r\u0131\u015flar qar\u015f\u0131s\u0131nda iki \u00f6lk\u0259nin birg\u0259 strateji planlar\u0131n\u0131 h\u0259yata ke\u00e7irm\u0259sin\u0259, h\u0259m\u00e7inin qlobal probleml\u0259r\u0259 dair daha geni\u015f m\u00fczakir\u0259l\u0259rd\u0259 i\u015ftirak etm\u0259l\u0259rin\u0259 imkan yarad\u0131r. \u00dcmumil\u0259\u015fdirilmi\u015f \u015f\u0259kild\u0259 qeyd ets\u0259k, Az\u0259rbaycan-Q\u0131r\u011f\u0131z\u0131stan ikit\u0259r\u0259fli \u0259m\u0259kda\u015fl\u0131\u011f\u0131 beyn\u0259lxalq m\u00fcst\u0259vid\u0259 h\u0259r iki d\u00f6vl\u0259tin n\u00fcfuzunu art\u0131raraq, regional sabitliyin g\u00fccl\u0259nm\u0259sin\u0259 d\u0259st\u0259k verir.<\/p>\n<p>\u00d6lk\u0259l\u0259rimiz iqtisadi \u0259laq\u0259l\u0259rini inki\u015faf etdirm\u0259k istiqam\u0259tind\u0259 d\u0259 \u00f6n\u0259mli add\u0131mlar at\u0131r. Haz\u0131rda Az\u0259rbaycanda 70-d\u0259n \u00e7ox Q\u0131r\u011f\u0131z\u0131stan \u015firk\u0259ti f\u0259aliyy\u0259t g\u00f6st\u0259rir. 2022-ci ild\u0259 iqtisadi \u0259m\u0259kda\u015fl\u0131\u011f\u0131 geni\u015fl\u0259ndirm\u0259k \u00fc\u00e7\u00fcn Az\u0259rbaycan-Q\u0131r\u011f\u0131z \u0130nki\u015faf Fondu t\u0259sis edilib. \u0130ki \u00f6lk\u0259 aras\u0131ndak\u0131 \u015e\u0259rq-Q\u0259rb Beyn\u0259lxalq N\u0259qliyyat D\u0259hlizi v\u0259 Transx\u0259z\u0259r Beyn\u0259lxalq N\u0259qliyyat Mar\u015frutu il\u0259 y\u00fckda\u015f\u0131malar \u0259m\u0259kda\u015fl\u0131\u011f\u0131n iqtisadi sah\u0259d\u0259 geni\u015fl\u0259ndiyini g\u00f6st\u0259rir.<\/p>\n<p>Eyni zamanda, AZAL t\u0259r\u0259find\u0259n 2024-c\u00fc ild\u0259n etibar\u0259n Bak\u0131-Bi\u015fkek-Bak\u0131 mar\u015frutu \u00fczr\u0259 h\u0259ft\u0259d\u0259 bir d\u0259f\u0259 m\u00fcnt\u0259z\u0259m u\u00e7u\u015flar\u0131n h\u0259yata ke\u00e7irilm\u0259si iki \u00f6lk\u0259 aras\u0131nda biznes m\u00fchitinin daha da inki\u015faf etm\u0259sin\u0259, investorlar\u0131n v\u0259 turistl\u0259rin h\u0259r iki \u00f6lk\u0259y\u0259 g\u0259li\u015fini asanla\u015fd\u0131raraq ticar\u0259t d\u00f6vriyy\u0259sinin artmas\u0131na k\u00f6m\u0259k edir. Q\u0131r\u011f\u0131z\u0131stan\u0131n Az\u0259rbaycana ixrac etdiyi k\u0259nd t\u0259s\u0259rr\u00fcfat\u0131 m\u0259hsullar\u0131, habel\u0259 Az\u0259rbaycan\u0131n Q\u0131r\u011f\u0131z\u0131stana yat\u0131rd\u0131\u011f\u0131 investisiyalar ticar\u0259t d\u00f6vriyy\u0259sinin artmas\u0131na v\u0259 m\u00fc\u015ft\u0259r\u0259k iqtisadi layih\u0259l\u0259rin icras\u0131na \u015f\u0259rait yarad\u0131r. Bununla yana\u015f\u0131, iki \u00f6lk\u0259nin biznes forumlar\u0131n v\u0259 s\u0259rgil\u0259rin t\u0259\u015fkili \u00f6z\u0259l sektorun qar\u015f\u0131l\u0131ql\u0131 \u0259laq\u0259l\u0259rinin g\u00fccl\u0259nm\u0259sin\u0259 v\u0259 investisiya m\u00fchitinin daha da c\u0259lbedici olmas\u0131na xidm\u0259t edir. N\u0259tic\u0259d\u0259, Az\u0259rbaycan v\u0259 Q\u0131r\u011f\u0131z\u0131stan aras\u0131nda iqtisadi \u0259m\u0259kda\u015fl\u0131\u011f\u0131n g\u00fccl\u0259ndirilm\u0259si yaln\u0131z iqtisadi g\u00f6st\u0259ricil\u0259rin deyil, eyni zamanda, strateji t\u0259r\u0259fda\u015fl\u0131\u011f\u0131n da d\u0259rinl\u0259\u015fm\u0259sin\u0259 yol a\u00e7\u0131r.<\/p>\n<p><img src=\"https:\/\/ikisahil.az\/upload\/\/2024\/11\/05\/\/-acf92215173082133852852234710366696.jpg\" alt=\"\" \/><\/p>\n<p>Az\u0259rbaycan-Q\u0131r\u011f\u0131z\u0131stan m\u00fcnasib\u0259tl\u0259rinin y\u00fcks\u0259l\u0259n x\u0259tl\u0259 inki\u015faf\u0131 m\u0259d\u0259niyy\u0259t sah\u0259sind\u0259 d\u0259 \u00f6z\u00fcn\u00fcn ayd\u0131n ifad\u0259sini tap\u0131r. 2024-c\u00fc ilin aprel ay\u0131nda Az\u0259rbaycanda ke\u00e7iril\u0259n Q\u0131r\u011f\u0131z m\u0259d\u0259niyy\u0259ti g\u00fcnl\u0259ri xalqlar\u0131m\u0131z\u0131n m\u0259d\u0259niyy\u0259tl\u0259rini payla\u015fmaq v\u0259 bir-birini daha yax\u0131ndan tan\u0131maq bax\u0131m\u0131ndan m\u00fch\u00fcm hadis\u0259 olub. Bundan \u0259lav\u0259 Bak\u0131 v\u0259 Bi\u015fkek, Quba v\u0259 Kant kimi \u015f\u0259h\u0259rl\u0259r aras\u0131nda qarda\u015fla\u015fma \u0259laq\u0259l\u0259ri m\u00f6vcuddur ki, bu da regionlararas\u0131 \u0259m\u0259kda\u015fl\u0131\u011f\u0131 g\u00fccl\u0259ndirir. Bu c\u00fcr m\u0259d\u0259ni t\u0259dbirl\u0259r iki xalq aras\u0131nda dostluq \u0259laq\u0259l\u0259rini m\u00f6hk\u0259ml\u0259ndirm\u0259kl\u0259 yana\u015f\u0131, h\u0259m d\u0259 g\u0259ncl\u0259rin m\u0259d\u0259ni m\u00fcbadil\u0259 v\u0259 \u0259m\u0259kda\u015fl\u0131q imkanlar\u0131n\u0131 art\u0131r\u0131r. Regionlararas\u0131 \u0259m\u0259kda\u015fl\u0131q iqtisadi v\u0259 sosial inki\u015faf \u00fc\u00e7\u00fcn yeni perspektivl\u0259r a\u00e7araq, iki \u00f6lk\u0259 aras\u0131nda qar\u015f\u0131l\u0131ql\u0131 s\u0259rmay\u0259 qoyulu\u015funu t\u0259\u015fviq edir. Eyni zamanda, m\u0259d\u0259niyy\u0259tl\u0259raras\u0131 dialoq xalqlar\u0131m\u0131z aras\u0131nda tarixi, m\u0259d\u0259ni v\u0259 dini ortaq d\u0259y\u0259rl\u0259rin d\u0259rinl\u0259\u015fm\u0259sin\u0259 imkan yarad\u0131r, bu da regionda s\u00fclh\u00fcn v\u0259 stabilliyin qorunmas\u0131na t\u00f6hf\u0259 verir. Bel\u0259likl\u0259, m\u0259d\u0259ni-humanitar \u0259laq\u0259l\u0259r v\u0259 regionlararas\u0131 \u0259m\u0259kda\u015fl\u0131q Az\u0259rbaycan-Q\u0131r\u011f\u0131z\u0131stan m\u00fcnasib\u0259tl\u0259rinin daha da inki\u015faf etm\u0259si \u00fc\u00e7\u00fcn vacib bir platforma yarad\u0131r. Q\u0131r\u011f\u0131z\u0131stan Prezidentinin bu il s\u0259f\u0259ri zaman\u0131 dostlu\u011fumuzun, qarda\u015fl\u0131\u011f\u0131m\u0131z\u0131n v\u0259 birliyimizin t\u0259sdiqi kimi n\u00f6vb\u0259ti add\u0131m at\u0131ld\u0131. Prezident \u0130lham \u018fliyev v\u0259 Q\u0131r\u011f\u0131z Respublikas\u0131n\u0131n Prezidenti Sad\u0131r Japarov Bak\u0131da g\u00f6rk\u0259mli q\u0131r\u011f\u0131z yaz\u0131\u00e7\u0131s\u0131 \u00c7ingiz Aytmatovun abid\u0259sinin a\u00e7\u0131l\u0131\u015f m\u0259rasimind\u0259 i\u015ftirak etdil\u0259r. Onu da qeyd ed\u0259k ki, d\u00f6vl\u0259timizin ba\u015f\u00e7\u0131s\u0131n\u0131n noyabr\u0131n 5-d\u0259 Q\u0131r\u011f\u0131z Respublikas\u0131na s\u0259f\u0259ri \u00e7\u0259r\u00e7iv\u0259sind\u0259 Bi\u015fkekd\u0259 Prezident \u0130lham \u018fliyev\u0259 \u201c\u00c7ingiz Aytmatov\u201d ordeni t\u0259qdim edildi. D\u00fcnya \u015f\u00f6hr\u0259tli yaz\u0131\u00e7\u0131n\u0131n z\u0259ngin b\u0259dii irsin\u0259 Az\u0259rbaycanda da h\u0259r zaman b\u00f6y\u00fck maraq olub. Ulu \u00d6nd\u0259r Heyd\u0259r \u018fliyev \u00c7ingiz Aytmatovu \u201cT\u00fcrk d\u00fcnyas\u0131n\u0131n f\u0259xri\u201d adland\u0131r\u0131b. Prezident \u0130lham \u018fliyev 2008-ci ild\u0259 bir n\u00f6mr\u0259li \u201cDostluq\u201d ordenini \u00c7ingiz Aytmatova t\u0259qdim edib. C\u0259nab \u0130lham \u018fliyev \u201c\u00c7ingiz Aytmatov\u201d ordeninin t\u0259qdim edilm\u0259si m\u0259rasimind\u0259 bildirdi ki, f\u0259aliyy\u0259tim\u0259 veril\u0259n bu qiym\u0259t\u0259 g\u00f6r\u0259 \u00c7ingiz Aytmatov Fonduna, h\u0259m\u00e7inin onun ail\u0259 \u00fczvl\u0259rin\u0259 v\u0259 yax\u0131nlar\u0131na minn\u0259tdarl\u0131\u011f\u0131m\u0131 bildirm\u0259k ist\u0259yir\u0259m. H\u0259m d\u0259 bu ordeni onun ya\u015fad\u0131\u011f\u0131, i\u015fl\u0259diyi, yaz\u0131b-yaratd\u0131\u011f\u0131, ruhunun indi d\u0259 dola\u015fd\u0131\u011f\u0131 evd\u0259 almaq m\u0259nim \u00fc\u00e7\u00fcn b\u00f6y\u00fck \u015f\u0259r\u0259fdir. Onun yarad\u0131c\u0131l\u0131\u011f\u0131 b\u00fct\u00fcn d\u00fcnyaya m\u0259xsusdur. Kitablar\u0131 185 dil\u0259, dem\u0259k olar ki, b\u00fct\u00fcn dill\u0259r\u0259 t\u0259rc\u00fcm\u0259 olunub. Kitablar\u0131n\u0131n yenid\u0259n, x\u00fcsus\u0259n, yeni t\u0259rc\u00fcm\u0259d\u0259 n\u0259\u015frin\u0259 t\u0259l\u0259bat\u0131n olmas\u0131 onu g\u00f6st\u0259rir ki, \u00c7ingiz Aytmatovun h\u0259yata, insanlara, t\u0259bi\u0259t\u0259, \u00f6z xalq\u0131na m\u00fcnasib\u0259td\u0259 s\u00f6z\u00fcn\u0259, fikirl\u0259rin\u0259 ehtiyac var: \u00abS\u00f6zs\u00fcz ki, onun yarad\u0131c\u0131l\u0131\u011f\u0131 b\u00fct\u00fcn m\u00fcmk\u00fcn s\u0259dl\u0259ri \u00f6t\u00fcb ke\u00e7ib v\u0259 \u0259b\u0259di olaraq oxucular\u0131 sevindir\u0259c\u0259k, d\u00fc\u015f\u00fcnm\u0259y\u0259, y\u0259qin ki, bir \u00e7ox m\u0259s\u0259l\u0259l\u0259ri yenid\u0259n ba\u015fa d\u00fc\u015fm\u0259y\u0259 s\u00f6vq ed\u0259c\u0259k. \u00c7\u00fcnki onun yarad\u0131c\u0131l\u0131\u011f\u0131n\u0131 \u00e7ox sev\u0259n v\u0259 bir \u00e7ox \u0259s\u0259rl\u0259rini oxuyan insan kimi dey\u0259 bil\u0259r\u0259m ki, m\u0259hz onlar s\u0259ni d\u00fc\u015f\u00fcnm\u0259y\u0259, h\u0259tta c\u0259miyy\u0259t\u0259, d\u00fcnyaya, t\u0259bi\u0259t\u0259, \u00f6z f\u0259aliyy\u0259tin\u0259 n\u0259z\u0259r salma\u011fa vadar edir. Atam Heyd\u0259r \u018fliyevin dediyi kimi, \u00c7ingiz Aytmatov t\u0259kc\u0259 q\u0131r\u011f\u0131z xalq\u0131n\u0131n deyil, h\u0259m d\u0259 b\u00fct\u00fcn t\u00fcrk d\u00fcnyas\u0131n\u0131n f\u0259xridir.\u00bb<\/p>\n<p>Onu da qeyd ed\u0259k ki, 2022-ci ilin oktyabr\u0131nda Prezident \u0130lham \u018fliyev Q\u0131r\u011f\u0131z\u0131stana ilk d\u00f6vl\u0259t s\u0259f\u0259rini etmi\u015fdi. S\u0259f\u0259r zaman\u0131 iki \u00f6lk\u0259 aras\u0131nda bir s\u0131ra s\u0259n\u0259dl\u0259r, o c\u00fcml\u0259d\u0259n M\u00fc\u015ft\u0259r\u0259k \u0130nki\u015faf Fondunun yarad\u0131lmas\u0131 il\u0259 ba\u011fl\u0131 Sazi\u015f imzalanm\u0131\u015fd\u0131r. D\u00f6vl\u0259timizin ba\u015f\u00e7\u0131s\u0131, h\u0259m\u00e7inin Q\u0131r\u011f\u0131z\u0131stan-Az\u0259rbaycan Dostluq Park\u0131n\u0131n, Heyd\u0259r \u018fliyev ad\u0131na 20 sayl\u0131 \u201cM\u0259kt\u0259b-Gimnaziya T\u0259hsil-T\u0259rbiy\u0259 Kompleksi\u201d \u00fcmumt\u0259hsil m\u00fc\u0259ssis\u0259sinin, Nizami G\u0259nc\u0259vi ad\u0131na 103 sayl\u0131 orta t\u0259hsil m\u0259kt\u0259binin a\u00e7\u0131l\u0131\u015f m\u0259rasiml\u0259rind\u0259 i\u015ftirak etmi\u015fdir.<\/p>\n<p>Az\u0259rbaycan v\u0259 q\u0131r\u011f\u0131z xalqlar\u0131 aras\u0131nda tarix\u0259n \u0259n\u0259n\u0259vi dostluq v\u0259 qarda\u015fl\u0131q \u0259laq\u0259l\u0259ri m\u00f6vcud olub. \u0130ki \u00f6lk\u0259nin m\u00f6hk\u0259m t\u0259m\u0259ll\u0259r \u00fcz\u0259rind\u0259 qurulan m\u00fcnasib\u0259tl\u0259ri y\u00fcks\u0259l\u0259n x\u0259tl\u0259 inki\u015faf edir. Az\u0259rbaycanla Q\u0131r\u011f\u0131z\u0131stan aras\u0131ndak\u0131 u\u011furlu d\u00f6vl\u0259t\u00e7ilik m\u00fcnasib\u0259tl\u0259rinin \u0259sas\u0131 m\u0259hz \u00dcmummilli Lider Heyd\u0259r \u018fliyev t\u0259r\u0259find\u0259n qoyulub. Az\u0259rbaycanla Q\u0131r\u011f\u0131z\u0131stan aras\u0131nda diplomatik m\u00fcnasib\u0259tl\u0259r 1993-c\u00fc ild\u0259 qurulub. Az\u0259rbaycan Q\u0131r\u011f\u0131z\u0131stan il\u0259 b\u00fct\u00fcn istiqam\u0259tl\u0259rd\u0259 f\u0259al qar\u015f\u0131l\u0131ql\u0131 \u0259laq\u0259l\u0259ri davam etdirm\u0259k \u0259zmind\u0259dir. Bug\u00fcn\u00fcm\u00fcz\u00fcn q\u00fcrurverici hadis\u0259l\u0259rind\u0259n biri d\u0259 i\u015f\u011faldan azad edilmi\u015f \u0259razil\u0259rimizd\u0259 b\u0259rpa i\u015fl\u0259rinin apar\u0131lmas\u0131na qarda\u015f d\u0259st\u0259yinin g\u00f6st\u0259rilm\u0259sidir. Q\u0131r\u011f\u0131z\u0131stan Prezidentinin t\u0259\u015f\u0259bb\u00fcs\u00fc il\u0259 bu qarda\u015f \u00f6lk\u0259 \u00f6z v\u0259saiti hesab\u0131na A\u011fdam rayonunda orta m\u0259kt\u0259bin tikintisini h\u0259yata ke\u00e7ir\u0259c\u0259k. Q\u0131r\u011f\u0131z\u0131stan Prezidentinin bu il \u00f6lk\u0259miz\u0259 s\u0259f\u0259ri zaman\u0131 Az\u0259rbaycan v\u0259 Q\u0131r\u011f\u0131z\u0131stan prezidentl\u0259ri F\u00fczuli v\u0259 A\u011fdam rayonlar\u0131nda oldu v\u0259 m\u0259kt\u0259bin t\u0259m\u0259linin qoyulmas\u0131 m\u0259rasimind\u0259 i\u015ftirak etdil\u0259r. A\u011fdam rayonunda m\u0259kt\u0259bin tikintisi Q\u0131r\u011f\u0131z\u0131stan\u0131n m\u00fcnaqi\u015f\u0259l\u0259rd\u0259n z\u0259r\u0259r \u00e7\u0259kmi\u015f regionlarda s\u00fclh\u00fcn b\u0259rpa olunmas\u0131na t\u00f6hf\u0259sidir.<\/p>\n<p>\u0130ki \u00f6lk\u0259 aras\u0131nda m\u00fcnasib\u0259tl\u0259rin d\u00fcn\u0259nin\u0259 v\u0259 bug\u00fcn\u00fcn\u0259 q\u0131sa bax\u0131\u015f bu \u00fcmumil\u0259\u015fdirm\u0259y\u0259 \u0259sas verir ki, Az\u0259rbaycan\u0131n M\u0259rk\u0259zi Asiya \u00f6lk\u0259l\u0259ri, x\u00fcsusil\u0259 t\u00fcrk d\u00f6vl\u0259tl\u0259ri, o c\u00fcml\u0259d\u0259n Q\u0131r\u011f\u0131z\u0131stanla \u0259m\u0259kda\u015fl\u0131\u011f\u0131n\u0131n geni\u015f perspektivl\u0259ri var. Onu da qeyd ed\u0259k ki, h\u0259r iki \u00f6lk\u0259nin d\u00f6vl\u0259t ba\u015f\u00e7\u0131lar\u0131n\u0131n qar\u015f\u0131l\u0131ql\u0131 siyasi irad\u0259si v\u0259 xalqlar\u0131m\u0131z\u0131n ortaq tarixi, m\u0259d\u0259ni v\u0259 dini d\u0259y\u0259rl\u0259r\u0259 \u0259saslanan dostluq \u0259laq\u0259l\u0259ri say\u0259sind\u0259 Az\u0259rbaycan-Q\u0131r\u011f\u0131z\u0131stan m\u00fcnasib\u0259tl\u0259ri son ill\u0259rd\u0259 iqtisadiyyat, n\u0259qliyyat, t\u0259hsil, m\u0259d\u0259niyy\u0259t v\u0259 humanitar sah\u0259l\u0259rd\u0259 daha dinamik inki\u015faf m\u0259rh\u0259l\u0259sin\u0259 q\u0259d\u0259m qoyub. Bu \u0259m\u0259kda\u015fl\u0131q t\u0259kc\u0259 iki \u00f6lk\u0259nin rifah\u0131n\u0131 y\u00fcks\u0259ltm\u0259k \u00fc\u00e7\u00fcn deyil, h\u0259m d\u0259 regionda s\u00fclh\u0259 v\u0259 sabitliyin g\u00fccl\u0259nm\u0259sin\u0259 t\u00f6hf\u0259 verm\u0259k m\u0259qs\u0259dini da\u015f\u0131y\u0131r. \u00d6lk\u0259l\u0259rimiz aras\u0131nda son \u00fc\u00e7 il \u0259rzind\u0259 h\u0259yata ke\u00e7irilmi\u015f alt\u0131 ali s\u0259viyy\u0259li qar\u015f\u0131l\u0131ql\u0131 s\u0259f\u0259rl\u0259 yana\u015f\u0131, Prezident \u0130lham \u018fliyevin T\u00fcrk D\u00f6vl\u0259tl\u0259ri T\u0259\u015fkilat\u0131 D\u00f6vl\u0259t Ba\u015f\u00e7\u0131lar\u0131n\u0131n XI Zirv\u0259 g\u00f6r\u00fc\u015f\u00fcnd\u0259 i\u015ftirak m\u0259qs\u0259dil\u0259 Q\u0131r\u011f\u0131z\u0131stana n\u00f6vb\u0259ti s\u0259f\u0259ri \u00f6lk\u0259l\u0259rimizin m\u00fcnasib\u0259tl\u0259rind\u0259 yeni bir m\u0259rh\u0259l\u0259nin ba\u015fland\u0131\u011f\u0131n\u0131 g\u00f6st\u0259rir. Bu s\u0259f\u0259r iki \u00f6lk\u0259 aras\u0131nda h\u0259m ikit\u0259r\u0259fli, h\u0259m d\u0259 regional \u0259m\u0259kda\u015fl\u0131\u011f\u0131n geni\u015fl\u0259nm\u0259si \u00fc\u00e7\u00fcn strateji \u0259h\u0259miyy\u0259t\u0259 malikdir v\u0259 qar\u015f\u0131dak\u0131 ill\u0259rd\u0259 dostluq \u0259laq\u0259l\u0259rinin daha da d\u0259rinl\u0259\u015f\u0259c\u0259yin\u0259 z\u0259min yaradacaq. Az\u0259rbaycan Prezidentinin bu s\u0259f\u0259ri, eyni zamanda, t\u00fcrk d\u00fcnyas\u0131nda birliyin g\u00fccl\u0259nm\u0259sin\u0259 veril\u0259n \u0259h\u0259miyy\u0259tin g\u00f6st\u0259ricisidir.<\/p>\n<p>\u00dcmumilikd\u0259 d\u00f6vl\u0259t ba\u015f\u00e7\u0131s\u0131 \u0130lham \u018fliyevin \u00abBizim ail\u0259miz t\u00fcrk d\u00fcnyas\u0131d\u0131r. Biz \u00f6z\u00fcm\u00fcz\u00fc \u00e7ox yax\u015f\u0131 hiss edirik. T\u00fcrk D\u00f6vl\u0259tl\u0259ri T\u0259\u015fkilat\u0131na \u00fczv olan b\u00fct\u00fcn \u00f6lk\u0259l\u0259rl\u0259 qarda\u015fl\u0131q m\u00fcnasib\u0259tl\u0259rimiz var v\u0259 bizim siyas\u0259timiz T\u00fcrk D\u00f6vl\u0259tl\u0259ri T\u0259\u015fkilat\u0131n\u0131 g\u00fccl\u0259ndirm\u0259kdir. Bu, b\u00f6y\u00fck co\u011frafiyad\u0131r, b\u00f6y\u00fck \u0259razidir, b\u00f6y\u00fck h\u0259rbi g\u00fccd\u00fcr, b\u00f6y\u00fck iqtisadiyyatd\u0131r, t\u0259bii s\u0259rv\u0259tl\u0259rdir, n\u0259qliyyat yollar\u0131d\u0131r, g\u0259nc \u0259halidir, artan \u0259halidir v\u0259 bir soydan, k\u00f6kd\u0259n olan xalqlard\u0131r. Bundan g\u00fccl\u00fc birlik ola bil\u0259rmi? \u018flb\u0259tt\u0259 ki, yox. Biz m\u00fc\u015ft\u0259r\u0259k s\u0259yl\u0259rl\u0259 el\u0259 etm\u0259liyik ki, T\u00fcrk D\u00f6vl\u0259tl\u0259ri T\u0259\u015fkilat\u0131 qlobal arenada \u00f6n\u0259mli aktora v\u0259 g\u00fcc m\u0259rk\u0259zin\u0259 \u00e7evrilsin. Buna biz ancaq birlikd\u0259 nail ola bil\u0259rik\u00bb fikirl\u0259ri \u00f6z\u00fcnd\u0259 b\u00fct\u00fcn m\u0259qamlar\u0131 ehtiva edir. O da m\u0259lumdur ki, \u00f6t\u0259n il noyabr\u0131n 3-d\u0259 Astanada T\u00fcrk D\u00f6vl\u0259tl\u0259ri T\u0259\u015fkilat\u0131n\u0131n \u201cT\u00fcrk \u018fsri\u201d \u00e7a\u011f\u0131r\u0131\u015f\u0131 alt\u0131nda 10-cu yubiley Zirv\u0259 g\u00f6r\u00fc\u015f\u00fc ke\u00e7irilmi\u015fdir. D\u00f6vl\u0259t ba\u015f\u00e7\u0131s\u0131 \u0130lham \u018fliyev Zirv\u0259 g\u00f6r\u00fc\u015f\u00fcnd\u0259 bel\u0259 bir \u0259minliyi ifad\u0259 etmi\u015fdir ki, dostlu\u011fumuz, qarda\u015fl\u0131\u011f\u0131m\u0131z \u0259b\u0259di olacaq.<\/p>\n<p>Haz\u0131rda T\u00fcrk D\u00f6vl\u0259tl\u0259ri T\u0259\u015fkilat\u0131 d\u00fcnya \u00f6lk\u0259l\u0259ri t\u0259r\u0259find\u0259n m\u00f6t\u0259b\u0259r qurum kimi tan\u0131n\u0131r v\u0259 \u00fczv d\u00f6vl\u0259tl\u0259rin s\u0131x \u0259m\u0259kda\u015fl\u0131\u011f\u0131, birg\u0259 s\u0259yl\u0259ri il\u0259 t\u0259\u015fkilat\u0131n n\u00fcfuzu g\u00fcnd\u0259n-g\u00fcn\u0259 artmaqdad\u0131r. T\u00fcrk D\u00f6vl\u0259tl\u0259ri T\u0259\u015fkilat\u0131na \u00fczv \u00f6lk\u0259l\u0259r aras\u0131nda yax\u0131n dostluq v\u0259 qarda\u015fl\u0131q \u0259laq\u0259l\u0259rinin olmas\u0131, onlar\u0131n bir-birini qar\u015f\u0131l\u0131ql\u0131 \u015f\u0259kild\u0259 d\u0259st\u0259kl\u0259m\u0259si t\u0259\u015fkilat\u0131n inki\u015faf perspektivl\u0259rini \u015f\u0259rtl\u0259ndir\u0259n \u0259sas amill\u0259rd\u0259n biridir. Prezident \u0130lham \u018fliyev h\u0259l\u0259 bir ne\u00e7\u0259 il \u0259vv\u0259l t\u0259\u015fkilat\u0131n g\u00f6z\u0259l g\u0259l\u0259c\u0259yinin olaca\u011f\u0131n\u0131 b\u00f6y\u00fck uzaqg\u00f6r\u0259nlikl\u0259 bildirmi\u015fdir: \u00abBu t\u0259\u015fkilat\u0131n \u00e7ox g\u00f6z\u0259l g\u0259l\u0259c\u0259yi var. \u00c7\u00fcnki bu t\u0259\u015fkilat\u0131n t\u0259m\u0259lind\u0259 t\u0259bii m\u00fctt\u0259fiql\u0259r yerl\u0259\u015fir v\u0259 h\u0259m tarix, h\u0259m m\u0259d\u0259niyy\u0259t, h\u0259m bizim \u0259n\u0259n\u0259l\u0259rimiz, bizim ad\u0259t-\u0259n\u0259n\u0259l\u0259rimiz, bax, bu, birliyi dikt\u0259 edir.\u00bb D\u00f6vl\u0259timizin ba\u015f\u00e7\u0131s\u0131n\u0131n t\u0259\u015f\u0259bb\u00fcs\u00fc il\u0259 Az\u0259rbaycan\u0131n t\u0259\u015fkilat \u00e7\u0259r\u00e7iv\u0259sind\u0259 \u0259m\u0259kda\u015fl\u0131q sah\u0259l\u0259rinin daha da geni\u015fl\u0259ndirilm\u0259si istiqam\u0259tind\u0259 ir\u0259li s\u00fcrd\u00fcy\u00fc t\u0259klifl\u0259r T\u00fcrk D\u00f6vl\u0259tl\u0259ri T\u0259\u015fkilat\u0131n\u0131n inki\u015faf strategiyas\u0131n\u0131n g\u00fccl\u0259ndirilm\u0259sind\u0259 m\u00fch\u00fcm rol oynay\u0131r.<\/p>\n<p><strong>Yegan\u0259 \u018fliyeva, \u00ab\u0130ki sahil\u00bb<\/strong><\/p>\n","protected":false},"excerpt":{"rendered":"<p>D\u00f6vl\u0259t ba\u015f\u00e7\u0131s\u0131 \u0130lham \u018fliyevin T\u00fcrk D\u00f6vl\u0259tl\u0259ri T\u0259\u015fkilat\u0131 D\u00f6vl\u0259t Ba\u015f\u00e7\u0131lar\u0131n\u0131n 11-ci Zirv\u0259 g\u00f6r\u00fc\u015f\u00fcnd\u0259 i\u015ftirak etm\u0259k \u00fc\u00e7\u00fcn Q\u0131r\u011f\u0131z Respublikas\u0131na s\u0259f\u0259ri \u00fcmumilikd\u0259 t\u00fcrk d\u00fcnyas\u0131n\u0131n birliyin\u0259 verdiyi davaml\u0131 t\u00f6hf\u0259l\u0259rin t\u0259qdimat\u0131d\u0131r Tarixi Z\u0259f\u0259rimizd\u0259n, suverenliyimizin tam b\u0259rpas\u0131ndan sonra Az\u0259rbaycan\u0131n xarici siyas\u0259t u\u011furlar\u0131 biri-birini \u0259v\u0259zl\u0259yir. \u0130kit\u0259r\u0259fli v\u0259 \u00e7oxt\u0259r\u0259fli \u00e7\u0259r\u00e7iv\u0259d\u0259 \u0259laq\u0259l\u0259rin yeni prioritetl\u0259r \u00fczr\u0259 inki\u015faf etdirilm\u0259si \u00f6lk\u0259mizin beyn\u0259lxalq m\u00fcnasib\u0259tl\u0259r sistemind\u0259 artan roluna, m\u00f6hk\u0259ml\u0259n\u0259n m\u00f6vqeyin\u0259 i\u015f\u0131q sal\u0131r. T\u00fcrk D\u00f6vl\u0259tl\u0259ri T\u0259\u015fkilat\u0131, h\u0259m\u00e7inin quruma \u00fczv d\u00f6vl\u0259tl\u0259r aras\u0131nda \u0259laq\u0259l\u0259r y\u00fcks\u0259l\u0259n x\u0259tl\u0259 inki\u015faf edir. C\u0259nab \u0130lham \u018fliyev daim bu reall\u0131\u011f\u0131 diqq\u0259t\u0259 \u00e7atd\u0131r\u0131r ki, Az\u0259rbaycan h\u0259mi\u015f\u0259 t\u00fcrk d\u00fcnyas\u0131n\u0131n s\u0131x birl\u0259\u015fm\u0259sin\u0259 \u00f6z t\u00f6hf\u0259sini verib v\u0259&hellip;<\/p>\n","protected":false},"author":2,"featured_media":766654,"comment_status":"closed","ping_status":"closed","sticky":false,"template":"","format":"standard","meta":{"om_disable_all_campaigns":false,"_monsterinsights_skip_tracking":false,"_monsterinsights_sitenote_active":false,"_monsterinsights_sitenote_note":"","_monsterinsights_sitenote_category":0},"categories":[19],"tags":[],"aioseo_notices":[],"gutentor_comment":0,"rttpg_featured_image_url":{"full":["https:\/\/arantv.az\/wp-content\/uploads\/2024\/11\/f6a673f0173082129174088534410799277.jpg",975,540,false],"landscape":["https:\/\/arantv.az\/wp-content\/uploads\/2024\/11\/f6a673f0173082129174088534410799277.jpg",975,540,false],"portraits":["https:\/\/arantv.az\/wp-content\/uploads\/2024\/11\/f6a673f0173082129174088534410799277.jpg",975,540,false],"thumbnail":["https:\/\/arantv.az\/wp-content\/uploads\/2024\/11\/f6a673f0173082129174088534410799277-500x280.jpg",500,280,true],"medium":["https:\/\/arantv.az\/wp-content\/uploads\/2024\/11\/f6a673f0173082129174088534410799277-660x365.jpg",660,365,true],"large":["https:\/\/arantv.az\/wp-content\/uploads\/2024\/11\/f6a673f0173082129174088534410799277-840x465.jpg",640,354,true],"1536x1536":["https:\/\/arantv.az\/wp-content\/uploads\/2024\/11\/f6a673f0173082129174088534410799277.jpg",975,540,false],"2048x2048":["https:\/\/arantv.az\/wp-content\/uploads\/2024\/11\/f6a673f0173082129174088534410799277.jpg",975,540,false],"post-thumbnail":["https:\/\/arantv.az\/wp-content\/uploads\/2024\/11\/f6a673f0173082129174088534410799277-240x172.jpg",240,172,true],"advps-thumb-one":["https:\/\/arantv.az\/wp-content\/uploads\/2024\/11\/f6a673f0173082129174088534410799277.jpg",975,540,false]},"rttpg_author":{"display_name":"V\u00fcsal Rafiqo\u011flu","author_link":"https:\/\/arantv.az\/?author=2"},"rttpg_comment":0,"rttpg_category":"<a href=\"https:\/\/arantv.az\/?cat=19\" rel=\"category\">G\u00fcnd\u0259m<\/a>","rttpg_excerpt":"D\u00f6vl\u0259t ba\u015f\u00e7\u0131s\u0131 \u0130lham \u018fliyevin T\u00fcrk D\u00f6vl\u0259tl\u0259ri T\u0259\u015fkilat\u0131 D\u00f6vl\u0259t Ba\u015f\u00e7\u0131lar\u0131n\u0131n 11-ci Zirv\u0259 g\u00f6r\u00fc\u015f\u00fcnd\u0259 i\u015ftirak etm\u0259k \u00fc\u00e7\u00fcn Q\u0131r\u011f\u0131z Respublikas\u0131na s\u0259f\u0259ri \u00fcmumilikd\u0259 t\u00fcrk d\u00fcnyas\u0131n\u0131n birliyin\u0259 verdiyi davaml\u0131 t\u00f6hf\u0259l\u0259rin t\u0259qdimat\u0131d\u0131r Tarixi Z\u0259f\u0259rimizd\u0259n, suverenliyimizin tam b\u0259rpas\u0131ndan sonra Az\u0259rbaycan\u0131n xarici siyas\u0259t u\u011furlar\u0131 biri-birini \u0259v\u0259zl\u0259yir. \u0130kit\u0259r\u0259fli v\u0259 \u00e7oxt\u0259r\u0259fli \u00e7\u0259r\u00e7iv\u0259d\u0259 \u0259laq\u0259l\u0259rin yeni prioritetl\u0259r \u00fczr\u0259 inki\u015faf etdirilm\u0259si \u00f6lk\u0259mizin beyn\u0259lxalq m\u00fcnasib\u0259tl\u0259r sistemind\u0259 artan roluna, m\u00f6hk\u0259ml\u0259n\u0259n&hellip;","_links":{"self":[{"href":"https:\/\/arantv.az\/index.php?rest_route=\/wp\/v2\/posts\/766653"}],"collection":[{"href":"https:\/\/arantv.az\/index.php?rest_route=\/wp\/v2\/posts"}],"about":[{"href":"https:\/\/arantv.az\/index.php?rest_route=\/wp\/v2\/types\/post"}],"author":[{"embeddable":true,"href":"https:\/\/arantv.az\/index.php?rest_route=\/wp\/v2\/users\/2"}],"replies":[{"embeddable":true,"href":"https:\/\/arantv.az\/index.php?rest_route=%2Fwp%2Fv2%2Fcomments&post=766653"}],"version-history":[{"count":1,"href":"https:\/\/arantv.az\/index.php?rest_route=\/wp\/v2\/posts\/766653\/revisions"}],"predecessor-version":[{"id":766655,"href":"https:\/\/arantv.az\/index.php?rest_route=\/wp\/v2\/posts\/766653\/revisions\/766655"}],"wp:featuredmedia":[{"embeddable":true,"href":"https:\/\/arantv.az\/index.php?rest_route=\/wp\/v2\/media\/766654"}],"wp:attachment":[{"href":"https:\/\/arantv.az\/index.php?rest_route=%2Fwp%2Fv2%2Fmedia&parent=766653"}],"wp:term":[{"taxonomy":"category","embeddable":true,"href":"https:\/\/arantv.az\/index.php?rest_route=%2Fwp%2Fv2%2Fcategories&post=766653"},{"taxonomy":"post_tag","embeddable":true,"href":"https:\/\/arantv.az\/index.php?rest_route=%2Fwp%2Fv2%2Ftags&post=766653"}],"curies":[{"name":"wp","href":"https:\/\/api.w.org\/{rel}","templated":true}]}}