{"id":766659,"date":"2024-11-06T07:48:54","date_gmt":"2024-11-06T03:48:54","guid":{"rendered":"https:\/\/arantv.az\/?p=766659"},"modified":"2024-11-06T07:48:54","modified_gmt":"2024-11-06T03:48:54","slug":"8-noyabr-xalqimizin-z%c9%99f%c9%99r-gunudur","status":"publish","type":"post","link":"https:\/\/arantv.az\/?p=766659","title":{"rendered":"8 Noyabr xalq\u0131m\u0131z\u0131n Z\u0259f\u0259r G\u00fcn\u00fcd\u00fcr"},"content":{"rendered":"<p><em><strong>Bu, h\u0259m d\u0259 \u0259b\u0259di q\u00fcrur duyaca\u011f\u0131m\u0131z tariximizin daha bir l\u0259yaq\u0259tli s\u0259hif\u0259sidir<\/strong><\/em><\/p>\n<p>\u0130kinci Qaraba\u011f m\u00fcharib\u0259sini q\u0131sa m\u00fcdd\u0259td\u0259- c\u0259mi 44 g\u00fcn\u0259 M\u00fcz\u0259ff\u0259r Ali Ba\u015f Komandan \u0130lham \u018fliyevin r\u0259hb\u0259rliyi il\u0259 tarixi Q\u0259l\u0259b\u0259 il\u0259 ba\u015fa vuran Az\u0259rbaycan Ordusu xalq\u0131m\u0131za q\u00fcr\u00fcrverici anlar ya\u015fatd\u0131.\u00a0Ordumuz 44 g\u00fcn \u0259rzind\u0259 5 \u015f\u0259h\u0259r, 4 q\u0259s\u0259b\u0259 v\u0259 286 k\u0259ndi i\u015f\u011faldan azad etdi. Qaraba\u011f\u0131n tac\u0131 olan \u015eu\u015fa \u015f\u0259h\u0259rinin 2020-ci il noyabr\u0131n 8-d\u0259 i\u015f\u011faldan azad edilm\u0259si is\u0259 Erm\u0259nistan r\u0259hb\u0259rliyini kapitulyasiya akt\u0131n\u0131 imzalama\u011fa m\u0259cbur etdi. Kapitulyasiya akt\u0131na \u0259sas\u0259n, noyabr\u0131n 20-si A\u011fdam, 25-i K\u0259lb\u0259c\u0259r, dekabr\u0131n 1-i is\u0259 La\u00e7\u0131n rayonlar\u0131 Az\u0259rbaycana\u00a0 bir g\u00fcll\u0259 at\u0131lmadan qaytar\u0131ld\u0131. Bununla da \u00f6lk\u0259miz sava\u015f\u0131 n\u0259inki, d\u00f6y\u00fc\u015f meydan\u0131nda, h\u0259m d\u0259 geosiyasi m\u0259kanda u\u011furla bitirmi\u015f oldu.<\/p>\n<p>B\u0259li, M\u00fcz\u0259ff\u0259r Ali Ba\u015f Komandan v\u0259d etdiyi kimi, q\u0259dim \u015eu\u015fam\u0131z\u0131n i\u015f\u011faldan azad edilm\u0259sini t\u0259min etdi. 8 noyabrda ordumuzun q\u0259hr\u0259man h\u0259rb\u00e7il\u0259ri al\u0131nmaz qala hesab edil\u0259n \u015eu\u015fan\u0131 b\u00f6y\u00fck f\u0259dakarl\u0131qla azad etdi. H\u0259tta bu d\u00f6y\u00fc\u015fl\u0259ri xarici h\u0259rbi ekspertl\u0259r, o c\u00fcml\u0259d\u0259n erm\u0259ni generallar\u0131 \u0259fsan\u0259 adland\u0131rd\u0131lar. S\u0131ld\u0131r\u0131m qayalar\u0131 d\u0131rma\u015faraq \u0259lb\u0259yaxa d\u00f6y\u00fc\u015fl\u0259r h\u0259yata ke\u00e7ir\u0259n Az\u0259rbaycan h\u0259rb\u00e7il\u0259ri \u015eu\u015fadan Erm\u0259nistan h\u0259rbi birl\u0259\u015fm\u0259l\u0259rini bir g\u00fcn \u0259rzind\u0259 qovub \u00e7\u0131xarm\u0131\u015fd\u0131lar.\u00a0Ona g\u00f6r\u0259 d\u0259 \u00a0Prezident \u0130lham \u018fliyev 2020-ci ilin dekabr\u0131n 3- d\u0259\u00a0 8 noyabr tarixinin h\u0259r il\u00a0 Z\u0259f\u0259r G\u00fcn\u00fc kimi qeyd olunmas\u0131na dair S\u0259r\u0259ncam imzalad\u0131.\u00a0 S\u0259r\u0259ncamda qeyd olunurdu ki, h\u0259r bir az\u0259rbaycanl\u0131 \u00fc\u00e7\u00fcn \u0259ziz olan Qaraba\u011f\u0131n incisi \u015eu\u015fa \u015f\u0259h\u0259rinin noyabr\u0131n 8-d\u0259 iyirmi s\u0259kkiz illik \u0259sar\u0259td\u0259n qurtar\u0131lmas\u0131 m\u00fcharib\u0259nin taleyind\u0259 h\u0259lledici rol oynay\u0131b, d\u00fc\u015fm\u0259nin siyasi-h\u0259rbi r\u0259hb\u0259rliyinin m\u0259\u011flubiyy\u0259ti etiraf etm\u0259sin\u0259 v\u0259 h\u0259rbi \u0259m\u0259liyyatlar\u0131 dayand\u0131rmas\u0131na s\u0259b\u0259b olub. \u015eu\u015fa \u015f\u0259h\u0259rinin v\u0259 onun i\u015f\u011faldan azad edilm\u0259sinin tarixi \u0259h\u0259miyy\u0259ti n\u0259z\u0259r\u0259 al\u0131naraq, xalq\u0131m\u0131z\u0131n d\u00f6y\u00fc\u015f \u0259zminin v\u0259 q\u00fcdr\u0259tinin t\u0259nt\u0259n\u0259sin\u0259 \u00e7evril\u0259n, d\u00f6vl\u0259timizin g\u0259l\u0259c\u0259k inki\u015faf\u0131 v\u0259 n\u00fcfuzu bax\u0131m\u0131ndan m\u00fcst\u0259sna \u0259h\u0259miyy\u0259t k\u0259sb ed\u0259n bu misilsiz q\u0259l\u0259b\u0259 &#8211; Z\u0259f\u0259r G\u00fcn\u00fc h\u0259r il noyabr\u0131n 8-d\u0259 t\u0259nt\u0259n\u0259li \u015f\u0259kild\u0259 qeyd edil\u0259c\u0259k.<\/p>\n<p>Qeyd ed\u0259k ki, Prezident \u0130lham \u018fliyev h\u0259l\u0259 \u0130kinci Qaraba\u011f m\u00fcharib\u0259sinin gedi\u015find\u0259 \u015eu\u015fan\u0131n i\u015f\u011falda qalmas\u0131n\u0131 q\u0259buledilm\u0259z hal kimi d\u0259y\u0259rl\u0259ndirirdi. O deyirdi: \u00ab H\u0259r bir k\u0259ndin d\u0259y\u0259ri, qiym\u0259ti o biri k\u0259ndl\u0259 m\u00fcqayis\u0259d\u0259, o biri \u015f\u0259h\u0259rl\u0259 m\u00fcqayis\u0259d\u0259 eynidir, b\u0259rab\u0259rdir. Ancaq siz d\u0259 yax\u015f\u0131 bilirsiniz ki, \u015eu\u015fan\u0131n Az\u0259rbaycan xalq\u0131n\u0131n q\u0259lbind\u0259 x\u00fcsusi yeri var. Bu, bizim tarixi \u015f\u0259h\u0259rimizdir, q\u0259dim m\u0259d\u0259niyy\u0259t oca\u011f\u0131d\u0131r. \u015eu\u015fa Az\u0259rbaycan xalq\u0131na bir \u00e7ox istedadl\u0131, dahi \u015f\u0259xsl\u0259r b\u0259x\u015f edibdir. \u018flb\u0259tt\u0259 ki, \u015eu\u015fas\u0131z bizim i\u015fimiz yar\u0131m\u00e7\u0131q olar.\u00bb<\/p>\n<p>\u00dcmumiyy\u0259tl\u0259, Erm\u0259nistan ordusunun m\u0259\u011flubedilm\u0259zliyi bar\u0259d\u0259 ill\u0259rdir formala\u015fd\u0131r\u0131lm\u0131\u015f mif c\u0259mi 44 g\u00fcn\u0259 darmada\u011f\u0131n edildi. \u0130\u015f\u011fal\u0131n 30 ili \u0259rzind\u0259 Erm\u0259nistan h\u0259rbi v\u0259 siyasi t\u0259zyiql\u0259rl\u0259 \u00f6lk\u0259mizi torpaqlarm\u0131z\u0131n i\u015f\u011fal\u0131 il\u0259 bar\u0131\u015fma\u011fa m\u0259cbur etm\u0259y\u0259 \u00e7al\u0131\u015f\u0131rd\u0131. Lakin Az\u0259rbaycan d\u00f6vl\u0259tinin qurucusu Ulu \u00d6nd\u0259r Heyd\u0259r \u018fliyevin v\u0259 onun siyasi varisi Prezident \u0130lham \u018fliyevin\u00a0 uzaqg\u00f6r\u0259nliyi v\u0259 q\u0259tiyy\u0259ti n\u0259tic\u0259sind\u0259 Erm\u0259nistan\u0131n he\u00e7 bir avant\u00fcrist ideyas\u0131 realla\u015fmad\u0131. \u018fksin\u0259, V\u0259t\u0259n m\u00fcharib\u0259sind\u0259 Az\u0259rbaycan onlara el\u0259 bir d\u0259rs verdi ki, \u00e7\u0259tin ki, 100 ill\u0259rl\u0259 \u00f6zl\u0259rin\u0259 g\u0259l\u0259 bilsinl\u0259r. \u018fn ba\u015fl\u0131cas\u0131 iki \u0259srdir realla\u015fd\u0131rma\u011fa \u00e7al\u0131\u015fd\u0131qlar\u0131 \u00a0\u00abb\u00f6y\u00fck Erm\u0259nistan\u00bb plan\u0131 fiaskoya u\u011frad\u0131.<\/p>\n<p>T\u0259bii ki, bu tarixi Q\u0259l\u0259b\u0259 xalq\u0131m\u0131z\u0131n milli d\u0259y\u0259rl\u0259r\u0259 s\u00f6yk\u0259n\u0259n geni\u015f potensial\u0131n\u0131 \u00fcz\u0259 \u00e7\u0131xard\u0131. Ayd\u0131n oldu ki,\u00a0 \u00f6lk\u0259miz m\u00fcst\u0259qillik d\u00f6vr\u00fcnd\u0259 d\u00f6vl\u0259t\u00e7ilik d\u0259y\u0259rl\u0259rimiz\u0259 ba\u011fl\u0131, tarixi yadda\u015f\u0131 qoruyub saxlayan bir S\u0259rk\u0259rd\u0259 v\u0259 v\u0259t\u0259np\u0259rv\u0259r,\u00a0 \u0259zmkar bir n\u0259sil \u00a0yeti\u015fdirib. X\u00fcsusil\u0259 BMT T\u0259hl\u00fck\u0259sizlik \u015euras\u0131n\u0131n Erm\u0259nistan h\u0259rbi q\u00fcvv\u0259l\u0259rinin i\u015f\u011fal\u0131 il\u0259 ba\u011fl\u0131 icra olunmayan d\u00f6rd q\u0259tnam\u0259sini m\u0259hz \u015fanl\u0131 Az\u0259rbaycan Ordusu \u00a0h\u0259rbi yolla icra etdi.<br \/>\n\u018fn \u00f6n\u0259mli m\u0259s\u0259l\u0259 is\u0259 odur ki, V\u0259t\u0259n m\u00fcharib\u0259si \u00f6lk\u0259mizd\u0259 milli h\u0259mr\u0259yliyi, milli birliyi daha da geni\u015fl\u0259ndirdi. D\u00fc\u015fm\u0259n\u0259 qan udduran igid h\u0259rb\u00e7il\u0259rimiz Erm\u0259nistan r\u0259hb\u0259rliyini Az\u0259rbaycan\u0131n q\u00fcdr\u0259tini q\u0259bul etm\u0259k kimi dan\u0131lmaz fakt qar\u015f\u0131s\u0131nda qoydular.<\/p>\n<p>M\u00fcz\u0259ff\u0259r Ali Ba\u015f Komandan \u0130lham \u018fliyev 2020-ci ilin dekabr\u0131n 1-d\u0259 La\u00e7\u0131n\u0131n i\u015f\u011faldan azad olunmas\u0131 m\u00fcnasib\u0259ti il\u0259 xalqa m\u00fcraci\u0259tind\u0259 qeyd edib ki, art\u0131q Erm\u0259nistan\u0131n m\u0259\u011flubiyy\u0259tind\u0259n sonra b\u00f6lg\u0259mizd\u0259 yeni reall\u0131q yarand\u0131: \u00abBu reall\u0131\u011f\u0131 biz yaratd\u0131q. Az\u0259rbaycan yaratd\u0131 bu reall\u0131\u011f\u0131. Biz d\u00fc\u015fm\u0259ni torpaqlar\u0131m\u0131zdan qovduq. Biz BMT T\u0259hl\u00fck\u0259sizlik \u015euras\u0131n\u0131n q\u0259tnam\u0259l\u0259rini yerin\u0259 yetirdik. Bu q\u0259tnam\u0259l\u0259r 27 il idi ki, ka\u011f\u0131z \u00fcz\u0259rind\u0259 qal\u0131rd\u0131. Bu q\u0259tnam\u0259l\u0259r 27 il idi ki, sad\u0259c\u0259 olaraq, bir \u00e7oxlar\u0131 \u00fc\u00e7\u00fcn ka\u011f\u0131z par\u00e7as\u0131 idi, t\u0259kc\u0259 Erm\u0259nistan \u00fc\u00e7\u00fcn yox, ba\u015fqalar\u0131 \u00fc\u00e7\u00fcn d\u0259. Biz deyirdik ki, beyn\u0259lxalq h\u00fcquq bizim t\u0259r\u0259fimizd\u0259dir, BMT T\u0259hl\u00fck\u0259sizlik \u015euras\u0131n\u0131n q\u0259tnam\u0259l\u0259ri t\u0259l\u0259b edir, i\u015f\u011fal\u00e7\u0131 q\u00fcvv\u0259l\u0259r torpaqlar\u0131m\u0131zdan \u00e7\u0131xs\u0131n. Amma bunun n\u0259tic\u0259si olmad\u0131. Biz beyn\u0259lxalq h\u00fcquq praktikas\u0131nda v\u0259 b\u00f6lg\u0259mizd\u0259 yeni reall\u0131q yaratd\u0131q. Biz BMT T\u0259hl\u00fck\u0259sizlik \u015euras\u0131n\u0131n q\u0259tnam\u0259l\u0259rini icra etdik. Biz \u0259razi b\u00fct\u00f6vl\u00fcy\u00fcm\u00fcz\u00fc b\u0259rpa etdik. Biz i\u015f\u011fala son qoyduq. \u00dcmid edir\u0259m ki, biz b\u00f6lg\u0259d\u0259 bu g\u00fcn v\u0259 g\u0259l\u0259c\u0259k \u00fc\u00e7\u00fcn yeni t\u0259hl\u00fck\u0259sizlik, yeni \u0259m\u0259kda\u015fl\u0131q format\u0131n\u0131 t\u0259\u015fkil etdik\u00bb.<\/p>\n<p>Postm\u00fcharib\u0259 d\u00f6vr\u00fcnd\u0259 \u00f6lk\u0259mizin ba\u015f\u00e7\u0131s\u0131n\u0131n q\u0259tiyy\u0259tli m\u00f6vqeyi \u00a0sonrak\u0131 tarixi q\u0259l\u0259b\u0259l\u0259rimizin ba\u015flan\u011f\u0131c\u0131n\u0131 qoydu.\u00a0 Bel\u0259 ki, Az\u0259rbaycan Ordusunun 2023-c\u00fc ilin sentyabr\u0131n 19-da h\u0259yata ke\u00e7irdiyi birg\u00fcnl\u00fck lokal- antiterror t\u0259dbirl\u0259ri n\u0259tic\u0259sind\u0259 Qaraba\u011fdak\u0131 separat\u00e7\u0131 v\u0259 terror\u00e7u xunta bird\u0259f\u0259lik l\u0259\u011fv olundu. N\u0259tic\u0259d\u0259 Az\u0259rbaycan d\u00f6vl\u0259ti suverenliyini tamamil\u0259 b\u0259rpa etdi. Barbar Erm\u0259nistan r\u0259hb\u0259rliyi son 30 ild\u0259 g\u00fcman edirdi ki, daha Az\u0259rbaycan xalq\u0131 bu torpaqlara qay\u0131tmayacaq. El\u0259 bilirdil\u0259r ki, \u015eu\u015fan\u0131, La\u00e7\u0131n\u0131, K\u0259lb\u0259c\u0259ri, A\u011fdam\u0131, \u00fcmumiyy\u0259tl\u0259, Qaraba\u011f\u0131 xalq\u0131m\u0131z\u0131n q\u0259lbind\u0259n \u00e7\u0131xar\u0131b ata bil\u0259c\u0259kl\u0259r. Buna g\u00f6r\u0259 d\u0259 i\u015f\u011fal etdikl\u0259ri b\u00fct\u00fcn yurdlar\u0131m\u0131z\u0131 viran etmi\u015f, da\u015f\u0131 da\u015f \u00fcst\u00fcnd\u0259 qoymam\u0131\u015fd\u0131lar. T\u0259bi\u0259timiz\u0259 q\u0259nim k\u0259silmi\u015f, \u00e7aylar\u0131m\u0131z\u0131 qurutmu\u015f, me\u015f\u0259l\u0259rimizi yand\u0131rm\u0131\u015f, qiym\u0259tli a\u011faclar\u0131m\u0131z\u0131 k\u0259sib m\u0259hv etmi\u015fdil\u0259r. Bu ill\u0259r \u0259rzind\u0259 b\u00fct\u00fcn \u00a0yeralt\u0131-yer\u00fcst\u00fc s\u0259rv\u0259tl\u0259rimizi talayaraq q\u0259sb etmi\u015f, maddi-m\u0259d\u0259ni abid\u0259l\u0259rimiz\u0259 sahib olma\u011fa \u00e7al\u0131\u015fm\u0131\u015fd\u0131lar. Do\u011fma torpaqlar\u0131m\u0131zda Az\u0259rbaycan xalq\u0131ndan he\u00e7 bir ni\u015fan\u0259 qalmamas\u0131 \u00fc\u00e7\u00fcn a\u011flag\u0259lm\u0259z v\u0259h\u015filikl\u0259r\u0259 \u0259l atm\u0131\u015fd\u0131lar. Amma yan\u0131lm\u0131\u015fd\u0131lar v\u0259 c\u0131l\u0131z a\u011f\u0131llar\u0131 il\u0259 anlaya bilm\u0259mi\u015fdil\u0259r ki, Qaraba\u011f Az\u0259rbaycand\u0131r! Az\u0259rbaycan Ordusunun bir-birinin ard\u0131nca azad etdiyi \u0259razil\u0259rimizd\u0259n \u00e7\u0259kilmi\u015f kadrlar\u0131na baxd\u0131qca d\u0259h\u015f\u0259t\u0259 g\u0259lm\u0259m\u0259k olmurdu. Ancaq bu g\u00fcn vaxt\u0131il\u0259 da\u011f\u0131d\u0131lan m\u0259scidl\u0259rimizd\u0259n ucalan azan s\u0259sl\u0259rini e\u015fitdikc\u0259, tikil\u0259n m\u0259kt\u0259bl\u0259rd\u0259n \u015fagird balalar\u0131m\u0131z\u0131n t\u0259hsil ald\u0131qlar\u0131n\u0131 g\u00f6rd\u00fckc\u0259 ruhumuz dinc\u0259lir,\u00a0 d\u00f6vl\u0259timiz\u0259 g\u00fcv\u0259nimiz art\u0131r.<\/p>\n<p>M\u00fcz\u0259ff\u0259r Ali Ba\u015f Komandan \u0130lham \u018fliyev ata v\u0259siyy\u0259tini \u015f\u0259r\u0259fl\u0259 yerin\u0259 yetirdi, xalq\u0131na, m\u0259cburi k\u00f6\u00e7k\u00fcnl\u0259r\u0259 verdiyi s\u00f6z\u0259 sahib \u00e7\u0131xd\u0131. O, Az\u0259rbaycan\u0131n \u0259razi b\u00fct\u00f6vl\u00fcy\u00fcn\u00fc b\u0259rpa ed\u0259n m\u00fcdrik Lider, b\u00f6y\u00fck Strateq, qalib S\u0259rk\u0259rd\u0259 kimi ad\u0131n\u0131 \u0259b\u0259di olaraq tarix\u0259 yazd\u0131rd\u0131. \u018fn ba\u015fl\u0131cas\u0131 is\u0259\u00a0 g\u00fccl\u00fc Az\u0259rbaycan yaradaraq d\u00fc\u015fm\u0259ni onunla hesabla\u015fma\u011fa vadar etdi. Bir s\u00f6zl\u0259, Ali Ba\u015f Komandan\u0131m\u0131z 44 g\u00fcnl\u00fck V\u0259t\u0259n m\u00fcharib\u0259sinin \u0259sl q\u0259hr\u0259man\u0131na \u00e7evrildi. Haz\u0131rda Prezident \u0130lham \u018fliyevin siyasi f\u0259aliyy\u0259tinin \u0259sas qay\u0259si Az\u0259rbaycan d\u00f6vl\u0259tini daha dag\u00fccl\u0259ndirm\u0259k,\u00a0 Az\u0259rbaycan Bayra\u011f\u0131n\u0131 \u0259n uca zirv\u0259l\u0259rd\u0259 dal\u011faland\u0131rmaqd\u0131r. Ona g\u00f6r\u0259 d\u0259 i\u015f\u011faldan azad edil\u0259n Qaraba\u011f v\u0259 \u015e\u0259rqi Z\u0259ng\u0259zurdak\u0131 b\u00f6y\u00fck tikinti-quruculuq i\u015fl\u0259ri, m\u0259cburi k\u00f6\u00e7k\u00fcnl\u0259rin \u00f6z do\u011fma yurdlar\u0131na B\u00f6y\u00fck Qay\u0131d\u0131\u015f\u0131\u00a0\u00a0 44 g\u00fcnl\u00fck tarixi Z\u0259f\u0259rimizin sosial-iqtisadi istiqam\u0259td\u0259ki davam\u0131d\u0131r.<\/p>\n<p><strong>El\u00e7in Zaman, \u00ab\u0130ki sahil\u00bb<\/strong><\/p>\n","protected":false},"excerpt":{"rendered":"<p>Bu, h\u0259m d\u0259 \u0259b\u0259di q\u00fcrur duyaca\u011f\u0131m\u0131z tariximizin daha bir l\u0259yaq\u0259tli s\u0259hif\u0259sidir \u0130kinci Qaraba\u011f m\u00fcharib\u0259sini q\u0131sa m\u00fcdd\u0259td\u0259- c\u0259mi 44 g\u00fcn\u0259 M\u00fcz\u0259ff\u0259r Ali Ba\u015f Komandan \u0130lham \u018fliyevin r\u0259hb\u0259rliyi il\u0259 tarixi Q\u0259l\u0259b\u0259 il\u0259 ba\u015fa vuran Az\u0259rbaycan Ordusu xalq\u0131m\u0131za q\u00fcr\u00fcrverici anlar ya\u015fatd\u0131.\u00a0Ordumuz 44 g\u00fcn \u0259rzind\u0259 5 \u015f\u0259h\u0259r, 4 q\u0259s\u0259b\u0259 v\u0259 286 k\u0259ndi i\u015f\u011faldan azad etdi. Qaraba\u011f\u0131n tac\u0131 olan \u015eu\u015fa \u015f\u0259h\u0259rinin 2020-ci il noyabr\u0131n 8-d\u0259 i\u015f\u011faldan azad edilm\u0259si is\u0259 Erm\u0259nistan r\u0259hb\u0259rliyini kapitulyasiya akt\u0131n\u0131 imzalama\u011fa m\u0259cbur etdi. Kapitulyasiya akt\u0131na \u0259sas\u0259n, noyabr\u0131n 20-si A\u011fdam, 25-i K\u0259lb\u0259c\u0259r, dekabr\u0131n 1-i is\u0259 La\u00e7\u0131n rayonlar\u0131 Az\u0259rbaycana\u00a0 bir g\u00fcll\u0259 at\u0131lmadan qaytar\u0131ld\u0131. Bununla&hellip;<\/p>\n","protected":false},"author":2,"featured_media":766660,"comment_status":"closed","ping_status":"closed","sticky":false,"template":"","format":"standard","meta":{"om_disable_all_campaigns":false,"_monsterinsights_skip_tracking":false,"_monsterinsights_sitenote_active":false,"_monsterinsights_sitenote_note":"","_monsterinsights_sitenote_category":0},"categories":[19],"tags":[],"aioseo_notices":[],"gutentor_comment":0,"rttpg_featured_image_url":{"full":["https:\/\/arantv.az\/wp-content\/uploads\/2024\/11\/6e3adb1a166479298224109955410913324-2.jpg",975,540,false],"landscape":["https:\/\/arantv.az\/wp-content\/uploads\/2024\/11\/6e3adb1a166479298224109955410913324-2.jpg",975,540,false],"portraits":["https:\/\/arantv.az\/wp-content\/uploads\/2024\/11\/6e3adb1a166479298224109955410913324-2.jpg",975,540,false],"thumbnail":["https:\/\/arantv.az\/wp-content\/uploads\/2024\/11\/6e3adb1a166479298224109955410913324-2-500x280.jpg",500,280,true],"medium":["https:\/\/arantv.az\/wp-content\/uploads\/2024\/11\/6e3adb1a166479298224109955410913324-2-660x365.jpg",660,365,true],"large":["https:\/\/arantv.az\/wp-content\/uploads\/2024\/11\/6e3adb1a166479298224109955410913324-2-840x465.jpg",640,354,true],"1536x1536":["https:\/\/arantv.az\/wp-content\/uploads\/2024\/11\/6e3adb1a166479298224109955410913324-2.jpg",975,540,false],"2048x2048":["https:\/\/arantv.az\/wp-content\/uploads\/2024\/11\/6e3adb1a166479298224109955410913324-2.jpg",975,540,false],"post-thumbnail":["https:\/\/arantv.az\/wp-content\/uploads\/2024\/11\/6e3adb1a166479298224109955410913324-2-240x172.jpg",240,172,true],"advps-thumb-one":["https:\/\/arantv.az\/wp-content\/uploads\/2024\/11\/6e3adb1a166479298224109955410913324-2.jpg",975,540,false]},"rttpg_author":{"display_name":"V\u00fcsal Rafiqo\u011flu","author_link":"https:\/\/arantv.az\/?author=2"},"rttpg_comment":0,"rttpg_category":"<a href=\"https:\/\/arantv.az\/?cat=19\" rel=\"category\">G\u00fcnd\u0259m<\/a>","rttpg_excerpt":"Bu, h\u0259m d\u0259 \u0259b\u0259di q\u00fcrur duyaca\u011f\u0131m\u0131z tariximizin daha bir l\u0259yaq\u0259tli s\u0259hif\u0259sidir \u0130kinci Qaraba\u011f m\u00fcharib\u0259sini q\u0131sa m\u00fcdd\u0259td\u0259- c\u0259mi 44 g\u00fcn\u0259 M\u00fcz\u0259ff\u0259r Ali Ba\u015f Komandan \u0130lham \u018fliyevin r\u0259hb\u0259rliyi il\u0259 tarixi Q\u0259l\u0259b\u0259 il\u0259 ba\u015fa vuran Az\u0259rbaycan Ordusu xalq\u0131m\u0131za q\u00fcr\u00fcrverici anlar ya\u015fatd\u0131.\u00a0Ordumuz 44 g\u00fcn \u0259rzind\u0259 5 \u015f\u0259h\u0259r, 4 q\u0259s\u0259b\u0259 v\u0259 286 k\u0259ndi i\u015f\u011faldan azad etdi. Qaraba\u011f\u0131n tac\u0131 olan \u015eu\u015fa&hellip;","_links":{"self":[{"href":"https:\/\/arantv.az\/index.php?rest_route=\/wp\/v2\/posts\/766659"}],"collection":[{"href":"https:\/\/arantv.az\/index.php?rest_route=\/wp\/v2\/posts"}],"about":[{"href":"https:\/\/arantv.az\/index.php?rest_route=\/wp\/v2\/types\/post"}],"author":[{"embeddable":true,"href":"https:\/\/arantv.az\/index.php?rest_route=\/wp\/v2\/users\/2"}],"replies":[{"embeddable":true,"href":"https:\/\/arantv.az\/index.php?rest_route=%2Fwp%2Fv2%2Fcomments&post=766659"}],"version-history":[{"count":1,"href":"https:\/\/arantv.az\/index.php?rest_route=\/wp\/v2\/posts\/766659\/revisions"}],"predecessor-version":[{"id":766661,"href":"https:\/\/arantv.az\/index.php?rest_route=\/wp\/v2\/posts\/766659\/revisions\/766661"}],"wp:featuredmedia":[{"embeddable":true,"href":"https:\/\/arantv.az\/index.php?rest_route=\/wp\/v2\/media\/766660"}],"wp:attachment":[{"href":"https:\/\/arantv.az\/index.php?rest_route=%2Fwp%2Fv2%2Fmedia&parent=766659"}],"wp:term":[{"taxonomy":"category","embeddable":true,"href":"https:\/\/arantv.az\/index.php?rest_route=%2Fwp%2Fv2%2Fcategories&post=766659"},{"taxonomy":"post_tag","embeddable":true,"href":"https:\/\/arantv.az\/index.php?rest_route=%2Fwp%2Fv2%2Ftags&post=766659"}],"curies":[{"name":"wp","href":"https:\/\/api.w.org\/{rel}","templated":true}]}}