{"id":766662,"date":"2024-11-06T07:50:09","date_gmt":"2024-11-06T03:50:09","guid":{"rendered":"https:\/\/arantv.az\/?p=766662"},"modified":"2024-11-06T07:50:09","modified_gmt":"2024-11-06T03:50:09","slug":"kontrabascinin-etirafi","status":"publish","type":"post","link":"https:\/\/arantv.az\/?p=766662","title":{"rendered":"\u201cKontrabas\u00e7\u0131\u201dn\u0131n etiraf\u0131"},"content":{"rendered":"<p><em><strong>Az\u0259rbaycan \u0259leyhin\u0259 \u00e7oxsayl\u0131 hesabatlar\u0131, yalan v\u0259 h\u0259qiq\u0259ti t\u0259hrif ed\u0259n b\u0259yanatlar\u0131 il\u0259 tan\u0131nan Beyn\u0259lxalq Cinay\u0259t M\u0259hk\u0259m\u0259sinin ke\u00e7mi\u015f prokuroru Luis Moreno Okampo bu g\u00fcnl\u0259rd\u0259 g\u00f6zl\u0259nilm\u0259z a\u00e7\u0131qlama il\u0259 g\u00fcnd\u0259m\u0259 g\u0259lib. Bel\u0259 ki, o, ilk d\u0259f\u0259 olaraq Erm\u0259nistan\u0131n Az\u0259rbaycan torpaqlar\u0131n\u0131 uzun m\u00fcdd\u0259t i\u015f\u011falda saxlad\u0131\u011f\u0131n\u0131 etiraf edib. O, h\u0259m\u00e7inin h\u0259min \u0259razil\u0259rd\u0259 ya\u015fayanlar\u0131n \u0259ks\u0259riyy\u0259tinin az\u0259rbaycanl\u0131lar\u0131n t\u0259\u015fkil etdiyini vur\u011fulay\u0131b.<\/strong><\/em><\/p>\n<p>G\u00f6r\u0259s\u0259n, haylara r\u0259\u011fb\u0259ti il\u0259 se\u00e7il\u0259n, s\u00f6z\u00fcn h\u0259qiqi m\u0259nas\u0131nda onlar\u0131n \u0259lind\u0259 al\u0259t\u0259 \u00e7evril\u0259n c\u0259nab Okampo niy\u0259 bel\u0259 bir fikir s\u0259sl\u0259ndirib? Olmaya, o, erm\u0259nip\u0259r\u0259stliyin da\u015f\u0131n\u0131 at\u0131b? Yoxsa onun \u201cvicdan\u201d\u0131 indiy\u0259d\u0259k s\u00f6yl\u0259diyi yalanlara g\u00f6r\u0259 s\u0131z\u0131ldama\u011fa ba\u015flay\u0131b? Sanki d\u00fcn\u0259n\u0259 q\u0259d\u0259r Qaraba\u011fdak\u0131 \u201chumanitar f\u0259lak\u0259t\u201dl\u0259 ba\u011fl\u0131 saxta m\u0259lumatlar yayan, \u00a0h\u0259min \u0259razid\u0259n separat\u00e7\u0131lar\u0131n t\u0259hriki il\u0259 k\u00f6n\u00fcll\u00fc k\u00f6\u00e7\u00fcb getmi\u015f erm\u0259nil\u0259ri \u201cetnik t\u0259mizl\u0259m\u0259 qurban\u0131\u201d kimi q\u0259l\u0259m\u0259 ver\u0259n, Bak\u0131da h\u0259bsxanada saxlan\u0131lan h\u0259rbi cinay\u0259tkarlar\u0131n azad olunmas\u0131 \u00fc\u00e7\u00fcn ba\u015flad\u0131lan kampaniyan\u0131n \u00f6n s\u0131ralar\u0131nda ged\u0259n, bu ay \u00f6lk\u0259mizd\u0259 ke\u00e7iril\u0259c\u0259k BMT-nin \u0130qlim D\u0259yi\u015fikliyi \u00fczr\u0259 \u00c7\u0259r\u00e7iv\u0259 Konvensiyas\u0131n\u0131n T\u0259r\u0259fl\u0259r Konfrans\u0131n\u0131n 29-cu sessiyas\u0131n\u0131 (COP29)\u00a0 boykota s\u0259sl\u0259y\u0259n o deyilmi\u015f. H\u0259tta o, h\u0259yas\u0131zcas\u0131na bel\u0259 bir fikir d\u0259 s\u0259sl\u0259ndirmi\u015fdi:\u201cBiz COP29-un Bak\u0131 h\u0259bsxanalar\u0131nda 23 erm\u0259ni m\u0259hbusla ke\u00e7m\u0259sin\u0259 icaz\u0259 ver\u0259 bilm\u0259rik. Biz erm\u0259ni m\u0259hbuslar m\u0259s\u0259l\u0259sini m\u0259rk\u0259zi m\u0259s\u0259l\u0259y\u0259 \u00e7evirm\u0259liyik\u201d.<\/p>\n<p>\u015e\u00fcbh\u0259siz, Az\u0259rbaycan\u0131n \u0259ld\u0259 etdiyi u\u011furlar\u0131 h\u0259zm ed\u0259\u00a0 bilm\u0259y\u0259n Luis Moreno Okamponun \u00a0b\u00fct\u00fcn bunlar\u0131 say\u0131qlamas\u0131nda yaln\u0131z bir m\u0259qs\u0259di olub: Beyn\u0259lxalq al\u0259md\u0259 \u00f6lk\u0259miz \u0259leyhin\u0259 m\u0259nfi\u00a0 r\u0259y formala\u015fd\u0131rmaq. El\u0259 bir m\u0259nfi r\u0259y ki, onun n\u0259tic\u0259sind\u0259 r\u0259smi Bak\u0131ya \u00a0t\u0259zyiql\u0259r olsun, sanksiyalar t\u0259tbiq edilsin. Amma \u0259sl h\u0259qiq\u0259t budur ki, o, b\u00fct\u00fcn bunlar\u0131 yaln\u0131z yuxular\u0131nda g\u00f6rm\u0259kd\u0259dir.<\/p>\n<p>B\u0259ri ba\u015fdan qeyd ed\u0259k ki, d\u0259l\u0259duz Okamponun\u00a0 bu etiraf\u0131ndan bel\u0259 m\u0259lum olur ki,\u00a0 s\u0259n dem\u0259, o, b\u00f6lg\u0259d\u0259 ba\u015f ver\u0259n b\u00fct\u00fcn olaylardan \u0259m\u0259lli-ba\u015fl\u0131 m\u0259lumatl\u0131d\u0131r. Y\u0259ni o, yax\u015f\u0131 bilirdi ki, Qaraba\u011fda he\u00e7 bir etnik t\u0259mizl\u0259m\u0259 apar\u0131lmay\u0131b. Erm\u0259nil\u0259r k\u00f6n\u00fclll\u00fc \u015f\u0259kild\u0259 h\u0259min \u0259razini t\u0259rk edibl\u0259r. Halbuki Bak\u0131 onlar \u00fc\u00e7\u00fcn h\u0259r c\u00fcr \u015f\u0259rait yaratm\u0131\u015fd\u0131. Bunu beyn\u0259lxalq qurumlar da t\u0259sdiq edibl\u0259r. Erm\u0259nil\u0259r is\u0259 zaman-zaman az\u0259rbaycanl\u0131lara qar\u015f\u0131 soyq\u0131r\u0131mlar h\u0259yata ke\u00e7iribl\u0259r. Onlar\u0131n say\u0131-hesab\u0131 yoxdur.\u00a0 H\u0259tta haylar V\u0259t\u0259n m\u00fcharib\u0259si zaman\u0131 G\u0259nc\u0259, \u00a0B\u0259rd\u0259, T\u0259rt\u0259r, Yevlax, Beyl\u0259qan, Q\u0259b\u0259l\u0259, Goranboyu \u00a0raket z\u0259r\u0259l\u0259rin\u0259 m\u0259ruz qoyublar. O yax\u015f\u0131 bilirdi ki, Bak\u0131da saxlan\u0131lanlar h\u0259rbi \u0259sirl\u0259r yox, Az\u0259rbaycana qar\u015f\u0131 b\u0259\u015f\u0259ri cinay\u0259tl\u0259r t\u00f6r\u0259d\u0259nl\u0259rdir. O bilirdi ki, haz\u0131rda \u00f6z\u00fcn\u00fcn inki\u015faf m\u0259rh\u0259l\u0259sini ya\u015fayan Az\u0259rbaycan beyn\u0259lxalq t\u0259dbirl\u0259rin ke\u00e7irilm\u0259si sah\u0259sind\u0259 ad qazan\u0131b v\u0259 bel\u0259 bir m\u00f6t\u0259b\u0259r t\u0259dbir\u0259 d\u0259 ev sahibliyi etm\u0259y\u0259 layiqdir. Amma\u00a0 o, erm\u0259ni lobbisinin pul kis\u0259l\u0259ri qar\u015f\u0131s\u0131nda \u00f6z\u00fcn\u00fc t\u00fclk\u00fcl\u00fcy\u0259 qoyaraq \u0259leyhimiz\u0259 h\u0259dyanlar ya\u011fd\u0131r\u0131b.\u00a0 B\u0259s indi n\u0259 ba\u015f verib ki, o, bel\u0259 bir etirafa ba\u015f vurub? G\u00f6r\u00fcn\u00fcr,\u00a0 erm\u0259ni lobbisi v\u0259d olunan milyonlarla dollar\u0131 ona \u00e7atd\u0131rmay\u0131b, \u00a0obrazl\u0131 ifad\u0259 ets\u0259k, quyru\u011funu tapdalay\u0131b. Bu m\u0259qamda \u201cB\u0259xtiyar\u201d filmind\u0259 \u201ckonsert ver\u0259n\u201d restoran kontrabas\u00e7\u0131s\u0131n\u0131n bu s\u00f6zl\u0259rini xat\u0131rlamamaq m\u00fcmk\u00fcn deyil: \u201c\u018flimd\u0259n g\u0259l\u0259ni el\u0259dim, pulumu kim ver\u0259c\u0259k? Pulumu verin!!!\u201d.\u00a0 G\u00f6r\u00fcn\u00fcr, Okampoya da \u201cz\u0259hm\u0259thaqq\u0131\u201dn\u0131\u00a0 ver\u0259n yoxdur. \u00a0\u015e\u00fcbh\u0259siz, bu s\u0259b\u0259bd\u0259n o, el\u0259 s\u00f6z\u00fcged\u0259n filmin A\u011fabalas\u0131n\u0131n dediyi kimi, \u201cantrakt\u201d elan edib. Xat\u0131rladaq ki, b\u0259dnam, qaranl\u0131q ke\u00e7mi\u015fi olan, pe\u015f\u0259kar f\u0131r\u0131ldaq\u00e7\u0131 Luis Moreno Okampo bir ne\u00e7\u0259 il\u0259 bundan \u0259vv\u0259l Beyn\u0259lxalq Cinay\u0259t M\u0259hk\u0259m\u0259sinin ona k\u0259sdiyi pensiyan\u0131n azl\u0131\u011f\u0131ndan \u015fikay\u0259tl\u0259n\u0259r\u0259k\u00a0 \u201c\u00f6z\u0259l xidm\u0259tl\u0259r\u201d g\u00f6st\u0259rm\u0259k m\u0259cburiyy\u0259tind\u0259 qald\u0131\u011f\u0131n\u0131 demi\u015fdi.<\/p>\n<p>\u015e\u00fcbh\u0259siz, Luis Moreno Okamponun bel\u0259 etiraf\u0131 anti-Az\u0259rbaycan t\u0259bli\u011fat\u0131 aparanlara\u00a0 g\u00f6rk olacaq. N\u0259tic\u0259d\u0259 haylar\u0131na puluna sat\u0131lm\u0131\u015f y\u00fcks\u0259k ranql\u0131 siyas\u0259t\u00e7il\u0259r, h\u00fcquq\u015funaslar, h\u0259m\u00e7inin dig\u0259rl\u0259ri d\u0259 onun kimi etiraflar ed\u0259c\u0259kl\u0259r.\u00a0Bu is\u0259 o dem\u0259kdir ki, b\u00fct\u00fcn erm\u0259ni lobbisinin pul da\u011farc\u0131\u011f\u0131ndan as\u0131l\u0131 olan, el\u0259 bu s\u0259b\u0259bd\u0259n Az\u0259rbaycan h\u0259qiq\u0259tl\u0259rini t\u0259hrif ed\u0259n, \u00f6lk\u0259mizin \u0259leyhin\u0259 h\u0259dyanlar ya\u011fd\u0131ran erm\u0259nip\u0259r\u0259stl\u0259ri d\u0259 bel\u0259 bir ox\u015far sonluq g\u00f6zl\u0259yir.\u00a0Amma bu g\u00fcn g\u00f6r\u00fcn\u0259n odur ki, r\u0259smi Bak\u0131 \u00f6z dol\u011fun siyas\u0259ti, \u00f6z g\u00fcc\u00fc v\u0259 imkanlar\u0131 hesab\u0131na b\u00fct\u00fcn ist\u0259kl\u0259rin\u0259 nail ola bilir. \u00a0Luis Moreno Okampo kimil\u0259r onun \u00fc\u00e7\u00fcn \u0259sla \u00a0\u0259ng\u0259l deyil!!!<\/p>\n<p><strong>Qvami M\u0259h\u0259bb\u0259to\u011flu, \u201c\u0130ki sahil\u201d<\/strong><\/p>\n","protected":false},"excerpt":{"rendered":"<p>Az\u0259rbaycan \u0259leyhin\u0259 \u00e7oxsayl\u0131 hesabatlar\u0131, yalan v\u0259 h\u0259qiq\u0259ti t\u0259hrif ed\u0259n b\u0259yanatlar\u0131 il\u0259 tan\u0131nan Beyn\u0259lxalq Cinay\u0259t M\u0259hk\u0259m\u0259sinin ke\u00e7mi\u015f prokuroru Luis Moreno Okampo bu g\u00fcnl\u0259rd\u0259 g\u00f6zl\u0259nilm\u0259z a\u00e7\u0131qlama il\u0259 g\u00fcnd\u0259m\u0259 g\u0259lib. Bel\u0259 ki, o, ilk d\u0259f\u0259 olaraq Erm\u0259nistan\u0131n Az\u0259rbaycan torpaqlar\u0131n\u0131 uzun m\u00fcdd\u0259t i\u015f\u011falda saxlad\u0131\u011f\u0131n\u0131 etiraf edib. O, h\u0259m\u00e7inin h\u0259min \u0259razil\u0259rd\u0259 ya\u015fayanlar\u0131n \u0259ks\u0259riyy\u0259tinin az\u0259rbaycanl\u0131lar\u0131n t\u0259\u015fkil etdiyini vur\u011fulay\u0131b. G\u00f6r\u0259s\u0259n, haylara r\u0259\u011fb\u0259ti il\u0259 se\u00e7il\u0259n, s\u00f6z\u00fcn h\u0259qiqi m\u0259nas\u0131nda onlar\u0131n \u0259lind\u0259 al\u0259t\u0259 \u00e7evril\u0259n c\u0259nab Okampo niy\u0259 bel\u0259 bir fikir s\u0259sl\u0259ndirib? Olmaya, o, erm\u0259nip\u0259r\u0259stliyin da\u015f\u0131n\u0131 at\u0131b? Yoxsa onun \u201cvicdan\u201d\u0131 indiy\u0259d\u0259k s\u00f6yl\u0259diyi yalanlara g\u00f6r\u0259 s\u0131z\u0131ldama\u011fa ba\u015flay\u0131b? Sanki d\u00fcn\u0259n\u0259 q\u0259d\u0259r Qaraba\u011fdak\u0131 \u201chumanitar&hellip;<\/p>\n","protected":false},"author":2,"featured_media":766663,"comment_status":"closed","ping_status":"closed","sticky":false,"template":"","format":"standard","meta":{"om_disable_all_campaigns":false,"_monsterinsights_skip_tracking":false,"_monsterinsights_sitenote_active":false,"_monsterinsights_sitenote_note":"","_monsterinsights_sitenote_category":0},"categories":[19],"tags":[],"aioseo_notices":[],"gutentor_comment":0,"rttpg_featured_image_url":{"full":["https:\/\/arantv.az\/wp-content\/uploads\/2024\/11\/d4695473173081670715249222710718788.jpg",975,540,false],"landscape":["https:\/\/arantv.az\/wp-content\/uploads\/2024\/11\/d4695473173081670715249222710718788.jpg",975,540,false],"portraits":["https:\/\/arantv.az\/wp-content\/uploads\/2024\/11\/d4695473173081670715249222710718788.jpg",975,540,false],"thumbnail":["https:\/\/arantv.az\/wp-content\/uploads\/2024\/11\/d4695473173081670715249222710718788-500x280.jpg",500,280,true],"medium":["https:\/\/arantv.az\/wp-content\/uploads\/2024\/11\/d4695473173081670715249222710718788-660x365.jpg",660,365,true],"large":["https:\/\/arantv.az\/wp-content\/uploads\/2024\/11\/d4695473173081670715249222710718788-840x465.jpg",640,354,true],"1536x1536":["https:\/\/arantv.az\/wp-content\/uploads\/2024\/11\/d4695473173081670715249222710718788.jpg",975,540,false],"2048x2048":["https:\/\/arantv.az\/wp-content\/uploads\/2024\/11\/d4695473173081670715249222710718788.jpg",975,540,false],"post-thumbnail":["https:\/\/arantv.az\/wp-content\/uploads\/2024\/11\/d4695473173081670715249222710718788-240x172.jpg",240,172,true],"advps-thumb-one":["https:\/\/arantv.az\/wp-content\/uploads\/2024\/11\/d4695473173081670715249222710718788.jpg",975,540,false]},"rttpg_author":{"display_name":"V\u00fcsal Rafiqo\u011flu","author_link":"https:\/\/arantv.az\/?author=2"},"rttpg_comment":0,"rttpg_category":"<a href=\"https:\/\/arantv.az\/?cat=19\" rel=\"category\">G\u00fcnd\u0259m<\/a>","rttpg_excerpt":"Az\u0259rbaycan \u0259leyhin\u0259 \u00e7oxsayl\u0131 hesabatlar\u0131, yalan v\u0259 h\u0259qiq\u0259ti t\u0259hrif ed\u0259n b\u0259yanatlar\u0131 il\u0259 tan\u0131nan Beyn\u0259lxalq Cinay\u0259t M\u0259hk\u0259m\u0259sinin ke\u00e7mi\u015f prokuroru Luis Moreno Okampo bu g\u00fcnl\u0259rd\u0259 g\u00f6zl\u0259nilm\u0259z a\u00e7\u0131qlama il\u0259 g\u00fcnd\u0259m\u0259 g\u0259lib. Bel\u0259 ki, o, ilk d\u0259f\u0259 olaraq Erm\u0259nistan\u0131n Az\u0259rbaycan torpaqlar\u0131n\u0131 uzun m\u00fcdd\u0259t i\u015f\u011falda saxlad\u0131\u011f\u0131n\u0131 etiraf edib. O, h\u0259m\u00e7inin h\u0259min \u0259razil\u0259rd\u0259 ya\u015fayanlar\u0131n \u0259ks\u0259riyy\u0259tinin az\u0259rbaycanl\u0131lar\u0131n t\u0259\u015fkil etdiyini vur\u011fulay\u0131b. G\u00f6r\u0259s\u0259n, haylara r\u0259\u011fb\u0259ti&hellip;","_links":{"self":[{"href":"https:\/\/arantv.az\/index.php?rest_route=\/wp\/v2\/posts\/766662"}],"collection":[{"href":"https:\/\/arantv.az\/index.php?rest_route=\/wp\/v2\/posts"}],"about":[{"href":"https:\/\/arantv.az\/index.php?rest_route=\/wp\/v2\/types\/post"}],"author":[{"embeddable":true,"href":"https:\/\/arantv.az\/index.php?rest_route=\/wp\/v2\/users\/2"}],"replies":[{"embeddable":true,"href":"https:\/\/arantv.az\/index.php?rest_route=%2Fwp%2Fv2%2Fcomments&post=766662"}],"version-history":[{"count":2,"href":"https:\/\/arantv.az\/index.php?rest_route=\/wp\/v2\/posts\/766662\/revisions"}],"predecessor-version":[{"id":766665,"href":"https:\/\/arantv.az\/index.php?rest_route=\/wp\/v2\/posts\/766662\/revisions\/766665"}],"wp:featuredmedia":[{"embeddable":true,"href":"https:\/\/arantv.az\/index.php?rest_route=\/wp\/v2\/media\/766663"}],"wp:attachment":[{"href":"https:\/\/arantv.az\/index.php?rest_route=%2Fwp%2Fv2%2Fmedia&parent=766662"}],"wp:term":[{"taxonomy":"category","embeddable":true,"href":"https:\/\/arantv.az\/index.php?rest_route=%2Fwp%2Fv2%2Fcategories&post=766662"},{"taxonomy":"post_tag","embeddable":true,"href":"https:\/\/arantv.az\/index.php?rest_route=%2Fwp%2Fv2%2Ftags&post=766662"}],"curies":[{"name":"wp","href":"https:\/\/api.w.org\/{rel}","templated":true}]}}