{"id":766669,"date":"2024-11-06T07:52:44","date_gmt":"2024-11-06T03:52:44","guid":{"rendered":"https:\/\/arantv.az\/?p=766669"},"modified":"2024-11-06T07:52:44","modified_gmt":"2024-11-06T03:52:44","slug":"bir-%c9%99ng%c9%99ld%c9%99n-dogan-yuz-%c9%99ng%c9%99l","status":"publish","type":"post","link":"https:\/\/arantv.az\/?p=766669","title":{"rendered":"Bir \u0259ng\u0259ld\u0259n do\u011fan y\u00fcz \u0259ng\u0259l&#8230;"},"content":{"rendered":"<p><em><strong>S\u0259rh\u0259dl\u0259rin m\u00fc\u0259yy\u0259n edilm\u0259m\u0259si probleml\u0259rin aradan qald\u0131r\u0131lmas\u0131na imkan vermir<\/strong><\/em><\/p>\n<p>Son aylarda Erm\u0259nistan-Az\u0259rbaycan s\u0259rh\u0259dl\u0259rind\u0259 delimitasiya v\u0259 demarkasiya i\u015fl\u0259rinin gedi\u015fat\u0131 h\u0259r iki \u00f6lk\u0259nin m\u0259tbuat\u0131n\u0131n g\u00fcnd\u0259mind\u0259 \u0259sas yer tutur. \u018flb\u0259tt\u0259, bu, vacib m\u0259s\u0259l\u0259dir v\u0259 h\u0259llini tapmal\u0131d\u0131r. Do\u011frudur, Erm\u0259nistan t\u0259r\u0259fi indiy\u0259d\u0259k bo\u015f s\u00f6zd\u0259n o yana ke\u00e7m\u0259s\u0259 d\u0259, art\u0131q \u0130r\u0259vanda anlay\u0131rlar ki, vaxt\u0131 uzatmalar\u0131 el\u0259 onlar\u0131n \u00f6zl\u0259rinin ziyanlar\u0131na i\u015fl\u0259yir. \u0130lk n\u00f6vb\u0259d\u0259 Erm\u0259nistan yen\u0259 d\u0259 blokadada qalmaqda davam ed\u0259c\u0259k. \u0130qtisadiyyat yerind\u0259 sayacaq, d\u00fcnya d\u00f6vl\u0259tl\u0259ri aras\u0131nda yarars\u0131z \u00f6lk\u0259 kimi tan\u0131nacaq. Ona g\u00f6r\u0259 d\u0259 bu sah\u0259d\u0259 n\u0259z\u0259rd\u0259 tutulan v\u0259 yar\u0131m\u00e7\u0131q qalan i\u015fl\u0259rin h\u0259yata ke\u00e7irilm\u0259si istiqam\u0259tind\u0259 real add\u0131mlar atma\u011fa haz\u0131rla\u015f\u0131rlar. D\u00f6vl\u0259t r\u0259hb\u0259rl\u0259ri vaxta\u015f\u0131r\u0131 bu bar\u0259d\u0259 dan\u0131\u015f\u0131r, m\u0259lumat verirl\u0259r.<\/p>\n<p>\u201cBir \u00e7ox ikit\u0259r\u0259fli m\u0259s\u0259l\u0259l\u0259ri h\u0259ll etm\u0259mi\u015fik, siyasi irad\u0259 olarsa, b\u00fct\u00fcn bu m\u0259s\u0259l\u0259l\u0259ri h\u0259ll etm\u0259k olar. Hesab edir\u0259m ki, davam ed\u0259n m\u00fczakir\u0259l\u0259r d\u0259 buna y\u00f6n\u0259lib. S\u0259rh\u0259din delimitasiya v\u0259 demarkasiyas\u0131 prosesinin n\u00f6vb\u0259ti m\u0259rh\u0259l\u0259si S\u00fcnik vilay\u0259tind\u0259\u00a0 ke\u00e7iril\u0259 bil\u0259r.&#8221;<\/p>\n<p>Bu fikri yerli m\u0259tbuata Erm\u0259nistan parlamentinin spikeri Alen Simonyan s\u00f6yl\u0259yib. Spiker jurnalistl\u0259rin delimitasiya prosesinin hans\u0131 \u0259razid\u0259 davam etdiril\u0259c\u0259yi il\u0259 ba\u011fl\u0131 suallar\u0131n\u0131 da cavabland\u0131r\u0131b: \u201cH\u0259r \u015fey m\u00fcmk\u00fcnd\u00fcr. Davam etm\u0259k \u00fc\u00e7\u00fcn \u0259sas ola bil\u0259c\u0259k m\u00fcxt\u0259lif arqumentl\u0259r, \u0259saslar, suallar var. \u015eimalda, c\u0259nubda davam etm\u0259k m\u00fcmk\u00fcnd\u00fcr. \u00dcmumilikd\u0259 S\u00fcnikd\u0259n, yaxud daha konkret olan hans\u0131sa hiss\u0259d\u0259n ba\u015flamaq da m\u00fcmk\u00fcnd\u00fcr. Bununla ba\u011fl\u0131 m\u00fczakir\u0259l\u0259r gedir. 12, 50 v\u0259 ya 100 kilometrlik s\u0259rh\u0259dimizin b\u0259rpas\u0131 tariximizin m\u00fch\u00fcm m\u0259s\u0259l\u0259sidir, bunu h\u0259ll ets\u0259k, ham\u0131m\u0131z raz\u0131 olmal\u0131 v\u0259 \u015f\u00fck\u00fcr etm\u0259liyik\u201d.<\/p>\n<p>\u018flb\u0259tt\u0259, erm\u0259nil\u0259r min d\u0259f\u0259 \u015f\u00fck\u00fcr etm\u0259lidirl\u0259r. \u018fvv\u0259ll\u0259r orada-burada s\u0259rg\u0259rdan h\u0259yat s\u00fcr\u0259n haylar \u0130ki y\u00fcz m\u0259skunla\u015fd\u0131qlar\u0131 Az\u0259rbaycan \u0259razisind\u0259 indi s\u0259rh\u0259dl\u0259ri tan\u0131nan d\u00f6vl\u0259t\u0259 malik\u00a0\u00a0 olacaqlar. Bunun \u00fc\u00e7\u00fcn haylar \u0259ll\u0259rini sin\u0259l\u0259rind\u0259 \u00e7arpazla\u015fd\u0131rmal\u0131, rus \u00e7arlar\u0131n\u0131n goruna and i\u00e7m\u0259li, ruhlar\u0131 qar\u015f\u0131s\u0131nda ba\u015f endirm\u0259lidirl\u0259r. \u00c7\u00fcnki bu g\u00fcn Az\u0259rbaycan torpaqlar\u0131nda onlara zor\u0259n d\u00f6vl\u0259t quran m\u0259hz onlar olublar. H\u0259l\u0259lik bunlar bir yana qals\u0131n, qay\u0131daq m\u00f6vzuya.<\/p>\n<p>Az\u0259rbaycanla dan\u0131\u015f\u0131qlar\u0131n gedi\u015find\u0259n dan\u0131\u015fan Simonyan qeyd edib: \u201cBir \u00e7ox ikit\u0259r\u0259fli m\u0259s\u0259l\u0259l\u0259ri h\u0259ll etm\u0259mi\u015fik, siyasi irad\u0259 olarsa, b\u00fct\u00fcn bu m\u0259s\u0259l\u0259l\u0259ri h\u0259ll etm\u0259k olar. Hesab edir\u0259m ki, davam ed\u0259n m\u00fczakir\u0259l\u0259r d\u0259 buna y\u00f6n\u0259lib\u201d.<\/p>\n<p>Ancaq Simonyan a\u00e7\u0131qlamad\u0131 ki, &#8220;siyasi irad\u0259\u201d onlarda yoxdur, &#8220;bir \u00e7ox ikit\u0259r\u0259fli m\u0259s\u0259l\u0259l\u0259rin h\u0259ll edilm\u0259m\u0259sinin&#8221; g\u00fcnahkar\u0131 da Erm\u0259nistan\u0131n xamilyon r\u0259hb\u0259rl\u0259ridir. Z\u0259ng\u0259zur yolunun a\u00e7\u0131lmas\u0131nda maraql\u0131 olan d\u00f6vl\u0259tl\u0259rin t\u0259zyiqind\u0259n qorxan bu ba\u015fab\u0259la ba\u015f\u00e7\u0131lar s\u0259rh\u0259dl\u0259rin demarkasiyas\u0131 v\u0259 delimitasiyas\u0131n\u0131 &#8220;\u00f6l\u00fc n\u00f6qt\u0259&#8221;d\u0259n \u00e7\u0131xarma\u011fa m\u0259cbur qal\u0131blar. AB\u015e, T\u00fcrkiy\u0259 v\u0259 dig\u0259r bir ne\u00e7\u0259 d\u00f6vl\u0259t Z\u0259ng\u0259zur yolunun a\u00e7\u0131lmas\u0131n\u0131 n\u0259inki region \u00f6lk\u0259l\u0259ri \u00fc\u00e7\u00fcn, eyni zamanda Orta Asiya \u00f6lk\u0259l\u0259ri \u00fc\u00e7\u00fcn d\u0259 s\u0259rf\u0259li olaca\u011f\u0131n\u0131 qeyd edibl\u0259r. \u0130\u015f o yer\u0259 \u00e7at\u0131b ki, Z\u0259ng\u0259zur d\u0259hlizini \u00f6z\u00fcn\u00fcn \u201cq\u0131rm\u0131z\u0131 x\u0259tti\u201d elan ed\u0259n \u0130ran da n\u0259hay\u0259t, bu yolun a\u00e7\u0131lmas\u0131na raz\u0131 oldu\u011funu bildirib. Bel\u0259likl\u0259, \u0130r\u0259vanda anlay\u0131rlar ki, n\u0259h\u0259ng n\u0259qliyyat d\u0259hlizinin tezlikl\u0259 a\u00e7\u0131lmas\u0131 beyn\u0259lxalq ictimaiyy\u0259tin maraq dair\u0259sind\u0259dir. Da\u015fnak t\u0259f\u0259kk\u00fcr\u00fc onlara ba\u015fa d\u00fc\u015fm\u0259y\u0259 imkan vermir ki, Z\u0259ng\u0259zur yolunun a\u00e7\u0131lmas\u0131 il\u0259 h\u0259r il k\u00fclli miqdarda g\u0259lir g\u00f6t\u00fcr\u0259 bil\u0259rl\u0259r. T\u0259kc\u0259 bir misalla bu g\u0259lirl\u0259rin h\u0259cmini g\u00f6rm\u0259k olar. \u0130qtisadi ekspertl\u0259rin q\u0259na\u0259tinc\u0259, Nax\u00e7\u0131van\u0131 t\u0259bii qazla t\u0259min etm\u0259k \u00fc\u00e7\u00fcn onlar\u0131n \u0259razisind\u0259n boru \u00e7\u0259kil\u0259rs\u0259, tranzit haqq\u0131n\u0131n \u0259v\u0259zi h\u0259m pulla, h\u0259m d\u0259 qazla \u00f6d\u0259n\u0259r &#8211; G\u00fcrc\u00fcstanda oldu\u011fu kimi. Ancaq Az\u0259rbaycana qazla \u00f6d\u0259ni\u015f daha s\u0259rf\u0259lidir. Bu, Erm\u0259nistana da s\u0259rf\u0259lidir. Bel\u0259 ki, Nax\u00e7\u0131vandan h\u0259l\u0259 Sovet d\u00f6vr\u00fcnd\u0259 \u0130r\u0259vana q\u0259d\u0259r 70 kilometr uzunlu\u011funda magistral qaz k\u0259m\u0259ri \u00e7\u0259kilib, dair\u0259vi infrastruktur yarad\u0131lm\u0131\u015fd\u0131. \u0130ndi d\u0259 tranzit haqq\u0131 kimi hesablanan qaz h\u0259min k\u0259m\u0259rl\u0259 Erm\u0259nistan\u0131n dig\u0259r \u0259razil\u0259rin\u0259 \u00f6t\u00fcr\u00fcl\u0259 bil\u0259r. Nax\u00e7\u0131vana onlar\u0131n \u0259razisind\u0259n boru \u00e7\u0259kilsin, tranzit haqq\u0131n\u0131n \u0259v\u0259zi qazla \u00f6d\u0259nsin &#8211; G\u00fcrc\u00fcstanda oldu\u011fu kimi. Nax\u00e7\u0131vandan h\u0259l\u0259 Sovet d\u00f6vr\u00fcnd\u0259 \u0130r\u0259vana q\u0259d\u0259r 70 km uzunlu\u011funda magistral qaz k\u0259m\u0259ri \u00e7\u0259kilib, dair\u0259vi infrastruktur yarad\u0131lm\u0131\u015fd\u0131. \u0130ndi d\u0259 tranzit haqq\u0131 kimi hesablanan qaz h\u0259min k\u0259m\u0259rl\u0259 Erm\u0259nistan\u0131n dig\u0259r \u0259razil\u0259rin\u0259 \u00f6t\u00fcr\u00fcl\u0259 bil\u0259r.<\/p>\n<p>\u0130ndiy\u0259d\u0259k beyn\u0259lxalq layih\u0259l\u0259rd\u0259n k\u0259narda qoyulan Erm\u0259nistan\u0131n ba\u015f\u00e7\u0131lar\u0131 ancaq onu ba\u015fa d\u00fc\u015f\u00fcbl\u0259r ki,\u00a0 bu i\u015fi \u00e7ox da gecikdirm\u0259d\u0259n ba\u015fa \u00e7atd\u0131rmasalar ba\u015flar\u0131na en\u0259c\u0259k &#8220;d\u0259mir yumruqlar&#8221;\u0131n say\u0131 artacaq, onlar q\u0131naq obyekti olacaqlar. Bu is\u0259 onsuz da ba\u015f\u0131qapazl\u0131 ki\u00e7ik bir \u00f6lk\u0259y\u0259 ba\u015fqa b\u0259lalar da g\u0259tir\u0259 bil\u0259r.<\/p>\n<p><strong>V\u0259li \u0130lyasov, &#8220;\u0130ki sahil&#8221;<\/strong><\/p>\n","protected":false},"excerpt":{"rendered":"<p>S\u0259rh\u0259dl\u0259rin m\u00fc\u0259yy\u0259n edilm\u0259m\u0259si probleml\u0259rin aradan qald\u0131r\u0131lmas\u0131na imkan vermir Son aylarda Erm\u0259nistan-Az\u0259rbaycan s\u0259rh\u0259dl\u0259rind\u0259 delimitasiya v\u0259 demarkasiya i\u015fl\u0259rinin gedi\u015fat\u0131 h\u0259r iki \u00f6lk\u0259nin m\u0259tbuat\u0131n\u0131n g\u00fcnd\u0259mind\u0259 \u0259sas yer tutur. \u018flb\u0259tt\u0259, bu, vacib m\u0259s\u0259l\u0259dir v\u0259 h\u0259llini tapmal\u0131d\u0131r. Do\u011frudur, Erm\u0259nistan t\u0259r\u0259fi indiy\u0259d\u0259k bo\u015f s\u00f6zd\u0259n o yana ke\u00e7m\u0259s\u0259 d\u0259, art\u0131q \u0130r\u0259vanda anlay\u0131rlar ki, vaxt\u0131 uzatmalar\u0131 el\u0259 onlar\u0131n \u00f6zl\u0259rinin ziyanlar\u0131na i\u015fl\u0259yir. \u0130lk n\u00f6vb\u0259d\u0259 Erm\u0259nistan yen\u0259 d\u0259 blokadada qalmaqda davam ed\u0259c\u0259k. \u0130qtisadiyyat yerind\u0259 sayacaq, d\u00fcnya d\u00f6vl\u0259tl\u0259ri aras\u0131nda yarars\u0131z \u00f6lk\u0259 kimi tan\u0131nacaq. Ona g\u00f6r\u0259 d\u0259 bu sah\u0259d\u0259 n\u0259z\u0259rd\u0259 tutulan v\u0259 yar\u0131m\u00e7\u0131q qalan i\u015fl\u0259rin h\u0259yata ke\u00e7irilm\u0259si istiqam\u0259tind\u0259 real add\u0131mlar atma\u011fa haz\u0131rla\u015f\u0131rlar.&hellip;<\/p>\n","protected":false},"author":2,"featured_media":766670,"comment_status":"closed","ping_status":"closed","sticky":false,"template":"","format":"standard","meta":{"om_disable_all_campaigns":false,"_monsterinsights_skip_tracking":false,"_monsterinsights_sitenote_active":false,"_monsterinsights_sitenote_note":"","_monsterinsights_sitenote_category":0},"categories":[19],"tags":[],"aioseo_notices":[],"gutentor_comment":0,"rttpg_featured_image_url":{"full":["https:\/\/arantv.az\/wp-content\/uploads\/2024\/11\/586f9b40170472566062867959510314200.jpg",975,540,false],"landscape":["https:\/\/arantv.az\/wp-content\/uploads\/2024\/11\/586f9b40170472566062867959510314200.jpg",975,540,false],"portraits":["https:\/\/arantv.az\/wp-content\/uploads\/2024\/11\/586f9b40170472566062867959510314200.jpg",975,540,false],"thumbnail":["https:\/\/arantv.az\/wp-content\/uploads\/2024\/11\/586f9b40170472566062867959510314200-500x280.jpg",500,280,true],"medium":["https:\/\/arantv.az\/wp-content\/uploads\/2024\/11\/586f9b40170472566062867959510314200-660x365.jpg",660,365,true],"large":["https:\/\/arantv.az\/wp-content\/uploads\/2024\/11\/586f9b40170472566062867959510314200-840x465.jpg",640,354,true],"1536x1536":["https:\/\/arantv.az\/wp-content\/uploads\/2024\/11\/586f9b40170472566062867959510314200.jpg",975,540,false],"2048x2048":["https:\/\/arantv.az\/wp-content\/uploads\/2024\/11\/586f9b40170472566062867959510314200.jpg",975,540,false],"post-thumbnail":["https:\/\/arantv.az\/wp-content\/uploads\/2024\/11\/586f9b40170472566062867959510314200-240x172.jpg",240,172,true],"advps-thumb-one":["https:\/\/arantv.az\/wp-content\/uploads\/2024\/11\/586f9b40170472566062867959510314200.jpg",975,540,false]},"rttpg_author":{"display_name":"V\u00fcsal Rafiqo\u011flu","author_link":"https:\/\/arantv.az\/?author=2"},"rttpg_comment":0,"rttpg_category":"<a href=\"https:\/\/arantv.az\/?cat=19\" rel=\"category\">G\u00fcnd\u0259m<\/a>","rttpg_excerpt":"S\u0259rh\u0259dl\u0259rin m\u00fc\u0259yy\u0259n edilm\u0259m\u0259si probleml\u0259rin aradan qald\u0131r\u0131lmas\u0131na imkan vermir Son aylarda Erm\u0259nistan-Az\u0259rbaycan s\u0259rh\u0259dl\u0259rind\u0259 delimitasiya v\u0259 demarkasiya i\u015fl\u0259rinin gedi\u015fat\u0131 h\u0259r iki \u00f6lk\u0259nin m\u0259tbuat\u0131n\u0131n g\u00fcnd\u0259mind\u0259 \u0259sas yer tutur. \u018flb\u0259tt\u0259, bu, vacib m\u0259s\u0259l\u0259dir v\u0259 h\u0259llini tapmal\u0131d\u0131r. Do\u011frudur, Erm\u0259nistan t\u0259r\u0259fi indiy\u0259d\u0259k bo\u015f s\u00f6zd\u0259n o yana ke\u00e7m\u0259s\u0259 d\u0259, art\u0131q \u0130r\u0259vanda anlay\u0131rlar ki, vaxt\u0131 uzatmalar\u0131 el\u0259 onlar\u0131n \u00f6zl\u0259rinin ziyanlar\u0131na i\u015fl\u0259yir. \u0130lk n\u00f6vb\u0259d\u0259&hellip;","_links":{"self":[{"href":"https:\/\/arantv.az\/index.php?rest_route=\/wp\/v2\/posts\/766669"}],"collection":[{"href":"https:\/\/arantv.az\/index.php?rest_route=\/wp\/v2\/posts"}],"about":[{"href":"https:\/\/arantv.az\/index.php?rest_route=\/wp\/v2\/types\/post"}],"author":[{"embeddable":true,"href":"https:\/\/arantv.az\/index.php?rest_route=\/wp\/v2\/users\/2"}],"replies":[{"embeddable":true,"href":"https:\/\/arantv.az\/index.php?rest_route=%2Fwp%2Fv2%2Fcomments&post=766669"}],"version-history":[{"count":1,"href":"https:\/\/arantv.az\/index.php?rest_route=\/wp\/v2\/posts\/766669\/revisions"}],"predecessor-version":[{"id":766671,"href":"https:\/\/arantv.az\/index.php?rest_route=\/wp\/v2\/posts\/766669\/revisions\/766671"}],"wp:featuredmedia":[{"embeddable":true,"href":"https:\/\/arantv.az\/index.php?rest_route=\/wp\/v2\/media\/766670"}],"wp:attachment":[{"href":"https:\/\/arantv.az\/index.php?rest_route=%2Fwp%2Fv2%2Fmedia&parent=766669"}],"wp:term":[{"taxonomy":"category","embeddable":true,"href":"https:\/\/arantv.az\/index.php?rest_route=%2Fwp%2Fv2%2Fcategories&post=766669"},{"taxonomy":"post_tag","embeddable":true,"href":"https:\/\/arantv.az\/index.php?rest_route=%2Fwp%2Fv2%2Ftags&post=766669"}],"curies":[{"name":"wp","href":"https:\/\/api.w.org\/{rel}","templated":true}]}}