{"id":766672,"date":"2024-11-06T07:53:33","date_gmt":"2024-11-06T03:53:33","guid":{"rendered":"https:\/\/arantv.az\/?p=766672"},"modified":"2024-11-06T07:53:33","modified_gmt":"2024-11-06T03:53:33","slug":"azad-edilmis-torpaqlarimizin-sevincin%c9%99-sahidlik-ed%c9%99n-az%c9%99rbaycan-bayragi","status":"publish","type":"post","link":"https:\/\/arantv.az\/?p=766672","title":{"rendered":"Azad edilmi\u015f torpaqlar\u0131m\u0131z\u0131n sevincin\u0259 \u015fahidlik ed\u0259n Az\u0259rbaycan Bayra\u011f\u0131"},"content":{"rendered":"<div class=\"content lead font-weight-normal\">\n<p>Tarixi Z\u0259f\u0259rimizin d\u00f6rd\u00fcnc\u00fc ild\u00f6n\u00fcm\u00fcn\u00fc b\u00f6y\u00fck q\u00fcrur hissi il\u0259 qeyd edirik. Az\u0259rbaycan xalq\u0131 Q\u0259l\u0259b\u0259ni 30 il g\u00f6zl\u0259di. 2020-ci ilin 27 sentyabr tarixind\u0259 \u00a0Erm\u0259nistan silahl\u0131 q\u00fcvv\u0259l\u0259rinin d\u00f6y\u00fc\u015f aktivliyinin qar\u015f\u0131s\u0131n\u0131 almaq, m\u00fclki \u0259halinin t\u0259hl\u00fck\u0259sizliyini t\u0259min etm\u0259k m\u0259qs\u0259dil\u0259 Az\u0259rbaycan Ordusunun komandanl\u0131\u011f\u0131 t\u0259r\u0259find\u0259n qo\u015funlar\u0131m\u0131z\u0131n b\u00fct\u00fcn c\u0259bh\u0259 boyu \u0259ks-h\u00fccum \u0259m\u0259liyyat\u0131 ba\u015flamas\u0131 bar\u0259d\u0259 q\u0259rar verildi. M\u00fcharib\u0259 d\u00f6vr\u00fcnd\u0259 xalq \u00f6z d\u0259mir yumru\u011funu, birliyini v\u0259 g\u00fcc\u00fcn\u00fc n\u00fcmayi\u015f etdirdi. On minl\u0259rl\u0259 insan\u0131n orduya k\u00f6n\u00fcll\u00fc kimi yaz\u0131lmas\u0131, el\u0259c\u0259d\u0259 t\u0259xribatlar zaman\u0131 \u00f6z evl\u0259rinin t\u0259rk etm\u0259m\u0259si fakt\u0131 Az\u0259rbaycanda xalq-ordu birliyi v\u0259 orduya olan inam\u0131ndan x\u0259b\u0259r verdi.<\/p>\n<p>\u0130\u015f\u011fal\u00e7\u0131 \u00f6lk\u0259nin 30 il \u0259rzind\u0259 m\u00f6hk\u0259ml\u0259ndirdiyi t\u0259mas x\u0259ttini Az\u0259rbaycan\u0131n m\u00fcz\u0259ff\u0259r Ordusu q\u0131sa zamanda yararaq C\u0259bray\u0131l, F\u00fczuli, Z\u0259ngilan, Qubadl\u0131 rayonlar\u0131n\u0131, Hadrut q\u0259s\u0259b\u0259sini, \u015eu\u015fa \u015f\u0259h\u0259rini, 300-d\u0259k k\u0259nd v\u0259 q\u0259s\u0259b\u0259ni, onlarla strateji y\u00fcks\u0259kliyi d\u00fc\u015fm\u0259n tapda\u011f\u0131ndan azad etdi. Az\u0259rbaycan\u0131n h\u0259rbi-siyasi Q\u0259l\u0259b\u0259sinin v\u0259 Erm\u0259nistan\u0131n kapitulyasiyas\u0131n\u0131n t\u0259sdiqi olan 10 noyabr 2020-ci il tarixli \u00fc\u00e7t\u0259r\u0259fli b\u0259yanata \u0259sas\u0259n\u00a0 A\u011fdam, K\u0259lb\u0259c\u0259r v\u0259 La\u00e7\u0131n rayonlar\u0131 d\u00f6y\u00fc\u015fs\u00fcz t\u0259hvil verildi. M\u00fcz\u0259ff\u0259r Ali Ba\u015f Komandan \u0130lham \u018fliyevin h\u0259rbi \u0259m\u0259liyyatlar d\u00f6vr\u00fcnd\u0259 g\u00f6st\u0259rdiyi q\u0259tiyy\u0259tlilik, m\u0259rdlik, \u0259zmkarl\u0131q, siyasi irad\u0259 say\u0259sind\u0259 Az\u0259rbaycan\u0131n \u00f6z \u0259razi b\u00fct\u00f6vl\u00fcy\u00fcn\u00fc b\u0259rpa etdi. 44 g\u00fcn \u0259rzind\u0259 h\u0259r g\u00fcn Az\u0259rbaycan Ordusu ir\u0259li gedirdi, h\u0259r g\u00fcn yeni \u015f\u0259h\u0259rl\u0259r, k\u0259ndl\u0259r, q\u0259s\u0259b\u0259l\u0259r, y\u00fcks\u0259klikl\u0259r azad edilirdi. Az\u0259rbaycan \u0259sg\u0259ri, Az\u0259rbaycan zabiti bir amalla vuru\u015furdu ki, i\u015f\u011fala son qoyulsun v\u0259 tarixi \u0259dal\u0259t z\u0259f\u0259r \u00e7als\u0131n. Az\u0259rbaycan Silahl\u0131 Q\u00fcvv\u0259l\u0259ri 44 g\u00fcn \u0259rzind\u0259 d\u00fc\u015fm\u0259n ordusunu m\u0259hv ed\u0259r\u0259k \u00f6z \u0259razi b\u00fct\u00f6vl\u00fcy\u00fcn\u00fc b\u0259rpa etdi. \u201cD\u0259mir yumruq\u201d \u0259m\u0259liyyat\u0131n\u0131n ilk saatlar\u0131nda c\u0259bh\u0259 x\u0259ttind\u0259n sevindirici x\u0259b\u0259rl\u0259r g\u0259lm\u0259y\u0259 ba\u015flad\u0131. R\u0259\u015fad\u0259tli Az\u0259rbaycan Ordusu 44 g\u00fcn \u0259rzind\u0259 b\u00fct\u00fcn d\u00fcnyaya \u00f6z g\u00fcc\u00fcn\u00fc, m\u0259tinliyini, m\u00fcbarizliyini n\u00fcmayi\u015f etdirdi. D\u00f6vl\u0259t ba\u015f\u00e7\u0131s\u0131 \u0130lham \u018fliyev d\u00f6y\u00fc\u015f meydan\u0131nda \u0259ld\u0259 edilmi\u015f b\u00fct\u00fcn z\u0259f\u0259rl\u0259rin ba\u015fl\u0131ca q\u0259hr\u0259man\u0131 kimi Az\u0259rbaycan \u0259sg\u0259ri v\u0259 zabiti oldu\u011funu qeyd edir: \u201cM\u0259n bunu art\u0131q bir ne\u00e7\u0259 d\u0259f\u0259 demi\u015f\u0259m, bu q\u0259l\u0259b\u0259ni qazanan bizim texniki vasit\u0259l\u0259r yox, \u0259sg\u0259r v\u0259 zabitl\u0259rimizdir.<\/p>\n<p>Onlar torpa\u011f\u0131m\u0131z\u0131 d\u00fc\u015fm\u0259nd\u0259n qar\u0131\u015f-qar\u0131\u015f azad ed\u0259-ed\u0259 bu Q\u0259l\u0259b\u0259ni, bu Z\u0259f\u0259ri xalq\u0131m\u0131za n\u0259sib etdil\u0259r. Ona g\u00f6r\u0259 bu q\u0259l\u0259b\u0259nin birinci q\u0259hr\u0259man\u0131 Az\u0259rbaycan \u0259sg\u0259ridir, Az\u0259rbaycan zabitidir v\u0259 h\u0259r k\u0259s bunu bilm\u0259lidir.\u201d Q\u0259hr\u0259man h\u0259rb\u00e7il\u0259rimizin \u015f\u00fcca\u0259ti, r\u0259\u015fad\u0259ti hesab\u0131na, \u015f\u0259hidl\u0259rimizin qan\u0131-can\u0131 bahas\u0131na b\u00fct\u00fcn d\u00fcnya Az\u0259rbaycan\u0131n \u015fanl\u0131 q\u0259l\u0259b\u0259sinin \u015fahidi oldu. Bu Z\u0259f\u0259r say\u0259sind\u0259 \u201cErm\u0259nistan\u0131n g\u00fccl\u00fc ordusu var\u201d v\u0259 \u201cerm\u0259ni xalq\u0131 d\u00f6y\u00fc\u015fk\u0259n xalqd\u0131r\u201d kimi mifl\u0259r\u0259 bird\u0259f\u0259lik son qoyuldu. Az\u0259rbaycan Ordusu \u00f6z q\u0259hr\u0259manl\u0131\u011f\u0131 v\u0259 pe\u015f\u0259karl\u0131\u011f\u0131 il\u0259 t\u0259kc\u0259 Erm\u0259nistan\u0131n silahl\u0131 q\u00fcvv\u0259l\u0259rini deyil, erm\u0259ni mifini \u00a0m\u0259hv etdi. Az\u0259rbaycan Ordusunun 44 g\u00fcnd\u0259 erm\u0259ni silahl\u0131 q\u00fcvv\u0259l\u0259rinin m\u0259hv etdiyi, yaxud q\u0259nim\u0259t kimi g\u00f6t\u00fcrd\u00fcy\u00fc h\u0259rbi texnika 10 dekabr 2020-ci ild\u0259 ke\u00e7iril\u0259n Z\u0259f\u0259r parad\u0131nda n\u00fcmayi\u015f olunmaqla yana\u015f\u0131, d\u00f6vl\u0259t ba\u015f\u00e7\u0131s\u0131 \u0130lham \u018fliyevin tap\u015f\u0131r\u0131\u011f\u0131 \u0259sas\u0131nda Bak\u0131n\u0131n X\u0259tai rayonunda a\u00e7\u0131q s\u0259ma alt\u0131nda yarad\u0131lan H\u0259rbi Q\u0259nim\u0259tl\u0259r Park\u0131nda da ziyar\u0259t\u00e7il\u0259r\u0259 t\u0259qdim edilir.\u00a0Bu g\u00fcn Az\u0259rbaycan Bayra\u011f\u0131 Xank\u0259ndid\u0259, Xocal\u0131da, A\u011fd\u0259r\u0259d\u0259, Xocav\u0259ndd\u0259, i\u015f\u011faldan azad edil\u0259n b\u00fct\u00fcn torpaqlar\u0131m\u0131zda dal\u011falan\u0131r. Bundan b\u00f6y\u00fck xo\u015fb\u0259xtlik ola bil\u0259rmi? 30 illik i\u015f\u011fal d\u00f6vr\u00fcn\u00fcn da\u011f\u0131nt\u0131lar\u0131 haz\u0131rda b\u0259rpa-quruculuq i\u015fl\u0259ri il\u0259 \u0259v\u0259zl\u0259nib. Tarixi sahibin\u0259 qovu\u015fan torpaqlar\u0131m\u0131z \u00e7al-\u00e7a\u011f\u0131rl\u0131 d\u00f6vr\u00fcn\u00fc ya\u015fay\u0131r.<\/p>\n<p>Soyda\u015flar\u0131mz\u0131n B\u00f6y\u00fck Qay\u0131d\u0131\u015f proqram\u0131n\u0131n u\u011furlu icras\u0131 n\u0259tic\u0259sind\u0259 qay\u0131td\u0131\u011f\u0131 \u00fcnvanlar\u0131n s\u0131ralamas\u0131 geni\u015fl\u0259nir. Bu g\u00fcnl\u0259r Az\u0259rbaycan xalq\u0131 daha sevinclidir. Tarixi Z\u0259f\u0259rimizin d\u00f6rd illiyini, h\u0259m\u00e7inin 9 Noyabr-D\u00f6vl\u0259t Bayra\u011f\u0131 G\u00fcn\u00fcn\u00fc m\u00f6ht\u0259\u015f\u0259m u\u011furlarla qeyd edirik. H\u0259r bir bayram \u00f6z\u00fcnd\u0259 m\u00fch\u00fcm \u00e7a\u011f\u0131r\u0131\u015flar\u0131 ifad\u0259 edir. D\u00f6vl\u0259t ba\u015f\u00e7\u0131s\u0131, M\u00fcz\u0259ff\u0259r Ali Ba\u015f Komandan \u0130lham \u018fliyevin 2018-ci ild\u0259 Az\u0259rbaycan Silahl\u0131 Q\u00fcvv\u0259l\u0259rinin yarad\u0131lmas\u0131n\u0131n 100 illiyin\u0259 h\u0259sr olunan h\u0259rbi paradda s\u0259sl\u0259ndirdiyi \u201cG\u00fcn g\u0259l\u0259c\u0259k v\u0259 bu g\u00fcn i\u015f\u011fal alt\u0131ndak\u0131\u00a0torpaqlar azad olunandan sonra orada qald\u0131r\u0131lacaq Az\u0259rbaycan bayra\u011f\u0131 Azadl\u0131q meydan\u0131na g\u0259tiril\u0259c\u0259k\u00a0v\u0259 h\u0259rbi paradda g\u00f6st\u0259ril\u0259c\u0259k. Biz bu m\u00fcq\u0259dd\u0259s g\u00fcn\u00fc yax\u0131nla\u015fd\u0131rmal\u0131y\u0131q v\u0259 yax\u0131nla\u015fd\u0131r\u0131r\u0131q\u201d fikirl\u0259ri \u00a02020-ci ild\u0259 \u00a0reall\u0131\u011fa \u00e7evrildi. D\u00f6vl\u0259timizin q\u0259tiyy\u0259ti, Ordumuzun g\u00fcc\u00fc say\u0259sind\u0259 \u0259razi b\u00fct\u00f6vl\u00fcy\u00fcm\u00fcz b\u0259rpa olundu, 30 illik torpaq h\u0259sr\u0259tin\u0259 son qoyuldu.<\/p>\n<p>Tarixi Z\u0259f\u0259rimizin t\u0259qdimat\u0131 olan Z\u0259f\u0259r parad\u0131nda bu torpaqlarda qald\u0131r\u0131lan Az\u0259rbaycan Bayra\u011f\u0131 Azadl\u0131q meydan\u0131na g\u0259tirildi. Bu an harada ya\u015famas\u0131ndan as\u0131l\u0131 olmayaraq h\u0259r bir az\u0259rbaycanl\u0131da b\u00f6y\u00fck q\u00fcrur hissi yaratd\u0131. 30 ild\u0259n sonra tarixi sahibin\u0259 qay\u0131dan\u00a0 torpaqlar\u0131m\u0131z\u0131n ke\u00e7irdiyi hissl\u0259r\u0259, sevinc\u0259 \u015fahidlik ed\u0259n Az\u0259rbaycan Bayra\u011f\u0131d\u0131r. D\u00f6vl\u0259t Bayra\u011f\u0131 G\u00fcn\u00fc Prezident \u0130lham \u018fliyevin 2009-cu il noyabr\u0131n 17-d\u0259 imzalad\u0131\u011f\u0131 S\u0259r\u0259ncamla t\u0259sis edilib. D\u00f6vl\u0259t Bayra\u011f\u0131 G\u00fcn\u00fcn\u00fcn qeyd olunmas\u0131 Az\u0259rbaycan Xalq C\u00fcmhuriyy\u0259tinin tarixi il\u0259 ba\u011fl\u0131d\u0131r. Az\u0259rbaycan Xalq C\u00fcmhuriyy\u0259tinin \u00fc\u00e7r\u0259ngli D\u00f6vl\u0259t Bayra\u011f\u0131 ilk d\u0259f\u0259 1918-ci il noyabr\u0131n 9-da Bak\u0131da, h\u00f6kum\u0259tin iclas\u0131nda q\u0259bul edil\u0259r\u0259k iclas\u0131n ke\u00e7irildiyi Az\u0259rbaycan Xalq C\u00fcmhuriyy\u0259ti Nazirl\u0259r \u015euras\u0131n\u0131n binas\u0131 \u00fcz\u0259rind\u0259 qald\u0131r\u0131l\u0131b v\u0259 1920-ci ilin aprel ay\u0131nad\u0259k d\u00f6vl\u0259t statusuna malik olmu\u015fdur.<\/p>\n<p>Az\u0259rbaycan\u0131n D\u00f6vl\u0259t Bayra\u011f\u0131n\u0131n ilk d\u0259f\u0259 r\u0259smi sur\u0259td\u0259 1918-ci il noyabr\u0131n 9-da q\u0259bul edilm\u0259sini n\u0259z\u0259r\u0259 alaraq, d\u00f6vl\u0259t r\u0259mzl\u0259rin\u0259 h\u00f6rm\u0259t v\u0259 ehtiram\u0131 t\u0259min etm\u0259k m\u0259qs\u0259di il\u0259 c\u0259nab \u0130lham \u018fliyevin imzalad\u0131\u011f\u0131 S\u0259r\u0259ncamla h\u0259r il noyabr ay\u0131n\u0131n 9-u \u00f6lk\u0259mizd\u0259 D\u00f6vl\u0259t Bayra\u011f\u0131 G\u00fcn\u00fc kimi qeyd edilir.<\/p>\n<p><strong>Nihad P\u0259nahov,<\/strong><br \/>\n<em>YAP Tovuz rayon t\u0259\u015fkilat\u0131n\u0131n s\u0259dri<\/em><\/p>\n<div class=\"clearfix\"><\/div>\n<\/div>\n<div class=\"fotorama--hidden\"><\/div>\n<div id=\"galleryList\" class=\"fotorama fotorama1730865159238\" data-nav=\"thumbs\" data-width=\"100%\" data-thumbwidth=\"90\" data-thumbheight=\"60\" data-allowfullscreen=\"true\" data-autoplay=\"3000\" data-ratio=\"1.5\" data-keyboard=\"true\" data-fit=\"contain\">\n<div class=\"fotorama__wrap fotorama__wrap--css3 fotorama__wrap--slide fotorama__wrap--toggle-arrows fotorama__wrap--no-controls\">\n<div class=\"fotorama__stage\">\n<div class=\"fotorama__fullscreen-icon\" tabindex=\"0\" role=\"button\"><\/div>\n<div class=\"fotorama__stage__shaft\">\n<div class=\"fotorama__stage__frame fotorama__loaded fotorama__loaded--img fotorama__active\"><img class=\"fotorama__img\" src=\"https:\/\/ikisahil.az\/photo\/0x0_2\/upload\/gallery\/2024\/11\/05\/-9d684c5817308036861332657021035717.jpg\" \/><\/div>\n<\/div>\n<div class=\"fotorama__video-close\"><\/div>\n<\/div>\n<\/div>\n<\/div>\n<div class=\"sharing my-2 row no-gutters d-print-none\"><\/div>\n<div class=\"d-none d-sm-block\"><\/div>\n","protected":false},"excerpt":{"rendered":"<p>Tarixi Z\u0259f\u0259rimizin d\u00f6rd\u00fcnc\u00fc ild\u00f6n\u00fcm\u00fcn\u00fc b\u00f6y\u00fck q\u00fcrur hissi il\u0259 qeyd edirik. Az\u0259rbaycan xalq\u0131 Q\u0259l\u0259b\u0259ni 30 il g\u00f6zl\u0259di. 2020-ci ilin 27 sentyabr tarixind\u0259 \u00a0Erm\u0259nistan silahl\u0131 q\u00fcvv\u0259l\u0259rinin d\u00f6y\u00fc\u015f aktivliyinin qar\u015f\u0131s\u0131n\u0131 almaq, m\u00fclki \u0259halinin t\u0259hl\u00fck\u0259sizliyini t\u0259min etm\u0259k m\u0259qs\u0259dil\u0259 Az\u0259rbaycan Ordusunun komandanl\u0131\u011f\u0131 t\u0259r\u0259find\u0259n qo\u015funlar\u0131m\u0131z\u0131n b\u00fct\u00fcn c\u0259bh\u0259 boyu \u0259ks-h\u00fccum \u0259m\u0259liyyat\u0131 ba\u015flamas\u0131 bar\u0259d\u0259 q\u0259rar verildi. M\u00fcharib\u0259 d\u00f6vr\u00fcnd\u0259 xalq \u00f6z d\u0259mir yumru\u011funu, birliyini v\u0259 g\u00fcc\u00fcn\u00fc n\u00fcmayi\u015f etdirdi. On minl\u0259rl\u0259 insan\u0131n orduya k\u00f6n\u00fcll\u00fc kimi yaz\u0131lmas\u0131, el\u0259c\u0259d\u0259 t\u0259xribatlar zaman\u0131 \u00f6z evl\u0259rinin t\u0259rk etm\u0259m\u0259si fakt\u0131 Az\u0259rbaycanda xalq-ordu birliyi v\u0259 orduya olan inam\u0131ndan x\u0259b\u0259r verdi. \u0130\u015f\u011fal\u00e7\u0131 \u00f6lk\u0259nin 30 il \u0259rzind\u0259 m\u00f6hk\u0259ml\u0259ndirdiyi t\u0259mas&hellip;<\/p>\n","protected":false},"author":2,"featured_media":766673,"comment_status":"closed","ping_status":"closed","sticky":false,"template":"","format":"standard","meta":{"om_disable_all_campaigns":false,"_monsterinsights_skip_tracking":false,"_monsterinsights_sitenote_active":false,"_monsterinsights_sitenote_note":"","_monsterinsights_sitenote_category":0},"categories":[19],"tags":[],"aioseo_notices":[],"gutentor_comment":0,"rttpg_featured_image_url":{"full":["https:\/\/arantv.az\/wp-content\/uploads\/2024\/11\/ce60ff16172959927768564672610994287-1.jpg",975,540,false],"landscape":["https:\/\/arantv.az\/wp-content\/uploads\/2024\/11\/ce60ff16172959927768564672610994287-1.jpg",975,540,false],"portraits":["https:\/\/arantv.az\/wp-content\/uploads\/2024\/11\/ce60ff16172959927768564672610994287-1.jpg",975,540,false],"thumbnail":["https:\/\/arantv.az\/wp-content\/uploads\/2024\/11\/ce60ff16172959927768564672610994287-1-500x280.jpg",500,280,true],"medium":["https:\/\/arantv.az\/wp-content\/uploads\/2024\/11\/ce60ff16172959927768564672610994287-1-660x365.jpg",660,365,true],"large":["https:\/\/arantv.az\/wp-content\/uploads\/2024\/11\/ce60ff16172959927768564672610994287-1-840x465.jpg",640,354,true],"1536x1536":["https:\/\/arantv.az\/wp-content\/uploads\/2024\/11\/ce60ff16172959927768564672610994287-1.jpg",975,540,false],"2048x2048":["https:\/\/arantv.az\/wp-content\/uploads\/2024\/11\/ce60ff16172959927768564672610994287-1.jpg",975,540,false],"post-thumbnail":["https:\/\/arantv.az\/wp-content\/uploads\/2024\/11\/ce60ff16172959927768564672610994287-1-240x172.jpg",240,172,true],"advps-thumb-one":["https:\/\/arantv.az\/wp-content\/uploads\/2024\/11\/ce60ff16172959927768564672610994287-1.jpg",975,540,false]},"rttpg_author":{"display_name":"V\u00fcsal Rafiqo\u011flu","author_link":"https:\/\/arantv.az\/?author=2"},"rttpg_comment":0,"rttpg_category":"<a href=\"https:\/\/arantv.az\/?cat=19\" rel=\"category\">G\u00fcnd\u0259m<\/a>","rttpg_excerpt":"Tarixi Z\u0259f\u0259rimizin d\u00f6rd\u00fcnc\u00fc ild\u00f6n\u00fcm\u00fcn\u00fc b\u00f6y\u00fck q\u00fcrur hissi il\u0259 qeyd edirik. Az\u0259rbaycan xalq\u0131 Q\u0259l\u0259b\u0259ni 30 il g\u00f6zl\u0259di. 2020-ci ilin 27 sentyabr tarixind\u0259 \u00a0Erm\u0259nistan silahl\u0131 q\u00fcvv\u0259l\u0259rinin d\u00f6y\u00fc\u015f aktivliyinin qar\u015f\u0131s\u0131n\u0131 almaq, m\u00fclki \u0259halinin t\u0259hl\u00fck\u0259sizliyini t\u0259min etm\u0259k m\u0259qs\u0259dil\u0259 Az\u0259rbaycan Ordusunun komandanl\u0131\u011f\u0131 t\u0259r\u0259find\u0259n qo\u015funlar\u0131m\u0131z\u0131n b\u00fct\u00fcn c\u0259bh\u0259 boyu \u0259ks-h\u00fccum \u0259m\u0259liyyat\u0131 ba\u015flamas\u0131 bar\u0259d\u0259 q\u0259rar verildi. M\u00fcharib\u0259 d\u00f6vr\u00fcnd\u0259 xalq \u00f6z d\u0259mir yumru\u011funu, birliyini&hellip;","_links":{"self":[{"href":"https:\/\/arantv.az\/index.php?rest_route=\/wp\/v2\/posts\/766672"}],"collection":[{"href":"https:\/\/arantv.az\/index.php?rest_route=\/wp\/v2\/posts"}],"about":[{"href":"https:\/\/arantv.az\/index.php?rest_route=\/wp\/v2\/types\/post"}],"author":[{"embeddable":true,"href":"https:\/\/arantv.az\/index.php?rest_route=\/wp\/v2\/users\/2"}],"replies":[{"embeddable":true,"href":"https:\/\/arantv.az\/index.php?rest_route=%2Fwp%2Fv2%2Fcomments&post=766672"}],"version-history":[{"count":2,"href":"https:\/\/arantv.az\/index.php?rest_route=\/wp\/v2\/posts\/766672\/revisions"}],"predecessor-version":[{"id":766675,"href":"https:\/\/arantv.az\/index.php?rest_route=\/wp\/v2\/posts\/766672\/revisions\/766675"}],"wp:featuredmedia":[{"embeddable":true,"href":"https:\/\/arantv.az\/index.php?rest_route=\/wp\/v2\/media\/766673"}],"wp:attachment":[{"href":"https:\/\/arantv.az\/index.php?rest_route=%2Fwp%2Fv2%2Fmedia&parent=766672"}],"wp:term":[{"taxonomy":"category","embeddable":true,"href":"https:\/\/arantv.az\/index.php?rest_route=%2Fwp%2Fv2%2Fcategories&post=766672"},{"taxonomy":"post_tag","embeddable":true,"href":"https:\/\/arantv.az\/index.php?rest_route=%2Fwp%2Fv2%2Ftags&post=766672"}],"curies":[{"name":"wp","href":"https:\/\/api.w.org\/{rel}","templated":true}]}}