{"id":766676,"date":"2024-11-06T07:55:27","date_gmt":"2024-11-06T03:55:27","guid":{"rendered":"https:\/\/arantv.az\/?p=766676"},"modified":"2024-11-06T07:55:27","modified_gmt":"2024-11-06T03:55:27","slug":"xalqa-q%c9%99l%c9%99b%c9%99-v%c9%99-qurur-yasadan-sanli-ordumuz","status":"publish","type":"post","link":"https:\/\/arantv.az\/?p=766676","title":{"rendered":"Xalqa q\u0259l\u0259b\u0259 v\u0259 q\u00fcrur ya\u015fadan \u015fanl\u0131 ordumuz"},"content":{"rendered":"<p><em><strong>Az\u0259rbaycan\u0131n Silahl\u0131 Q\u00fcvv\u0259l\u0259ri n\u0259inki regionumuzda, h\u0259tta d\u00fcnyada \u0259n g\u00fccl\u00fc ordulardan biri say\u0131l\u0131r<\/strong><\/em><\/p>\n<p>1993-c\u00fc ild\u0259 \u00dcmummilli Liderimiz Heyd\u0259r \u018fliyevin xalq\u0131n t\u0259kidi il\u0259 siyasi hakimiyy\u0259t\u0259 qay\u0131d\u0131\u015f\u0131 b\u00fct\u00fcn sah\u0259l\u0259rd\u0259, o c\u00fcml\u0259d\u0259n ordu quruculu\u011fu istiqam\u0259tind\u0259 ard\u0131c\u0131l v\u0259 m\u0259qs\u0259dy\u00f6nl\u00fc siyas\u0259tin \u00a0apar\u0131lmas\u0131na \u015f\u0259rait yaratd\u0131. \u00dcmummilli Lider Heyd\u0259r \u018fliyevin m\u00fc\u0259yy\u0259n etdiyi milli inki\u015faf siyas\u0259tini \u0259zml\u0259 h\u0259yata ke\u00e7ir\u0259n Prezident \u0130lham \u018fliyev bu kursun prioritetin\u0259 uy\u011fun olaraq Az\u0259rbaycan d\u00f6vl\u0259tinin \u0259razi b\u00fct\u00f6vl\u00fcy\u00fcn\u00fcn, suverenliyinin b\u0259rpas\u0131n\u0131 \u0259n ali m\u0259qs\u0259d kimi m\u00fc\u0259yy\u0259nl\u0259\u015fdirmi\u015fdi.\u00a0Son 21 ild\u0259 \u00f6lk\u0259d\u0259 h\u0259yata ke\u00e7iril\u0259n davaml\u0131 ordu quruculu\u011fu n\u0259tic\u0259sind\u0259 Az\u0259rbaycan Ordusu g\u00fcc\u0259l\u0259n\u0259r\u0259k d\u00fcnyan\u0131n \u0259n m\u00fcasir ordular\u0131ndan birin\u0259 \u00e7evrilmi\u015fdir.<\/p>\n<p>Ordumuz d\u00fc\u015fm\u0259n \u00fcz\u0259rind\u0259ki g\u00fcc\u00fcn\u00fc, \u00fcst\u00fcnl\u00fcy\u00fcn\u00fc h\u0259l\u0259 2016-c\u0131 ild\u0259 4 g\u00fcnl\u00fck Aprel d\u00f6y\u00fc\u015fl\u0259rind\u0259 v\u0259 2018-ci ilin G\u00fcnn\u00fct \u0259m\u0259liyyat\u0131nda b\u00fct\u00fcn d\u00fcnyaya n\u00fcmayi\u015f etdirmi\u015fdi. 2020-ci il sentyabr\u0131n 27-d\u0259 d\u00fc\u015fm\u0259nin n\u00f6vb\u0259ti h\u0259rbi t\u0259xribatlar\u0131na qar\u015f\u0131 ba\u015flanan v\u0259 tarix\u0259 &#8220;D\u0259mir yumruq&#8221; \u0259m\u0259liyyat\u0131 kimi yaz\u0131lan 44 g\u00fcnl\u00fck V\u0259t\u0259n m\u00fcharib\u0259si zaman\u0131 da ordumuz yaln\u0131z ir\u0259li gedir, h\u0259r g\u00fcn yeni \u0259razil\u0259ri i\u015f\u011faldan azad edir, q\u0259hr\u0259man \u0259sg\u0259r v\u0259 zabitl\u0259rimizin m\u00fcbariz\u0259si say\u0259sind\u0259 Az\u0259rbaycan Bayra\u011f\u0131 azad olunan k\u0259nd, q\u0259s\u0259b\u0259 v\u0259 \u015f\u0259h\u0259rl\u0259rimizd\u0259 dal\u011falan\u0131rd\u0131.\u00a044 g\u00fcnl\u00fck V\u0259t\u0259n m\u00fcharib\u0259si Az\u0259rbaycan Ordusunun q\u00fcdr\u0259tini b\u00fct\u00fcn d\u00fcnyaya n\u00fcmayi\u015f etdirdi. R\u0259\u015fad\u0259tli ordumuz 44 g\u00fcn \u0259rzind\u0259 d\u00f6y\u00fc\u015f meydan\u0131nda d\u00fc\u015fm\u0259n\u0259 layiqli d\u0259rs ver\u0259r\u0259k torpaqlar\u0131m\u0131z\u0131 d\u00fc\u015fm\u0259n tapda\u011f\u0131ndan azad etdi.\u00a0Torpaqlar\u0131m\u0131z\u0131n erm\u0259ni i\u015f\u011fal\u0131ndan azad edilm\u0259sinin \u0259n m\u00fch\u00fcm s\u0259b\u0259bl\u0259rind\u0259n biri d\u0259 \u00f6lk\u0259mizd\u0259 u\u011furla inki\u015faf etdiril\u0259n ordu quruculu\u011fu siyas\u0259ti bu sah\u0259d\u0259 davaml\u0131 islahatlar\u0131n apar\u0131lmas\u0131d\u0131r v\u0259 g\u00f6r\u00fcl\u0259n i\u015fl\u0259rin effektivliyi idi.<\/p>\n<p>44 g\u00fcnl\u00fck V\u0259t\u0259n m\u00fcharib\u0259sind\u0259n sonra Az\u0259rbaycan d\u0259f\u0259l\u0259rl\u0259 Erm\u0259nistana davaml\u0131 s\u00fclh \u00fc\u00e7\u00fcn \u00e7a\u011f\u0131r\u0131\u015flar ets\u0259 d\u0259 qar\u015f\u0131 t\u0259r\u0259f h\u0259r d\u0259f\u0259 dan\u0131\u015f\u0131qlardan boyun qa\u00e7\u0131r\u0131r, bununla da kifay\u0259tl\u0259nm\u0259y\u0259r\u0259k yen\u0259 d\u0259 tez-tez Silahl\u0131 Q\u00fcvv\u0259l\u0259rimizin m\u00f6vqel\u0259rini at\u0259\u015f\u0259 tutur, t\u0259xribatlar t\u00f6r\u0259dirdi. Separat\u00e7\u0131lar La\u00e7\u0131n rayonunun Zabux, Sus v\u0259 ba\u015fqa k\u0259ndl\u0259rind\u0259n \u00e7\u0131xm\u0131rd\u0131lar. G\u00f6r\u00fcn\u00fcr, \u0130kinci Qaraba\u011f m\u00fcharib\u0259sind\u0259ki ac\u0131 m\u0259\u011flubiyy\u0259ti, a\u011f\u0131r itkil\u0259ri erm\u0259nil\u0259r\u0259 yax\u015f\u0131 d\u0259rs olmam\u0131\u015fd\u0131. Dem\u0259li, yen\u0259 d\u0259 d\u00fc\u015fm\u0259n\u0259 layiq oldu\u011fu yeri g\u00f6st\u0259rm\u0259k laz\u0131m idi. Revan\u015fistl\u0259ri m\u0259hv etm\u0259k, m\u00f6vqel\u0259rimizd\u0259n geri oturtmaq \u00fc\u00e7\u00fcn 12 sentyabr 2022-ci ild\u0259 ordumuz u\u011furlu &#8220;Qisas&#8221; \u0259m\u0259liyyat\u0131na ba\u015flad\u0131. Erm\u0259nistan ordusuna bir-birinin ard\u0131nca g\u00fccl\u00fc z\u0259rb\u0259l\u0259r endirildi. A\u011f\u0131r itkil\u0259r\u0259 m\u0259ruz qalan d\u00fc\u015fm\u0259n bir g\u00fcn\u00fcn i\u00e7ind\u0259 dayand\u0131\u011f\u0131 m\u00f6vqel\u0259rd\u0259n geri \u00e7\u0259kilm\u0259k m\u0259cburiyy\u0259tind\u0259 qald\u0131. \u018flveri\u015fli y\u00fcks\u0259klikl\u0259r, h\u0259m\u00e7inin La\u00e7\u0131n rayonunun Erm\u0259nistan\u0131n \u015f\u0259rti s\u0259rh\u0259dl\u0259rin\u0259 yax\u0131n olan k\u0259ndl\u0259ri i\u015f\u011fal\u00e7\u0131lardan azad edildi. 12 sentyabr 2022-ci il tariximiz\u0259 &#8220;Qisas&#8221; \u0259m\u0259liyyat\u0131n\u0131n ke\u00e7irildiyi g\u00fcn kimi yaz\u0131ld\u0131.<\/p>\n<p>H\u0259mi\u015f\u0259ki r\u0259zil m\u0259qs\u0259d v\u0259 niyy\u0259tl\u0259rind\u0259n \u0259l \u00e7\u0259km\u0259y\u0259n, h\u0259l\u0259 d\u0259 xam x\u0259yallarla ya\u015fayan \u00a0separat\u00e7\u0131lar yen\u0259 d\u0259 gizli yollarla Qaraba\u011fa silah-sursat da\u015f\u0131y\u0131r, bu g\u00f6z\u0259l diyarda miskin varl\u0131qlar\u0131n\u0131 uzatma\u011fa \u00e7al\u0131\u015f\u0131rd\u0131lar. 2023-c\u00fc ilin 19 sentyabr tarixind\u0259 Az\u0259rbaycan\u0131n Qaraba\u011f b\u00f6lg\u0259sind\u0259ki erm\u0259ni silahl\u0131 q\u00fcvv\u0259l\u0259ri bir s\u0131ra geni\u015fmiqyasl\u0131 h\u0259rbi t\u0259xribatlar v\u0259 terror h\u00fccumlar\u0131 t\u00f6r\u0259tdi. Bu t\u0259xribatlar\u0131n qar\u015f\u0131s\u0131n\u0131n al\u0131nmas\u0131, \u00fc\u00e7t\u0259r\u0259fli B\u0259yanat\u0131n m\u00fcdd\u0259alar\u0131n\u0131n icras\u0131n\u0131n t\u0259min olunmas\u0131, Az\u0259rbaycan Respublikas\u0131n\u0131n Konstitusiya qurulu\u015funun b\u0259rpa edilm\u0259si m\u0259qs\u0259dil\u0259 b\u00f6lg\u0259d\u0259 lokal xarakterli antiterror t\u0259dbirl\u0259rin\u0259 ba\u015flan\u0131ld\u0131. C\u0259mi 23 saat 43 d\u0259qiq\u0259 \u0259rzind\u0259 erm\u0259ni separat\u00e7\u0131lar\u0131 a\u011f bayraq qald\u0131rma\u011fa m\u0259cbur oldular.<\/p>\n<p>2023-c\u00fc ilin noyabr\u0131n 8-d\u0259 Xank\u0259ndi \u015f\u0259h\u0259rind\u0259 ke\u00e7irilmi\u015f Z\u0259f\u0259r parad\u0131 M\u00fcz\u0259ff\u0259r Ali Ba\u015f Komandan\u0131n r\u0259hb\u0259rliyi il\u0259 g\u00fcnd\u0259n-g\u00fcn\u0259 q\u00fcdr\u0259tl\u0259n\u0259n Az\u0259rbaycan Ordusunun m\u0259\u011flubedilm\u0259zliyini bir daha b\u00fct\u00fcn d\u00fcnyaya n\u00fcmayi\u015f etdirdi. Prezident \u0130lham \u018fliyev Xank\u0259ndid\u0259ki Z\u0259f\u0259r meydan\u0131nda xalq, ordu, d\u00f6vl\u0259t birliyinin t\u0259c\u0259ss\u00fcm\u00fcn\u00fc v\u0259 b\u00f6y\u00fck Q\u0259l\u0259b\u0259ni t\u0259sdiql\u0259di. Qaraba\u011fda ucalan azadl\u0131q Bayra\u011f\u0131 is\u0259 m\u00fcz\u0259ff\u0259r ordumuzun \u015f\u0259r\u0259f \u0259s\u0259ri, milli kimlik simvolu kimi d\u0259y\u0259rl\u0259ndirilir.<\/p>\n<p>Bu g\u00fcn Az\u0259rbaycan Ordusu Qafqazda \u0259n m\u00fcasir ordu hesab olunur. MDB \u00e7\u0259r\u00e7iv\u0259sind\u0259 Az\u0259rbaycan \u0259n g\u00fccl\u00fc hava h\u00fccumundan m\u00fcdafi\u0259 q\u00fcvv\u0259l\u0259rin\u0259 malik \u00f6lk\u0259l\u0259rd\u0259n say\u0131l\u0131r.\u00a0Eyni zamanda, dost v\u0259 qarda\u015f \u00f6lk\u0259l\u0259rl\u0259 imzalanm\u0131\u015f s\u0259n\u0259dl\u0259r\u0259 \u0259sas\u0259n, birg\u0259 t\u0259liml\u0259r d\u0259 ke\u00e7irilir. Bu c\u00fcr t\u0259liml\u0259rin ke\u00e7irilm\u0259si birg\u0259 f\u0259aliyy\u0259tl\u0259rin planla\u015fd\u0131r\u0131lmas\u0131 v\u0259 qar\u015f\u0131l\u0131ql\u0131 t\u0259cr\u00fcb\u0259 m\u00fcbadil\u0259si bax\u0131m\u0131ndan m\u00fch\u00fcm \u0259h\u0259miyy\u0259t k\u0259sb edir.Bu t\u0259liml\u0259rd\u0259 ssenariy\u0259 uy\u011fun olaraq h\u0259rb\u00e7il\u0259r m\u00fcxt\u0259lif t\u0259lim d\u00f6y\u00fc\u015f tap\u015f\u0131r\u0131qlar\u0131n\u0131 yerin\u0259 yetirirl\u0259r. M\u00fcasir d\u00f6y\u00fc\u015f \u00fcsullar\u0131ndan istifad\u0259 etm\u0259kl\u0259 artilleriya, aviasiya v\u0259 dig\u0259r qo\u015fun n\u00f6vl\u0259rinin h\u0259rbi \u0259m\u0259liyyatlarda t\u0259tbiqi, \u00e7aylar \u00fcz\u0259rind\u0259n ke\u00e7id a\u00e7maq m\u0259qs\u0259dil\u0259 panton k\u00f6rp\u00fcl\u0259rin sal\u0131nmas\u0131, \u015f\u0259rti d\u00fc\u015fm\u0259nin d\u0259rinliyin\u0259 desant endirilm\u0259si \u00fczr\u0259 m\u00fcxt\u0259lif tap\u015f\u0131r\u0131qlar icra olunur. Birg\u0259 t\u0259limd\u0259 \u0259sas diqq\u0259t qo\u015funlar\u0131n qar\u015f\u0131l\u0131ql\u0131 \u0259laq\u0259d\u0259 f\u0259aliyy\u0259tl\u0259rin\u0259, t\u0259cr\u00fcb\u0259 m\u00fcbadil\u0259si v\u0259 \u015f\u0259xsi hey\u0259tin pe\u015f\u0259karl\u0131\u011f\u0131n\u0131n art\u0131r\u0131lmas\u0131na y\u00f6n\u0259ldilir.T\u0259sdiq olunmu\u015f plana \u0259sas\u0259n bu ilin iyun ay\u0131nda Az\u0259rbaycan, T\u00fcrkiy\u0259 v\u0259 G\u00fcrc\u00fcstan x\u00fcsusi t\u0259yinatl\u0131 q\u00fcvv\u0259l\u0259rinin i\u015ftirak\u0131 il\u0259 \u00f6lk\u0259mizd\u0259 &#8220;Qafqaz Qartal\u0131 &#8211; 2024&#8221; birg\u0259 t\u0259limi ke\u00e7irilib. T\u0259limin plan\u0131na uy\u011fun olaraq, h\u0259rb\u00e7il\u0259r m\u00fcxt\u0259lif d\u00f6y\u00fc\u015f tap\u015f\u0131r\u0131qlar\u0131n\u0131 yerin\u0259 yetiribl\u0259r. \u018frazinin qorunma x\u00fcsusiyy\u0259tl\u0259ri v\u0259 maskalanma vasit\u0259l\u0259rind\u0259n istifad\u0259 etm\u0259kl\u0259 x\u00fcsusi t\u0259yinatl\u0131lar \u015f\u0259rti d\u00fc\u015fm\u0259nin yerl\u0259\u015fm\u0259 m\u0259nt\u0259q\u0259sin\u0259 q\u0259fil basq\u0131n icra edibl\u0259r. D\u00fc\u015fm\u0259nin komanda-idar\u0259etm\u0259 m\u0259nt\u0259q\u0259l\u0259ri, rabit\u0259 m\u0259rk\u0259zl\u0259ri s\u0131radan \u00e7\u0131xar\u0131l\u0131b, el\u0259c\u0259 d\u0259 canl\u0131 q\u00fcvv\u0259si z\u0259r\u0259rsizl\u0259\u015fdirilib. T\u0259limd\u0259 qar\u015f\u0131ya qoyulan tap\u015f\u0131r\u0131qlar m\u00fcv\u0259ff\u0259qiyy\u0259tl\u0259 yerin\u0259 yetirilib.<\/p>\n<p>&#8220;Qafqaz Qartal\u0131-2024&#8221; beyn\u0259lxalq t\u0259limind\u0259 Az\u0259rbaycan, T\u00fcrkiy\u0259 v\u0259 G\u00fcrc\u00fcstan\u0131n x\u00fcsusi t\u0259yinatl\u0131lar\u0131 qar\u015f\u0131ya qoyulan tap\u015f\u0131r\u0131qlar\u0131n \u00f6hd\u0259sind\u0259n layiqinc\u0259 g\u0259lm\u0259yi bacar\u0131b, t\u0259lim dostluq, yolda\u015fl\u0131q v\u0259 qarda\u015fl\u0131q \u015f\u0259raitind\u0259 ke\u00e7irilib. Sentyabr\u0131n 10-da is\u0259 Qazax\u0131stan\u0131n T\u00fcrk\u00fcstan vilay\u0259tind\u0259 yerl\u0259\u015f\u0259n Orda poliqonunda &#8220;Sonsuz qarda\u015fl\u0131q &#8211; III&#8221; \u00e7oxmill\u0259tli birg\u0259 x\u00fcsusi t\u0259yinatl\u0131 q\u00fcvv\u0259l\u0259r t\u0259liminin t\u0259nt\u0259n\u0259li a\u00e7\u0131l\u0131\u015f m\u0259rasimi ke\u00e7irilib. Az\u0259rbaycan, Qazax\u0131stan, T\u00fcrkiy\u0259, Pakistan, Q\u0259t\u0259r v\u0259 \u00d6zb\u0259kistan x\u00fcsusi t\u0259yinatl\u0131lar\u0131n\u0131n i\u015ftirak\u0131 il\u0259 ke\u00e7iril\u0259n t\u0259lim\u0259 \u0130ordaniya v\u0259 Q\u0131r\u011f\u0131z\u0131stan m\u00fc\u015fahid\u0259\u00e7i qismind\u0259 d\u0259v\u0259t olunub. T\u0259liml\u0259rin ke\u00e7irilm\u0259sind\u0259 m\u0259qs\u0259d idar\u0259etm\u0259 orqanlar\u0131n\u0131n v\u0259 b\u00f6lm\u0259l\u0259rin f\u0259aliyy\u0259tind\u0259 operativ uzla\u015fman\u0131n t\u0259min olunmas\u0131, \u015f\u0259xsi hey\u0259tin praktiki v\u0259rdi\u015fl\u0259rinin art\u0131r\u0131lmas\u0131, qar\u015f\u0131l\u0131ql\u0131 t\u0259cr\u00fcb\u0259 m\u00fcbadil\u0259si v\u0259 pe\u015f\u0259 v\u0259rdi\u015fl\u0259rinin t\u0259kmill\u0259\u015fdirilm\u0259sidir.<\/p>\n<p>G\u00f6r\u00fcnd\u00fcy\u00fc kimi,Az\u0259rbaycan Prezidenti, M\u00fcz\u0259ff\u0259r Ali Ba\u015f Komandan \u0130lham \u018fliyevin r\u0259hb\u0259rliyi il\u0259 ordu quruculu\u011fu istiqam\u0259tind\u0259 ard\u0131c\u0131l v\u0259 m\u0259qs\u0259dy\u00f6nl\u00fc t\u0259dbirl\u0259r h\u0259yata ke\u00e7irilir, s\u0259m\u0259r\u0259li n\u0259tic\u0259l\u0259r \u0259ld\u0259 olunur. Bunun qanunauy\u011fun n\u0259tic\u0259si kimi, Az\u0259rbaycan regionda \u0259n g\u00fccl\u00fc orduya malik olan d\u00f6vl\u0259t\u0259 \u00e7evrilib.<\/p>\n<p><strong>Yaqut A\u011fa\u015fahq\u0131z\u0131, \u201c\u0130ki sahil\u201d<\/strong><\/p>\n","protected":false},"excerpt":{"rendered":"<p>Az\u0259rbaycan\u0131n Silahl\u0131 Q\u00fcvv\u0259l\u0259ri n\u0259inki regionumuzda, h\u0259tta d\u00fcnyada \u0259n g\u00fccl\u00fc ordulardan biri say\u0131l\u0131r 1993-c\u00fc ild\u0259 \u00dcmummilli Liderimiz Heyd\u0259r \u018fliyevin xalq\u0131n t\u0259kidi il\u0259 siyasi hakimiyy\u0259t\u0259 qay\u0131d\u0131\u015f\u0131 b\u00fct\u00fcn sah\u0259l\u0259rd\u0259, o c\u00fcml\u0259d\u0259n ordu quruculu\u011fu istiqam\u0259tind\u0259 ard\u0131c\u0131l v\u0259 m\u0259qs\u0259dy\u00f6nl\u00fc siyas\u0259tin \u00a0apar\u0131lmas\u0131na \u015f\u0259rait yaratd\u0131. \u00dcmummilli Lider Heyd\u0259r \u018fliyevin m\u00fc\u0259yy\u0259n etdiyi milli inki\u015faf siyas\u0259tini \u0259zml\u0259 h\u0259yata ke\u00e7ir\u0259n Prezident \u0130lham \u018fliyev bu kursun prioritetin\u0259 uy\u011fun olaraq Az\u0259rbaycan d\u00f6vl\u0259tinin \u0259razi b\u00fct\u00f6vl\u00fcy\u00fcn\u00fcn, suverenliyinin b\u0259rpas\u0131n\u0131 \u0259n ali m\u0259qs\u0259d kimi m\u00fc\u0259yy\u0259nl\u0259\u015fdirmi\u015fdi.\u00a0Son 21 ild\u0259 \u00f6lk\u0259d\u0259 h\u0259yata ke\u00e7iril\u0259n davaml\u0131 ordu quruculu\u011fu n\u0259tic\u0259sind\u0259 Az\u0259rbaycan Ordusu g\u00fcc\u0259l\u0259n\u0259r\u0259k d\u00fcnyan\u0131n \u0259n m\u00fcasir ordular\u0131ndan birin\u0259 \u00e7evrilmi\u015fdir. Ordumuz d\u00fc\u015fm\u0259n \u00fcz\u0259rind\u0259ki&hellip;<\/p>\n","protected":false},"author":2,"featured_media":766677,"comment_status":"closed","ping_status":"closed","sticky":false,"template":"","format":"standard","meta":{"om_disable_all_campaigns":false,"_monsterinsights_skip_tracking":false,"_monsterinsights_sitenote_active":false,"_monsterinsights_sitenote_note":"","_monsterinsights_sitenote_category":0},"categories":[10],"tags":[],"aioseo_notices":[],"gutentor_comment":0,"rttpg_featured_image_url":{"full":["https:\/\/arantv.az\/wp-content\/uploads\/2024\/11\/a88aeeec170902015278665050610777964.jpg",975,540,false],"landscape":["https:\/\/arantv.az\/wp-content\/uploads\/2024\/11\/a88aeeec170902015278665050610777964.jpg",975,540,false],"portraits":["https:\/\/arantv.az\/wp-content\/uploads\/2024\/11\/a88aeeec170902015278665050610777964.jpg",975,540,false],"thumbnail":["https:\/\/arantv.az\/wp-content\/uploads\/2024\/11\/a88aeeec170902015278665050610777964-500x280.jpg",500,280,true],"medium":["https:\/\/arantv.az\/wp-content\/uploads\/2024\/11\/a88aeeec170902015278665050610777964-660x365.jpg",660,365,true],"large":["https:\/\/arantv.az\/wp-content\/uploads\/2024\/11\/a88aeeec170902015278665050610777964-840x465.jpg",640,354,true],"1536x1536":["https:\/\/arantv.az\/wp-content\/uploads\/2024\/11\/a88aeeec170902015278665050610777964.jpg",975,540,false],"2048x2048":["https:\/\/arantv.az\/wp-content\/uploads\/2024\/11\/a88aeeec170902015278665050610777964.jpg",975,540,false],"post-thumbnail":["https:\/\/arantv.az\/wp-content\/uploads\/2024\/11\/a88aeeec170902015278665050610777964-240x172.jpg",240,172,true],"advps-thumb-one":["https:\/\/arantv.az\/wp-content\/uploads\/2024\/11\/a88aeeec170902015278665050610777964.jpg",975,540,false]},"rttpg_author":{"display_name":"V\u00fcsal Rafiqo\u011flu","author_link":"https:\/\/arantv.az\/?author=2"},"rttpg_comment":0,"rttpg_category":"<a href=\"https:\/\/arantv.az\/?cat=10\" rel=\"category\">C\u0259bh\u0259d\u0259n X\u0259b\u0259r<\/a>","rttpg_excerpt":"Az\u0259rbaycan\u0131n Silahl\u0131 Q\u00fcvv\u0259l\u0259ri n\u0259inki regionumuzda, h\u0259tta d\u00fcnyada \u0259n g\u00fccl\u00fc ordulardan biri say\u0131l\u0131r 1993-c\u00fc ild\u0259 \u00dcmummilli Liderimiz Heyd\u0259r \u018fliyevin xalq\u0131n t\u0259kidi il\u0259 siyasi hakimiyy\u0259t\u0259 qay\u0131d\u0131\u015f\u0131 b\u00fct\u00fcn sah\u0259l\u0259rd\u0259, o c\u00fcml\u0259d\u0259n ordu quruculu\u011fu istiqam\u0259tind\u0259 ard\u0131c\u0131l v\u0259 m\u0259qs\u0259dy\u00f6nl\u00fc siyas\u0259tin \u00a0apar\u0131lmas\u0131na \u015f\u0259rait yaratd\u0131. \u00dcmummilli Lider Heyd\u0259r \u018fliyevin m\u00fc\u0259yy\u0259n etdiyi milli inki\u015faf siyas\u0259tini \u0259zml\u0259 h\u0259yata ke\u00e7ir\u0259n Prezident \u0130lham \u018fliyev bu kursun&hellip;","_links":{"self":[{"href":"https:\/\/arantv.az\/index.php?rest_route=\/wp\/v2\/posts\/766676"}],"collection":[{"href":"https:\/\/arantv.az\/index.php?rest_route=\/wp\/v2\/posts"}],"about":[{"href":"https:\/\/arantv.az\/index.php?rest_route=\/wp\/v2\/types\/post"}],"author":[{"embeddable":true,"href":"https:\/\/arantv.az\/index.php?rest_route=\/wp\/v2\/users\/2"}],"replies":[{"embeddable":true,"href":"https:\/\/arantv.az\/index.php?rest_route=%2Fwp%2Fv2%2Fcomments&post=766676"}],"version-history":[{"count":2,"href":"https:\/\/arantv.az\/index.php?rest_route=\/wp\/v2\/posts\/766676\/revisions"}],"predecessor-version":[{"id":766679,"href":"https:\/\/arantv.az\/index.php?rest_route=\/wp\/v2\/posts\/766676\/revisions\/766679"}],"wp:featuredmedia":[{"embeddable":true,"href":"https:\/\/arantv.az\/index.php?rest_route=\/wp\/v2\/media\/766677"}],"wp:attachment":[{"href":"https:\/\/arantv.az\/index.php?rest_route=%2Fwp%2Fv2%2Fmedia&parent=766676"}],"wp:term":[{"taxonomy":"category","embeddable":true,"href":"https:\/\/arantv.az\/index.php?rest_route=%2Fwp%2Fv2%2Fcategories&post=766676"},{"taxonomy":"post_tag","embeddable":true,"href":"https:\/\/arantv.az\/index.php?rest_route=%2Fwp%2Fv2%2Ftags&post=766676"}],"curies":[{"name":"wp","href":"https:\/\/api.w.org\/{rel}","templated":true}]}}