{"id":766688,"date":"2024-11-06T08:18:19","date_gmt":"2024-11-06T04:18:19","guid":{"rendered":"https:\/\/arantv.az\/?p=766688"},"modified":"2024-11-06T08:18:19","modified_gmt":"2024-11-06T04:18:19","slug":"tdt-olk%c9%99l%c9%99rinin-xarici-isl%c9%99r-nazirl%c9%99ri-surasinin-iclasi-basladi","status":"publish","type":"post","link":"https:\/\/arantv.az\/?p=766688","title":{"rendered":"TDT \u00f6lk\u0259l\u0259rinin Xarici \u0130\u015fl\u0259r Nazirl\u0259ri \u015euras\u0131n\u0131n iclas\u0131 BA\u015eLADI"},"content":{"rendered":"<p><strong>Bi\u015fkekd\u0259 T\u00fcrk D\u00f6vl\u0259tl\u0259ri T\u0259\u015fkilat\u0131na \u00fczv \u00f6lk\u0259l\u0259rin Xarici \u0130\u015fl\u0259r Nazirl\u0259ri \u015euras\u0131n\u0131n iclas\u0131 ba\u015flay\u0131b.<\/strong><\/p>\n<p>M\u0259lumata g\u00f6r\u0259, iclasda Az\u0259rbaycan\u0131n xarici i\u015fl\u0259r naziri Ceyhun Bayramov, el\u0259c\u0259 d\u0259 onun T\u00fcrkiy\u0259, Q\u0131r\u011f\u0131z\u0131stan, Qazax\u0131stan, \u00d6zb\u0259kistan v\u0259 Macar\u0131standan olan h\u0259mkarlar\u0131 i\u015ftirak edirl\u0259r.<\/p>\n<p>G\u00f6r\u00fc\u015f TDT sammitin\u0259 haz\u0131rl\u0131q \u00e7\u0259r\u00e7iv\u0259sind\u0259 ke\u00e7irilir v\u0259 \u201cT\u00fcrk d\u00fcnyas\u0131n\u0131n g\u00fccl\u0259ndirilm\u0259si: iqtisadi inteqrasiya, davaml\u0131 inki\u015faf, r\u0259q\u0259msal g\u0259l\u0259c\u0259k v\u0259 ham\u0131 \u00fc\u00e7\u00fcn t\u0259hl\u00fck\u0259sizlik\u201d m\u00f6vzusuna h\u0259sr olunub.<\/p>\n<p>Qeyd ed\u0259k ki, Q\u0131r\u011f\u0131z Respublikas\u0131nda T\u00fcrk D\u00f6vl\u0259tl\u0259ri T\u0259\u015fkilat\u0131 D\u00f6vl\u0259t Ba\u015f\u00e7\u0131lar\u0131n\u0131n 11-ci Zirv\u0259 g\u00f6r\u00fc\u015f\u00fc ba\u015f tutacaq.\/\/Report<\/p>\n","protected":false},"excerpt":{"rendered":"<p>Bi\u015fkekd\u0259 T\u00fcrk D\u00f6vl\u0259tl\u0259ri T\u0259\u015fkilat\u0131na \u00fczv \u00f6lk\u0259l\u0259rin Xarici \u0130\u015fl\u0259r Nazirl\u0259ri \u015euras\u0131n\u0131n iclas\u0131 ba\u015flay\u0131b. M\u0259lumata g\u00f6r\u0259, iclasda Az\u0259rbaycan\u0131n xarici i\u015fl\u0259r naziri Ceyhun Bayramov, el\u0259c\u0259 d\u0259 onun T\u00fcrkiy\u0259, Q\u0131r\u011f\u0131z\u0131stan, Qazax\u0131stan, \u00d6zb\u0259kistan v\u0259 Macar\u0131standan olan h\u0259mkarlar\u0131 i\u015ftirak edirl\u0259r. G\u00f6r\u00fc\u015f TDT sammitin\u0259 haz\u0131rl\u0131q \u00e7\u0259r\u00e7iv\u0259sind\u0259 ke\u00e7irilir v\u0259 \u201cT\u00fcrk d\u00fcnyas\u0131n\u0131n g\u00fccl\u0259ndirilm\u0259si: iqtisadi inteqrasiya, davaml\u0131 inki\u015faf, r\u0259q\u0259msal g\u0259l\u0259c\u0259k v\u0259 ham\u0131 \u00fc\u00e7\u00fcn t\u0259hl\u00fck\u0259sizlik\u201d m\u00f6vzusuna h\u0259sr olunub. Qeyd ed\u0259k ki, Q\u0131r\u011f\u0131z Respublikas\u0131nda T\u00fcrk D\u00f6vl\u0259tl\u0259ri T\u0259\u015fkilat\u0131 D\u00f6vl\u0259t Ba\u015f\u00e7\u0131lar\u0131n\u0131n 11-ci Zirv\u0259 g\u00f6r\u00fc\u015f\u00fc ba\u015f tutacaq.\/\/Report<\/p>\n","protected":false},"author":2,"featured_media":766689,"comment_status":"closed","ping_status":"closed","sticky":false,"template":"","format":"standard","meta":{"om_disable_all_campaigns":false,"_monsterinsights_skip_tracking":false,"_monsterinsights_sitenote_active":false,"_monsterinsights_sitenote_note":"","_monsterinsights_sitenote_category":0},"categories":[7],"tags":[],"aioseo_notices":[],"gutentor_comment":0,"rttpg_featured_image_url":{"full":["https:\/\/arantv.az\/wp-content\/uploads\/2024\/11\/158f8af61f5b547b8ce330314120255d.jpg",850,500,false],"landscape":["https:\/\/arantv.az\/wp-content\/uploads\/2024\/11\/158f8af61f5b547b8ce330314120255d.jpg",850,500,false],"portraits":["https:\/\/arantv.az\/wp-content\/uploads\/2024\/11\/158f8af61f5b547b8ce330314120255d.jpg",850,500,false],"thumbnail":["https:\/\/arantv.az\/wp-content\/uploads\/2024\/11\/158f8af61f5b547b8ce330314120255d-500x280.jpg",500,280,true],"medium":["https:\/\/arantv.az\/wp-content\/uploads\/2024\/11\/158f8af61f5b547b8ce330314120255d-621x365.jpg",621,365,true],"large":["https:\/\/arantv.az\/wp-content\/uploads\/2024\/11\/158f8af61f5b547b8ce330314120255d-840x494.jpg",640,376,true],"1536x1536":["https:\/\/arantv.az\/wp-content\/uploads\/2024\/11\/158f8af61f5b547b8ce330314120255d.jpg",850,500,false],"2048x2048":["https:\/\/arantv.az\/wp-content\/uploads\/2024\/11\/158f8af61f5b547b8ce330314120255d.jpg",850,500,false],"post-thumbnail":["https:\/\/arantv.az\/wp-content\/uploads\/2024\/11\/158f8af61f5b547b8ce330314120255d-240x172.jpg",240,172,true],"advps-thumb-one":["https:\/\/arantv.az\/wp-content\/uploads\/2024\/11\/158f8af61f5b547b8ce330314120255d.jpg",850,500,false]},"rttpg_author":{"display_name":"V\u00fcsal Rafiqo\u011flu","author_link":"https:\/\/arantv.az\/?author=2"},"rttpg_comment":0,"rttpg_category":"<a href=\"https:\/\/arantv.az\/?cat=7\" rel=\"category\">D\u00fcnya<\/a>","rttpg_excerpt":"Bi\u015fkekd\u0259 T\u00fcrk D\u00f6vl\u0259tl\u0259ri T\u0259\u015fkilat\u0131na \u00fczv \u00f6lk\u0259l\u0259rin Xarici \u0130\u015fl\u0259r Nazirl\u0259ri \u015euras\u0131n\u0131n iclas\u0131 ba\u015flay\u0131b. M\u0259lumata g\u00f6r\u0259, iclasda Az\u0259rbaycan\u0131n xarici i\u015fl\u0259r naziri Ceyhun Bayramov, el\u0259c\u0259 d\u0259 onun T\u00fcrkiy\u0259, Q\u0131r\u011f\u0131z\u0131stan, Qazax\u0131stan, \u00d6zb\u0259kistan v\u0259 Macar\u0131standan olan h\u0259mkarlar\u0131 i\u015ftirak edirl\u0259r. G\u00f6r\u00fc\u015f TDT sammitin\u0259 haz\u0131rl\u0131q \u00e7\u0259r\u00e7iv\u0259sind\u0259 ke\u00e7irilir v\u0259 \u201cT\u00fcrk d\u00fcnyas\u0131n\u0131n g\u00fccl\u0259ndirilm\u0259si: iqtisadi inteqrasiya, davaml\u0131 inki\u015faf, r\u0259q\u0259msal g\u0259l\u0259c\u0259k v\u0259 ham\u0131 \u00fc\u00e7\u00fcn t\u0259hl\u00fck\u0259sizlik\u201d m\u00f6vzusuna&hellip;","_links":{"self":[{"href":"https:\/\/arantv.az\/index.php?rest_route=\/wp\/v2\/posts\/766688"}],"collection":[{"href":"https:\/\/arantv.az\/index.php?rest_route=\/wp\/v2\/posts"}],"about":[{"href":"https:\/\/arantv.az\/index.php?rest_route=\/wp\/v2\/types\/post"}],"author":[{"embeddable":true,"href":"https:\/\/arantv.az\/index.php?rest_route=\/wp\/v2\/users\/2"}],"replies":[{"embeddable":true,"href":"https:\/\/arantv.az\/index.php?rest_route=%2Fwp%2Fv2%2Fcomments&post=766688"}],"version-history":[{"count":1,"href":"https:\/\/arantv.az\/index.php?rest_route=\/wp\/v2\/posts\/766688\/revisions"}],"predecessor-version":[{"id":766690,"href":"https:\/\/arantv.az\/index.php?rest_route=\/wp\/v2\/posts\/766688\/revisions\/766690"}],"wp:featuredmedia":[{"embeddable":true,"href":"https:\/\/arantv.az\/index.php?rest_route=\/wp\/v2\/media\/766689"}],"wp:attachment":[{"href":"https:\/\/arantv.az\/index.php?rest_route=%2Fwp%2Fv2%2Fmedia&parent=766688"}],"wp:term":[{"taxonomy":"category","embeddable":true,"href":"https:\/\/arantv.az\/index.php?rest_route=%2Fwp%2Fv2%2Fcategories&post=766688"},{"taxonomy":"post_tag","embeddable":true,"href":"https:\/\/arantv.az\/index.php?rest_route=%2Fwp%2Fv2%2Ftags&post=766688"}],"curies":[{"name":"wp","href":"https:\/\/api.w.org\/{rel}","templated":true}]}}