{"id":766708,"date":"2024-11-06T14:55:31","date_gmt":"2024-11-06T10:55:31","guid":{"rendered":"https:\/\/arantv.az\/?p=766708"},"modified":"2024-11-06T14:55:31","modified_gmt":"2024-11-06T10:55:31","slug":"ilham-%c9%99liyev-ilk-prezidentlik-dovrunuzd%c9%99-az%c9%99rbaycan-abs-%c9%99laq%c9%99l%c9%99rinin-mohk%c9%99ml%c9%99nm%c9%99sin%c9%99-boyuk-diqq%c9%99t-ayirirdiniz","status":"publish","type":"post","link":"https:\/\/arantv.az\/?p=766708","title":{"rendered":"\u0130lham \u018fliyev: \u0130lk prezidentlik d\u00f6vr\u00fcn\u00fczd\u0259 Az\u0259rbaycan-AB\u015e \u0259laq\u0259l\u0259rinin m\u00f6hk\u0259ml\u0259nm\u0259sin\u0259 b\u00f6y\u00fck diqq\u0259t ay\u0131r\u0131rd\u0131n\u0131z"},"content":{"rendered":"<p>Siz birinci prezidentlik d\u00f6vr\u00fcn\u00fczd\u0259 Az\u0259rbaycan il\u0259 Birl\u0259\u015fmi\u015f \u015etatlar aras\u0131nda dostluq v\u0259 \u0259m\u0259kda\u015fl\u0131q \u0259laq\u0259l\u0259rinin m\u00f6hk\u0259ml\u0259nm\u0259sin\u0259, \u0259m\u0259kda\u015fl\u0131\u011f\u0131m\u0131z\u0131n davaml\u0131 v\u0259 ard\u0131c\u0131l inki\u015faf\u0131na b\u00f6y\u00fck diqq\u0259t ay\u0131r\u0131rd\u0131n\u0131z.<\/p>\n<p>&nbsp;<\/p>\n<p>ARANTV.AZ x\u0259b\u0259r verir ki, bu bar\u0259d\u0259 Az\u0259rbaycan Prezidenti \u0130lham \u018fliyevin Donald Tramp\u0131n AB\u015e-nin ikinci d\u0259f\u0259 prezident se\u00e7ilm\u0259si il\u0259 ba\u011fl\u0131 t\u0259brik m\u0259ktubunda deyilir:<\/p>\n<p>&nbsp;<\/p>\n<p>\u201cM\u0259mnunluqla qeyd etm\u0259k ist\u0259rdim ki, bu d\u00f6vr \u0259rzind\u0259 qar\u015f\u0131l\u0131ql\u0131 etimad v\u0259 d\u0259st\u0259y\u0259 \u0259saslanan t\u0259r\u0259fda\u015fl\u0131\u011f\u0131m\u0131z, o c\u00fcml\u0259d\u0259n bir s\u0131ra m\u00fch\u00fcm sah\u0259l\u0259rd\u0259, x\u00fcsusil\u0259 d\u0259 qlobal \u00e7a\u011f\u0131r\u0131\u015flara v\u0259 terrorizm\u0259 qar\u015f\u0131 m\u00fcbariz\u0259d\u0259, beyn\u0259lxalq s\u00fclh\u00fcn v\u0259 t\u0259hl\u00fck\u0259sizliyin g\u00fccl\u0259ndirilm\u0259sind\u0259, Avropan\u0131n enerji t\u0259hl\u00fck\u0259sizliyinin t\u0259min edilm\u0259sind\u0259 birg\u0259 f\u0259aliyy\u0259timiz dinamik v\u0259 y\u00fcks\u0259l\u0259n x\u0259tt \u00fczr\u0259 inki\u015faf\u0131 il\u0259 s\u0259ciyy\u0259l\u0259nirdi. Az\u0259rbaycan\u0131n enerji strategiyas\u0131na Sizin daim q\u0259tiyy\u0259tli d\u0259st\u0259yinizi x\u00fcsusi qeyd etm\u0259k ist\u0259rdim\u201d.<\/p>\n<p>&nbsp;<\/p>\n<p>D\u00f6vl\u0259t ba\u015f\u00e7\u0131s\u0131 qeyd edib ki, Az\u0259rbaycan Birl\u0259\u015fmi\u015f \u015etatlar il\u0259 qar\u015f\u0131l\u0131ql\u0131 f\u0259aliyy\u0259tin b\u00f6y\u00fck potensial\u0131ndan yararlanaraq ikit\u0259r\u0259fli t\u0259r\u0259fda\u015fl\u0131\u011f\u0131 b\u00fct\u00fcn sah\u0259l\u0259rd\u0259, o c\u00fcml\u0259d\u0259n siyasi, iqtisadi-ticari, t\u0259hl\u00fck\u0259sizlik, enerji, ya\u015f\u0131l v\u0259 r\u0259q\u0259msal ke\u00e7id v\u0259 dig\u0259r istiqam\u0259tl\u0259r \u00fczr\u0259 daha da geni\u015fl\u0259ndirm\u0259k v\u0259 d\u0259rinl\u0259\u015fdirm\u0259k \u0259zmind\u0259dir:<\/p>\n<p>&nbsp;<\/p>\n<p>\u201c\u0130nan\u0131r\u0131q ki, Sizin yeni prezidentlik d\u00f6vr\u00fcn\u00fczd\u0259 Az\u0259rbaycan il\u0259 Birl\u0259\u015fmi\u015f \u015etatlar aras\u0131nda m\u00fcnasib\u0259tl\u0259r daha da m\u00f6hk\u0259ml\u0259n\u0259c\u0259k, yeni \u0259m\u0259kda\u015fl\u0131q sah\u0259l\u0259ri m\u00fc\u0259yy\u0259n olunacaqd\u0131r\u201d.<\/p>\n","protected":false},"excerpt":{"rendered":"<p>Siz birinci prezidentlik d\u00f6vr\u00fcn\u00fczd\u0259 Az\u0259rbaycan il\u0259 Birl\u0259\u015fmi\u015f \u015etatlar aras\u0131nda dostluq v\u0259 \u0259m\u0259kda\u015fl\u0131q \u0259laq\u0259l\u0259rinin m\u00f6hk\u0259ml\u0259nm\u0259sin\u0259, \u0259m\u0259kda\u015fl\u0131\u011f\u0131m\u0131z\u0131n davaml\u0131 v\u0259 ard\u0131c\u0131l inki\u015faf\u0131na b\u00f6y\u00fck diqq\u0259t ay\u0131r\u0131rd\u0131n\u0131z. &nbsp; ARANTV.AZ x\u0259b\u0259r verir ki, bu bar\u0259d\u0259 Az\u0259rbaycan Prezidenti \u0130lham \u018fliyevin Donald Tramp\u0131n AB\u015e-nin ikinci d\u0259f\u0259 prezident se\u00e7ilm\u0259si il\u0259 ba\u011fl\u0131 t\u0259brik m\u0259ktubunda deyilir: &nbsp; \u201cM\u0259mnunluqla qeyd etm\u0259k ist\u0259rdim ki, bu d\u00f6vr \u0259rzind\u0259 qar\u015f\u0131l\u0131ql\u0131 etimad v\u0259 d\u0259st\u0259y\u0259 \u0259saslanan t\u0259r\u0259fda\u015fl\u0131\u011f\u0131m\u0131z, o c\u00fcml\u0259d\u0259n bir s\u0131ra m\u00fch\u00fcm sah\u0259l\u0259rd\u0259, x\u00fcsusil\u0259 d\u0259 qlobal \u00e7a\u011f\u0131r\u0131\u015flara v\u0259 terrorizm\u0259 qar\u015f\u0131 m\u00fcbariz\u0259d\u0259, beyn\u0259lxalq s\u00fclh\u00fcn v\u0259 t\u0259hl\u00fck\u0259sizliyin g\u00fccl\u0259ndirilm\u0259sind\u0259, Avropan\u0131n enerji t\u0259hl\u00fck\u0259sizliyinin t\u0259min edilm\u0259sind\u0259 birg\u0259 f\u0259aliyy\u0259timiz dinamik v\u0259 y\u00fcks\u0259l\u0259n x\u0259tt&hellip;<\/p>\n","protected":false},"author":2,"featured_media":766709,"comment_status":"closed","ping_status":"closed","sticky":false,"template":"","format":"standard","meta":{"om_disable_all_campaigns":false,"_monsterinsights_skip_tracking":false,"_monsterinsights_sitenote_active":false,"_monsterinsights_sitenote_note":"","_monsterinsights_sitenote_category":0},"categories":[4],"tags":[],"aioseo_notices":[],"gutentor_comment":0,"rttpg_featured_image_url":{"full":["https:\/\/arantv.az\/wp-content\/uploads\/2024\/11\/d8847be3172839602869746837410934216.jpg",975,540,false],"landscape":["https:\/\/arantv.az\/wp-content\/uploads\/2024\/11\/d8847be3172839602869746837410934216.jpg",975,540,false],"portraits":["https:\/\/arantv.az\/wp-content\/uploads\/2024\/11\/d8847be3172839602869746837410934216.jpg",975,540,false],"thumbnail":["https:\/\/arantv.az\/wp-content\/uploads\/2024\/11\/d8847be3172839602869746837410934216-500x280.jpg",500,280,true],"medium":["https:\/\/arantv.az\/wp-content\/uploads\/2024\/11\/d8847be3172839602869746837410934216-660x365.jpg",660,365,true],"large":["https:\/\/arantv.az\/wp-content\/uploads\/2024\/11\/d8847be3172839602869746837410934216-840x465.jpg",640,354,true],"1536x1536":["https:\/\/arantv.az\/wp-content\/uploads\/2024\/11\/d8847be3172839602869746837410934216.jpg",975,540,false],"2048x2048":["https:\/\/arantv.az\/wp-content\/uploads\/2024\/11\/d8847be3172839602869746837410934216.jpg",975,540,false],"post-thumbnail":["https:\/\/arantv.az\/wp-content\/uploads\/2024\/11\/d8847be3172839602869746837410934216-240x172.jpg",240,172,true],"advps-thumb-one":["https:\/\/arantv.az\/wp-content\/uploads\/2024\/11\/d8847be3172839602869746837410934216.jpg",975,540,false]},"rttpg_author":{"display_name":"V\u00fcsal Rafiqo\u011flu","author_link":"https:\/\/arantv.az\/?author=2"},"rttpg_comment":0,"rttpg_category":"<a href=\"https:\/\/arantv.az\/?cat=4\" rel=\"category\">Siyas\u0259t<\/a>","rttpg_excerpt":"Siz birinci prezidentlik d\u00f6vr\u00fcn\u00fczd\u0259 Az\u0259rbaycan il\u0259 Birl\u0259\u015fmi\u015f \u015etatlar aras\u0131nda dostluq v\u0259 \u0259m\u0259kda\u015fl\u0131q \u0259laq\u0259l\u0259rinin m\u00f6hk\u0259ml\u0259nm\u0259sin\u0259, \u0259m\u0259kda\u015fl\u0131\u011f\u0131m\u0131z\u0131n davaml\u0131 v\u0259 ard\u0131c\u0131l inki\u015faf\u0131na b\u00f6y\u00fck diqq\u0259t ay\u0131r\u0131rd\u0131n\u0131z. &nbsp; ARANTV.AZ x\u0259b\u0259r verir ki, bu bar\u0259d\u0259 Az\u0259rbaycan Prezidenti \u0130lham \u018fliyevin Donald Tramp\u0131n AB\u015e-nin ikinci d\u0259f\u0259 prezident se\u00e7ilm\u0259si il\u0259 ba\u011fl\u0131 t\u0259brik m\u0259ktubunda deyilir: &nbsp; \u201cM\u0259mnunluqla qeyd etm\u0259k ist\u0259rdim ki, bu d\u00f6vr \u0259rzind\u0259 qar\u015f\u0131l\u0131ql\u0131&hellip;","_links":{"self":[{"href":"https:\/\/arantv.az\/index.php?rest_route=\/wp\/v2\/posts\/766708"}],"collection":[{"href":"https:\/\/arantv.az\/index.php?rest_route=\/wp\/v2\/posts"}],"about":[{"href":"https:\/\/arantv.az\/index.php?rest_route=\/wp\/v2\/types\/post"}],"author":[{"embeddable":true,"href":"https:\/\/arantv.az\/index.php?rest_route=\/wp\/v2\/users\/2"}],"replies":[{"embeddable":true,"href":"https:\/\/arantv.az\/index.php?rest_route=%2Fwp%2Fv2%2Fcomments&post=766708"}],"version-history":[{"count":1,"href":"https:\/\/arantv.az\/index.php?rest_route=\/wp\/v2\/posts\/766708\/revisions"}],"predecessor-version":[{"id":766710,"href":"https:\/\/arantv.az\/index.php?rest_route=\/wp\/v2\/posts\/766708\/revisions\/766710"}],"wp:featuredmedia":[{"embeddable":true,"href":"https:\/\/arantv.az\/index.php?rest_route=\/wp\/v2\/media\/766709"}],"wp:attachment":[{"href":"https:\/\/arantv.az\/index.php?rest_route=%2Fwp%2Fv2%2Fmedia&parent=766708"}],"wp:term":[{"taxonomy":"category","embeddable":true,"href":"https:\/\/arantv.az\/index.php?rest_route=%2Fwp%2Fv2%2Fcategories&post=766708"},{"taxonomy":"post_tag","embeddable":true,"href":"https:\/\/arantv.az\/index.php?rest_route=%2Fwp%2Fv2%2Ftags&post=766708"}],"curies":[{"name":"wp","href":"https:\/\/api.w.org\/{rel}","templated":true}]}}