{"id":766711,"date":"2024-11-06T14:57:31","date_gmt":"2024-11-06T10:57:31","guid":{"rendered":"https:\/\/arantv.az\/?p=766711"},"modified":"2024-11-06T14:57:31","modified_gmt":"2024-11-06T10:57:31","slug":"prezident-ilham-%c9%99liyev-donald-trampi-t%c9%99brik-edib","status":"publish","type":"post","link":"https:\/\/arantv.az\/?p=766711","title":{"rendered":"Prezident \u0130lham \u018fliyev Donald Tramp\u0131 t\u0259brik edib"},"content":{"rendered":"<p>geni\u015fl\u0259ndirm\u0259k v\u0259 d\u0259rinl\u0259\u015fdirm\u0259k \u0259zmind\u0259yik. \u0130nan\u0131r\u0131q ki, Sizin yeni prezidentlik d\u00f6vr\u00fcn\u00fczd\u0259 Az\u0259rbaycan il\u0259 Birl\u0259\u015fmi\u015f \u015etatlar aras\u0131nda m\u00fcnasib\u0259tl\u0259r daha da m\u00f6hk\u0259ml\u0259n\u0259c\u0259k, yeni \u0259m\u0259kda\u015fl\u0131q sah\u0259l\u0259ri m\u00fc\u0259yy\u0259n olunacaqd\u0131r.<\/p>\n<p>&nbsp;<\/p>\n<p>Az\u0259rbaycan bundan sonra da C\u0259nubi Qafqazda s\u00fclh\u00fcn v\u0259 t\u0259hl\u00fck\u0259sizliyin m\u00f6hk\u0259ml\u0259ndirilm\u0259si istiqam\u0259tind\u0259 f\u0259aliyy\u0259tini davam etdir\u0259c\u0259kdir.<\/p>\n<p>&nbsp;<\/p>\n<p>\u018fmin\u0259m ki, Az\u0259rbaycan-AB\u015e dostluq m\u00fcnasib\u0259tl\u0259rinin g\u00fccl\u0259nm\u0259si, \u00f6lk\u0259l\u0259rimizin milli maraqlar\u0131, o c\u00fcml\u0259d\u0259n milli t\u0259hl\u00fck\u0259sizlik maraqlar\u0131 \u0259sas\u0131nda t\u0259r\u0259fda\u015fl\u0131\u011f\u0131m\u0131z\u0131n ir\u0259li apar\u0131lmas\u0131 yolunda bundan sonra da birg\u0259 s\u0259yl\u0259r g\u00f6st\u0259r\u0259c\u0259yik.<\/p>\n<p>&nbsp;<\/p>\n<p>Bir daha Siz\u0259 \u0259n s\u0259mimi t\u0259brikl\u0259rimi yetirir, m\u00f6hk\u0259m cansa\u011fl\u0131\u011f\u0131, xo\u015fb\u0259xtlik, dost Amerika xalq\u0131n\u0131n rifah\u0131 namin\u0259 qar\u015f\u0131dak\u0131 ali d\u00f6vl\u0259ti f\u0259aliyy\u0259tinizd\u0259 u\u011furlar arzulay\u0131ram&#8221;.<\/p>\n","protected":false},"excerpt":{"rendered":"<p>geni\u015fl\u0259ndirm\u0259k v\u0259 d\u0259rinl\u0259\u015fdirm\u0259k \u0259zmind\u0259yik. \u0130nan\u0131r\u0131q ki, Sizin yeni prezidentlik d\u00f6vr\u00fcn\u00fczd\u0259 Az\u0259rbaycan il\u0259 Birl\u0259\u015fmi\u015f \u015etatlar aras\u0131nda m\u00fcnasib\u0259tl\u0259r daha da m\u00f6hk\u0259ml\u0259n\u0259c\u0259k, yeni \u0259m\u0259kda\u015fl\u0131q sah\u0259l\u0259ri m\u00fc\u0259yy\u0259n olunacaqd\u0131r. &nbsp; Az\u0259rbaycan bundan sonra da C\u0259nubi Qafqazda s\u00fclh\u00fcn v\u0259 t\u0259hl\u00fck\u0259sizliyin m\u00f6hk\u0259ml\u0259ndirilm\u0259si istiqam\u0259tind\u0259 f\u0259aliyy\u0259tini davam etdir\u0259c\u0259kdir. &nbsp; \u018fmin\u0259m ki, Az\u0259rbaycan-AB\u015e dostluq m\u00fcnasib\u0259tl\u0259rinin g\u00fccl\u0259nm\u0259si, \u00f6lk\u0259l\u0259rimizin milli maraqlar\u0131, o c\u00fcml\u0259d\u0259n milli t\u0259hl\u00fck\u0259sizlik maraqlar\u0131 \u0259sas\u0131nda t\u0259r\u0259fda\u015fl\u0131\u011f\u0131m\u0131z\u0131n ir\u0259li apar\u0131lmas\u0131 yolunda bundan sonra da birg\u0259 s\u0259yl\u0259r g\u00f6st\u0259r\u0259c\u0259yik. &nbsp; Bir daha Siz\u0259 \u0259n s\u0259mimi t\u0259brikl\u0259rimi yetirir, m\u00f6hk\u0259m cansa\u011fl\u0131\u011f\u0131, xo\u015fb\u0259xtlik, dost Amerika xalq\u0131n\u0131n rifah\u0131 namin\u0259 qar\u015f\u0131dak\u0131 ali d\u00f6vl\u0259ti f\u0259aliyy\u0259tinizd\u0259 u\u011furlar arzulay\u0131ram&#8221;.<\/p>\n","protected":false},"author":2,"featured_media":766712,"comment_status":"closed","ping_status":"closed","sticky":false,"template":"","format":"standard","meta":{"om_disable_all_campaigns":false,"_monsterinsights_skip_tracking":false,"_monsterinsights_sitenote_active":false,"_monsterinsights_sitenote_note":"","_monsterinsights_sitenote_category":0},"categories":[4],"tags":[],"aioseo_notices":[],"gutentor_comment":0,"rttpg_featured_image_url":{"full":["https:\/\/arantv.az\/wp-content\/uploads\/2024\/11\/f812291e172785076639634229610605764-1.jpg",975,540,false],"landscape":["https:\/\/arantv.az\/wp-content\/uploads\/2024\/11\/f812291e172785076639634229610605764-1.jpg",975,540,false],"portraits":["https:\/\/arantv.az\/wp-content\/uploads\/2024\/11\/f812291e172785076639634229610605764-1.jpg",975,540,false],"thumbnail":["https:\/\/arantv.az\/wp-content\/uploads\/2024\/11\/f812291e172785076639634229610605764-1-500x280.jpg",500,280,true],"medium":["https:\/\/arantv.az\/wp-content\/uploads\/2024\/11\/f812291e172785076639634229610605764-1-660x365.jpg",660,365,true],"large":["https:\/\/arantv.az\/wp-content\/uploads\/2024\/11\/f812291e172785076639634229610605764-1-840x465.jpg",640,354,true],"1536x1536":["https:\/\/arantv.az\/wp-content\/uploads\/2024\/11\/f812291e172785076639634229610605764-1.jpg",975,540,false],"2048x2048":["https:\/\/arantv.az\/wp-content\/uploads\/2024\/11\/f812291e172785076639634229610605764-1.jpg",975,540,false],"post-thumbnail":["https:\/\/arantv.az\/wp-content\/uploads\/2024\/11\/f812291e172785076639634229610605764-1-240x172.jpg",240,172,true],"advps-thumb-one":["https:\/\/arantv.az\/wp-content\/uploads\/2024\/11\/f812291e172785076639634229610605764-1.jpg",975,540,false]},"rttpg_author":{"display_name":"V\u00fcsal Rafiqo\u011flu","author_link":"https:\/\/arantv.az\/?author=2"},"rttpg_comment":0,"rttpg_category":"<a href=\"https:\/\/arantv.az\/?cat=4\" rel=\"category\">Siyas\u0259t<\/a>","rttpg_excerpt":"geni\u015fl\u0259ndirm\u0259k v\u0259 d\u0259rinl\u0259\u015fdirm\u0259k \u0259zmind\u0259yik. \u0130nan\u0131r\u0131q ki, Sizin yeni prezidentlik d\u00f6vr\u00fcn\u00fczd\u0259 Az\u0259rbaycan il\u0259 Birl\u0259\u015fmi\u015f \u015etatlar aras\u0131nda m\u00fcnasib\u0259tl\u0259r daha da m\u00f6hk\u0259ml\u0259n\u0259c\u0259k, yeni \u0259m\u0259kda\u015fl\u0131q sah\u0259l\u0259ri m\u00fc\u0259yy\u0259n olunacaqd\u0131r. &nbsp; Az\u0259rbaycan bundan sonra da C\u0259nubi Qafqazda s\u00fclh\u00fcn v\u0259 t\u0259hl\u00fck\u0259sizliyin m\u00f6hk\u0259ml\u0259ndirilm\u0259si istiqam\u0259tind\u0259 f\u0259aliyy\u0259tini davam etdir\u0259c\u0259kdir. &nbsp; \u018fmin\u0259m ki, Az\u0259rbaycan-AB\u015e dostluq m\u00fcnasib\u0259tl\u0259rinin g\u00fccl\u0259nm\u0259si, \u00f6lk\u0259l\u0259rimizin milli maraqlar\u0131, o c\u00fcml\u0259d\u0259n milli t\u0259hl\u00fck\u0259sizlik maraqlar\u0131 \u0259sas\u0131nda&hellip;","_links":{"self":[{"href":"https:\/\/arantv.az\/index.php?rest_route=\/wp\/v2\/posts\/766711"}],"collection":[{"href":"https:\/\/arantv.az\/index.php?rest_route=\/wp\/v2\/posts"}],"about":[{"href":"https:\/\/arantv.az\/index.php?rest_route=\/wp\/v2\/types\/post"}],"author":[{"embeddable":true,"href":"https:\/\/arantv.az\/index.php?rest_route=\/wp\/v2\/users\/2"}],"replies":[{"embeddable":true,"href":"https:\/\/arantv.az\/index.php?rest_route=%2Fwp%2Fv2%2Fcomments&post=766711"}],"version-history":[{"count":1,"href":"https:\/\/arantv.az\/index.php?rest_route=\/wp\/v2\/posts\/766711\/revisions"}],"predecessor-version":[{"id":766713,"href":"https:\/\/arantv.az\/index.php?rest_route=\/wp\/v2\/posts\/766711\/revisions\/766713"}],"wp:featuredmedia":[{"embeddable":true,"href":"https:\/\/arantv.az\/index.php?rest_route=\/wp\/v2\/media\/766712"}],"wp:attachment":[{"href":"https:\/\/arantv.az\/index.php?rest_route=%2Fwp%2Fv2%2Fmedia&parent=766711"}],"wp:term":[{"taxonomy":"category","embeddable":true,"href":"https:\/\/arantv.az\/index.php?rest_route=%2Fwp%2Fv2%2Fcategories&post=766711"},{"taxonomy":"post_tag","embeddable":true,"href":"https:\/\/arantv.az\/index.php?rest_route=%2Fwp%2Fv2%2Ftags&post=766711"}],"curies":[{"name":"wp","href":"https:\/\/api.w.org\/{rel}","templated":true}]}}