{"id":767240,"date":"2024-11-08T08:52:06","date_gmt":"2024-11-08T04:52:06","guid":{"rendered":"https:\/\/arantv.az\/?p=767240"},"modified":"2024-11-08T08:52:06","modified_gmt":"2024-11-08T04:52:06","slug":"mu%c9%99lliml%c9%99rin-%c9%99m%c9%99k-haqqindan-vergi-tutulmasin-t%c9%99klif","status":"publish","type":"post","link":"https:\/\/arantv.az\/?p=767240","title":{"rendered":"M\u00fc\u0259lliml\u0259rin \u0259m\u0259k haqq\u0131ndan vergi tutulmas\u0131n &#8211; T\u018fKL\u0130F"},"content":{"rendered":"<p><strong>&#8220;M\u00fc\u0259lliml\u0259rin \u0259m\u0259k haqq\u0131ndan vergi tutulmamal\u0131d\u0131r&#8221;.<\/strong><\/p>\n<p><b>ARANTV.AZ <\/b>bildirir ki, bu bar\u0259d\u0259 t\u0259hsil eksperti Kamran \u018fs\u0259dov \u00f6z sosial media hesab\u0131nda qeyd edib.<\/p>\n<p><img loading=\"lazy\" src=\"https:\/\/cdn.musavat.com\/news\/thumbnails\/167875f267f8591129f4a9534cabdb9f.jpg\" alt=\"kamran.jpg (28 KB)\" width=\"620\" height=\"345\" \/><\/p>\n<p><strong>Ekspert bildirib ki, m\u00fc\u0259lliml\u0259rin \u0259m\u0259k haqq\u0131ndan vergi tutulmamas\u0131 t\u0259hsilin inki\u015faf\u0131, onlar\u0131n sosial rifah\u0131n\u0131n yax\u015f\u0131la\u015fd\u0131r\u0131lmas\u0131 v\u0259 \u00f6lk\u0259nin \u00fcmumi iqtisadiyyat\u0131na m\u00fcsb\u0259t t\u0259sir g\u00f6st\u0259rm\u0259k bax\u0131m\u0131ndan vacibdir:<\/strong><\/p>\n<p>&#8220;M\u00fc\u0259lliml\u0259r c\u0259miyy\u0259tin g\u0259l\u0259c\u0259yini formala\u015fd\u0131ran \u0259n \u00f6n\u0259mli pe\u015f\u0259 sahibl\u0259rind\u0259n biridir v\u0259 onlar\u0131n rifah\u0131n\u0131n y\u00fcks\u0259ldilm\u0259si t\u0259hsilin keyfiyy\u0259tini birba\u015fa t\u0259sirl\u0259ndirir. Maddi d\u0259st\u0259yin g\u00fccl\u0259ndirilm\u0259si is\u0259 m\u00fc\u0259lliml\u0259rin i\u015f motivasiyas\u0131n\u0131 art\u0131raraq y\u00fcks\u0259k keyfiyy\u0259tli t\u0259hsilin t\u0259min olunmas\u0131na k\u00f6m\u0259k edir.<\/p>\n<p>Bir \u00e7ox inki\u015faf etmi\u015f \u00f6lk\u0259d\u0259 m\u00fc\u0259lliml\u0259r\u0259 x\u00fcsusi vergi g\u00fcz\u0259\u015ftl\u0259ri t\u0259tbiq edilir. M\u0259s\u0259l\u0259n, Skandinaviya \u00f6lk\u0259l\u0259rind\u0259 m\u00fc\u0259lliml\u0259r\u0259 azald\u0131lm\u0131\u015f vergi y\u00fck\u00fc il\u0259 yana\u015f\u0131, sosial d\u0259st\u0259kl\u0259r d\u0259 verilir ki, bu da onlar\u0131n motivasiya il\u0259 f\u0259aliyy\u0259t g\u00f6st\u0259rm\u0259sin\u0259 imkan yarad\u0131r. Bu c\u00fcr t\u0259cr\u00fcb\u0259l\u0259r \u00f6lk\u0259l\u0259rd\u0259 t\u0259hsilin s\u0259viyy\u0259sini y\u00fcks\u0259ldir v\u0259 g\u0259l\u0259c\u0259k n\u0259slin inki\u015faf\u0131na t\u00f6hf\u0259 verir.<\/p>\n<p>Vergi y\u00fck\u00fcn\u00fcn azald\u0131lmas\u0131 m\u00fc\u0259lliml\u0259rin g\u0259lirl\u0259rini art\u0131raraq onlar\u0131n sosial rifah\u0131n\u0131 y\u00fcks\u0259ld\u0259r v\u0259 maddi s\u0131x\u0131nt\u0131lardan uzaq bir \u015f\u0259kild\u0259 f\u0259aliyy\u0259t g\u00f6st\u0259rm\u0259sin\u0259 \u015f\u0259rait yaradar. Bu is\u0259 m\u00fc\u0259lliml\u0259rin i\u015f\u0259 daha \u00e7ox diqq\u0259t ay\u0131rmas\u0131na, pe\u015f\u0259kar inki\u015faflar\u0131na investisiya etm\u0259l\u0259rin\u0259 v\u0259 t\u0259hsilin keyfiyy\u0259tini art\u0131rmalar\u0131na imkan ver\u0259r. Vergi g\u00fcz\u0259\u015ftl\u0259ri t\u0259tbiq edildikd\u0259 m\u00fc\u0259lliml\u0259rin dig\u0259r sektorlara ax\u0131n\u0131 azal\u0131r v\u0259 t\u0259hsild\u0259 kadr \u00e7at\u0131\u015fmazl\u0131\u011f\u0131n\u0131n qar\u015f\u0131s\u0131 al\u0131n\u0131r. Bu g\u00fcz\u0259\u015ftl\u0259r g\u0259nc m\u00fc\u0259lliml\u0259r \u00fc\u00e7\u00fcn d\u0259 t\u0259hsild\u0259 qalmaq \u00fc\u00e7\u00fcn c\u0259lbedici bir m\u00fchit yaradar.<\/p>\n<p>M\u00fc\u0259lliml\u0259rin maddi v\u0259ziyy\u0259tinin yax\u015f\u0131la\u015fd\u0131r\u0131lmas\u0131 onlar\u0131n t\u0259lim resurslar\u0131na daha \u00e7ox s\u0259rmay\u0259 qoymas\u0131na imkan ver\u0259r. Bel\u0259likl\u0259, pe\u015f\u0259karl\u0131q art\u0131r, m\u00fcxt\u0259lif kurslar v\u0259 t\u0259liml\u0259r\u0259 qat\u0131laraq daha keyfiyy\u0259tli t\u0259dris ver\u0259 bilirl\u0259r. Bu, birba\u015fa t\u0259hsilin keyfiyy\u0259tin\u0259 t\u0259sir edir v\u0259 g\u0259l\u0259c\u0259k n\u0259sill\u0259rin daha haz\u0131rl\u0131ql\u0131 yeti\u015fm\u0259sin\u0259 s\u0259b\u0259b olar&#8221;.<\/p>\n","protected":false},"excerpt":{"rendered":"<p>&#8220;M\u00fc\u0259lliml\u0259rin \u0259m\u0259k haqq\u0131ndan vergi tutulmamal\u0131d\u0131r&#8221;. ARANTV.AZ bildirir ki, bu bar\u0259d\u0259 t\u0259hsil eksperti Kamran \u018fs\u0259dov \u00f6z sosial media hesab\u0131nda qeyd edib. Ekspert bildirib ki, m\u00fc\u0259lliml\u0259rin \u0259m\u0259k haqq\u0131ndan vergi tutulmamas\u0131 t\u0259hsilin inki\u015faf\u0131, onlar\u0131n sosial rifah\u0131n\u0131n yax\u015f\u0131la\u015fd\u0131r\u0131lmas\u0131 v\u0259 \u00f6lk\u0259nin \u00fcmumi iqtisadiyyat\u0131na m\u00fcsb\u0259t t\u0259sir g\u00f6st\u0259rm\u0259k bax\u0131m\u0131ndan vacibdir: &#8220;M\u00fc\u0259lliml\u0259r c\u0259miyy\u0259tin g\u0259l\u0259c\u0259yini formala\u015fd\u0131ran \u0259n \u00f6n\u0259mli pe\u015f\u0259 sahibl\u0259rind\u0259n biridir v\u0259 onlar\u0131n rifah\u0131n\u0131n y\u00fcks\u0259ldilm\u0259si t\u0259hsilin keyfiyy\u0259tini birba\u015fa t\u0259sirl\u0259ndirir. Maddi d\u0259st\u0259yin g\u00fccl\u0259ndirilm\u0259si is\u0259 m\u00fc\u0259lliml\u0259rin i\u015f motivasiyas\u0131n\u0131 art\u0131raraq y\u00fcks\u0259k keyfiyy\u0259tli t\u0259hsilin t\u0259min olunmas\u0131na k\u00f6m\u0259k edir. Bir \u00e7ox inki\u015faf etmi\u015f \u00f6lk\u0259d\u0259 m\u00fc\u0259lliml\u0259r\u0259 x\u00fcsusi vergi g\u00fcz\u0259\u015ftl\u0259ri t\u0259tbiq edilir. M\u0259s\u0259l\u0259n, Skandinaviya \u00f6lk\u0259l\u0259rind\u0259 m\u00fc\u0259lliml\u0259r\u0259&hellip;<\/p>\n","protected":false},"author":2,"featured_media":767241,"comment_status":"closed","ping_status":"closed","sticky":false,"template":"","format":"standard","meta":{"om_disable_all_campaigns":false,"_monsterinsights_skip_tracking":false,"_monsterinsights_sitenote_active":false,"_monsterinsights_sitenote_note":"","_monsterinsights_sitenote_category":0},"categories":[23],"tags":[],"aioseo_notices":[],"gutentor_comment":0,"rttpg_featured_image_url":{"full":["https:\/\/arantv.az\/wp-content\/uploads\/2024\/11\/7624afa4a3392369964538bf54b4a42f.jpg",850,500,false],"landscape":["https:\/\/arantv.az\/wp-content\/uploads\/2024\/11\/7624afa4a3392369964538bf54b4a42f.jpg",850,500,false],"portraits":["https:\/\/arantv.az\/wp-content\/uploads\/2024\/11\/7624afa4a3392369964538bf54b4a42f.jpg",850,500,false],"thumbnail":["https:\/\/arantv.az\/wp-content\/uploads\/2024\/11\/7624afa4a3392369964538bf54b4a42f-500x280.jpg",500,280,true],"medium":["https:\/\/arantv.az\/wp-content\/uploads\/2024\/11\/7624afa4a3392369964538bf54b4a42f-621x365.jpg",621,365,true],"large":["https:\/\/arantv.az\/wp-content\/uploads\/2024\/11\/7624afa4a3392369964538bf54b4a42f-840x494.jpg",640,376,true],"1536x1536":["https:\/\/arantv.az\/wp-content\/uploads\/2024\/11\/7624afa4a3392369964538bf54b4a42f.jpg",850,500,false],"2048x2048":["https:\/\/arantv.az\/wp-content\/uploads\/2024\/11\/7624afa4a3392369964538bf54b4a42f.jpg",850,500,false],"post-thumbnail":["https:\/\/arantv.az\/wp-content\/uploads\/2024\/11\/7624afa4a3392369964538bf54b4a42f-240x172.jpg",240,172,true],"advps-thumb-one":["https:\/\/arantv.az\/wp-content\/uploads\/2024\/11\/7624afa4a3392369964538bf54b4a42f.jpg",850,500,false]},"rttpg_author":{"display_name":"V\u00fcsal Rafiqo\u011flu","author_link":"https:\/\/arantv.az\/?author=2"},"rttpg_comment":0,"rttpg_category":"<a href=\"https:\/\/arantv.az\/?cat=23\" rel=\"category\">T\u0259hsil<\/a>","rttpg_excerpt":"&#8220;M\u00fc\u0259lliml\u0259rin \u0259m\u0259k haqq\u0131ndan vergi tutulmamal\u0131d\u0131r&#8221;. ARANTV.AZ bildirir ki, bu bar\u0259d\u0259 t\u0259hsil eksperti Kamran \u018fs\u0259dov \u00f6z sosial media hesab\u0131nda qeyd edib. Ekspert bildirib ki, m\u00fc\u0259lliml\u0259rin \u0259m\u0259k haqq\u0131ndan vergi tutulmamas\u0131 t\u0259hsilin inki\u015faf\u0131, onlar\u0131n sosial rifah\u0131n\u0131n yax\u015f\u0131la\u015fd\u0131r\u0131lmas\u0131 v\u0259 \u00f6lk\u0259nin \u00fcmumi iqtisadiyyat\u0131na m\u00fcsb\u0259t t\u0259sir g\u00f6st\u0259rm\u0259k bax\u0131m\u0131ndan vacibdir: &#8220;M\u00fc\u0259lliml\u0259r c\u0259miyy\u0259tin g\u0259l\u0259c\u0259yini formala\u015fd\u0131ran \u0259n \u00f6n\u0259mli pe\u015f\u0259 sahibl\u0259rind\u0259n biridir v\u0259 onlar\u0131n rifah\u0131n\u0131n&hellip;","_links":{"self":[{"href":"https:\/\/arantv.az\/index.php?rest_route=\/wp\/v2\/posts\/767240"}],"collection":[{"href":"https:\/\/arantv.az\/index.php?rest_route=\/wp\/v2\/posts"}],"about":[{"href":"https:\/\/arantv.az\/index.php?rest_route=\/wp\/v2\/types\/post"}],"author":[{"embeddable":true,"href":"https:\/\/arantv.az\/index.php?rest_route=\/wp\/v2\/users\/2"}],"replies":[{"embeddable":true,"href":"https:\/\/arantv.az\/index.php?rest_route=%2Fwp%2Fv2%2Fcomments&post=767240"}],"version-history":[{"count":1,"href":"https:\/\/arantv.az\/index.php?rest_route=\/wp\/v2\/posts\/767240\/revisions"}],"predecessor-version":[{"id":767242,"href":"https:\/\/arantv.az\/index.php?rest_route=\/wp\/v2\/posts\/767240\/revisions\/767242"}],"wp:featuredmedia":[{"embeddable":true,"href":"https:\/\/arantv.az\/index.php?rest_route=\/wp\/v2\/media\/767241"}],"wp:attachment":[{"href":"https:\/\/arantv.az\/index.php?rest_route=%2Fwp%2Fv2%2Fmedia&parent=767240"}],"wp:term":[{"taxonomy":"category","embeddable":true,"href":"https:\/\/arantv.az\/index.php?rest_route=%2Fwp%2Fv2%2Fcategories&post=767240"},{"taxonomy":"post_tag","embeddable":true,"href":"https:\/\/arantv.az\/index.php?rest_route=%2Fwp%2Fv2%2Ftags&post=767240"}],"curies":[{"name":"wp","href":"https:\/\/api.w.org\/{rel}","templated":true}]}}