{"id":767393,"date":"2024-11-08T22:31:25","date_gmt":"2024-11-08T18:31:25","guid":{"rendered":"https:\/\/arantv.az\/?p=767393"},"modified":"2024-11-08T22:31:25","modified_gmt":"2024-11-08T18:31:25","slug":"bayden-v%c9%99-makron-kimil%c9%99r-must%c9%99qil-v%c9%99-guclu-az%c9%99rbaycana-t%c9%99zyiq-ed%c9%99-bilm%c9%99zl%c9%99r-s%c9%99rh","status":"publish","type":"post","link":"https:\/\/arantv.az\/?p=767393","title":{"rendered":"Bayden v\u0259 Makron kimil\u0259r M\u00dcST\u018fQ\u0130L V\u018f G\u00dcCL\u00dc AZ\u018fRBAYCANA T\u018fZY\u0130Q ED\u018f B\u0130LM\u018fZL\u018fR! &#8211; \u015e\u018fRH"},"content":{"rendered":"<p><em><strong>30 il\u0259 yax\u0131n h\u0259rbi i\u015f\u011fal v\u0259 t\u0259cav\u00fcz\u0259 son qoymaqla b\u00f6lg\u0259d\u0259 yeni reall\u0131qlar v\u0259 s\u00fclh \u00fc\u00e7\u00fcn tarixi imkanlar yaradan 44 g\u00fcnl\u00fck V\u0259t\u0259n m\u00fcharib\u0259sinin taleyini h\u0259ll ed\u0259n \u015eu\u015fa Z\u0259f\u0259rind\u0259n 4 il \u00f6t\u00fcr. \u00d6lk\u0259miz v\u0259 regionumuz \u00fc\u00e7\u00fcn yeni d\u00f6vr\u00fcn ba\u015flan\u011f\u0131c\u0131n\u0131 qoyan bu tarix Prezident \u0130lham \u018fliyevin 2020-ci il 3 dekabr tarixli S\u0259r\u0259ncam\u0131na \u0259sas\u0259n noyabr\u0131n 8-i Z\u0259f\u0259r G\u00fcn\u00fc kimi qeyd olunur. Bu m\u00fcnasib\u0259tl\u0259 bu g\u00fcn Bak\u0131da parlaq Z\u0259f\u0259rimizl\u0259 ba\u011fl\u0131 bir \u00e7ox r\u0259mzl\u0259ri \u00f6z\u00fcnd\u0259 \u0259ks etdir\u0259n yeni simvolumuzun,\u00a0 Z\u0259f\u0259r park\u0131n\u0131n a\u00e7\u0131l\u0131\u015f\u0131 da\u00a0 ke\u00e7irilib.<\/strong><\/em><\/p>\n<p><strong>Separat\u00e7\u0131lar\u0131n izi-tozu da qalmay\u0131b<\/strong><\/p>\n<p>D\u00f6vl\u0259timizin ba\u015f\u00e7\u0131s\u0131 burada \u00fc\u00e7r\u0259ngli D\u00f6vl\u0259t Bayra\u011f\u0131m\u0131z\u0131 ucaldandan,\u00a0 Z\u0259f\u0259r abid\u0259sinin \u00f6n\u00fcn\u0259 \u0259klil v\u0259 g\u00fcl d\u0259st\u0259l\u0259ri qoyandan sonra xalq\u0131m\u0131za m\u00fcraci\u0259t etdi.\u00a0 Prezident bildirdi ki, 44 g\u00fcnl\u00fck V\u0259t\u0259n m\u00fcharib\u0259si bizim \u015fanl\u0131 tariximizdir, parlaq Q\u0259l\u0259b\u0259mizdir: \u201cBiz h\u0259m Birinci Qaraba\u011f m\u00fcharib\u0259sinin, h\u0259m \u0130kinci Qaraba\u011f m\u00fcharib\u0259sinin, el\u0259c\u0259 d\u0259 antiterror \u0259m\u0259liyyat\u0131n\u0131n \u015f\u0259hidl\u0259rinin qan\u0131n\u0131 d\u00f6y\u00fc\u015f meydan\u0131nda ald\u0131q, \u00f6z \u0259razi b\u00fct\u00f6vl\u00fcy\u00fcm\u00fcz\u00fc, suverenliyimizi b\u0259rpa etdik\u201d. D\u00f6vl\u0259timizin ba\u015f\u00e7\u0131s\u0131, h\u0259m\u00e7inin vur\u011fulay\u0131b ki, art\u0131q \u0259razil\u0259rimizd\u0259 separat\u00e7\u0131l\u0131\u011f\u0131n k\u00f6k\u00fc k\u0259silib, kitab\u0131 ba\u011flan\u0131b. Y\u0259ni, art\u0131q Qaraba\u011f torpa\u011f\u0131nda separat\u00e7\u0131lar\u0131n izi-tozu da qalmay\u0131b.<\/p>\n<p><img src=\"https:\/\/ikisahil.az\/upload\/\/2024\/11\/08\/\/-13d4635d173107614128606649510659785.jpg\" alt=\"\" \/><\/p>\n<p>\u201cBiz haz\u0131rla\u015f\u0131rd\u0131q, g\u00fccl\u00fc ordu yarad\u0131rd\u0131q, iqtisadi inki\u015faf\u0131 t\u0259min edirdik\u201d, &#8211; dey\u0259n Prezident \u0130lham \u018fliyev, h\u0259m\u00e7inin qeyd edib ki, iqtisadi inki\u015faf, siyasi \u00e7\u0259kimizin b\u00f6y\u00fck olmas\u0131, beyn\u0259lxalq tribunalarda s\u00f6z\u00fcm\u00fcz\u00fc q\u0259tiyy\u0259tl\u0259 dem\u0259yimiz, xalq-iqtidar birliyi, g\u0259nc n\u0259slin yeti\u015fdirilm\u0259si, c\u0259miyy\u0259td\u0259 v\u0259t\u0259np\u0259rv\u0259rlik ruhunun b\u0259rq\u0259rar olmas\u0131 &#8211; b\u00fct\u00fcn bu amill\u0259r Q\u0259l\u0259b\u0259y\u0259 do\u011fru bizi apar\u0131rd\u0131 v\u0259 b\u00fct\u00fcn bu amill\u0259rin c\u0259ml\u0259\u015fm\u0259si bu Q\u0259l\u0259b\u0259ni m\u00fcmk\u00fcn etmi\u015fdir.<\/p>\n<p>Yeri g\u0259lmi\u015fk\u0259n qeyd ed\u0259k ki, Erm\u0259nistan\u0131n arxas\u0131nda duran bir \u00e7ox d\u00f6vl\u0259tl\u0259r bizim bu i\u015f\u011falla bar\u0131\u015fma\u011f\u0131m\u0131z \u00fc\u00e7\u00fcn m\u00fcxt\u0259lif \u00fcsullardan istifad\u0259 edirdil\u0259r. Eyni zamanda, qeyd edirdil\u0259r ki, guya Erm\u0259nistan-Az\u0259rbaycan m\u00fcnaqi\u015f\u0259sinin\u00a0 h\u0259rbi h\u0259lli yoxdur, s\u00fclh yolu il\u0259 h\u0259ll olunmal\u0131d\u0131r. Amma onlar \u0259razil\u0259rimizi 30 il \u0259sar\u0259t alt\u0131nda saxlayan Erm\u0259nistana bir d\u0259f\u0259 d\u0259 i\u015f\u011fal etdiyiniz Az\u0259rbaycan \u0259razil\u0259rind\u0259n \u00e7\u0131x\u0131n demirdil\u0259r. Bununla da ba\u015f\u0131m\u0131z\u0131n alt\u0131na \u0259g\u0259r bel\u0259 dem\u0259k m\u00fcmk\u00fcns\u0259, yast\u0131q qoymaq ist\u0259yirdil\u0259r.\u00a0 Amma Prezident, M\u00fcz\u0259ff\u0259r Ali Ba\u015f Komandan s\u00fcbut etdi ki, bunun h\u0259rbi h\u0259lli var. V\u0259 h\u0259ll d\u0259 etdi. Daha do\u011frusu, bu m\u0259s\u0259l\u0259y\u0259 bird\u0259f\u0259lik h\u0259lledici nida i\u015far\u0259si qoydu. \u201cQaraba\u011f Az\u0259rbaycand\u0131r v\u0259 nida\u201dn\u0131, y\u0259ni bu Q\u0259l\u0259b\u0259ni\u00a0 Rusiya Prezidenti Vladimir Putin v\u0259 Erm\u0259nistan ba\u015f naziri Nikol Pa\u015finyanla birg\u0259 imzalad\u0131\u011f\u0131 10 noyabr B\u0259yanat\u0131 il\u0259 r\u0259smil\u0259\u015fdirdi.<\/p>\n<p>Xalq m\u00fcraci\u0259tind\u0259 bu m\u0259qama da toxunan d\u00f6vl\u0259timizin ba\u015f\u00e7\u0131s\u0131 vur\u011fulay\u0131b ki, onlar\u0131n planlar\u0131nda m\u0259s\u0259l\u0259ni h\u0259ll etm\u0259k yox, i\u015f\u011fala son qoymaq yox, Az\u0259rbaycan torpaqlar\u0131n\u0131 erm\u0259ni i\u015f\u011fal\u0131n\u0131n alt\u0131nda \u0259b\u0259di saxlamaq idi: \u201cBiz is\u0259 bu v\u0259ziyy\u0259tl\u0259 bar\u0131\u015fa bilm\u0259zdik\u201d. Bar\u0131\u015fmad\u0131q da. \u015e\u00fcbh\u0259siz, bu m\u0259s\u0259l\u0259d\u0259 n\u0259yin bahas\u0131na olursa-olsun, biz \u00f6z \u0259razi b\u00fct\u00f6vl\u00fcy\u00fcm\u00fcz\u00fc b\u0259rpa ed\u0259c\u0259yik, Az\u0259rbaycan\u0131n \u0259razi b\u00fct\u00f6vl\u00fcy\u00fc, suverenliyi dan\u0131\u015f\u0131qlar m\u00f6vzusu olmayaca dey\u0259n v\u0259 n\u0259yi n\u0259 vaxt etm\u0259k laz\u0131m oldu\u011funu yax\u015f\u0131 bil\u0259n M\u00fcz\u0259ff\u0259r Ali Ba\u015f Komandan\u0131n xidm\u0259tl\u0259ri misilsizdir.<\/p>\n<p><strong>Onlar Erm\u0259nistan\u0131n v\u0259h\u015filikl\u0259rini \u00f6rt-basd\u0131r etm\u0259y\u0259 \u00e7al\u0131\u015f\u0131rlar<\/strong><\/p>\n<p>Haylar\u0131n Qaraba\u011f\u0131, \u015e\u0259rqi Z\u0259ng\u0259zuru viran qoymalar\u0131n\u0131 diqq\u0259t\u0259 \u00e7atd\u0131ran d\u00f6vl\u0259timizin ba\u015f\u00e7\u0131s\u0131 m\u00fcharib\u0259d\u0259n sonra Erm\u0259nistan\u0131n, el\u0259c\u0259 d\u0259 onlar\u0131n Q\u0259rbd\u0259ki havadarlar\u0131n\u0131n h\u0259yas\u0131zl\u0131\u011f\u0131ndan da s\u00f6z a\u00e7\u0131b. Bildirib ki, indi b\u0259zi Q\u0259rb havadarlar\u0131 Erm\u0259nistandan \u201cs\u00fclh g\u00f6y\u0259r\u00e7ini\u201d d\u00fcz\u0259ltm\u0259k ist\u0259yirl\u0259r: \u201cSanki bu 30 illik i\u015f\u011fal olmay\u0131b, da\u011f\u0131nt\u0131lar olmay\u0131b, v\u0259h\u015filik olmay\u0131b, Xocal\u0131 soyq\u0131r\u0131m\u0131 olmay\u0131b\u201d. Bununla da onlar Erm\u0259nistan\u0131n v\u0259h\u015filikl\u0259rini \u00f6rt-basd\u0131r etm\u0259y\u0259 \u00e7al\u0131\u015f\u0131rlar. \u00dcst\u0259lik, onlar, ba\u015fqa s\u00f6zl\u0259 des\u0259k, anti-Az\u0259rbaycan q\u00fcvv\u0259l\u0259r, b\u0259zi Q\u0259rb paytaxtlar\u0131nda oturan islamofoblar, az\u0259rbaycanofoblar Erm\u0259nistan\u0131 silahland\u0131rmaqla yeni m\u00fcharib\u0259y\u0259 t\u0259hrik edirl\u0259r. Bu, Erm\u0259nistan d\u00f6vl\u0259ti \u00fc\u00e7\u00fcn tam faci\u0259 ola bil\u0259r. Prezident vur\u011fulad\u0131 ki, h\u0259l\u0259 ki, gec deyil, ona g\u00f6r\u0259 Erm\u0259nistan bu silahland\u0131rma siyas\u0259tind\u0259n \u0259l \u00e7\u0259km\u0259lidir, buna son qoyulmal\u0131d\u0131r, m\u0259n d\u0259f\u0259l\u0259rl\u0259 bunu demi\u015f\u0259m v\u0259 onlar bilirl\u0259r ki, m\u0259nim s\u00f6z\u00fcm\u0259 diqq\u0259t yetirm\u0259k laz\u0131md\u0131r. H\u0259l\u0259 ki, gec deyil, bundan \u0259l \u00e7\u0259ksinl\u0259r, onlar he\u00e7 vaxt biziml\u0259 r\u0259qab\u0259t aparmaq g\u00fcc\u00fcnd\u0259 olmayacaqlar. \u018frazi b\u00fct\u00f6vl\u00fcy\u00fcn\u00fc, d\u00f6vl\u0259t suverenliyini t\u0259min etmi\u015f, ke\u00e7mi\u015f m\u0259cburi k\u00f6\u00e7k\u00fcnl\u0259ri, qa\u00e7q\u0131nlar\u0131 \u00f6z d\u0259d\u0259-baba torpaqlar\u0131na qaytarma\u011fa ba\u015flam\u0131\u015f Az\u0259rbaycan m\u00fcharib\u0259 ist\u0259mir. Prezident \u0130lham \u018fliyevin s\u00f6zl\u0259ri il\u0259 des\u0259k, biz onlar\u0131n d\u00fc\u015fm\u0259ni deyilik, onlar\u0131n d\u00fc\u015fm\u0259ni onlar\u0131n arxas\u0131nda duran v\u0259 ondan sonra onlar\u0131n arxas\u0131ndan dov\u015fan kimi, si\u00e7an kimi qa\u00e7an siyas\u0259t\u00e7il\u0259rdir.<\/p>\n<p><img src=\"https:\/\/ikisahil.az\/upload\/\/2024\/11\/08\/\/-7f53f8c6173107633264066398310409316.jpg\" alt=\"\" \/><\/p>\n<p><strong>Fransa, Hindistan v\u0259 riyakar\u0131\u011f\u0131n kuliminasiya n\u00f6qt\u0259sin\u0259 y\u00fcks\u0259l\u0259n Bayden administrasiyas\u0131<\/strong><\/p>\n<p>Erm\u0259nistan\u0131 s\u0131lahland\u0131ranlar aras\u0131nda Fransa v\u0259 Hindistan \u00f6n s\u0131ralarda dayan\u0131r. Bu h\u0259min Hindistand\u0131r ki, bir t\u0259r\u0259fd\u0259n Erm\u0259nistan\u0131 silahland\u0131r\u0131r, regionda sabitliyi pozma\u011fa c\u0259hd edir, dig\u0259r t\u0259r\u0259fd\u0259n BMT T\u0259hl\u00fck\u0259sizlik \u015euras\u0131n\u0131n \u00fczv\u00fc olmaq ist\u0259yir. S\u00fclh\u0259 qar\u015f\u0131 olan, a\u00e7\u0131q \u015f\u0259kild\u0259 militarizasiya siyas\u0259ti h\u0259yata ke\u00e7ir\u0259n bir d\u00f6vl\u0259t BMT T\u015e-nin daimi \u00fczv\u00fc ola bilm\u0259z. Onsuz da daimi \u00fczvl\u0259r aras\u0131nda bel\u0259l\u0259ri var art\u0131q. Fransan\u0131n yan\u0131na Hindistan\u0131 \u0259lav\u0259 etm\u0259k\u00a0s\u00fclh\u0259 b\u00f6y\u00fck z\u0259rb\u0259dir. Amma bir m\u0259s\u0259l\u0259ni d\u0259 vur\u011fulayaq ki, Fransan\u0131 da, Hindistan\u0131 da Az\u0259rbayaca qar\u015f\u0131 siyas\u0259t\u0259 t\u0259hrik ed\u0259n AB\u015e, konkret des\u0259k Bayden administrasiyas\u0131d\u0131r. Amerika xalq\u0131 se\u00e7kid\u0259 Bayden administrasiyas\u0131na laz\u0131m olan cavab\u0131 verdi. Yar\u0131tmaz Bayden siyas\u0259ti sona \u00e7at\u0131r. Riyakar\u0131\u011f\u0131n kuliminasiya n\u00f6qt\u0259sin\u0259 y\u00fcks\u0259l\u0259n Bayden administrasiyas\u0131 d\u00fcnyan\u0131 qan \u00e7ana\u011f\u0131na \u00e7evirdi. N\u0259 Bayden, n\u0259 Makron n\u0259 d\u0259 Hindistan\u0131n bu siyas\u0259ti Az\u0259rbaycan\u0131 m\u00fcst\u0259qil v\u0259 g\u00fccl\u00fc siyas\u0259td\u0259n d\u00f6nd\u0259r\u0259 bilm\u0259z. Odur ki, b\u00fct\u00fcn t\u0259hdidl\u0259r\u0259 baxmayaraq, b\u00f6lg\u0259d\u0259 s\u00fclh\u00fcn, \u0259min-amanl\u0131\u011f\u0131n b\u0259rq\u0259rar, daha do\u011frusu, davaml\u0131 olmas\u0131 istiqam\u0259tind\u0259 s\u0259yl\u0259rini davam etdirir: \u201dErm\u0259nistan silahland\u0131rma siyas\u0259tind\u0259n \u0259l \u00e7\u0259km\u0259lidir, buna son qoyulmal\u0131d\u0131r\u201d. D\u00f6vl\u0259timizin ba\u015f\u00e7\u0131s\u0131, h\u0259m\u00e7inin xat\u0131rlad\u0131b ki, \u0259g\u0259r kims\u0259 yenid\u0259n bizim g\u00fcc\u00fcm\u00fcz\u00fc s\u0131namaq ist\u0259yirs\u0259, yenid\u0259n m\u0259\u011flub olacaq, yenid\u0259n biab\u0131r olacaq: \u201c\u00c7\u00fcnki 44 g\u00fcnl\u00fck V\u0259t\u0259n m\u00fcharib\u0259si v\u0259 antiterror \u0259m\u0259liyyat\u0131, bizim Z\u0259f\u0259rimiz t\u0259kc\u0259 Erm\u0259nistan\u0131n m\u0259\u011flubiyy\u0259ti deyil, onlar\u0131n arxas\u0131nda duranlar\u0131n ac\u0131 v\u0259 al\u00e7ald\u0131c\u0131 m\u0259\u011flubiyy\u0259tidir\u201d.<\/p>\n<p><em><strong>Qvami M\u0259h\u0259bb\u0259to\u011flu, \u201c\u0130ki sahil\u201d<\/strong><\/em><\/p>\n","protected":false},"excerpt":{"rendered":"<p>30 il\u0259 yax\u0131n h\u0259rbi i\u015f\u011fal v\u0259 t\u0259cav\u00fcz\u0259 son qoymaqla b\u00f6lg\u0259d\u0259 yeni reall\u0131qlar v\u0259 s\u00fclh \u00fc\u00e7\u00fcn tarixi imkanlar yaradan 44 g\u00fcnl\u00fck V\u0259t\u0259n m\u00fcharib\u0259sinin taleyini h\u0259ll ed\u0259n \u015eu\u015fa Z\u0259f\u0259rind\u0259n 4 il \u00f6t\u00fcr. \u00d6lk\u0259miz v\u0259 regionumuz \u00fc\u00e7\u00fcn yeni d\u00f6vr\u00fcn ba\u015flan\u011f\u0131c\u0131n\u0131 qoyan bu tarix Prezident \u0130lham \u018fliyevin 2020-ci il 3 dekabr tarixli S\u0259r\u0259ncam\u0131na \u0259sas\u0259n noyabr\u0131n 8-i Z\u0259f\u0259r G\u00fcn\u00fc kimi qeyd olunur. Bu m\u00fcnasib\u0259tl\u0259 bu g\u00fcn Bak\u0131da parlaq Z\u0259f\u0259rimizl\u0259 ba\u011fl\u0131 bir \u00e7ox r\u0259mzl\u0259ri \u00f6z\u00fcnd\u0259 \u0259ks etdir\u0259n yeni simvolumuzun,\u00a0 Z\u0259f\u0259r park\u0131n\u0131n a\u00e7\u0131l\u0131\u015f\u0131 da\u00a0 ke\u00e7irilib. Separat\u00e7\u0131lar\u0131n izi-tozu da qalmay\u0131b D\u00f6vl\u0259timizin ba\u015f\u00e7\u0131s\u0131 burada \u00fc\u00e7r\u0259ngli D\u00f6vl\u0259t Bayra\u011f\u0131m\u0131z\u0131 ucaldandan,\u00a0 Z\u0259f\u0259r&hellip;<\/p>\n","protected":false},"author":2,"featured_media":767394,"comment_status":"closed","ping_status":"closed","sticky":false,"template":"","format":"standard","meta":{"om_disable_all_campaigns":false,"_monsterinsights_skip_tracking":false,"_monsterinsights_sitenote_active":false,"_monsterinsights_sitenote_note":"","_monsterinsights_sitenote_category":0},"categories":[4],"tags":[],"aioseo_notices":[],"gutentor_comment":0,"rttpg_featured_image_url":{"full":["https:\/\/arantv.az\/wp-content\/uploads\/2024\/11\/c4ede56b17310757178990497151011896.jpg",975,540,false],"landscape":["https:\/\/arantv.az\/wp-content\/uploads\/2024\/11\/c4ede56b17310757178990497151011896.jpg",975,540,false],"portraits":["https:\/\/arantv.az\/wp-content\/uploads\/2024\/11\/c4ede56b17310757178990497151011896.jpg",975,540,false],"thumbnail":["https:\/\/arantv.az\/wp-content\/uploads\/2024\/11\/c4ede56b17310757178990497151011896-500x280.jpg",500,280,true],"medium":["https:\/\/arantv.az\/wp-content\/uploads\/2024\/11\/c4ede56b17310757178990497151011896-660x365.jpg",660,365,true],"large":["https:\/\/arantv.az\/wp-content\/uploads\/2024\/11\/c4ede56b17310757178990497151011896-840x465.jpg",640,354,true],"1536x1536":["https:\/\/arantv.az\/wp-content\/uploads\/2024\/11\/c4ede56b17310757178990497151011896.jpg",975,540,false],"2048x2048":["https:\/\/arantv.az\/wp-content\/uploads\/2024\/11\/c4ede56b17310757178990497151011896.jpg",975,540,false],"post-thumbnail":["https:\/\/arantv.az\/wp-content\/uploads\/2024\/11\/c4ede56b17310757178990497151011896-240x172.jpg",240,172,true],"advps-thumb-one":["https:\/\/arantv.az\/wp-content\/uploads\/2024\/11\/c4ede56b17310757178990497151011896.jpg",975,540,false]},"rttpg_author":{"display_name":"V\u00fcsal Rafiqo\u011flu","author_link":"https:\/\/arantv.az\/?author=2"},"rttpg_comment":0,"rttpg_category":"<a href=\"https:\/\/arantv.az\/?cat=4\" rel=\"category\">Siyas\u0259t<\/a>","rttpg_excerpt":"30 il\u0259 yax\u0131n h\u0259rbi i\u015f\u011fal v\u0259 t\u0259cav\u00fcz\u0259 son qoymaqla b\u00f6lg\u0259d\u0259 yeni reall\u0131qlar v\u0259 s\u00fclh \u00fc\u00e7\u00fcn tarixi imkanlar yaradan 44 g\u00fcnl\u00fck V\u0259t\u0259n m\u00fcharib\u0259sinin taleyini h\u0259ll ed\u0259n \u015eu\u015fa Z\u0259f\u0259rind\u0259n 4 il \u00f6t\u00fcr. \u00d6lk\u0259miz v\u0259 regionumuz \u00fc\u00e7\u00fcn yeni d\u00f6vr\u00fcn ba\u015flan\u011f\u0131c\u0131n\u0131 qoyan bu tarix Prezident \u0130lham \u018fliyevin 2020-ci il 3 dekabr tarixli S\u0259r\u0259ncam\u0131na \u0259sas\u0259n noyabr\u0131n 8-i Z\u0259f\u0259r G\u00fcn\u00fc kimi&hellip;","_links":{"self":[{"href":"https:\/\/arantv.az\/index.php?rest_route=\/wp\/v2\/posts\/767393"}],"collection":[{"href":"https:\/\/arantv.az\/index.php?rest_route=\/wp\/v2\/posts"}],"about":[{"href":"https:\/\/arantv.az\/index.php?rest_route=\/wp\/v2\/types\/post"}],"author":[{"embeddable":true,"href":"https:\/\/arantv.az\/index.php?rest_route=\/wp\/v2\/users\/2"}],"replies":[{"embeddable":true,"href":"https:\/\/arantv.az\/index.php?rest_route=%2Fwp%2Fv2%2Fcomments&post=767393"}],"version-history":[{"count":1,"href":"https:\/\/arantv.az\/index.php?rest_route=\/wp\/v2\/posts\/767393\/revisions"}],"predecessor-version":[{"id":767395,"href":"https:\/\/arantv.az\/index.php?rest_route=\/wp\/v2\/posts\/767393\/revisions\/767395"}],"wp:featuredmedia":[{"embeddable":true,"href":"https:\/\/arantv.az\/index.php?rest_route=\/wp\/v2\/media\/767394"}],"wp:attachment":[{"href":"https:\/\/arantv.az\/index.php?rest_route=%2Fwp%2Fv2%2Fmedia&parent=767393"}],"wp:term":[{"taxonomy":"category","embeddable":true,"href":"https:\/\/arantv.az\/index.php?rest_route=%2Fwp%2Fv2%2Fcategories&post=767393"},{"taxonomy":"post_tag","embeddable":true,"href":"https:\/\/arantv.az\/index.php?rest_route=%2Fwp%2Fv2%2Ftags&post=767393"}],"curies":[{"name":"wp","href":"https:\/\/api.w.org\/{rel}","templated":true}]}}