{"id":767396,"date":"2024-11-08T22:32:41","date_gmt":"2024-11-08T18:32:41","guid":{"rendered":"https:\/\/arantv.az\/?p=767396"},"modified":"2024-11-08T22:32:41","modified_gmt":"2024-11-08T18:32:41","slug":"8-noyabr-z%c9%99f%c9%99rinin-8-muhum-faktoru","status":"publish","type":"post","link":"https:\/\/arantv.az\/?p=767396","title":{"rendered":"8 Noyabr Z\u0259f\u0259rinin 8 m\u00fch\u00fcm faktoru"},"content":{"rendered":"<div class=\"content lead font-weight-normal\">\n<p><em><strong>Az\u0259rbaycan\u0131n h\u0259rb tarixin\u0259 q\u0131z\u0131l h\u0259rfl\u0259rl\u0259 yaz\u0131lan 8 Noyabr \u2013 Z\u0259f\u0259r G\u00fcn\u00fcd\u00fcr.<\/strong><\/em><\/p>\n<p><em><strong>M\u00f6vzu il\u0259 ba\u011fl\u0131 ehtiyatda olan polkovnik-leytenant, h\u0259rbi jurnalist \u0130sa \u0130smay\u0131lov v\u0259 t\u0259rc\u00fcm\u0259\u00e7i, publisist, Az\u0259rbaycan Yaz\u0131\u00e7\u0131lar Birliyinin \u00fczv\u00fc Nadiy\u0259 Qafarova \u201c8 noyabr Z\u0259f\u0259rinin 8 m\u00fch\u00fcm faktoru\u201d adl\u0131 m\u0259qal\u0259 haz\u0131rlay\u0131b.\u00a0<\/strong><\/em><\/p>\n<p><strong>ARANTV.AZ\u00a0 <\/strong>m\u0259qal\u0259ni t\u0259qdim edir.<\/p>\n<p>Elmd\u0259 bel\u0259 bir m\u00fclahiz\u0259 var ki, d\u00f6vl\u0259tin d\u00f6vl\u0259t olmas\u0131 \u00fc\u00e7\u00fcn 5 \u0259sas \u015f\u0259rt, amil m\u00f6vcuddur. Bu \u015f\u0259rtl\u0259rin \u0259n \u0259saslar\u0131ndan biri d\u0259 m\u0259hz g\u00fccl\u00fc, y\u00fcks\u0259k d\u00f6y\u00fc\u015f qabiliyy\u0259tin\u0259 malik ordunun olmas\u0131d\u0131r. G\u00fccl\u00fc ordu h\u0259r d\u00f6vl\u0259tin m\u00fcst\u0259qilliyinin, \u0259razi b\u00fct\u00f6vl\u00fcy\u00fcn\u00fcn m\u00fcdafi\u0259\u00e7isidir. Tarixi prosesl\u0259ri t\u0259hlil ed\u0259n elm adamlar\u0131n\u0131n q\u0259na\u0259tin\u0259 g\u00f6r\u0259, ist\u0259nil\u0259n d\u00f6vl\u0259tin v\u0259 onun ordusunun q\u00fcdr\u0259tli olmas\u0131 v\u0259 z\u0259f\u0259r \u00e7almas\u0131 \u00fc\u00e7\u00fcn vacib olan \u0259sas 8 faktor m\u00f6vcuddur. Bu faktorlar tarixi, h\u0259rbi-siyasi d\u00f6vrl\u0259rd\u0259 xalq\u0131n taleyind\u0259 h\u0259lledici rol oynay\u0131r.<\/p>\n<p>M\u00fcz\u0259ff\u0259r Ali Ba\u015f Komandan \u0130lham \u018fliyevin r\u0259hb\u0259rliyi il\u0259 qazand\u0131\u011f\u0131m\u0131z son iki y\u00fcz ilin \u0259n m\u00f6ht\u0259\u015f\u0259m q\u0259l\u0259b\u0259sini &#8211; 8 Noyabr Z\u0259f\u0259rini t\u0259min ed\u0259n d\u0259 m\u0259hz bu 8 faktorun \u00f6lk\u0259mizd\u0259 u\u011furla realla\u015fmas\u0131d\u0131r.<\/p>\n<p>\u0130st\u0259nil\u0259n d\u00f6vl\u0259tin iqtisadi q\u00fcdr\u0259ti onun h\u0259rbi q\u00fcdr\u0259tinin aynas\u0131d\u0131r. \u00d6lk\u0259mizd\u0259 son ill\u0259rd\u0259 h\u0259yata ke\u00e7iril\u0259n ordu quruculu\u011funun t\u0259hlili g\u00f6st\u0259rir ki, m\u0259hz d\u00f6vl\u0259timizin t\u0259min etdiyi dayan\u0131ql\u0131 iqtisadi inki\u015faf say\u0259sind\u0259 h\u0259yata ke\u00e7irdiyimiz islahatlar m\u00fcsb\u0259t n\u0259tic\u0259 verib.<\/p>\n<p>D\u00f6vl\u0259timizin ba\u015f\u00e7\u0131s\u0131 \u0130lham \u018fliyevin Az\u0259rbaycan Prezidenti se\u00e7ildiyi ilk g\u00fcnd\u0259n nail olma\u011fa \u00e7al\u0131\u015fd\u0131\u011f\u0131 \u0259n \u0259sas v\u0259zif\u0259l\u0259rd\u0259n biri d\u0259 \u00f6lk\u0259 iqtisadiyyat\u0131n\u0131n xarici m\u00fcdaxil\u0259l\u0259r\u0259 u\u011furla tab g\u0259tir\u0259 bil\u0259c\u0259k s\u0259viyy\u0259d\u0259 inki\u015faf etdirilm\u0259sidir. Bu istiqam\u0259td\u0259 Prezident \u0130lham \u018fliyevin d\u00f6vl\u0259t ba\u015f\u00e7\u0131s\u0131 olaraq y\u00fcr\u00fctd\u00fcy\u00fc m\u00fcst\u0259qil iqtisadi siyas\u0259tin u\u011fur g\u0259tirm\u0259si, iqtisadi q\u00fcdr\u0259timizin bu q\u0259d\u0259r artmas\u0131 h\u0259min fikirl\u0259rin \u0259n do\u011fru s\u00fcbutudur. M\u0259hz bu u\u011furlu, d\u00fczg\u00fcn iqtisadi siyas\u0259tin n\u0259tic\u0259sidir ki, \u00f6lk\u0259mizd\u0259 b\u00fct\u00fcn strateji, el\u0259c\u0259 d\u0259 h\u0259rbi \u0259m\u0259liyyatlar zaman\u0131 laz\u0131mi ehtiyatlar tam h\u0259cmd\u0259 t\u0259min edilib. Haz\u0131rda da bu ehtiyatlar\u0131n fasil\u0259siz t\u0259minat\u0131na imkan ver\u0259n iqtisadi potensial\u0131m\u0131z\u0131n m\u00f6vcudlu\u011fu yaln\u0131z q\u00fcrur do\u011furan m\u0259qamd\u0131r.<\/p>\n<p>\u00d6lk\u0259mizd\u0259 son 30 ild\u0259 ordu quruculu\u011fu prosesi prioritet m\u0259s\u0259l\u0259 elan edilib. H\u0259rbi v\u0259 t\u0259hl\u00fck\u0259sizlik sah\u0259sind\u0259 h\u0259yata ke\u00e7iril\u0259n islahatlar\u0131n u\u011furlu olmas\u0131 da m\u0259hz d\u00f6vl\u0259timizin iqtisadi q\u00fcdr\u0259tinin \u0259n y\u00fcks\u0259k g\u00f6st\u0259ricisidir.<\/p>\n<p>N\u00f6vb\u0259ti faktor olaraq \u0259n m\u00fcasir silahlar\u0131n ordunun arsenal\u0131na daxil edilm\u0259sini v\u0259 y\u00fcks\u0259kkeyfiyy\u0259tli silah v\u0259 sursatlar istehsal ed\u0259n h\u0259rbi s\u0259naye kompleksin\u0259 malik olma\u011f\u0131m\u0131z\u0131 g\u00f6st\u0259rm\u0259k ist\u0259rdik ki, bu da iqtisadi q\u00fcdr\u0259timizin g\u00f6st\u0259ricisidir. Bu g\u00fcn Az\u0259rbaycan Ordusunun \u0259n qabaqc\u0131l silah-texnika, h\u0259rbi avadanl\u0131qlar, m\u00fcasir texnologiyalarla t\u0259min olunmas\u0131 bir t\u0259r\u0259fd\u0259n Ali Ba\u015f Komandan\u0131n ordu quruculu\u011fu prosesin\u0259 n\u0259 q\u0259d\u0259r b\u00f6y\u00fck \u0259h\u0259miyy\u0259t verdiyinin g\u00f6st\u0259ricisidirs\u0259, dig\u0259r t\u0259r\u0259fd\u0259n b\u00fct\u00fcn bunlar yaln\u0131z g\u00fccl\u00fc iqtisadi imkanlara malik olan d\u00f6vl\u0259tin h\u0259yata ke\u00e7ir\u0259 bil\u0259c\u0259yi prosesl\u0259rdir.<\/p>\n<p>\u0130slahatlar\u0131n ard\u0131c\u0131l h\u0259yata ke\u00e7irilm\u0259si, ordunun y\u00fcks\u0259k d\u00f6y\u00fc\u015f qabiliyy\u0259tin\u0259 nail olmas\u0131, pe\u015f\u0259karl\u0131\u011f\u0131n art\u0131r\u0131lmas\u0131 v\u0259 y\u00fcks\u0259k t\u0259l\u0259bl\u0259r\u0259 cavab ver\u0259n m\u00fct\u0259x\u0259ssisl\u0259rin haz\u0131rlanmas\u0131n\u0131n da \u00f6lk\u0259mizin iqtisadi imkanlar\u0131ndan as\u0131l\u0131 oldu\u011fu real faktd\u0131r. \u015e\u0259xsi hey\u0259tin d\u00f6y\u00fc\u015f qabiliyy\u0259tinin t\u0259min edilm\u0259si \u00fc\u00e7\u00fcn geni\u015fmiqyasl\u0131 t\u0259liml\u0259rin, intensiv d\u00f6y\u00fc\u015f haz\u0131rl\u0131\u011f\u0131 m\u0259\u015f\u011f\u0259l\u0259l\u0259rinin ke\u00e7irilm\u0259si \u00fc\u00e7\u00fcn laz\u0131m olan resurslar\u0131n da n\u0259 q\u0259d\u0259r b\u00f6y\u00fck maliyy\u0259 v\u0259saiti hesab\u0131na ba\u015fa g\u0259ldiyini h\u0259rb elmind\u0259n az-\u00e7ox anlay\u0131\u015f\u0131 olan h\u0259r k\u0259s bilir. Sad\u0259 dild\u0259 des\u0259k, t\u0259lim-t\u0259dris\u0259 c\u0259lb edil\u0259n h\u0259r bir texnika, istifad\u0259 edil\u0259n h\u0259r bir silah-sursat d\u00f6vl\u0259timizin hesab\u0131na al\u0131n\u0131b. Bununla yana\u015f\u0131, h\u0259rbi qulluq\u00e7ular\u0131n sosial-m\u0259i\u015f\u0259t, xidm\u0259t \u015f\u0259raitinin yax\u015f\u0131la\u015fd\u0131r\u0131lmas\u0131 m\u0259qs\u0259dil\u0259 pul t\u0259minat\u0131n\u0131n m\u00fct\u0259madi olaraq art\u0131r\u0131lmas\u0131, \u0259rzaq-\u0259\u015fya v\u0259 dig\u0259r t\u0259minat n\u00f6vl\u0259ri il\u0259 y\u00fcks\u0259k s\u0259viyy\u0259d\u0259 t\u0259chiz edilm\u0259si, \u0259n m\u00fcasir t\u0259l\u0259bl\u0259r\u0259 cavab ver\u0259n h\u0259rbi infrastrukturun dem\u0259k olar ki, tamamil\u0259 yenid\u0259n in\u015fa edilm\u0259si d\u0259 d\u00f6vl\u0259timizin h\u0259rbi sah\u0259y\u0259 ay\u0131rd\u0131\u011f\u0131 x\u0259rcl\u0259r say\u0259sind\u0259 m\u00fcmk\u00fcn olub. B\u00fct\u00fcn bunlar\u0131 t\u0259s\u0259vv\u00fcr etm\u0259yi bacarsaq daha geni\u015f \u015f\u0259rh\u0259 ehtiyac yoxdur.<\/p>\n<p>Dig\u0259r m\u00fch\u00fcm faktor &#8211; \u00f6lk\u0259nin m\u00fcst\u0259qil enerji qaynaqlar\u0131na sahib olmas\u0131d\u0131r. Son ill\u0259r Az\u0259rbaycanda enerji hasil ed\u0259n v\u0259 xarici xammaldan as\u0131l\u0131 olmayan enerji kompleksinin yarad\u0131lmas\u0131, \u00f6lk\u0259mizin istehsal etdiyi karbohidrogen ehtiyatlar\u0131n\u0131n d\u00fcnya bazar\u0131na ixrac\u0131, b\u0259rpaolunan enerji m\u0259nb\u0259l\u0259rind\u0259n s\u0259m\u0259r\u0259li istifad\u0259 edilm\u0259si m\u0259qs\u0259dil\u0259 regionda \u0259n b\u00f6y\u00fck layih\u0259l\u0259rin h\u0259yata ke\u00e7irilm\u0259si d\u0259 g\u0259l\u0259c\u0259k n\u0259sill\u0259r\u0259 hesablanm\u0131\u015f iqtisadi planlar\u0131m\u0131z\u0131n \u0259sas\u0131n\u0131 t\u0259\u015fkil edir. \u00d6lk\u0259mizin m\u00fcst\u0259qil enerji siyas\u0259ti xalq\u0131m\u0131z\u0131n firavanl\u0131\u011f\u0131na xidm\u0259t etm\u0259kl\u0259 yana\u015f\u0131, d\u00f6vl\u0259timizin maliyy\u0259 ehtiyatlar\u0131n\u0131n artmas\u0131na da b\u00f6y\u00fck t\u0259sir g\u00f6st\u0259rir. Bunun say\u0259sind\u0259 d\u0259 \u00e7\u0259tinlikl\u0259rl\u0259 \u00fczl\u0259\u015fm\u0259d\u0259n ordu quruculu\u011fu sah\u0259sind\u0259 n\u0259z\u0259rd\u0259 tutulan h\u0259d\u0259fl\u0259r\u0259 do\u011fru d\u00f6vl\u0259timiz inamla add\u0131mlay\u0131r.<\/p>\n<p>Daha bir amil kimi kadr siyas\u0259tini, y\u0259ni y\u00fcks\u0259kkeyfiyy\u0259tli t\u0259lim v\u0259 t\u0259hsil g\u00f6rm\u00fc\u015f g\u0259nc n\u0259slin yeti\u015fdirilm\u0259sini qeyd etm\u0259k olar. H\u0259rbi xidm\u0259td\u0259 pe\u015f\u0259kar m\u00fct\u0259x\u0259ssis h\u0259rb\u00e7il\u0259rin say\u0131n\u0131n daima art\u0131r\u0131lmas\u0131 x\u00fcsusi t\u0259yinatl\u0131 t\u0259hsil m\u00fc\u0259ssis\u0259l\u0259rimizin qar\u015f\u0131s\u0131nda qoyulmu\u015f \u0259n \u0259sas v\u0259zif\u0259dir. Son ill\u0259r Prezident \u0130lham \u018fliyevin h\u0259rbi t\u0259hsil sah\u0259sind\u0259 islahatlar\u0131n h\u0259yata ke\u00e7irilm\u0259si il\u0259 ba\u011fl\u0131 imzalad\u0131\u011f\u0131 f\u0259rmanlar\u0131 v\u0259 s\u0259r\u0259ncamlar\u0131 yada salmaqla d\u00f6vl\u0259timizin bu sah\u0259y\u0259 n\u0259 q\u0259d\u0259r b\u00f6y\u00fck \u0259h\u0259miyy\u0259t verdiyinin \u015fahidi olar\u0131q. M\u00fcdafi\u0259 Nazirliyi qar\u015f\u0131s\u0131nda duran \u0259sas v\u0259zif\u0259l\u0259rd\u0259n biri d\u0259 ordumuzun arsenal\u0131nda olan \u0259n m\u00fcasir silah-texnikadan s\u0259m\u0259r\u0259li istifad\u0259 etm\u0259yi bacaran kadrlar\u0131n, m\u00fcqavil\u0259li h\u0259rbi qulluq\u00e7u kontingentinin v\u0259 eyni zamanda, \u015f\u0259xsi hey\u0259tin haz\u0131rlanmas\u0131d\u0131r. Bu m\u0259qs\u0259dl\u0259 h\u0259rbi xidm\u0259tin c\u0259lbediciliyin art\u0131r\u0131lmas\u0131 istiqam\u0259tind\u0259 b\u00f6y\u00fck i\u015fl\u0259r g\u00f6r\u00fcl\u00fcr, pe\u015f\u0259kar h\u0259rbi qulluq\u00e7u olmaq ist\u0259y\u0259n g\u0259ncl\u0259rin h\u0259rbi xidm\u0259t\u0259 t\u0259\u015fviqi il\u0259 ba\u011fl\u0131 s\u0259m\u0259r\u0259li layih\u0259l\u0259r icra olunur. Amma ordu yaln\u0131z \u015f\u0259xsi hey\u0259tin say\u0131 il\u0259 deyil, yet\u0259rinc\u0259 s\u0259f\u0259rb\u0259rlik ehtiyatlar\u0131 qaynaqlar\u0131n\u0131n yarad\u0131lmas\u0131 il\u0259 d\u0259 g\u00fccl\u00fcd\u00fcr. S\u0259f\u0259rb\u0259rlik ehtiyatlar\u0131n\u0131n m\u00fct\u0259madi olaraq toplant\u0131lara v\u0259 t\u0259liml\u0259r\u0259 c\u0259lb edilm\u0259si, ordumuzda v\u0259 b\u00fct\u00f6vl\u00fckd\u0259 Silahl\u0131 Q\u00fcvv\u0259l\u0259rimizd\u0259 m\u00f6vcud olan qabaqc\u0131l texnikan\u0131n, m\u00fcasir silahlar\u0131n, h\u0259rbi avadanl\u0131qlar\u0131n onlara \u00f6yr\u0259dilm\u0259si d\u0259 b\u00f6y\u00fck maliyy\u0259 v\u0259saiti t\u0259l\u0259b edir. D\u00f6vl\u0259timizin iqtisadi imkanlar\u0131 bu i\u015fin d\u0259 \u00f6hd\u0259sind\u0259n inamla g\u0259lm\u0259y\u0259 imkan verir.<\/p>\n<p>D\u00fcnya miqyasl\u0131 siyas\u0259t\u00e7il\u0259r d\u00f6vl\u0259ti idar\u0259 ed\u0259n, xalq\u0131 arxas\u0131nca aparma\u011f\u0131 bacaran liderin olmas\u0131n\u0131 da ist\u0259nil\u0259n sah\u0259d\u0259 u\u011fur qazanman\u0131n \u0259sas amill\u0259rind\u0259n biri kimi, h\u0259lledici faktor olaraq \u00f6n\u0259 \u00e7\u0259kirl\u0259r. M\u00fcst\u0259qil daxili v\u0259 xarici siyas\u0259t y\u00fcr\u00fctm\u0259y\u0259 qadir olan d\u00f6vl\u0259t ba\u015f\u00e7\u0131s\u0131n\u0131n, ordunu q\u0259tiyy\u0259tl\u0259 idar\u0259 etm\u0259yi bacaran, y\u00fcks\u0259k s\u0259rk\u0259rd\u0259lik bacar\u0131\u011f\u0131na malik Ali Ba\u015f Komandan\u0131n olmas\u0131 h\u0259r xalq\u0131n taleyind\u0259 h\u0259lledici rol oynay\u0131r. Dan\u0131lmaz faktd\u0131r ki, Prezident, Silahl\u0131 Q\u00fcvv\u0259l\u0259rin Ali Ba\u015f Komandan\u0131 \u0130lham \u018fliyevin q\u0259tiyy\u0259tli m\u00f6vqeyi, d\u00f6nm\u0259z irad\u0259si, u\u011furlu diplomatik gedi\u015fl\u0259ri torpaqlar\u0131m\u0131z\u0131n Erm\u0259nistan silahl\u0131 birl\u0259\u015fm\u0259l\u0259rinin 30 illik i\u015f\u011fal\u0131ndan azad edilm\u0259sind\u0259 misilsiz rol oynay\u0131b. H\u0259r bir az\u0259rbaycanl\u0131 q\u00fcrur hissi ke\u00e7irir ki, d\u00fcnyan\u0131n \u0259n m\u00f6t\u0259b\u0259r t\u0259\u015fkilatlar\u0131nda, \u0259n uca k\u00fcrs\u00fcl\u0259rd\u0259 xalq\u0131m\u0131z\u0131n haqq s\u0259sini \u00e7atd\u0131rmaqla, haql\u0131-\u0259dal\u0259tli m\u00f6vqeyimizi inamla qorumaqla, verdiyi s\u00f6z\u00fc daima tutmaqla M\u00fcz\u0259ff\u0259r Ali Ba\u015f Komandan \u0130lham \u018fliyev h\u0259m d\u00fcnya miqyas\u0131nda n\u00fcfuz qazan\u0131b, h\u0259m d\u0259 Az\u0259rbaycan xalq\u0131n\u0131 d\u0259mir yumruq kimi birl\u0259\u015fdirm\u0259y\u0259 nail olub.<\/p>\n<p>Hans\u0131 add\u0131m\u0131n n\u0259 vaxt at\u0131laca\u011f\u0131 m\u0259qam\u0131n\u0131 d\u0259qiq t\u0259yin etm\u0259si, d\u00fcnyada v\u0259 b\u00f6lg\u0259d\u0259, el\u0259c\u0259 d\u0259 \u00f6lk\u0259 daxilind\u0259 ba\u015f ver\u0259n b\u00fct\u00fcn prosesl\u0259ri d\u00fczg\u00fcn qiym\u0259tl\u0259ndirm\u0259yi bacarmas\u0131 v\u0259 xalq\u0131n maraqlar\u0131n\u0131 t\u0259min ed\u0259n u\u011furlu q\u0259rarlar\u0131 ona h\u0259m xalq\u0131n b\u00f6y\u00fck inam\u0131n\u0131n yaranmas\u0131na s\u0259b\u0259b olub, h\u0259m d\u0259 r\u0259hb\u0259ri oldu\u011fu d\u00f6vl\u0259timizin n\u00fcfuzunun daima y\u00fcks\u0259lm\u0259sini t\u0259min edib.<\/p>\n<p>U\u011furlu daxili v\u0259 xarici siyas\u0259tin n\u0259tic\u0259sidir ki, bu g\u00fcn Az\u0259rbaycan Respublikas\u0131 mehriban qon\u015fu, etibarl\u0131 t\u0259r\u0259fda\u015f, beyn\u0259lxalq h\u00fcququn norma v\u0259 prinsipl\u0259rin\u0259 h\u00f6rm\u0259tl\u0259 yana\u015fan m\u00fcasir, d\u00fcny\u0259vi d\u00f6vl\u0259t olaraq say\u0131l\u0131b se\u00e7ilir, etimad g\u00f6st\u0259rilir. Az\u0259rbaycan xalq\u0131 is\u0259 q\u0259hr\u0259manl\u0131q \u0259n\u0259n\u0259l\u0259rin\u0259 sadiq, tarixi \u0259dal\u0259ti b\u0259rpa ed\u0259n, dayan\u0131ql\u0131 s\u00fclh, \u0259min-amanl\u0131q, t\u0259hl\u00fck\u0259siz, firavan h\u0259yat t\u0259r\u0259fdar\u0131, d\u00f6vl\u0259tinin, ordusunun \u0259traf\u0131nda bir yumruq olaraq birl\u0259\u015fm\u0259yi v\u0259 bu yumru\u011fu z\u0259f\u0259r qazanma\u011f\u0131 t\u0259min ed\u0259n d\u0259mir yumru\u011fa \u00e7evirm\u0259yi bacaran xalq olaraq tan\u0131n\u0131r.<\/p>\n<p>D\u00f6vl\u0259tin yerl\u0259\u015fdiyi b\u00f6lg\u0259y\u0259 v\u0259 d\u00fcnyaya bax\u0131\u015fda m\u00fcst\u0259qil diplomatiyan\u0131n u\u011furla f\u0259aliyy\u0259t g\u00f6st\u0259rm\u0259sinin t\u0259min edilm\u0259si daha bir \u00f6n\u0259mli faktor olaraq s\u0259ciyy\u0259l\u0259ndirilir. Az\u0259rbaycan diplomatiyas\u0131n\u0131n s\u0259m\u0259r\u0259li f\u0259aliyy\u0259ti say\u0259sind\u0259 d\u00f6vl\u0259timizin d\u00fcnyaya bax\u0131\u015f\u0131n\u0131n, yana\u015fmas\u0131n\u0131n h\u0259m b\u00f6lg\u0259d\u0259, h\u0259m d\u0259 d\u00fcnya s\u0259viyy\u0259sind\u0259 q\u0259bul edilm\u0259si, diqq\u0259td\u0259 saxlan\u0131lmas\u0131 v\u0259 dig\u0259r d\u00f6vl\u0259tl\u0259rin Az\u0259rbaycan\u0131n \u0259dal\u0259tli m\u00f6vqeyi il\u0259 hesabla\u015fmas\u0131n\u0131n t\u0259min olunmas\u0131 da torpaqlar\u0131m\u0131z\u0131n i\u015f\u011faldan azad edilm\u0259si m\u0259s\u0259l\u0259sind\u0259 b\u00f6y\u00fck rol oynay\u0131b. B\u00fct\u00fcn bunlar g\u00fccl\u00fc, irad\u0259li Prezident v\u0259 Ali Ba\u015f Komandan \u0130lham \u018fliyevin q\u0259tiyy\u0259ti, irad\u0259si say\u0259sind\u0259 m\u00fcmk\u00fcn olub. Bu g\u00fcn regionla ba\u011fl\u0131 el\u0259 proses yoxdur ki, orada d\u00f6vl\u0259timizin m\u00f6vqeyi, s\u00f6z\u00fc n\u0259z\u0259r\u0259 al\u0131nmas\u0131n, q\u0259bul olunmas\u0131n. Haqq\u0131nda dan\u0131\u015fd\u0131\u011f\u0131m\u0131z q\u0259l\u0259b\u0259l\u0259ri is\u0259 \u00f6lk\u0259ni inki\u015fafa aparma\u011fa qadir olan v\u0259 xalq\u0131n d\u0259st\u0259yin\u0259 nail olmu\u015f siyasi hakimiyy\u0259t sistemi, u\u011furlu diplomatiya, xarici v\u0259 daxili siyas\u0259t, q\u0259tiyy\u0259tli siyasi irad\u0259, \u00f6lk\u0259nin v\u0259 xalq\u0131n maraqlar\u0131n\u0131n t\u0259min olunmas\u0131na y\u00f6n\u0259lmi\u015f siyasi gedi\u015fl\u0259r t\u0259min edib.<\/p>\n<p>M\u00fct\u0259x\u0259ssisl\u0259r daha bir faktor kimi d\u00f6vl\u0259t \u00fc\u00e7\u00fcn \u0259n vacib sah\u0259l\u0259rd\u0259n biri olan k\u0259\u015ffiyyat v\u0259 \u0259ks-k\u0259\u015ffiyyat f\u0259aliyy\u0259tini qeyd edir. He\u00e7 bir xarici faktordan as\u0131l\u0131 olmayan, t\u0259hl\u00fck\u0259sizliyimizin t\u0259min olunmas\u0131 namin\u0259 pe\u015f\u0259karl\u0131qla f\u0259aliyy\u0259t g\u00f6st\u0259r\u0259n, yaln\u0131z \u00f6lk\u0259nin maraqlar\u0131 \u00fc\u00e7\u00fcn durmadan \u00e7al\u0131\u015fan k\u0259\u015ffiyyat v\u0259 \u0259ks-k\u0259\u015ffiyyat xidm\u0259tl\u0259rinin \u00f6lk\u0259mizd\u0259 m\u00f6vcudlu\u011fu y\u00fcks\u0259k q\u00fcrur hissi il\u0259 qeyd edilm\u0259lidir. M\u00fcvafiq qurumlar \u00f6z xidm\u0259t sah\u0259l\u0259ri il\u0259 ba\u011fl\u0131 m\u0259qs\u0259d\u0259uy\u011fun hesab edil\u0259n m\u0259lumatlar\u0131 s\u0259n\u0259dli filml\u0259r vasit\u0259sil\u0259 ictimaiyy\u0259t\u0259 yet\u0259rinc\u0259 t\u0259qdim edib. Qeyd ed\u0259 bil\u0259rik ki, V\u0259t\u0259n m\u00fcharib\u0259si zaman\u0131 Qaraba\u011f iqtisadi zonas\u0131nda v\u0259 Erm\u0259nistan \u0259razisind\u0259 i\u015f\u011fal\u00e7\u0131 d\u00fc\u015fm\u0259nin h\u0259rbi birl\u0259\u015fm\u0259l\u0259rinin biz\u0259 t\u0259hdid ola bil\u0259c\u0259k el\u0259 h\u0259rbi obyekti, legitim h\u0259rbi h\u0259d\u0259fi yox idi ki, onun koordinatlar\u0131 m\u00fc\u0259yy\u0259nl\u0259\u015fdirilm\u0259sin. H\u0259m\u00e7inin at\u0259\u015fk\u0259s d\u00f6vr\u00fcnd\u0259 oldu\u011fu kimi, d\u00f6y\u00fc\u015f \u0259m\u0259liyyatlar\u0131 getdiyi d\u00f6vrl\u0259rd\u0259 d\u0259 d\u00fc\u015fm\u0259nin he\u00e7 bir h\u0259r\u0259k\u0259ti, he\u00e7 bir aktivliyi, yerd\u0259yi\u015fm\u0259si k\u0259\u015ffiyyat vasit\u0259l\u0259rimizin diqq\u0259tind\u0259n yay\u0131nmay\u0131b.<\/p>\n<p>Son olaraq x\u00fcsusi qeyd etm\u0259k ist\u0259rdik ki, b\u00fct\u00fcn sadalad\u0131\u011f\u0131m\u0131z faktorlar\u0131 u\u011furla t\u0259min etm\u0259k \u00fc\u00e7\u00fcn laz\u0131m olan \u0259n \u0259sas amil zamand\u0131r. G\u00f6st\u0259ril\u0259n aspektl\u0259r\u0259, \u00fcst\u00fcnl\u00fckl\u0259r\u0259 nail olmaq \u00fc\u00e7\u00fcn t\u0259l\u0259b olan uzunm\u00fcdd\u0259tli s\u00fclh v\u0259 haz\u0131rl\u0131q d\u00f6vr\u00fcn\u00fcn, vaxt\u0131n olmas\u0131 h\u0259lledici rol oynay\u0131r. D\u00f6vl\u0259timiz\u0259 v\u0259 xalq\u0131m\u0131za bu zaman is\u0259 Ulu \u00d6nd\u0259rin d\u00fchas\u0131 say\u0259sind\u0259 nail oldu\u011fu, M\u00fcz\u0259ff\u0259r Ali Ba\u015f Komandan \u0130lham \u018fliyevin y\u00fcr\u00fctd\u00fcy\u00fc q\u0259tiyy\u0259tli siyas\u0259t n\u0259tic\u0259sind\u0259 qoruyub saxlad\u0131\u011f\u0131 at\u0259\u015fk\u0259s rejimi verdi. Bu zaman k\u0259siyind\u0259 d\u00f6vl\u0259timiz beyn\u0259lxalq h\u00fcququn v\u0259 beyn\u0259lxalq t\u0259\u015fkilatlar\u0131n b\u00fct\u00fcn imkanlar\u0131ndan istifad\u0259 ed\u0259r\u0259k m\u0259s\u0259l\u0259nin s\u00fclh dan\u0131\u015f\u0131qlar\u0131 yolu il\u0259, qan t\u00f6km\u0259d\u0259n h\u0259llin\u0259 \u00e7al\u0131\u015fd\u0131. Eyni zamanda, Az\u0259rbaycan Prezidenti \u0259n y\u00fcks\u0259k k\u00fcrs\u00fcl\u0259rd\u0259n d\u0259f\u0259l\u0259rl\u0259 qeyd edib ki, \u0259razi b\u00fct\u00f6vl\u00fcy\u00fcm\u00fcz he\u00e7 vaxt dan\u0131\u015f\u0131qlar m\u00f6vzusu olmayacaq, bir qar\u0131\u015f torpa\u011f\u0131m\u0131z\u0131n i\u015f\u011falda qalmas\u0131na, Az\u0259rbaycan \u0259razisind\u0259 ikinci erm\u0259ni d\u00f6vl\u0259tinin yarad\u0131lmas\u0131na yol verilm\u0259y\u0259c\u0259k.<\/p>\n<p>Ali Ba\u015f Komandan\u0131n birba\u015fa r\u0259hb\u0259rliyi il\u0259 ordu quruculu\u011fu prosesind\u0259 h\u0259yata ke\u00e7iril\u0259n islahatlar, diqq\u0259t v\u0259 qay\u011f\u0131 say\u0259sind\u0259 ordumuz torpaqlar\u0131m\u0131z\u0131n i\u015f\u011faldan azad edilm\u0259si kimi m\u00fcq\u0259dd\u0259s v\u0259zif\u0259nin icras\u0131na haz\u0131r v\u0259 qadir oldu. N\u0259tic\u0259si is\u0259 xalq\u0131n, d\u00f6vl\u0259tin, ordunun birliyi, d\u00f6y\u00fc\u015fl\u0259rd\u0259 i\u015ftirak ed\u0259nl\u0259rin can\u0131n\u0131-qan\u0131n\u0131 \u0259sirg\u0259m\u0259m\u0259si say\u0259sind\u0259 q\u00fcrurla qeyd etdiyimiz \u015fanl\u0131 z\u0259f\u0259rimizdir, \u00f6lk\u0259mizin \u0259razi b\u00fct\u00f6vl\u00fcy\u00fcn\u00fcn, suverenliyinin v\u0259 b\u00fct\u00fcn \u00f6lk\u0259 \u0259razisind\u0259 Konstitusiya qurulu\u015funun tam b\u0259rpas\u0131d\u0131r.<\/p>\n<div class=\"clearfix\"><\/div>\n<\/div>\n<div class=\"sharing my-2 row no-gutters d-print-none\">\n<div class=\"col-md-3\"><\/div>\n<\/div>\n<div class=\"d-none d-sm-block\"><\/div>\n","protected":false},"excerpt":{"rendered":"<p>Az\u0259rbaycan\u0131n h\u0259rb tarixin\u0259 q\u0131z\u0131l h\u0259rfl\u0259rl\u0259 yaz\u0131lan 8 Noyabr \u2013 Z\u0259f\u0259r G\u00fcn\u00fcd\u00fcr. M\u00f6vzu il\u0259 ba\u011fl\u0131 ehtiyatda olan polkovnik-leytenant, h\u0259rbi jurnalist \u0130sa \u0130smay\u0131lov v\u0259 t\u0259rc\u00fcm\u0259\u00e7i, publisist, Az\u0259rbaycan Yaz\u0131\u00e7\u0131lar Birliyinin \u00fczv\u00fc Nadiy\u0259 Qafarova \u201c8 noyabr Z\u0259f\u0259rinin 8 m\u00fch\u00fcm faktoru\u201d adl\u0131 m\u0259qal\u0259 haz\u0131rlay\u0131b.\u00a0 ARANTV.AZ\u00a0 m\u0259qal\u0259ni t\u0259qdim edir. Elmd\u0259 bel\u0259 bir m\u00fclahiz\u0259 var ki, d\u00f6vl\u0259tin d\u00f6vl\u0259t olmas\u0131 \u00fc\u00e7\u00fcn 5 \u0259sas \u015f\u0259rt, amil m\u00f6vcuddur. Bu \u015f\u0259rtl\u0259rin \u0259n \u0259saslar\u0131ndan biri d\u0259 m\u0259hz g\u00fccl\u00fc, y\u00fcks\u0259k d\u00f6y\u00fc\u015f qabiliyy\u0259tin\u0259 malik ordunun olmas\u0131d\u0131r. G\u00fccl\u00fc ordu h\u0259r d\u00f6vl\u0259tin m\u00fcst\u0259qilliyinin, \u0259razi b\u00fct\u00f6vl\u00fcy\u00fcn\u00fcn m\u00fcdafi\u0259\u00e7isidir. Tarixi prosesl\u0259ri t\u0259hlil ed\u0259n elm adamlar\u0131n\u0131n q\u0259na\u0259tin\u0259 g\u00f6r\u0259, ist\u0259nil\u0259n d\u00f6vl\u0259tin&hellip;<\/p>\n","protected":false},"author":2,"featured_media":767397,"comment_status":"closed","ping_status":"closed","sticky":false,"template":"","format":"standard","meta":{"om_disable_all_campaigns":false,"_monsterinsights_skip_tracking":false,"_monsterinsights_sitenote_active":false,"_monsterinsights_sitenote_note":"","_monsterinsights_sitenote_category":0},"categories":[19],"tags":[],"aioseo_notices":[],"gutentor_comment":0,"rttpg_featured_image_url":{"full":["https:\/\/arantv.az\/wp-content\/uploads\/2024\/11\/78573683169400801771614321110366991.jpg",975,540,false],"landscape":["https:\/\/arantv.az\/wp-content\/uploads\/2024\/11\/78573683169400801771614321110366991.jpg",975,540,false],"portraits":["https:\/\/arantv.az\/wp-content\/uploads\/2024\/11\/78573683169400801771614321110366991.jpg",975,540,false],"thumbnail":["https:\/\/arantv.az\/wp-content\/uploads\/2024\/11\/78573683169400801771614321110366991-500x280.jpg",500,280,true],"medium":["https:\/\/arantv.az\/wp-content\/uploads\/2024\/11\/78573683169400801771614321110366991-660x365.jpg",660,365,true],"large":["https:\/\/arantv.az\/wp-content\/uploads\/2024\/11\/78573683169400801771614321110366991-840x465.jpg",640,354,true],"1536x1536":["https:\/\/arantv.az\/wp-content\/uploads\/2024\/11\/78573683169400801771614321110366991.jpg",975,540,false],"2048x2048":["https:\/\/arantv.az\/wp-content\/uploads\/2024\/11\/78573683169400801771614321110366991.jpg",975,540,false],"post-thumbnail":["https:\/\/arantv.az\/wp-content\/uploads\/2024\/11\/78573683169400801771614321110366991-240x172.jpg",240,172,true],"advps-thumb-one":["https:\/\/arantv.az\/wp-content\/uploads\/2024\/11\/78573683169400801771614321110366991.jpg",975,540,false]},"rttpg_author":{"display_name":"V\u00fcsal Rafiqo\u011flu","author_link":"https:\/\/arantv.az\/?author=2"},"rttpg_comment":0,"rttpg_category":"<a href=\"https:\/\/arantv.az\/?cat=19\" rel=\"category\">G\u00fcnd\u0259m<\/a>","rttpg_excerpt":"Az\u0259rbaycan\u0131n h\u0259rb tarixin\u0259 q\u0131z\u0131l h\u0259rfl\u0259rl\u0259 yaz\u0131lan 8 Noyabr \u2013 Z\u0259f\u0259r G\u00fcn\u00fcd\u00fcr. M\u00f6vzu il\u0259 ba\u011fl\u0131 ehtiyatda olan polkovnik-leytenant, h\u0259rbi jurnalist \u0130sa \u0130smay\u0131lov v\u0259 t\u0259rc\u00fcm\u0259\u00e7i, publisist, Az\u0259rbaycan Yaz\u0131\u00e7\u0131lar Birliyinin \u00fczv\u00fc Nadiy\u0259 Qafarova \u201c8 noyabr Z\u0259f\u0259rinin 8 m\u00fch\u00fcm faktoru\u201d adl\u0131 m\u0259qal\u0259 haz\u0131rlay\u0131b.\u00a0 ARANTV.AZ\u00a0 m\u0259qal\u0259ni t\u0259qdim edir. Elmd\u0259 bel\u0259 bir m\u00fclahiz\u0259 var ki, d\u00f6vl\u0259tin d\u00f6vl\u0259t olmas\u0131 \u00fc\u00e7\u00fcn 5 \u0259sas&hellip;","_links":{"self":[{"href":"https:\/\/arantv.az\/index.php?rest_route=\/wp\/v2\/posts\/767396"}],"collection":[{"href":"https:\/\/arantv.az\/index.php?rest_route=\/wp\/v2\/posts"}],"about":[{"href":"https:\/\/arantv.az\/index.php?rest_route=\/wp\/v2\/types\/post"}],"author":[{"embeddable":true,"href":"https:\/\/arantv.az\/index.php?rest_route=\/wp\/v2\/users\/2"}],"replies":[{"embeddable":true,"href":"https:\/\/arantv.az\/index.php?rest_route=%2Fwp%2Fv2%2Fcomments&post=767396"}],"version-history":[{"count":1,"href":"https:\/\/arantv.az\/index.php?rest_route=\/wp\/v2\/posts\/767396\/revisions"}],"predecessor-version":[{"id":767398,"href":"https:\/\/arantv.az\/index.php?rest_route=\/wp\/v2\/posts\/767396\/revisions\/767398"}],"wp:featuredmedia":[{"embeddable":true,"href":"https:\/\/arantv.az\/index.php?rest_route=\/wp\/v2\/media\/767397"}],"wp:attachment":[{"href":"https:\/\/arantv.az\/index.php?rest_route=%2Fwp%2Fv2%2Fmedia&parent=767396"}],"wp:term":[{"taxonomy":"category","embeddable":true,"href":"https:\/\/arantv.az\/index.php?rest_route=%2Fwp%2Fv2%2Fcategories&post=767396"},{"taxonomy":"post_tag","embeddable":true,"href":"https:\/\/arantv.az\/index.php?rest_route=%2Fwp%2Fv2%2Ftags&post=767396"}],"curies":[{"name":"wp","href":"https:\/\/api.w.org\/{rel}","templated":true}]}}