{"id":767399,"date":"2024-11-08T22:33:21","date_gmt":"2024-11-08T18:33:21","guid":{"rendered":"https:\/\/arantv.az\/?p=767399"},"modified":"2024-11-08T22:33:21","modified_gmt":"2024-11-08T18:33:21","slug":"xususi-ehtiramin-ifad%c9%99si","status":"publish","type":"post","link":"https:\/\/arantv.az\/?p=767399","title":{"rendered":"X\u00fcsusi ehtiram\u0131n ifad\u0259si"},"content":{"rendered":"<h5>Do\u011fma Qaraba\u011f v\u0259 \u015e\u0259rqi Z\u0259ng\u0259zur torpaqlar\u0131n\u0131n d\u00fc\u015fm\u0259n tapda\u011f\u0131ndan azad edilm\u0259si u\u011frunda apard\u0131\u011f\u0131m\u0131z 44 g\u00fcnl\u00fck V\u0259t\u0259n m\u00fcharib\u0259sinin h\u0259r g\u00fcn\u00fc v\u0259 h\u0259tta h\u0259r saat\u0131 \u015fanl\u0131 bir tarixdir. Bu \u015fanl\u0131 tarixi g\u00fcnl\u0259rin zirv\u0259sind\u0259 is\u0259 he\u00e7 \u015f\u00fcbh\u0259siz ki, al\u0131nmaz qala hesab olunan \u015eu\u015fa \u015f\u0259h\u0259rinin d\u00fc\u015fm\u0259n i\u015f\u011fal\u0131ndan azad edilm\u0259si dayan\u0131r. Az\u0259rbaycan Respublikas\u0131n\u0131n Prezidenti, M\u00fcz\u0259ff\u0259r Ali Ba\u015f Komandan C\u0259nab \u0130lham \u018fliyev V\u0259t\u0259n m\u00fcharib\u0259sinin ilk g\u00fcnl\u0259rind\u0259 qeyd edirdi ki, \u015eu\u015fas\u0131z bizim i\u015fimiz yar\u0131m\u00e7\u0131q qalar. M\u00fcharib\u0259nin davam etdiyi 44 g\u00fcn \u0259rzind\u0259 r\u0259\u015fad\u0259tli ordumuz \u015eu\u015faya do\u011fru dayanmadan, inamla ir\u0259lil\u0259di. Vaxtil\u0259 x\u0259yal kimi g\u00f6r\u00fcn\u0259n bu arzu noyabr\u0131n 8-d\u0259 reall\u0131\u011fa \u00e7evrildi. Tanklarla, dig\u0259r zirehli texnika il\u0259 silahlanan, \u0259lveri\u015fli m\u00f6vqed\u0259 yerl\u0259\u015f\u0259n d\u00fc\u015fm\u0259nin qar\u015f\u0131s\u0131na y\u00fcng\u00fcl silahlarla \u00e7\u0131xmaq y\u00fcks\u0259k pe\u015f\u0259karl\u0131q, f\u0259dakarl\u0131q t\u0259l\u0259b edirdi. Q\u0259hr\u0259man d\u00f6y\u00fc\u015f\u00e7\u00fcl\u0259rimiz yolsuzluq \u015f\u0259raitind\u0259 da\u011flar-qayalar a\u015faraq, uzun m\u0259saf\u0259 q\u0259t ed\u0259r\u0259k \u00e7ox \u00e7\u0259tin d\u00f6y\u00fc\u015f tap\u015f\u0131r\u0131\u011f\u0131n\u0131 \u015f\u0259r\u0259fl\u0259 icra etdi. Birm\u0259nal\u0131 dem\u0259k olar ki, Qaraba\u011f Z\u0259f\u0259rinin zirv\u0259sind\u0259 \u015eu\u015fa \u0259m\u0259liyyat\u0131 dayan\u0131r. Bu m\u00f6ht\u0259\u015f\u0259m z\u0259f\u0259rin memar\u0131 Prezident \u0130lham \u018fliyev Ata v\u0259siyy\u0259tini yerin\u0259 yetir\u0259r\u0259k Ulu \u00d6nd\u0259r Heyd\u0259r \u018fliyevin ba\u015flad\u0131\u011f\u0131 i\u015fi m\u0259ntiqi sonlu\u011funa \u00e7atd\u0131rd\u0131, bununla da \u00f6z ad\u0131n\u0131 Az\u0259rbaycan tarixin\u0259 q\u00fcdr\u0259tli s\u0259rk\u0259rd\u0259, M\u00fcz\u0259ff\u0259r Ali Ba\u015f Komandan kimi \u0259b\u0259di yazd\u0131rd\u0131.<\/h5>\n<p>\u201cAz\u0259rbaycan\u0131n m\u0259d\u0259niyy\u0259t paytaxt\u0131 \u2013 \u015eu\u015fa \u015f\u0259h\u0259ri haqq\u0131nda\u201d Az\u0259rbaycan Respublikas\u0131n\u0131n Qanunu Az\u0259rbaycan Respublikas\u0131 Konstitusiyas\u0131n\u0131n 94-c\u00fc madd\u0259sinin I hiss\u0259sinin 10-cu, 11-ci, 12-ci v\u0259 13-c\u00fc b\u0259ndl\u0259rin\u0259 uy\u011fun olaraq, Az\u0259rbaycan Respublikas\u0131 Prezidentinin 2021-ci il 7 may tarixli 2632 n\u00f6mr\u0259li S\u0259r\u0259ncam\u0131 il\u0259 Az\u0259rbaycan\u0131n m\u0259d\u0259niyy\u0259t paytaxt\u0131 elan edilmi\u015f \u015eu\u015fa \u015f\u0259h\u0259rinin qorunmas\u0131n\u0131n, b\u0259rpas\u0131n\u0131n, \u00f6yr\u0259nilm\u0259sinin, inki\u015faf\u0131n\u0131n v\u0259 t\u0259bli\u011finin h\u00fcquqi v\u0259 t\u0259\u015fkilati \u0259saslar\u0131n\u0131 m\u00fc\u0259yy\u0259n edir. H\u0259m\u00e7inin M\u00fcz\u0259ff\u0259r Ali Ba\u015f Komandan C\u0259nab \u0130lham \u018fliyevin 2023-c\u00fc il iyulun 31-d\u0259 imzalad\u0131\u011f\u0131 m\u00fcvafiq S\u0259r\u0259ncama \u0259sas\u0259n 8 Noyabr \u2013 \u015eu\u015fa \u015f\u0259h\u0259ri g\u00fcn\u00fc kimi t\u0259nt\u0259n\u0259li \u015f\u0259kild\u0259 qeyd olunur.<\/p>\n<p>2023-c\u00fc il sentyabr\u0131n 25-d\u0259 Q\u0259t\u0259r d\u00f6vl\u0259tinin paytaxt\u0131 Doha \u015f\u0259h\u0259rind\u0259 ke\u00e7iril\u0259n \u0130slam D\u00fcnyas\u0131 M\u0259d\u0259niyy\u0259t Nazirl\u0259rinin 12-ci Konfrans\u0131nda Az\u0259rbaycan\u0131n m\u0259d\u0259niyy\u0259t paytaxt\u0131 \u015eu\u015fa \u015f\u0259h\u0259ri 2024-c\u00fc il \u00fc\u00e7\u00fcn \u201c\u0130slam d\u00fcnyas\u0131n\u0131n m\u0259d\u0259niyy\u0259t paytaxt\u0131\u201d elan edilmi\u015fdir. Bu q\u0259rar Az\u0259rbaycan\u0131n tarixi-m\u0259d\u0259ni, ictimai-siyasi h\u0259yat\u0131n\u0131n m\u00fch\u00fcm m\u0259rk\u0259zl\u0259rind\u0259n biri olub \u0130slam m\u0259d\u0259niyy\u0259tinin z\u0259nginlikl\u0259rini dol\u011fun t\u0259zah\u00fcr etdir\u0259n \u015eu\u015faya x\u00fcsusi ehtiram\u0131n ifad\u0259sidir v\u0259 \u0130slam d\u00fcnyas\u0131n\u0131n h\u0259mr\u0259yliyinin yeni r\u0259mzin\u0259 \u00e7evrilm\u0259kl\u0259 qar\u015f\u0131l\u0131ql\u0131 \u0259m\u0259kda\u015fl\u0131q m\u00fcnasib\u0259tl\u0259rinin daha da geni\u015fl\u0259ndirilm\u0259sind\u0259 \u00f6z\u00fcn\u0259m\u0259xsus rol oynayacaqd\u0131r.<\/p>\n<p>Xalq\u0131m\u0131z Prezident \u0130lham \u018fliyevin r\u0259hb\u0259rliyi il\u0259 tarix yazmaqda davam edir.<\/p>\n<p>D\u00fc\u015fm\u0259n i\u015f\u011fal\u0131ndan azad edilmi\u015f \u015f\u0259h\u0259rl\u0259rimiz, k\u0259ndl\u0259rimiz, q\u0259s\u0259b\u0259l\u0259rimiz M\u00fcz\u0259ff\u0259r Ali Ba\u015f Komandan C\u0259nab \u0130lham \u018fliyevin \u00f6lk\u0259miz\u0259 q\u0259tiyy\u0259tli r\u0259hb\u0259rliyi v\u0259 m\u00fcdrik xalq\u0131m\u0131z\u0131n irad\u0259si il\u0259 \u0259n g\u00f6z\u0259l \u015f\u0259kild\u0259 b\u0259rpa edilir. B\u00fct\u00fcn bu b\u0259rpa prosesin\u0259 \u00f6lk\u0259 ba\u015f\u00e7\u0131m\u0131z \u015f\u0259xs\u0259n n\u0259zar\u0259t edir, laz\u0131mi t\u00f6vsiyy\u0259 v\u0259 tap\u015f\u0131r\u0131qlar verir. C\u0259nab \u0130lham \u018fliyevin \u015eu\u015fa \u015f\u0259h\u0259rin\u0259 s\u0259f\u0259rl\u0259ri \u00e7ox yaddaqalan olur. \u015eu\u015faya \u00e7oxsayl\u0131 s\u0259f\u0259rl\u0259r ed\u0259n d\u00f6vl\u0259t ba\u015f\u00e7\u0131m\u0131z burada \u00e7oxsayl\u0131 obyektl\u0259rin t\u0259m\u0259lqoyma, bir \u00e7ox vacib t\u0259dbirl\u0259rin a\u00e7\u0131l\u0131\u015f m\u0259rasiml\u0259rind\u0259 yax\u0131ndan i\u015ftirak edir, tarixi abid\u0259l\u0259rd\u0259 apar\u0131lan b\u0259rpa i\u015fl\u0259rinin gedi\u015fat\u0131 il\u0259 \u0259trafl\u0131 tan\u0131\u015f olur. \u015eu\u015fam\u0131z qazand\u0131\u011f\u0131m\u0131z q\u0259l\u0259b\u0259l\u0259rimizin r\u0259mzi, Liderimiz, M\u00fcz\u0259ff\u0259r Ali Ba\u015f Komandan\u0131m\u0131z C\u0259nab \u0130lham \u018fliyev is\u0259 bu q\u0259l\u0259b\u0259l\u0259rin memar\u0131d\u0131r.<\/p>\n<p><img src=\"https:\/\/ikisahil.az\/upload\/\/2022\/07\/27\/\/-4d855669165892996069796313610442746.jpg\" alt=\"\" \/><\/p>\n<p><strong>Cavid M\u0259miyev,<\/strong><\/p>\n<p><em>YAP Sumqay\u0131t \u015f\u0259h\u0259r t\u0259\u015fkilat\u0131n\u0131n s\u0259dr m\u00fcavini<\/em><\/p>\n","protected":false},"excerpt":{"rendered":"<p>Do\u011fma Qaraba\u011f v\u0259 \u015e\u0259rqi Z\u0259ng\u0259zur torpaqlar\u0131n\u0131n d\u00fc\u015fm\u0259n tapda\u011f\u0131ndan azad edilm\u0259si u\u011frunda apard\u0131\u011f\u0131m\u0131z 44 g\u00fcnl\u00fck V\u0259t\u0259n m\u00fcharib\u0259sinin h\u0259r g\u00fcn\u00fc v\u0259 h\u0259tta h\u0259r saat\u0131 \u015fanl\u0131 bir tarixdir. Bu \u015fanl\u0131 tarixi g\u00fcnl\u0259rin zirv\u0259sind\u0259 is\u0259 he\u00e7 \u015f\u00fcbh\u0259siz ki, al\u0131nmaz qala hesab olunan \u015eu\u015fa \u015f\u0259h\u0259rinin d\u00fc\u015fm\u0259n i\u015f\u011fal\u0131ndan azad edilm\u0259si dayan\u0131r. Az\u0259rbaycan Respublikas\u0131n\u0131n Prezidenti, M\u00fcz\u0259ff\u0259r Ali Ba\u015f Komandan C\u0259nab \u0130lham \u018fliyev V\u0259t\u0259n m\u00fcharib\u0259sinin ilk g\u00fcnl\u0259rind\u0259 qeyd edirdi ki, \u015eu\u015fas\u0131z bizim i\u015fimiz yar\u0131m\u00e7\u0131q qalar. M\u00fcharib\u0259nin davam etdiyi 44 g\u00fcn \u0259rzind\u0259 r\u0259\u015fad\u0259tli ordumuz \u015eu\u015faya do\u011fru dayanmadan, inamla ir\u0259lil\u0259di. Vaxtil\u0259 x\u0259yal kimi g\u00f6r\u00fcn\u0259n bu arzu noyabr\u0131n 8-d\u0259 reall\u0131\u011fa \u00e7evrildi.&hellip;<\/p>\n","protected":false},"author":2,"featured_media":767400,"comment_status":"closed","ping_status":"closed","sticky":false,"template":"","format":"standard","meta":{"om_disable_all_campaigns":false,"_monsterinsights_skip_tracking":false,"_monsterinsights_sitenote_active":false,"_monsterinsights_sitenote_note":"","_monsterinsights_sitenote_category":0},"categories":[19],"tags":[],"aioseo_notices":[],"gutentor_comment":0,"rttpg_featured_image_url":{"full":["https:\/\/arantv.az\/wp-content\/uploads\/2024\/11\/70162fe6170600079324967880510692125-2.jpg",975,540,false],"landscape":["https:\/\/arantv.az\/wp-content\/uploads\/2024\/11\/70162fe6170600079324967880510692125-2.jpg",975,540,false],"portraits":["https:\/\/arantv.az\/wp-content\/uploads\/2024\/11\/70162fe6170600079324967880510692125-2.jpg",975,540,false],"thumbnail":["https:\/\/arantv.az\/wp-content\/uploads\/2024\/11\/70162fe6170600079324967880510692125-2-500x280.jpg",500,280,true],"medium":["https:\/\/arantv.az\/wp-content\/uploads\/2024\/11\/70162fe6170600079324967880510692125-2-660x365.jpg",660,365,true],"large":["https:\/\/arantv.az\/wp-content\/uploads\/2024\/11\/70162fe6170600079324967880510692125-2-840x465.jpg",640,354,true],"1536x1536":["https:\/\/arantv.az\/wp-content\/uploads\/2024\/11\/70162fe6170600079324967880510692125-2.jpg",975,540,false],"2048x2048":["https:\/\/arantv.az\/wp-content\/uploads\/2024\/11\/70162fe6170600079324967880510692125-2.jpg",975,540,false],"post-thumbnail":["https:\/\/arantv.az\/wp-content\/uploads\/2024\/11\/70162fe6170600079324967880510692125-2-240x172.jpg",240,172,true],"advps-thumb-one":["https:\/\/arantv.az\/wp-content\/uploads\/2024\/11\/70162fe6170600079324967880510692125-2.jpg",975,540,false]},"rttpg_author":{"display_name":"V\u00fcsal Rafiqo\u011flu","author_link":"https:\/\/arantv.az\/?author=2"},"rttpg_comment":0,"rttpg_category":"<a href=\"https:\/\/arantv.az\/?cat=19\" rel=\"category\">G\u00fcnd\u0259m<\/a>","rttpg_excerpt":"Do\u011fma Qaraba\u011f v\u0259 \u015e\u0259rqi Z\u0259ng\u0259zur torpaqlar\u0131n\u0131n d\u00fc\u015fm\u0259n tapda\u011f\u0131ndan azad edilm\u0259si u\u011frunda apard\u0131\u011f\u0131m\u0131z 44 g\u00fcnl\u00fck V\u0259t\u0259n m\u00fcharib\u0259sinin h\u0259r g\u00fcn\u00fc v\u0259 h\u0259tta h\u0259r saat\u0131 \u015fanl\u0131 bir tarixdir. Bu \u015fanl\u0131 tarixi g\u00fcnl\u0259rin zirv\u0259sind\u0259 is\u0259 he\u00e7 \u015f\u00fcbh\u0259siz ki, al\u0131nmaz qala hesab olunan \u015eu\u015fa \u015f\u0259h\u0259rinin d\u00fc\u015fm\u0259n i\u015f\u011fal\u0131ndan azad edilm\u0259si dayan\u0131r. Az\u0259rbaycan Respublikas\u0131n\u0131n Prezidenti, M\u00fcz\u0259ff\u0259r Ali Ba\u015f Komandan C\u0259nab \u0130lham \u018fliyev&hellip;","_links":{"self":[{"href":"https:\/\/arantv.az\/index.php?rest_route=\/wp\/v2\/posts\/767399"}],"collection":[{"href":"https:\/\/arantv.az\/index.php?rest_route=\/wp\/v2\/posts"}],"about":[{"href":"https:\/\/arantv.az\/index.php?rest_route=\/wp\/v2\/types\/post"}],"author":[{"embeddable":true,"href":"https:\/\/arantv.az\/index.php?rest_route=\/wp\/v2\/users\/2"}],"replies":[{"embeddable":true,"href":"https:\/\/arantv.az\/index.php?rest_route=%2Fwp%2Fv2%2Fcomments&post=767399"}],"version-history":[{"count":1,"href":"https:\/\/arantv.az\/index.php?rest_route=\/wp\/v2\/posts\/767399\/revisions"}],"predecessor-version":[{"id":767401,"href":"https:\/\/arantv.az\/index.php?rest_route=\/wp\/v2\/posts\/767399\/revisions\/767401"}],"wp:featuredmedia":[{"embeddable":true,"href":"https:\/\/arantv.az\/index.php?rest_route=\/wp\/v2\/media\/767400"}],"wp:attachment":[{"href":"https:\/\/arantv.az\/index.php?rest_route=%2Fwp%2Fv2%2Fmedia&parent=767399"}],"wp:term":[{"taxonomy":"category","embeddable":true,"href":"https:\/\/arantv.az\/index.php?rest_route=%2Fwp%2Fv2%2Fcategories&post=767399"},{"taxonomy":"post_tag","embeddable":true,"href":"https:\/\/arantv.az\/index.php?rest_route=%2Fwp%2Fv2%2Ftags&post=767399"}],"curies":[{"name":"wp","href":"https:\/\/api.w.org\/{rel}","templated":true}]}}