{"id":767402,"date":"2024-11-08T22:33:56","date_gmt":"2024-11-08T18:33:56","guid":{"rendered":"https:\/\/arantv.az\/?p=767402"},"modified":"2024-11-08T22:33:56","modified_gmt":"2024-11-08T18:33:56","slug":"dovl%c9%99t-bayragi-varligimizdir","status":"publish","type":"post","link":"https:\/\/arantv.az\/?p=767402","title":{"rendered":"D\u00f6vl\u0259t bayra\u011f\u0131 varl\u0131\u011f\u0131m\u0131zd\u0131r!"},"content":{"rendered":"<p>D\u00f6vl\u0259t bayra\u011f\u0131 d\u00f6vl\u0259t\u00e7ilik atributlar\u0131ndan biridir. H\u0259r bir v\u0259t\u0259nda\u015f t\u0259hsil ald\u0131\u011f\u0131 ill\u0259rd\u0259 m\u0259k\u00adt\u0259b\u00add\u0259, ail\u0259d\u0259 D\u00f6vl\u0259t Bayra\u011f\u0131na sevgi il\u0259 formala\u015f\u0131r. Bu formala\u015fma onun \u0259sl v\u0259t\u0259nda\u015f kimi ic\u00adti\u00admai v\u0259zif\u0259l\u0259rini m\u00fc\u0259yy\u0259nl\u0259\u015fdirir. T\u0259dbirl\u0259rd\u0259n birind\u0259 bir m\u0259kt\u0259blinin dediyi fikir indi d\u0259 yadda\u00ad\u015f\u0131m\u00addad\u0131r: \u201cBayraq d\u00f6vl\u0259t dem\u0259kdir\u201d. U\u015faq t\u0259f\u0259kk\u00fcr\u00fc il\u0259 deyils\u0259 d\u0259 bu m\u00fck\u0259mm\u0259l fikri g\u00f6\u00adz\u0259l v\u0259\u00adt\u0259n\u00adp\u0259rv\u0259rlik ruhu bildik. B\u00f6y\u00fck tarixi \u015f\u0259xsiyy\u0259t Heyd\u0259r \u018fliyev deyirdi: \u201cAz\u0259rbaycan Bay\u00adra\u011f\u0131,\u00a0sa\u00add\u0259c\u0259, bayraq deyil.\u00a0O,\u00a0bizim d\u00f6vl\u0259t\u00e7iliyimizin, m\u00fcst\u0259qilliyimizin r\u0259m\u00adzidir. Bu, bizim m\u00fcs\u00ad\u00ad\u00adt\u0259qil d\u00f6vl\u0259timizin r\u0259mzidir. Ona g\u00f6r\u0259 d\u0259 g\u0259r\u0259k h\u0259r bir Az\u0259rbaycan v\u0259\u00adt\u0259n\u00adda\u015f\u0131, x\u00fcsus\u0259n g\u0259nc n\u0259sil bunu d\u0259rk etsin, qiym\u0259tl\u0259ndirsin\u201d. Ulu \u00d6nd\u0259rin bu t\u00f6vsiy\u0259si indi d\u0259 Az\u0259rbaycan g\u0259ncliyinin v\u0259t\u0259n\u00adp\u0259r\u00adv\u0259r\u00adlik manifestidir.<\/p>\n<p>M\u00fcasir Az\u0259rbaycanda D\u00f6vl\u0259t Bayra\u011f\u0131\u00a0G\u00fcn\u00fcn\u00fcn qeyd olunmas\u0131 Az\u0259rbaycan Xalq C\u00fcm\u00adhu\u00adriy\u00ady\u0259\u00adtinin tarixi il\u0259 ba\u011fl\u0131d\u0131r. Az\u0259rbaycan Xalq C\u00fcmhuriyy\u0259tinin \u00fc\u00e7r\u0259ngli D\u00f6vl\u0259t Bayra\u011f\u0131 ilk d\u0259f\u0259 1918-ci il noyabr\u0131n 9-da Bak\u0131da, h\u00f6kum\u0259tin iclas\u0131nda q\u0259bul edilib, iclas\u0131n ke\u00e7irildiyi Az\u0259r\u00adbay\u00adcan Xalq C\u00fcmhuriyy\u0259ti Nazirl\u0259r \u015euras\u0131n\u0131n binas\u0131 \u00fcz\u0259rind\u0259 qald\u0131r\u0131l\u0131b, 1920-ci ilin aprel ay\u0131\u00adna\u00add\u0259k q\u00fc\u00adrur\u00adla dal\u011falan\u0131b.<\/p>\n<p>Az\u0259rbaycan Xalq C\u00fcmhuriyy\u0259tinin D\u00f6vl\u0259t Bayra\u011f\u0131 1990-c\u0131 il noyabr\u0131n 17-d\u0259 Nax\u00e7\u0131van Mux\u00adtar Respublikas\u0131 Ali M\u0259clisinin s\u0259dri Heyd\u0259r \u018fliyevin t\u0259\u015f\u0259bb\u00fcs\u00fc v\u0259 r\u0259hb\u0259rliyi il\u0259 ke\u00e7iril\u0259n sessiyada Nax\u00e7\u0131van Muxtar Respublikas\u0131n\u0131n D\u00f6vl\u0259t Bayra\u011f\u0131 kimi t\u0259sdiq edilib.<\/p>\n<p>\u201c90-c\u0131 il noyabr\u0131n 17-d\u0259 biz burada, Nax\u00e7\u0131van Muxtar Respublikas\u0131 Ali Sovetinin ses\u00adsi\u00adya\u00ads\u0131nda, m\u0259nim s\u0259drlik el\u0259diyim sessiyada ilk d\u0259f\u0259 1918-ci ild\u0259 Az\u0259rbaycan Xalq C\u00fcmhuriyy\u0259ti t\u0259r\u0259find\u0259n q\u0259bul olunmu\u015f Az\u0259rbaycan milli bayra\u011f\u0131n\u0131 qald\u0131rd\u0131q. Y\u0259ni bunu biz k\u00fc\u00e7\u0259 v\u0259 mey\u00addan\u00adda qald\u0131rmad\u0131q, orada bu bayraq qald\u0131r\u0131ld\u0131. Amma biz bir d\u00f6vl\u0259t kimi Nax\u00e7\u0131van Muxtar Res\u00adpublikas\u0131n\u0131n d\u00f6vl\u0259t atributlar\u0131n\u0131 m\u00fc\u0259yy\u0259n el\u0259dik. H\u0259l\u0259 Kommunist Partiyas\u0131 da var idi, Sovet hakimiyy\u0259ti d\u0259. Q\u0259rar q\u0259bul etdik ki, Nax\u00e7\u0131van Muxtar Respublikas\u0131n\u0131n ad\u0131ndan \u201cSovet Sosia\u00adlist\u201d s\u00f6zl\u0259ri \u00e7\u0131xar\u0131lmal\u0131d\u0131r. \u00c7\u0131xartd\u0131q v\u0259 q\u0259rar q\u0259bul etdik ki, Nax\u00e7\u0131van\u0131n milli bayra\u011f\u0131 q\u0259bul olun\u00ad\u00ad\u00ad\u00admal\u0131d\u0131r &#8211; milli bayraq 1918-ci ild\u0259 Xalq C\u00fcmhuriyy\u0259ti t\u0259r\u0259find\u0259n q\u0259bul edilmi\u015f \u00fc\u00e7r\u0259ngli bay\u00adraq\u00add\u0131r. Bu bayra\u011f\u0131 sessiyan\u0131n salonuna g\u0259tirdik, ba\u015f\u0131m\u0131z\u0131n \u00fcst\u00fcn\u0259 vurduq\u201d \u2013 xalq\u0131m\u0131z\u0131n \u00dcmum\u00admil\u00adli Lideri Heyd\u0259r \u018fliyev bel\u0259 deyib&#8230;<\/p>\n<p>Az\u0259rbaycan Respublika\u00ads\u0131\u00adn\u0131n Ali So\u00adve\u00adti Nax\u00e7\u0131van Muxtar Respublikas\u0131n\u0131n Ali M\u0259clisinin \u00fc\u00e7\u00adr\u0259ngli bayra\u011f\u0131n Az\u0259rbaycan\u0131n r\u0259smi d\u00f6vl\u0259t r\u0259mzi kimi tan\u0131nmas\u0131 haqq\u0131nda qald\u0131rd\u0131\u011f\u0131 v\u0259sat\u0259t\u0259 1991-ci il fevral ay\u0131n\u0131n 5-d\u0259 baxd\u0131, \u201cAz\u0259r\u00adbaycan Respublikas\u0131n\u0131n D\u00f6vl\u0259t Bayra\u011f\u0131 haqq\u0131nda\u201d Qanun q\u0259bul ed\u0259r\u0259k onu yenid\u0259n D\u00f6v\u00adl\u0259t Bayra\u011f\u0131 elan etdi.<\/p>\n<p>D\u00f6vl\u0259t bayra\u011f\u0131 d\u00f6vl\u0259tin siyasi pasportudur, D\u00f6vl\u0259t bayra\u011f\u0131 heysiyy\u0259tdir, m\u00fcq\u0259dd\u0259sdir, toxunulmazd\u0131r&#8230;<\/p>\n<p>Az\u0259r\u00adbay\u00adcan Res\u00adpub\u00adli\u00adka\u00ads\u0131\u00adn\u0131n D\u00f6v\u00adl\u0259t Bay\u00adra\u00ad\u011f\u0131\u00ad Az\u0259r\u00adbay\u00adcan v\u0259\u00adt\u0259n\u00adda\u015f\u00adla\u00adr\u0131\u00adn\u0131n mil\u00adli h\u0259m\u00adr\u0259y\u00adli\u00adyi\u00adnin, va\u00adhid m\u0259f\u00adku\u00adr\u0259 \u0259t\u00adra\u00adf\u0131n\u00adda s\u0131x bir\u00adl\u0259\u015f\u00adm\u0259\u00adsi\u00adnin ba\u015f\u00adl\u0131\u00adca amil\u00adl\u0259\u00adrin\u00add\u0259n bi\u00adridir. \u018fn m\u00fcq\u0259dd\u0259s r\u0259mz\u00adl\u0259r\u00add\u0259n olan bayraq mill\u0259tin varl\u0131\u011f\u0131n\u0131n \u0259lam\u0259tidir, m\u00f6vcudlu\u011funun t\u0259sdiqidir.<\/p>\n<p>\u201c\u0130ndi d\u00fcnyada m\u00fcst\u0259qil Az\u0259rbaycan d\u00f6vl\u0259ti var.\u00a0Onun milli d\u00f6vl\u0259t bayra\u011f\u0131 var, milli him\u00adni var, milli gerbi var. Az\u0259rbaycan d\u00fcnya birliyind\u0259 \u00f6z\u00fcn\u0259 layiq yer tutubdur. Az\u0259rbaycan\u0131n d\u00f6v\u00adl\u0259t bayra\u011f\u0131 b\u00fct\u00fcn beyn\u0259lxalq t\u0259\u015fkilatlar\u0131n iqam\u0259tgahlar\u0131 qar\u015f\u0131s\u0131nda dal\u011falan\u0131r, m\u00fcst\u0259qil Az\u0259r\u00adbay\u00adca\u00adn\u0131n ba\u015f\u0131 \u00fcst\u00fcnd\u0259 dal\u011falan\u0131r v\u0259 daim dal\u011falanacaqd\u0131r, bu y\u00fcks\u0259klikl\u0259r\u0259 qalxm\u0131\u015f bayraq bun\u00addan sonra he\u00e7 vaxt enm\u0259y\u0259c\u0259kdir\u201d. \u2013 Ulu \u00d6nd\u0259r Heyd\u0259r \u018fliyevin bu k\u0259lamlar\u0131 da, Az\u0259rbay\u00adcan Re\u00ads\u00adpub\u00adlikas\u0131n\u0131n Prezidenti c\u0259nab \u0130lham \u018fliyevin \u201cBayra\u011f\u0131m\u0131z e\u015fidil\u0259n s\u0259simiz, du\u00adyu\u00adlan n\u0259f\u0259si\u00admiz\u00addir. Bizim bayra\u011f\u0131m\u0131z q\u00fcrur m\u0259nb\u0259yimizdir. Az\u0259rbaycan Respublikas\u0131 m\u00fcst\u0259qilliyini b\u0259rpa et\u00addik\u00add\u0259n sonra Az\u0259rbaycan\u0131n D\u00f6vl\u0259t Bayra\u011f\u0131 milli suverenliyin simvolu kimi \u00f6lk\u0259mizin b\u00fct\u00fcn v\u0259t\u0259nda\u015flar\u0131 \u00fc\u00e7\u00fcn m\u00fcq\u0259dd\u0259s d\u00f6vl\u0259t\u00e7ilik r\u0259mzl\u0259rind\u0259n birin\u0259 \u00e7evrilib. Az\u0259rbaycan Xalq C\u00fcmhu\u00adriy\u00ady\u0259tinin yadigar\u0131 olan bu bayraq bizim azadl\u0131q m\u0259fkur\u0259sin\u0259, milli-m\u0259n\u0259vi d\u0259y\u0259rl\u0259r\u0259 v\u0259 \u00fcmum\u00adb\u0259\u00ad\u015f\u0259ri ideallara sadiqliyimizi n\u00fcmayi\u015f etdirir\u201d k\u0259lamlar\u0131 da h\u0259r bir az\u0259rbaycanl\u0131n\u0131n d\u00fc\u015f\u00fcnc\u0259l\u0259rin\u00add\u0259\u00addir\u2026<\/p>\n<p>\u0130kinci Qaraba\u011f m\u00fcharib\u0259sind\u0259 Az\u0259rbaycan Ordusu tarixi Z\u0259f\u0259r qazand\u0131. \u0130\u015f\u011fal\u00addan azad edil\u0259n \u0259razil\u0259rimizd\u0259 d\u00f6vl\u0259t bayra\u011f\u0131m\u0131z dal\u011faland\u0131r\u0131ld\u0131. \u0130ndi D\u00f6vl\u0259t bayra\u011f\u0131m\u0131z Az\u0259rbaycan\u0131n s\u0259r\u00adh\u0259d\u00adl\u0259ri daxilind\u0259 h\u0259r yerd\u0259 dal\u011falan\u0131r. Q\u00fcrurlan\u0131r\u0131q ki, biz az\u0259rbaycanl\u0131y\u0131q! Az\u0259rbaycan \u00dc\u00e7r\u0259ngli D\u00f6vl\u0259t bayra\u011f\u0131m\u0131z\u0131n i\u015f\u0131\u011f\u0131nda daha nurlu sabahlara gedir!..<\/p>\n<p><strong>S\u0259bin\u0259 Xasayeva,<\/strong><\/p>\n<p><strong>Milli M\u0259clisin deputat\u0131<\/strong><\/p>\n","protected":false},"excerpt":{"rendered":"<p>D\u00f6vl\u0259t bayra\u011f\u0131 d\u00f6vl\u0259t\u00e7ilik atributlar\u0131ndan biridir. H\u0259r bir v\u0259t\u0259nda\u015f t\u0259hsil ald\u0131\u011f\u0131 ill\u0259rd\u0259 m\u0259k\u00adt\u0259b\u00add\u0259, ail\u0259d\u0259 D\u00f6vl\u0259t Bayra\u011f\u0131na sevgi il\u0259 formala\u015f\u0131r. Bu formala\u015fma onun \u0259sl v\u0259t\u0259nda\u015f kimi ic\u00adti\u00admai v\u0259zif\u0259l\u0259rini m\u00fc\u0259yy\u0259nl\u0259\u015fdirir. T\u0259dbirl\u0259rd\u0259n birind\u0259 bir m\u0259kt\u0259blinin dediyi fikir indi d\u0259 yadda\u00ad\u015f\u0131m\u00addad\u0131r: \u201cBayraq d\u00f6vl\u0259t dem\u0259kdir\u201d. U\u015faq t\u0259f\u0259kk\u00fcr\u00fc il\u0259 deyils\u0259 d\u0259 bu m\u00fck\u0259mm\u0259l fikri g\u00f6\u00adz\u0259l v\u0259\u00adt\u0259n\u00adp\u0259rv\u0259rlik ruhu bildik. B\u00f6y\u00fck tarixi \u015f\u0259xsiyy\u0259t Heyd\u0259r \u018fliyev deyirdi: \u201cAz\u0259rbaycan Bay\u00adra\u011f\u0131,\u00a0sa\u00add\u0259c\u0259, bayraq deyil.\u00a0O,\u00a0bizim d\u00f6vl\u0259t\u00e7iliyimizin, m\u00fcst\u0259qilliyimizin r\u0259m\u00adzidir. Bu, bizim m\u00fcs\u00ad\u00ad\u00adt\u0259qil d\u00f6vl\u0259timizin r\u0259mzidir. Ona g\u00f6r\u0259 d\u0259 g\u0259r\u0259k h\u0259r bir Az\u0259rbaycan v\u0259\u00adt\u0259n\u00adda\u015f\u0131, x\u00fcsus\u0259n g\u0259nc n\u0259sil bunu d\u0259rk etsin, qiym\u0259tl\u0259ndirsin\u201d. Ulu \u00d6nd\u0259rin bu t\u00f6vsiy\u0259si indi d\u0259&hellip;<\/p>\n","protected":false},"author":2,"featured_media":767403,"comment_status":"closed","ping_status":"closed","sticky":false,"template":"","format":"standard","meta":{"om_disable_all_campaigns":false,"_monsterinsights_skip_tracking":false,"_monsterinsights_sitenote_active":false,"_monsterinsights_sitenote_note":"","_monsterinsights_sitenote_category":0},"categories":[19],"tags":[],"aioseo_notices":[],"gutentor_comment":0,"rttpg_featured_image_url":{"full":["https:\/\/arantv.az\/wp-content\/uploads\/2024\/11\/7fea637f172742983275185976810313773-1.jpg",975,540,false],"landscape":["https:\/\/arantv.az\/wp-content\/uploads\/2024\/11\/7fea637f172742983275185976810313773-1.jpg",975,540,false],"portraits":["https:\/\/arantv.az\/wp-content\/uploads\/2024\/11\/7fea637f172742983275185976810313773-1.jpg",975,540,false],"thumbnail":["https:\/\/arantv.az\/wp-content\/uploads\/2024\/11\/7fea637f172742983275185976810313773-1-500x280.jpg",500,280,true],"medium":["https:\/\/arantv.az\/wp-content\/uploads\/2024\/11\/7fea637f172742983275185976810313773-1-660x365.jpg",660,365,true],"large":["https:\/\/arantv.az\/wp-content\/uploads\/2024\/11\/7fea637f172742983275185976810313773-1-840x465.jpg",640,354,true],"1536x1536":["https:\/\/arantv.az\/wp-content\/uploads\/2024\/11\/7fea637f172742983275185976810313773-1.jpg",975,540,false],"2048x2048":["https:\/\/arantv.az\/wp-content\/uploads\/2024\/11\/7fea637f172742983275185976810313773-1.jpg",975,540,false],"post-thumbnail":["https:\/\/arantv.az\/wp-content\/uploads\/2024\/11\/7fea637f172742983275185976810313773-1-240x172.jpg",240,172,true],"advps-thumb-one":["https:\/\/arantv.az\/wp-content\/uploads\/2024\/11\/7fea637f172742983275185976810313773-1.jpg",975,540,false]},"rttpg_author":{"display_name":"V\u00fcsal Rafiqo\u011flu","author_link":"https:\/\/arantv.az\/?author=2"},"rttpg_comment":0,"rttpg_category":"<a href=\"https:\/\/arantv.az\/?cat=19\" rel=\"category\">G\u00fcnd\u0259m<\/a>","rttpg_excerpt":"D\u00f6vl\u0259t bayra\u011f\u0131 d\u00f6vl\u0259t\u00e7ilik atributlar\u0131ndan biridir. H\u0259r bir v\u0259t\u0259nda\u015f t\u0259hsil ald\u0131\u011f\u0131 ill\u0259rd\u0259 m\u0259k\u00adt\u0259b\u00add\u0259, ail\u0259d\u0259 D\u00f6vl\u0259t Bayra\u011f\u0131na sevgi il\u0259 formala\u015f\u0131r. Bu formala\u015fma onun \u0259sl v\u0259t\u0259nda\u015f kimi ic\u00adti\u00admai v\u0259zif\u0259l\u0259rini m\u00fc\u0259yy\u0259nl\u0259\u015fdirir. T\u0259dbirl\u0259rd\u0259n birind\u0259 bir m\u0259kt\u0259blinin dediyi fikir indi d\u0259 yadda\u00ad\u015f\u0131m\u00addad\u0131r: \u201cBayraq d\u00f6vl\u0259t dem\u0259kdir\u201d. U\u015faq t\u0259f\u0259kk\u00fcr\u00fc il\u0259 deyils\u0259 d\u0259 bu m\u00fck\u0259mm\u0259l fikri g\u00f6\u00adz\u0259l v\u0259\u00adt\u0259n\u00adp\u0259rv\u0259rlik ruhu bildik. B\u00f6y\u00fck tarixi \u015f\u0259xsiyy\u0259t Heyd\u0259r&hellip;","_links":{"self":[{"href":"https:\/\/arantv.az\/index.php?rest_route=\/wp\/v2\/posts\/767402"}],"collection":[{"href":"https:\/\/arantv.az\/index.php?rest_route=\/wp\/v2\/posts"}],"about":[{"href":"https:\/\/arantv.az\/index.php?rest_route=\/wp\/v2\/types\/post"}],"author":[{"embeddable":true,"href":"https:\/\/arantv.az\/index.php?rest_route=\/wp\/v2\/users\/2"}],"replies":[{"embeddable":true,"href":"https:\/\/arantv.az\/index.php?rest_route=%2Fwp%2Fv2%2Fcomments&post=767402"}],"version-history":[{"count":1,"href":"https:\/\/arantv.az\/index.php?rest_route=\/wp\/v2\/posts\/767402\/revisions"}],"predecessor-version":[{"id":767404,"href":"https:\/\/arantv.az\/index.php?rest_route=\/wp\/v2\/posts\/767402\/revisions\/767404"}],"wp:featuredmedia":[{"embeddable":true,"href":"https:\/\/arantv.az\/index.php?rest_route=\/wp\/v2\/media\/767403"}],"wp:attachment":[{"href":"https:\/\/arantv.az\/index.php?rest_route=%2Fwp%2Fv2%2Fmedia&parent=767402"}],"wp:term":[{"taxonomy":"category","embeddable":true,"href":"https:\/\/arantv.az\/index.php?rest_route=%2Fwp%2Fv2%2Fcategories&post=767402"},{"taxonomy":"post_tag","embeddable":true,"href":"https:\/\/arantv.az\/index.php?rest_route=%2Fwp%2Fv2%2Ftags&post=767402"}],"curies":[{"name":"wp","href":"https:\/\/api.w.org\/{rel}","templated":true}]}}