{"id":767408,"date":"2024-11-08T22:35:39","date_gmt":"2024-11-08T18:35:39","guid":{"rendered":"https:\/\/arantv.az\/?p=767408"},"modified":"2024-11-08T22:35:39","modified_gmt":"2024-11-08T18:35:39","slug":"bu-gun-dirc%c9%99ldil%c9%99n-susani-goruruk","status":"publish","type":"post","link":"https:\/\/arantv.az\/?p=767408","title":{"rendered":"Bu g\u00fcn dir\u00e7\u0259ldil\u0259n \u015eu\u015fan\u0131 g\u00f6r\u00fcr\u00fck"},"content":{"rendered":"<p><em><strong>D\u00f6vl\u0259t ba\u015f\u00e7\u0131s\u0131 \u0130lham \u018fliyevin qeyd etdiyi kimi, biz g\u0259lmi\u015fik burada \u0259b\u0259di ya\u015fama\u011fa v\u0259 bundan sonra Az\u0259rbaycan Bayra\u011f\u0131 bu torpaqlarda \u0259b\u0259di dal\u011falanacaq<\/strong><\/em><\/p>\n<p>\u00abTarixi Z\u0259f\u0259rimiz &#8211; \u0130kinci Qaraba\u011f m\u00fcharib\u0259sind\u0259ki Z\u0259f\u0259r, antiterror \u0259m\u0259liyyat\u0131, i\u015f\u011fal\u00e7\u0131lardan azad olunma\u011f\u0131m\u0131z, separat\u00e7\u0131 rejimin \u00e7\u00f6km\u0259si b\u00fct\u00fcn az\u0259rbaycanl\u0131lar\u0131 haql\u0131 olaraq bir araya, bir yumruq hal\u0131na g\u0259tirir. \u201cD\u0259mir yumruq\u201d bizim Z\u0259f\u0259r salnam\u0259mizin r\u0259mzi idi. Bu g\u00fcn, eyni zamanda, \u201cD\u0259mir yumruq\u201d birliyimizin r\u0259mzidir v\u0259 Az\u0259rbaycan xalq\u0131n\u0131, b\u00fct\u00fcn d\u00fcnya az\u0259rbaycanl\u0131lar\u0131n\u0131 \u0259min etm\u0259k ist\u0259yir\u0259m ki, \u201cD\u0259mir yumruq\u201d h\u0259r zaman yerind\u0259 olacaq.\u00bb D\u00f6vl\u0259t ba\u015f\u00e7\u0131s\u0131, M\u00fcz\u0259ff\u0259r Ali Ba\u015f Komandan \u0130lham \u018fliyev bu \u00e7a\u011f\u0131r\u0131\u015f\u0131 il\u0259 u\u011furlar\u0131m\u0131z\u0131n \u0259sas\u0131nda dayanan birliyimizd\u0259n, h\u0259mr\u0259yliyimizd\u0259n b\u00f6y\u00fck q\u00fcrur hissi ke\u00e7irdiyini ifad\u0259 edir. C\u0259nab \u0130lham \u018fliyev \u00e7\u0131x\u0131\u015flar\u0131nda bu reall\u0131qlara da diqq\u0259ti y\u00f6n\u0259ldir ki, 2020-ci ild\u0259 \u0130kinci Qaraba\u011f m\u00fcharib\u0259si ba\u015fa \u00e7atanda Bayra\u011f\u0131m\u0131z \u015eu\u015fada v\u0259 azad edilmi\u015f dig\u0259r \u0259razil\u0259rd\u0259 qald\u0131r\u0131landa ham\u0131m\u0131z yax\u015f\u0131 bilirdik ki, i\u015fimiz yar\u0131m\u00e7\u0131q qal\u0131b. Az\u0259rbaycan \u00f6z d\u00f6vl\u0259t suverenliyini tam b\u0259rpa etm\u0259li idi v\u0259 bunu etdi. \u00dc\u00e7 ild\u0259 bunu s\u00fclh yolu il\u0259 h\u0259ll etm\u0259k ist\u0259yirdik. Erm\u0259nistan r\u0259hb\u0259rliyinin \u0130kinci Qaraba\u011f m\u00fcharib\u0259sinin n\u0259tic\u0259l\u0259rini d\u00fczg\u00fcn t\u0259hlil ed\u0259r\u0259k \u00f6z\u00fc \u00fc\u00e7\u00fcn n\u0259tic\u0259 \u00e7\u0131xaraca\u011f\u0131n\u0131 d\u00fc\u015f\u00fcnd\u00fck. Bu, bel\u0259 olmad\u0131. \u00dc\u00e7 il \u0259rzind\u0259 Erm\u0259nistan \u00f6z \u00fcz\u0259rin\u0259 g\u00f6t\u00fcrd\u00fcy\u00fc \u00f6hd\u0259likl\u0259ri n\u0259inki yerin\u0259 yetirm\u0259di, h\u0259tta \u0259ksin\u0259, Az\u0259rbaycana qar\u015f\u0131 yeni h\u0259rbi t\u0259xribatlar haz\u0131rlad\u0131 v\u0259 onlar\u0131 h\u0259yata ke\u00e7irdi. Qanunsuz olaraq torpa\u011f\u0131m\u0131zda m\u0259skunla\u015fm\u0131\u015f 15 minlik Erm\u0259nistan ordusu Qaraba\u011fdan \u00e7\u0131xar\u0131lmad\u0131. \u018fksin\u0259, yeni silahlar, sursatlar, h\u0259rbi texnika, minalar Qaraba\u011fa g\u0259tirildi v\u0259 \u00f6lk\u0259miz\u0259 qar\u015f\u0131 mina terroru davam etdirildi.<\/p>\n<p>T\u0259bii ki, Az\u0259rbaycan bu v\u0259ziyy\u0259tl\u0259 bar\u0131\u015fa bilm\u0259zdi. Bununla ba\u011fl\u0131 d\u0259f\u0259l\u0259rl\u0259 Erm\u0259nistan r\u0259hb\u0259rliyin\u0259 v\u0259 onun arxas\u0131nda dayanm\u0131\u015f Q\u0259rb \u00f6lk\u0259l\u0259rin\u0259 x\u0259b\u0259rdarl\u0131q edildi ki, bu v\u0259ziyy\u0259t davam ed\u0259 bilm\u0259z. Ya separat\u00e7\u0131 rejim \u00f6z\u00fcn\u00fc buraxmal\u0131d\u0131r, Erm\u0259nistan ordusu \u0259razimizd\u0259n \u00e7\u0131xar\u0131lmal\u0131d\u0131r, ya da ki, g\u00fcc t\u0259tbiq ed\u0259r\u0259k d\u00f6vl\u0259t suverenliyimizi \u00f6z\u00fcm\u00fcz b\u0259rpa ed\u0259c\u0259yik. S\u00f6z\u00fcm\u00fcz\u0259 diqq\u0259t yetirilm\u0259di. Sentyabr\u0131n 19-da ba\u015flam\u0131\u015f v\u0259 c\u0259mi bir g\u00fcn davam ed\u0259n antiterror \u0259m\u0259liyyat\u0131 Az\u0259rbaycan Ordusunun tam Z\u0259f\u0259ri il\u0259 n\u0259tic\u0259l\u0259ndi. Separat\u00e7\u0131 rejim \u00e7\u00f6kd\u00fc, a\u011f bayraq qald\u0131rd\u0131, t\u0259slim oldu, torpaqlar\u0131m\u0131zdan \u0259b\u0259di olaraq \u00e7\u0131xar\u0131ld\u0131 v\u0259 tarixin zibilxanas\u0131na at\u0131ld\u0131. Bununla Az\u0259rbaycanda separatizmin k\u00f6k\u00fc k\u0259sildi v\u0259 bu b\u0259la torpa\u011f\u0131m\u0131zda bir daha ba\u015f qald\u0131ra bilm\u0259z.<\/p>\n<p>Bu g\u00fcn i\u015f\u011faldan azad edilmi\u015f torpaqlar\u0131m\u0131z erm\u0259ni v\u0259h\u015filikl\u0259rinin t\u0259qdimat\u0131d\u0131r. \u00c7\u00fcnki erm\u0259nil\u0259r Az\u0259rbaycan xalq\u0131n\u0131n izl\u0259rini silm\u0259k \u00fc\u00e7\u00fcn b\u00fct\u00fcn tarixi v\u0259 m\u0259d\u0259ni abid\u0259l\u0259rimizi yerl\u0259-yeksan ets\u0259l\u0259r d\u0259 bunun m\u00fcmk\u00fcns\u00fczl\u00fcy\u00fcn\u00fcn \u015fahidin\u0259 \u00e7evrildil\u0259r. Reall\u0131q budur ki, 30 il\u0259 yax\u0131n m\u00fcdd\u0259t \u0259rzind\u0259 Erm\u0259nistan Az\u0259rbaycan torpaqlar\u0131n\u0131 i\u015f\u011fal alt\u0131nda saxlayaraq burada qeyri-qanuni qondarma rejim yaratm\u0131\u015fd\u0131. B\u00fct\u00fcn bu ill\u0259r \u0259rzind\u0259 Az\u0259rbaycan m\u00fcnaqi\u015f\u0259ni s\u00fclh yolu il\u0259 h\u0259ll etm\u0259y\u0259 \u00e7al\u0131\u015fd\u0131. Lakin Erm\u0259nistan\u0131n m\u0259qs\u0259di i\u015f\u011fala \u0259saslanan status-kvonu m\u00f6hk\u0259ml\u0259ndirm\u0259k idi. Erm\u0259nistan\u0131n ba\u015f naziri Nikol Pa\u015finyan\u0131n 2019-cu ild\u0259 o vaxt i\u015f\u011fal alt\u0131ndak\u0131 Xank\u0259ndi \u015f\u0259h\u0259rind\u0259 \u201cQaraba\u011f Erm\u0259nistand\u0131r v\u0259 n\u00f6qt\u0259\u201d a\u00e7\u0131qlamas\u0131 dan\u0131\u015f\u0131qlara son qoydu. Erm\u0259nistan r\u0259hb\u0259rliyi o vaxt Az\u0259rbaycan\u0131 \u201cyeni torpaqlar u\u011frunda yeni m\u00fcharib\u0259\u201d il\u0259 h\u0259d\u0259l\u0259yirdi. 2020-ci ild\u0259 Erm\u0259nistan r\u0259hb\u0259rliyinin t\u0259xribat xarakterli h\u0259r\u0259k\u0259tl\u0259ri v\u0259 b\u0259yanatlar\u0131, o c\u00fcml\u0259d\u0259n h\u0259rbi t\u0259xribatlar\u0131 \u0130kinci Qaraba\u011f m\u00fcharib\u0259sini qa\u00e7\u0131lmaz etdi.<\/p>\n<p>2020-ci ild\u0259 44 g\u00fcnl\u00fck V\u0259t\u0259n m\u00fcharib\u0259sind\u0259 Az\u0259rbaycan BMT Nizamnam\u0259sinin 51-ci madd\u0259sin\u0259 uy\u011fun olaraq, \u00f6z\u00fcn\u00fcm\u00fcdafi\u0259 h\u00fcququndan istifad\u0259 ed\u0259r\u0259k Erm\u0259nistan\u0131 d\u00f6y\u00fc\u015f meydan\u0131nda m\u0259\u011flubiyy\u0259t\u0259 u\u011fratd\u0131, \u0259razi b\u00fct\u00f6vl\u00fcy\u00fcn\u00fc v\u0259 tarixi \u0259dal\u0259ti b\u0259rpa etdi. BMT T\u0259hl\u00fck\u0259sizlik \u015euras\u0131n\u0131n Erm\u0259nistan silahl\u0131 q\u00fcvv\u0259l\u0259rinin Az\u0259rbaycan\u0131n i\u015f\u011fal olunmu\u015f \u0259razil\u0259rind\u0259n \u00e7\u0131xar\u0131lmas\u0131n\u0131 t\u0259l\u0259b ed\u0259n v\u0259 27 il ka\u011f\u0131z \u00fcz\u0259rind\u0259 qalm\u0131\u015f 4 q\u0259tnam\u0259sinin icras\u0131n\u0131 \u00f6z\u00fcm\u00fcz t\u0259min etdik. C\u0259mi 44 g\u00fcn davam ed\u0259n \u0130kinci Qaraba\u011f m\u00fcharib\u0259si 10 noyabr 2020-ci il tarixind\u0259 Erm\u0259nistan\u0131n kapitulyasiya akt\u0131n\u0131 imzalamas\u0131 il\u0259 n\u0259tic\u0259l\u0259ndi.<\/p>\n<p>Prezident, M\u00fcz\u0259ff\u0259r Ali Ba\u015f Komandan \u0130lham \u018fliyev xalq\u0131m\u0131z\u0131n otuz il\u0259 yax\u0131n h\u0259sr\u0259tl\u0259 g\u00f6zl\u0259diyi \u015fad x\u0259b\u0259ri noyabr\u0131n 8-d\u0259 \u015e\u0259hidl\u0259r xiyaban\u0131ndan \u00e7atd\u0131rd\u0131: \u00abB\u00f6y\u00fck f\u0259xar\u0259t v\u0259 q\u00fcrur hissi il\u0259 b\u0259yan edir\u0259m ki, \u015eu\u015fa \u015f\u0259h\u0259ri i\u015f\u011faldan azad edildi! \u015eu\u015fa bizimdir! Qaraba\u011f bizimdir! Bu m\u00fcnasib\u0259tl\u0259 b\u00fct\u00fcn Az\u0259rbaycan xalq\u0131n\u0131 \u00fcr\u0259kd\u0259n t\u0259brik edir\u0259m. B\u00fct\u00fcn \u015fu\u015fal\u0131lar\u0131 \u00fcr\u0259kd\u0259n t\u0259brik edir\u0259m. \u0130yirmi s\u0259kkiz il yar\u0131m i\u015f\u011fal alt\u0131nda olan \u015eu\u015fa azad edildi! \u015eu\u015fa indi azadd\u0131r! Biz \u015eu\u015faya qay\u0131tm\u0131\u015f\u0131q! Biz bu tarixi Q\u0259l\u0259b\u0259ni d\u00f6y\u00fc\u015f meydan\u0131nda qazand\u0131q. 2020-ci il noyabr\u0131n 8-i Az\u0259rbaycan tarixind\u0259 \u0259b\u0259di qalacaqd\u0131r. Bu tarix \u0259b\u0259di ya\u015fayacaq. Bu, bizim \u015fanl\u0131 Q\u0259l\u0259b\u0259mizin, Z\u0259f\u0259rimizin g\u00fcn\u00fcd\u00fcr! Bu q\u0259l\u0259b\u0259ni biz d\u00f6y\u00fc\u015f meydan\u0131nda qazand\u0131q&#8230; Bu tarixi bir g\u00fcnd\u0259 Az\u0259rbaycan xalq\u0131na bu m\u00fcjd\u0259ni verm\u0259k m\u0259nim h\u0259yat\u0131mda b\u0259lk\u0259 d\u0259 \u0259n xo\u015fb\u0259xt g\u00fcnl\u0259rimd\u0259n biridir. \u018fziz \u015eu\u015fa, s\u0259n azadsan! \u018fziz \u015eu\u015fa, biz qay\u0131tm\u0131\u015f\u0131q! \u018fziz \u015eu\u015fa, biz s\u0259ni dir\u00e7\u0259ld\u0259c\u0259yik! \u015eu\u015fa bizimdir! Qaraba\u011f bizimdir! Qaraba\u011f Az\u0259rbaycand\u0131r!\u201d\u00bb<\/p>\n<p>C\u0259nab \u0130lham \u018fliyev tarixi Z\u0259f\u0259rimizd\u0259n v\u0259 onun yaratd\u0131\u011f\u0131 reall\u0131qlardan, azad edilmi\u015f torpaqlar\u0131m\u0131zda geni\u015f miqyas alan b\u0259rpa-quruculuq i\u015fl\u0259rind\u0259n geni\u015f b\u0259hs ed\u0259rk\u0259n bildirir ki, bu g\u00fcn bir \u015fey\u0259 k\u0259d\u0259rl\u0259nir\u0259m ki, atam bu g\u00fcn\u00fc g\u00f6r\u0259 bilm\u0259yib: \u00abAncaq bilir\u0259m ki, onun ruhu \u015fadd\u0131r. Nec\u0259 ki, V\u0259t\u0259n h\u0259sr\u0259ti il\u0259 ya\u015fam\u0131\u015f v\u0259 h\u0259yatdan getmi\u015f, azad edilmi\u015f bu torpaqlar\u0131 g\u00f6rm\u0259y\u0259n minl\u0259rl\u0259, on minl\u0259rl\u0259 m\u0259cburi k\u00f6\u00e7k\u00fcnl\u0259rin ruhu \u015fadd\u0131r, \u015f\u0259hidl\u0259rimizin ruhu \u015fadd\u0131r. Biz \u015f\u0259hidl\u0259rimizin qan\u0131n\u0131 yerd\u0259 qoymad\u0131q, qan\u0131n\u0131 ald\u0131q v\u0259 \u0259cdadlar\u0131m\u0131z\u0131n ruhunu \u015fad etdik\u2026 Nec\u0259 b\u00f6y\u00fck inamla, nec\u0259 b\u00f6y\u00fck sevgi il\u0259 Heyd\u0259r \u018fliyev deyirdi ki, biz \u015eu\u015faya qay\u0131daca\u011f\u0131q, inan\u0131n ki, qay\u0131daca\u011f\u0131q. O, \u00f6z\u00fc inan\u0131rd\u0131, bizi d\u0259 inand\u0131r\u0131rd\u0131. Biz\u0259 d\u0259 onun inam\u0131, xalq\u0131n irad\u0259si \u0259lav\u0259 g\u00fcc verdi v\u0259 bu g\u00fcn biz buraday\u0131q, bu m\u00fcq\u0259dd\u0259s torpaqday\u0131q. Qeyd etdiyim kimi, bundan sonra bu torpaqlarda Az\u0259rbaycan xalq\u0131 \u0259b\u0259di ya\u015fayacaq, bundan sonra Qaraba\u011fda Az\u0259rbaycan mu\u011fam\u0131 \u0259b\u0259di s\u0259sl\u0259n\u0259c\u0259kdir.\u00bb<\/p>\n<p>T\u0259kc\u0259 \u015eu\u015fada g\u00f6r\u00fcl\u0259n i\u015fl\u0259ri sadalamaqla \u00fcmumilikd\u0259 azad edilmi\u015f b\u00fct\u00fcn torpaqlarda h\u0259yata ke\u00e7iril\u0259n b\u0259rpa-quruculuq i\u015fl\u0259ri bar\u0259d\u0259 ayd\u0131n t\u0259s\u0259vv\u00fcr yaratmaq m\u00fcmk\u00fcnd\u00fcr. C\u0259nab \u0130lham \u018fliyev \u015eu\u015faya ilk s\u0259f\u0259ri F\u00fczuli-\u015eu\u015fa yolunun tikintisi il\u0259 ba\u011fl\u0131 tap\u015f\u0131r\u0131\u011f\u0131n verilm\u0259si il\u0259 yadda qald\u0131. Bu yol q\u0131sa zamanda tikilib istifad\u0259y\u0259 verildi. D\u00f6vl\u0259timizin ba\u015f\u00e7\u0131s\u0131 bu yolu Z\u0259f\u0259r yolu adland\u0131rd\u0131. Bu yol Az\u0259rbaycan \u0259sg\u0259rini Z\u0259f\u0259rimizin zirv\u0259si olan \u015eu\u015fan\u0131n azad edilm\u0259sin\u0259 qovu\u015fdurdu. D\u00f6vl\u0259t ba\u015f\u00e7\u0131s\u0131 \u0130lham \u018fliyevin bu torpaqlara, o c\u00fcml\u0259d\u0259n \u015eu\u015faya h\u0259r bir s\u0259f\u0259ri m\u00fch\u00fcm sosial obyektl\u0259rin a\u00e7\u0131l\u0131\u015f\u0131 v\u0259 t\u0259m\u0259lqoyma m\u0259rasiml\u0259rinin ke\u00e7irilm\u0259si il\u0259 yadda qal\u0131r. Onu da qeyd ed\u0259k ki, 2022-ci il d\u00f6vl\u0259t ba\u015f\u00e7\u0131s\u0131 \u0130lham \u018fliyevin S\u0259r\u0259ncam\u0131 il\u0259 \u00ab\u015eu\u015fa ili\u00bb elan edildi. Prezident \u0130lham \u018fliyevin h\u0259r bir t\u0259\u015f\u0259bb\u00fcs\u00fcn\u00fc, verdiyi q\u0259rarlar\u0131 d\u0259st\u0259kl\u0259y\u0259n xalq\u0131m\u0131z bu m\u00fch\u00fcm add\u0131m\u0131 da t\u0259qdir etdi, insanlar\u0131n \u015eu\u015fam\u0131z\u0131n q\u0131sa zamanda tam \u015f\u0259kild\u0259 dir\u00e7\u0259l\u0259r\u0259k sakinl\u0259rini qar\u015f\u0131layaca\u011f\u0131na \u0259minlikl\u0259ri daha da artd\u0131. C\u0259nab \u0130lham \u018fliyevin tarixi Z\u0259f\u0259rimizd\u0259n sonra i\u015f\u011faldan azad edilmi\u015f \u0259razil\u0259rimiz\u0259 el\u0259 bir s\u0259f\u0259ri, eyni zamanda, el\u0259 bir m\u00fcsahib\u0259si yoxdur ki, m\u0259d\u0259niyy\u0259t paytaxt\u0131m\u0131zdan s\u00f6z a\u00e7mas\u0131n, onun dir\u00e7\u0259ldilm\u0259sinin vacibliyini b\u0259yan etm\u0259sin. Bu, \u015eu\u015fan\u0131n Az\u0259rbaycan xalq\u0131n\u0131n, \u00f6lk\u0259 Prezidentinin \u00fcr\u0259yind\u0259 hans\u0131 uca zirv\u0259d\u0259 dayand\u0131\u011f\u0131n\u0131 n\u00fcmayi\u015f etdirir. C\u0259nab \u0130lham \u018fliyev h\u0259r bir bayram, tarixi g\u00fcnl\u0259rd\u0259 \u015eu\u015faya s\u0259f\u0259rl\u0259r edir v\u0259 buradan d\u00fcnyaya, i\u015f\u011fal\u00e7\u0131 d\u00f6vl\u0259t\u0259 postm\u00fcnaqi\u015f\u0259 d\u00f6vr\u00fcn\u00fcn reall\u0131qlar\u0131 il\u0259 ba\u011fl\u0131 \u00e7a\u011f\u0131r\u0131\u015flar olunur. D\u00f6vl\u0259t ba\u015f\u00e7\u0131s\u0131n\u0131n \u00e7\u0131x\u0131\u015flar\u0131nda bu fakt da diqq\u0259t\u0259 \u00e7atd\u0131r\u0131l\u0131r ki, \u0259slind\u0259, \u015eu\u015fan\u0131n m\u0259d\u0259ni dir\u00e7\u0259li\u015finin t\u0259m\u0259li h\u0259l\u0259 ill\u0259r \u00f6nc\u0259 \u00dcmummilli Lider Heyd\u0259r \u018fliyev t\u0259r\u0259find\u0259n qoyulub. Onun 1982-ci ild\u0259 \u015eu\u015faya 2 d\u0259f\u0259 s\u0259f\u0259r ed\u0259r\u0259k Vaqifin m\u0259qb\u0259r\u0259sinin, Poeziya Evinin a\u00e7\u0131l\u0131\u015f\u0131nda v\u0259 orada ke\u00e7iril\u0259n Vaqif Poeziya G\u00fcnl\u0259rind\u0259 i\u015ftirak etm\u0259si xalq\u0131m\u0131z\u0131n, \u015fu\u015fal\u0131lar\u0131n yadda\u015f\u0131na \u0259n xo\u015f xatir\u0259l\u0259r kimi h\u0259kk olunub. C\u0259nab \u0130lham \u018fliyev 2021-ci ilin yanvar\u0131nda ilk d\u0259f\u0259 \u015eu\u015faya s\u0259f\u0259r ed\u0259nd\u0259 h\u0259min m\u0259qamlar\u0131, h\u0259m\u00e7inin 39 il \u00f6nc\u0259 \u015eu\u015faya s\u0259f\u0259rini xat\u0131rlam\u0131\u015fd\u0131r. \u201cBu tarixi g\u00fcn m\u0259nim yad\u0131mdad\u0131r. \u00c7\u00fcnki o vaxt atamla b\u0259rab\u0259r, bax, bu yerd\u0259 m\u0259n d\u0259 durmu\u015fdum. Bu, tarixi videokadrlar da var. \u00c7ox \u015faxtal\u0131, qarl\u0131 bir hava idi. M\u00f6hk\u0259m qar ya\u011f\u0131rd\u0131. Amma buna baxmayaraq, bu t\u0259dbir\u0259 y\u0131\u011f\u0131\u015fm\u0131\u015f insanlar, Az\u0259rbaycan ziyal\u0131lar\u0131 he\u00e7 o soyu\u011fu hiss etmirdil\u0259r. \u00c7\u00fcnki Qaraba\u011f xan\u0131n\u0131n v\u0259ziri olan Molla P\u0259nah Vaqifin m\u00f6ht\u0259\u015f\u0259m m\u0259qb\u0259r\u0259si a\u00e7\u0131l\u0131rd\u0131. Bu t\u0259\u015f\u0259bb\u00fcs\u00fc Ulu \u00d6nd\u0259r Heyd\u0259r \u018fliyev ir\u0259li s\u00fcrm\u00fc\u015fd\u00fc, onun r\u0259hb\u0259rliyi il\u0259 in\u015faat i\u015fl\u0259ri apar\u0131lm\u0131\u015fd\u0131 v\u0259 g\u00f6z\u0259l, \u0259z\u0259m\u0259tli m\u0259qb\u0259r\u0259 ucald\u0131lm\u0131\u015fd\u0131\u201d.<\/p>\n<p>44 g\u00fcnl\u00fck \u0130kinci Qaraba\u011f m\u00fcharib\u0259sinin gedi\u015fi d\u00f6vr\u00fcnd\u0259 xarici m\u0259tbuata \u00e7oxsayl\u0131 m\u00fcsahib\u0259l\u0259rind\u0259 d\u0259 d\u00f6vl\u0259t ba\u015f\u00e7\u0131s\u0131 \u0130lham \u018fliyev \u015eu\u015fan\u0131n i\u015f\u011faldan azad edilm\u0259sinin xalq\u0131m\u0131z \u00fc\u00e7\u00fcn n\u0259 q\u0259d\u0259r \u0259h\u0259miyy\u0259tli olmas\u0131n\u0131 dil\u0259 g\u0259tir\u0259r\u0259k q\u0259tiyy\u0259tl\u0259 vur\u011fulam\u0131\u015fd\u0131r ki, \u0259lb\u0259tt\u0259 ki, \u015eu\u015fas\u0131z bizim i\u015fimiz yar\u0131m\u00e7\u0131q olar. \u00d6lk\u0259 Pezidentinin bu fikirl\u0259ri V\u0259t\u0259n m\u00fcharib\u0259sinin qalibiyy\u0259timizl\u0259 ba\u015fa \u00e7ataca\u011f\u0131na \u0259minliyini art\u0131r\u0131r, Qaraba\u011f m\u00fcnaqi\u015f\u0259sinin tarix\u0259 qovu\u015faca\u011f\u0131na \u015f\u00fcbh\u0259 yeri qoymurdu. \u015eu\u015fan\u0131n relyefini n\u0259z\u0259r\u0259 alsaq, onun azadl\u0131\u011fa qovu\u015fmas\u0131n\u0131n bir m\u00f6c\u00fcz\u0259 oldu\u011funu b\u00f6y\u00fck inamla dey\u0259 bil\u0259rik. Bu bax\u0131mdan c\u0259nab \u0130lham \u018fliyev 44 g\u00fcnl\u00fck \u0130kinci Qaraba\u011f m\u00fcharib\u0259sind\u0259 tarixi Z\u0259f\u0259rimizd\u0259n b\u0259hs ed\u0259rk\u0259n \u015eu\u015fa \u0259m\u0259liyyat\u0131n\u0131 x\u00fcsusi vur\u011fulay\u0131r v\u0259 bildirir ki, \u015eu\u015fa \u0259m\u0259liyyat\u0131 art\u0131q bir dastana \u00e7evrilib: \u00abD\u00fcnyan\u0131n apar\u0131c\u0131 \u00f6lk\u0259l\u0259rinin ali h\u0259rbi m\u0259kt\u0259bl\u0259rind\u0259 \u015eu\u015fa \u0259m\u0259liyyat\u0131 haqq\u0131nda indi m\u00fczakir\u0259l\u0259r gedir, t\u0259hlill\u0259r apar\u0131l\u0131r v\u0259 bir \u00e7oxlar\u0131 inana bilmirl\u0259r ki, x\u00fcsusil\u0259 \u015eu\u015fada olmu\u015f insanlar inana bilmirl\u0259r ki, Az\u0259rbaycan\u0131n q\u0259hr\u0259man \u00f6vladlar\u0131 y\u00fcng\u00fcl silahlarla qayalara d\u0131rma\u015faraq bizim m\u0259d\u0259niyy\u0259t paytaxt\u0131m\u0131z olan, Qaraba\u011f\u0131n tac\u0131 olan \u015eu\u015fan\u0131 i\u015f\u011fal\u00e7\u0131lardan azad etdil\u0259r.\u00bb<\/p>\n<p>Torpaqlar\u0131m\u0131z \u00f6z tarixi sahibl\u0259rin\u0259 qay\u0131td\u0131. Bundan sonra \u0259sas m\u0259qs\u0259d bu \u0259razil\u0259ri yenid\u0259n b\u0259rpa etm\u0259k v\u0259 qurmaqd\u0131r. D\u00f6vl\u0259t ba\u015f\u00e7\u0131s\u0131n\u0131n tap\u015f\u0131r\u0131qlar\u0131na uy\u011fun olaraq bu \u0259razil\u0259rd\u0259 t\u0259kmil, m\u00fcasir idar\u0259\u00e7ilik sistemi yarad\u0131l\u0131r. O da m\u0259lumdur ki, c\u0259nab \u0130lham \u018fliyevin S\u0259r\u0259ncam\u0131 \u0259sas\u0131nda Prezidentin \u015f\u0259xsi n\u00fcmay\u0259nd\u0259liyi ilk olaraq \u015eu\u015fada yarad\u0131l\u0131b. B\u0259rpa i\u015fl\u0259rin\u0259 yol-n\u0259qliyyat infrastrukturunun yenil\u0259nm\u0259sind\u0259n ba\u015flan\u0131lmas\u0131 da t\u0259sad\u00fcfi deyil. Bel\u0259 ki, h\u0259r bir b\u00f6lg\u0259nin inki\u015faf\u0131 \u00f6nc\u0259 infrastruktur layih\u0259l\u0259rinin u\u011furlu icras\u0131ndan ba\u015flan\u0131r. Prezident \u0130lham \u018fliyev 2021-ci ilin 14 yanvar\u0131nda \u015eu\u015faya Z\u0259f\u0259r yolu il\u0259 s\u0259f\u0259r ed\u0259r\u0259k, bu tarixi missiyan\u0131n u\u011furlu t\u0259m\u0259lini qoydu. H\u0259min s\u0259f\u0259r zaman\u0131 d\u00f6vl\u0259t ba\u015f\u00e7\u0131s\u0131 ill\u0259rdir did\u0259rgin h\u0259yat\u0131 ya\u015fayan Nat\u0259van\u0131n, \u00dczeyir b\u0259yin, B\u00fclb\u00fcl\u00fcn g\u00fcll\u0259l\u0259nmi\u015f b\u00fcstl\u0259rini d\u0259 \u00f6z do\u011fma yerl\u0259rin\u0259 qovu\u015fdurdu, onlar\u0131n da ruhlar\u0131n\u0131 \u015fad etdi. Dahi \u015f\u0259xsiyy\u0259tl\u0259rimizin b\u00fcstl\u0259rinin \u015eu\u015faya, \u00f6z \u0259z\u0259li torpaqlar\u0131na qaytar\u0131lmas\u0131 q\u0259l\u0259b\u0259mizin daha bir sars\u0131lmaz r\u0259mzin\u0259 \u00e7evrildi. D\u00f6vl\u0259t ba\u015f\u00e7\u0131s\u0131 \u0130lham \u018fliyev h\u0259min ilin mart\u0131nda ail\u0259 \u00fczvl\u0259ri il\u0259 \u015eu\u015fada Novruz tonqal\u0131n\u0131 yand\u0131rd\u0131lar. 2021-ci ilin may ay\u0131nda C\u0131d\u0131r d\u00fcz\u00fcnd\u0259 \u00abXar\u0131b\u00fclb\u00fcl\u00bb musiqi festival\u0131 \u0259n\u0259n\u0259sinin b\u0259rpas\u0131 oldu. May\u0131n 12-13-d\u0259 ke\u00e7iril\u0259n festivalda Prezident \u0130lham \u018fliyev q\u00fcrurla qeyd etdi ki, biz bu g\u00f6z\u0259l \u0259n\u0259n\u0259ni b\u0259rpa etdik v\u0259 bundan sonra \u201cXar\u0131b\u00fclb\u00fcl\u201d festival\u0131 \u015eu\u015fada h\u0259r il ke\u00e7iril\u0259c\u0259k. Bu festival is\u0259 Az\u0259rbaycanda ya\u015fayan xalqlar\u0131n n\u00fcmay\u0259nd\u0259l\u0259rini \u0259hat\u0259 edir: \u201cBu t\u00f6vsiy\u0259ni festival\u0131n t\u0259\u015fkilat\u00e7\u0131s\u0131 olan Heyd\u0259r \u018fliyev Fonduna m\u0259n vermi\u015fdim, \u00e7\u00fcnki V\u0259t\u0259n m\u00fcharib\u0259sind\u0259 Az\u0259rbaycanda ya\u015fayan b\u00fct\u00fcn xalqlar\u0131n b\u00f6y\u00fck pay\u0131 vard\u0131r. V\u0259t\u0259n m\u00fcharib\u0259si bir daha onu g\u00f6st\u0259rdi ki, Az\u0259rbaycanda b\u00fct\u00fcn xalqlar dostluq, qarda\u015fl\u0131q, h\u0259mr\u0259ylik \u015f\u0259raitind\u0259 ya\u015fay\u0131r v\u0259 bu 44 g\u00fcnl\u00fck m\u00fcharib\u0259 bir daha onu g\u00f6st\u0259rdi ki, \u00f6lk\u0259mizd\u0259 milli birlik, milli h\u0259mr\u0259ylik vard\u0131r. \u015eu\u015fan\u0131 Az\u0259rbaycan\u0131n m\u0259d\u0259niyy\u0259t paytaxt\u0131 elan ed\u0259n c\u0259nab \u0130lham \u018fliyev \u201cXar\u0131b\u00fclb\u00fcl\u201d festival\u0131ndak\u0131 \u00e7\u0131x\u0131\u015f\u0131nda onu da s\u00f6yl\u0259di ki, erm\u0259nil\u0259r n\u0259 q\u0259d\u0259r \u00e7al\u0131\u015fsalar da, \u015eu\u015fadan Az\u0259rbaycan ruhunu sil\u0259 bilm\u0259dil\u0259r. B\u0259li, m\u0259nfur d\u00fc\u015fm\u0259n t\u0259r\u0259find\u0259n binalar, m\u0259scidl\u0259rimiz, tarixi abid\u0259l\u0259rimiz da\u011f\u0131d\u0131ld\u0131. Ancaq \u015eu\u015fa Az\u0259rbaycan ruhunu qoruya bildi.<\/p>\n<p>2021-ci ilin 15 \u0130yun-Milli Qurtulu\u015f G\u00fcn\u00fc \u015eu\u015fan\u0131n h\u0259yat\u0131nda daha \u0259lam\u0259tdar bir hadis\u0259 il\u0259 yadda qald\u0131. Az\u0259rbaycana dost, qarda\u015f \u00f6lk\u0259 olan T\u00fcrkiy\u0259nin Prezidenti R\u0259c\u0259b Tayyib \u018frdo\u011fan i\u015f\u011faldan azad edilmi\u015f \u0259razil\u0259rimiz\u0259 ilk s\u0259f\u0259r ed\u0259n d\u00f6vl\u0259t ba\u015f\u00e7\u0131s\u0131 oldu. H\u0259min tarixd\u0259 \u015eu\u015fa Az\u0259rbaycan v\u0259 T\u00fcrkiy\u0259 m\u00fctt\u0259fiqliyini t\u0259sdiql\u0259y\u0259n s\u0259n\u0259din imzalanmas\u0131na \u015fahidlik etdi. Az\u0259rbaycan v\u0259 T\u00fcrkiy\u0259 prezidentl\u0259ri \u015eu\u015fada \u0259sl tarixi salnam\u0259 yazd\u0131lar. \u015eu\u015fa B\u0259yannam\u0259sinin \u0259h\u0259miyy\u0259tind\u0259n b\u0259hs ed\u0259n d\u00f6vl\u0259t ba\u015f\u00e7\u0131s\u0131 \u0130lham \u018fliyev bildirmi\u015fdir ki, s\u0259n\u0259dd\u0259 b\u00f6y\u00fck \u00f6nd\u0259rl\u0259r Mustafa Kamal Atat\u00fcrk\u00fcn v\u0259 Heyd\u0259r \u018fliyevin k\u0259lamlar\u0131 \u00f6z \u0259ksini tap\u0131b: \u201cXX \u0259srin \u0259vv\u0259ll\u0259rind\u0259 Mustafa Kamal Atat\u00fcrk demi\u015fdir: \u201cAz\u0259rbaycan\u0131n sevinci sevincimiz, k\u0259d\u0259ri k\u0259d\u0259rimizdir\u201d. XX \u0259srin sonlar\u0131nda Heyd\u0259r \u018fliyev demi\u015fdir: \u201cT\u00fcrkiy\u0259 v\u0259 Az\u0259rbaycan bir mill\u0259t, iki d\u00f6vl\u0259tdir\u201d. Bu tarixi s\u00f6zl\u0259r, k\u0259lamlar bizim f\u0259aliyy\u0259timiz \u00fc\u00e7\u00fcn \u0259sas amildir. Biz bu v\u0259siyy\u0259t\u0259 sadiqik v\u0259 XXI \u0259srd\u0259 azad edilmi\u015f \u015eu\u015fada M\u00fctt\u0259fiqlik B\u0259yannam\u0259sini imzalayark\u0259n \u0259cdadlar\u0131m\u0131za sadiqliyimizi n\u00fcmayi\u015f etdiririk v\u0259 g\u0259l\u0259c\u0259k n\u0259sill\u0259r\u0259 yol g\u00f6st\u0259ririk\u201d. T\u00fcrkiy\u0259 Prezidenti R\u0259c\u0259b Tayyib \u018frdo\u011fan is\u0259 \u015eu\u015fa B\u0259yannam\u0259si il\u0259 \u0259laq\u0259l\u0259rimizin yeni d\u00f6vrd\u0259ki yol x\u0259rit\u0259sini m\u00fc\u0259yy\u0259nl\u0259\u015fdirdiyimizi diqq\u0259t\u0259 \u00e7atd\u0131rd\u0131: \u201cT\u00fcrkiy\u0259 il\u0259 Az\u0259rbaycan aras\u0131ndak\u0131 bu B\u0259yannam\u0259 bir s\u0131ra m\u0259s\u0259l\u0259l\u0259ri \u0259hat\u0259 edir. G\u0259l\u0259c\u0259kl\u0259 ba\u011fl\u0131 add\u0131mlar\u0131 atark\u0259n art\u0131q t\u0259kc\u0259 iki \u00f6lk\u0259ni deyil, b\u00f6lg\u0259ni \u0259hat\u0259 ed\u0259n bir q\u0259tiyy\u0259tin bu s\u0259n\u0259dd\u0259 ifad\u0259 olundu\u011funu g\u00f6r\u00fcr\u00fck\u201d.<\/p>\n<p>C\u0259nab \u0130lham \u018fliyevin \u015eu\u015faya 2021-ci il\u0259 sonunda etdiyi s\u0259f\u0259r d\u0259 h\u0259r birimiz \u00fc\u00e7\u00fcn q\u00fcrurverici oldu. Prezident \u0130lham \u018fliyev 60 illik yubileyini m\u0259hz m\u0259d\u0259niyy\u0259t paytaxt\u0131m\u0131zda qeyd etdi. C\u0259nab \u0130lham \u018fliyev h\u0259min s\u0259f\u0259rd\u0259 \u201c\u015eu\u015fa h\u0259r birimizi \u00f6z\u00fcn\u0259 \u00e7\u0259kir\u00bb s\u00f6yl\u0259m\u0259kl\u0259 30 ilin torpaq nisgilinin ya\u015fatd\u0131\u011f\u0131 hissl\u0259ri b\u00f6l\u00fc\u015fd\u00fc. Ad g\u00fcnl\u0259rind\u0259 \u00f6z do\u011fma yurd-yuvalar\u0131ndan did\u0259rgin d\u00fc\u015fm\u00fc\u015f soyda\u015flar\u0131m\u0131zla bir yerda olma\u011fa daha \u00e7ox maraq g\u00f6st\u0259r\u0259n d\u00f6vl\u0259t ba\u015f\u00e7\u0131s\u0131 60 illik yubileyini \u015eu\u015fada qeyd ed\u0259rk\u0259n verdiyi v\u0259din reall\u0131\u011fa \u00e7evrilm\u0259sind\u0259n q\u00fcrurlu idi. H\u0259r g\u00f6r\u00fc\u015f\u00fcnd\u0259 torpaqlar\u0131m\u0131z\u0131n i\u015f\u011faldan azad edil\u0259c\u0259yin\u0259 \u0259minliyini ifad\u0259 ed\u0259n d\u00f6vl\u0259t ba\u015f\u00e7\u0131s\u0131 bunun \u00fc\u00e7\u00fcn b\u00fct\u00fcn imkanlar\u0131n m\u00f6vcudlu\u011funu da vur\u011fulay\u0131rd\u0131.<\/p>\n<p>O g\u00fcn g\u0259ldi. \u00d6lk\u0259 Prezidenti \u0130lham \u018fliyevin q\u0259tiyy\u0259ti say\u0259sind\u0259 torpaqlar\u0131m\u0131z i\u015f\u011faldan azad edildi, d\u0259rhal b\u00f6y\u00fck quruculuq v\u0259 b\u0259rpa i\u015fl\u0259rin\u0259 ba\u015flan\u0131ld\u0131 v\u0259 art\u0131q soyda\u015flar\u0131m\u0131z B\u00f6y\u00fck Qay\u0131d\u0131\u015f\u0131n sevincini ya\u015fay\u0131r. \u015eu\u015fan\u0131n h\u0259r g\u00fcn\u00fc \u00e7al-\u00e7a\u011f\u0131rl\u0131d\u0131r. Beyn\u0259lxalq t\u0259dbirl\u0259r \u00fc\u00e7\u00fcn ideal m\u0259kan kimi diqq\u0259td\u0259dir. B\u0259rpa-quruculuq i\u015fl\u0259ri \u015eu\u015fan\u0131n \u0259vv\u0259lki simas\u0131n\u0131 \u00f6z\u00fcn\u0259 qaytar\u0131r. \u015eu\u015fa t\u00fcrk d\u00fcnyas\u0131n\u0131n, \u0130slam d\u00fcnyas\u0131n\u0131n m\u0259d\u0259niyy\u0259t paytaxt\u0131d\u0131r. Soyda\u015flar\u0131m\u0131z\u0131n qay\u0131td\u0131\u011f\u0131 \u00fcnvanlar aras\u0131nda \u015eu\u015fa \u015f\u0259h\u0259rinin d\u0259 ad\u0131 var. Bu ilin 10 may tarixind\u0259 Prezident \u0130lham \u018fliyev v\u0259 birinci xan\u0131m Mehriban \u018fliyeva \u015eu\u015fada birinci ya\u015fay\u0131\u015f kompleksinin a\u00e7\u0131l\u0131\u015f\u0131nda i\u015ftirak etdil\u0259r v\u0259 \u015f\u0259h\u0259r\u0259 k\u00f6\u00e7m\u00fc\u015f ilk sakinl\u0259rl\u0259 g\u00f6r\u00fc\u015fd\u00fcl\u0259r. \u00abOtuz iki ild\u0259n sonra siz do\u011fma \u015eu\u015faya qay\u0131d\u0131rs\u0131n\u0131z. Bu g\u00f6z\u0259l tarixi hadis\u0259 m\u00fcnasib\u0259til\u0259 sizi \u00fcr\u0259kd\u0259n t\u0259brik edir\u0259m. Siz otuz iki il v\u0259t\u0259n h\u0259sr\u0259ti il\u0259 ya\u015fam\u0131s\u0131n\u0131z, amma bilir\u0259m ki, bir an da \u015eu\u015fan\u0131 unutmam\u0131s\u0131n\u0131z, bilirdiniz v\u0259 inan\u0131rd\u0131n\u0131z ki, siz buraya qay\u0131dacaqs\u0131n\u0131z. M\u0259n d\u0259 bilirdim, m\u0259n d\u0259 inan\u0131rd\u0131m v\u0259 Prezident kimi 2003-c\u00fc ild\u0259n ba\u015flayaraq sizi v\u0259 b\u00fct\u00fcn ke\u00e7mi\u015f k\u00f6\u00e7k\u00fcnl\u0259ri \u00f6z do\u011fma v\u0259t\u0259nin\u0259 qaytarmaq \u00fc\u00e7\u00fcn \u0259limd\u0259n g\u0259l\u0259ni \u0259sirg\u0259mirdim\u00bb s\u00f6yl\u0259y\u0259n c\u0259nab \u0130lham \u018fliyev bildirdi ki, \u015eu\u015fan\u0131n yeni tarixi ba\u015flay\u0131r. 2020-ci il noyabr\u0131n 8-d\u0259 xalqa m\u00fcraci\u0259timd\u0259 demi\u015fdim ki, biz \u015eu\u015fan\u0131 dir\u00e7\u0259ld\u0259c\u0259yik. Bax, bu g\u00fcn biz dir\u00e7\u0259ldil\u0259n \u015eu\u015fan\u0131 g\u00f6r\u00fcr\u00fck. T\u0259kc\u0259 bu g\u00f6z\u0259l binalar deyil, \u015eu\u015fada \u00e7ox geni\u015fmiqyasl\u0131 quruculuq i\u015fl\u0259ri gedir: \u00abBu g\u00fcn Ulu \u00d6nd\u0259rin do\u011fum g\u00fcn\u00fcnd\u0259 \u00fc\u00e7\u00fcnc\u00fc ya\u015fay\u0131\u015f kompleksinin t\u0259m\u0259li qoyuldu. Ke\u00e7\u0259n il may\u0131n 10-da ikinci ya\u015fay\u0131\u015f kompleksinin t\u0259m\u0259li qoyulmu\u015fdur. Bu birinci ya\u015fay\u0131\u015f kompleksind\u0259 450, ikincid\u0259 300-\u0259 yax\u0131n, \u00fc\u00e7\u00fcnc\u00fcd\u0259 is\u0259 500-\u0259 yax\u0131n m\u0259nzil in\u015fa edil\u0259c\u0259k. Onun bir hiss\u0259si art\u0131q haz\u0131rd\u0131r. Bu g\u00fcn siz bu m\u0259nzill\u0259r\u0259 k\u00f6\u00e7\u0259c\u0259ksiniz. B\u00fct\u00fcn evl\u0259r g\u00f6z\u0259l memarl\u0131q \u00fcslubunda &#8211; \u015eu\u015fan\u0131n \u0259n\u0259n\u0259vi \u00fcslubunda in\u015fa edilmi\u015fdir. \u015e\u0259rait \u00e7ox g\u00f6z\u0259ldir v\u0259 \u0259min\u0259m ki, uzun fasil\u0259d\u0259n sonra \u015fu\u015fal\u0131lar burada rahat ya\u015fayacaqlar, yaradacaqlar, quracaqlar, \u00f6z do\u011fma \u015f\u0259h\u0259rinin tarixi simas\u0131n\u0131 qoruyacaqlar.\u00bb<\/p>\n<p>Son 4 ilin h\u0259r g\u00fcn\u00fc bu torpaqlar\u0131m\u0131z\u0131n b\u0259rpas\u0131, soyda\u015flar\u0131m\u0131z\u0131n qay\u0131d\u0131\u015f\u0131 il\u0259 ba\u011fl\u0131 m\u00fch\u00fcm hadis\u0259 il\u0259 z\u0259ngindir. Z\u0259f\u0259rimizin \u0259b\u0259dil\u0259\u015fdirilm\u0259si istiqam\u0259tind\u0259 at\u0131lan add\u0131mlar davaml\u0131l\u0131\u011f\u0131 il\u0259 diqq\u0259td\u0259dir. C\u0259nab \u0130lham \u018fliyevin i\u015f\u011faldan azad edilmi\u015f \u0259razil\u0259rimiz \u00fczr\u0259 \u015f\u0259h\u0259r g\u00fcnl\u0259rinin t\u0259sis edilm\u0259si d\u0259 bunun t\u0259sdiqidir. H\u0259min s\u0259n\u0259d\u0259 \u0259sas\u0259n, 8 noyabr \u015eu\u015fa \u015e\u0259h\u0259ri G\u00fcn\u00fcd\u00fcr. Q\u00fcrurvericidir ki, torpaqlar\u0131m\u0131z\u0131n i\u015f\u011faldan azad edildikl\u0259ri tarixl\u0259ri qeyd edirik. 28 il \u0259sar\u0259td\u0259 qalsa da \u0259yilm\u0259y\u0259n, s\u0131nmayan \u015eu\u015fa bu g\u00fcn sakinl\u0259rin\u0259 qovu\u015faraq xo\u015fb\u0259xt g\u00fcnl\u0259rini ya\u015fay\u0131r. \u015eu\u015fa sevgisi h\u0259r bir az\u0259rbaycanl\u0131n\u0131n m\u0259n\u0259vi varl\u0131\u011f\u0131n\u0131n ayr\u0131lmaz par\u00e7as\u0131d\u0131r. Erm\u0259nistan\u0131n kapitulyasiyas\u0131na yol a\u00e7an \u015eu\u015fa qalibiyy\u0259ti xalq\u0131m\u0131z\u0131n q\u0259hr\u0259manl\u0131q ruhunun t\u0259nt\u0259n\u0259sin\u0259 \u00e7evril\u0259r\u0259k tariximiz\u0259 Z\u0259f\u0259r G\u00fcn\u00fc kimi h\u0259kk olundu.<\/p>\n<p><strong>Yegan\u0259 \u018fliyeva, \u00ab\u0130ki sahil\u00bb<\/strong><\/p>\n","protected":false},"excerpt":{"rendered":"<p>D\u00f6vl\u0259t ba\u015f\u00e7\u0131s\u0131 \u0130lham \u018fliyevin qeyd etdiyi kimi, biz g\u0259lmi\u015fik burada \u0259b\u0259di ya\u015fama\u011fa v\u0259 bundan sonra Az\u0259rbaycan Bayra\u011f\u0131 bu torpaqlarda \u0259b\u0259di dal\u011falanacaq \u00abTarixi Z\u0259f\u0259rimiz &#8211; \u0130kinci Qaraba\u011f m\u00fcharib\u0259sind\u0259ki Z\u0259f\u0259r, antiterror \u0259m\u0259liyyat\u0131, i\u015f\u011fal\u00e7\u0131lardan azad olunma\u011f\u0131m\u0131z, separat\u00e7\u0131 rejimin \u00e7\u00f6km\u0259si b\u00fct\u00fcn az\u0259rbaycanl\u0131lar\u0131 haql\u0131 olaraq bir araya, bir yumruq hal\u0131na g\u0259tirir. \u201cD\u0259mir yumruq\u201d bizim Z\u0259f\u0259r salnam\u0259mizin r\u0259mzi idi. Bu g\u00fcn, eyni zamanda, \u201cD\u0259mir yumruq\u201d birliyimizin r\u0259mzidir v\u0259 Az\u0259rbaycan xalq\u0131n\u0131, b\u00fct\u00fcn d\u00fcnya az\u0259rbaycanl\u0131lar\u0131n\u0131 \u0259min etm\u0259k ist\u0259yir\u0259m ki, \u201cD\u0259mir yumruq\u201d h\u0259r zaman yerind\u0259 olacaq.\u00bb D\u00f6vl\u0259t ba\u015f\u00e7\u0131s\u0131, M\u00fcz\u0259ff\u0259r Ali Ba\u015f Komandan \u0130lham \u018fliyev bu \u00e7a\u011f\u0131r\u0131\u015f\u0131 il\u0259 u\u011furlar\u0131m\u0131z\u0131n \u0259sas\u0131nda&hellip;<\/p>\n","protected":false},"author":2,"featured_media":767410,"comment_status":"closed","ping_status":"closed","sticky":false,"template":"","format":"standard","meta":{"om_disable_all_campaigns":false,"_monsterinsights_skip_tracking":false,"_monsterinsights_sitenote_active":false,"_monsterinsights_sitenote_note":"","_monsterinsights_sitenote_category":0},"categories":[19],"tags":[],"aioseo_notices":[],"gutentor_comment":0,"rttpg_featured_image_url":{"full":["https:\/\/arantv.az\/wp-content\/uploads\/2024\/11\/83dc55ae167309852045447692610588589-1.jpg",975,540,false],"landscape":["https:\/\/arantv.az\/wp-content\/uploads\/2024\/11\/83dc55ae167309852045447692610588589-1.jpg",975,540,false],"portraits":["https:\/\/arantv.az\/wp-content\/uploads\/2024\/11\/83dc55ae167309852045447692610588589-1.jpg",975,540,false],"thumbnail":["https:\/\/arantv.az\/wp-content\/uploads\/2024\/11\/83dc55ae167309852045447692610588589-1-500x280.jpg",500,280,true],"medium":["https:\/\/arantv.az\/wp-content\/uploads\/2024\/11\/83dc55ae167309852045447692610588589-1-660x365.jpg",660,365,true],"large":["https:\/\/arantv.az\/wp-content\/uploads\/2024\/11\/83dc55ae167309852045447692610588589-1-840x465.jpg",640,354,true],"1536x1536":["https:\/\/arantv.az\/wp-content\/uploads\/2024\/11\/83dc55ae167309852045447692610588589-1.jpg",975,540,false],"2048x2048":["https:\/\/arantv.az\/wp-content\/uploads\/2024\/11\/83dc55ae167309852045447692610588589-1.jpg",975,540,false],"post-thumbnail":["https:\/\/arantv.az\/wp-content\/uploads\/2024\/11\/83dc55ae167309852045447692610588589-1-240x172.jpg",240,172,true],"advps-thumb-one":["https:\/\/arantv.az\/wp-content\/uploads\/2024\/11\/83dc55ae167309852045447692610588589-1.jpg",975,540,false]},"rttpg_author":{"display_name":"V\u00fcsal Rafiqo\u011flu","author_link":"https:\/\/arantv.az\/?author=2"},"rttpg_comment":0,"rttpg_category":"<a href=\"https:\/\/arantv.az\/?cat=19\" rel=\"category\">G\u00fcnd\u0259m<\/a>","rttpg_excerpt":"D\u00f6vl\u0259t ba\u015f\u00e7\u0131s\u0131 \u0130lham \u018fliyevin qeyd etdiyi kimi, biz g\u0259lmi\u015fik burada \u0259b\u0259di ya\u015fama\u011fa v\u0259 bundan sonra Az\u0259rbaycan Bayra\u011f\u0131 bu torpaqlarda \u0259b\u0259di dal\u011falanacaq \u00abTarixi Z\u0259f\u0259rimiz &#8211; \u0130kinci Qaraba\u011f m\u00fcharib\u0259sind\u0259ki Z\u0259f\u0259r, antiterror \u0259m\u0259liyyat\u0131, i\u015f\u011fal\u00e7\u0131lardan azad olunma\u011f\u0131m\u0131z, separat\u00e7\u0131 rejimin \u00e7\u00f6km\u0259si b\u00fct\u00fcn az\u0259rbaycanl\u0131lar\u0131 haql\u0131 olaraq bir araya, bir yumruq hal\u0131na g\u0259tirir. \u201cD\u0259mir yumruq\u201d bizim Z\u0259f\u0259r salnam\u0259mizin r\u0259mzi idi. Bu g\u00fcn,&hellip;","_links":{"self":[{"href":"https:\/\/arantv.az\/index.php?rest_route=\/wp\/v2\/posts\/767408"}],"collection":[{"href":"https:\/\/arantv.az\/index.php?rest_route=\/wp\/v2\/posts"}],"about":[{"href":"https:\/\/arantv.az\/index.php?rest_route=\/wp\/v2\/types\/post"}],"author":[{"embeddable":true,"href":"https:\/\/arantv.az\/index.php?rest_route=\/wp\/v2\/users\/2"}],"replies":[{"embeddable":true,"href":"https:\/\/arantv.az\/index.php?rest_route=%2Fwp%2Fv2%2Fcomments&post=767408"}],"version-history":[{"count":1,"href":"https:\/\/arantv.az\/index.php?rest_route=\/wp\/v2\/posts\/767408\/revisions"}],"predecessor-version":[{"id":767411,"href":"https:\/\/arantv.az\/index.php?rest_route=\/wp\/v2\/posts\/767408\/revisions\/767411"}],"wp:featuredmedia":[{"embeddable":true,"href":"https:\/\/arantv.az\/index.php?rest_route=\/wp\/v2\/media\/767410"}],"wp:attachment":[{"href":"https:\/\/arantv.az\/index.php?rest_route=%2Fwp%2Fv2%2Fmedia&parent=767408"}],"wp:term":[{"taxonomy":"category","embeddable":true,"href":"https:\/\/arantv.az\/index.php?rest_route=%2Fwp%2Fv2%2Fcategories&post=767408"},{"taxonomy":"post_tag","embeddable":true,"href":"https:\/\/arantv.az\/index.php?rest_route=%2Fwp%2Fv2%2Ftags&post=767408"}],"curies":[{"name":"wp","href":"https:\/\/api.w.org\/{rel}","templated":true}]}}