{"id":767426,"date":"2024-11-08T22:41:15","date_gmt":"2024-11-08T18:41:15","guid":{"rendered":"https:\/\/arantv.az\/?p=767426"},"modified":"2024-11-08T22:41:15","modified_gmt":"2024-11-08T18:41:15","slug":"susada-z%c9%99f%c9%99r-gunu-munasib%c9%99til%c9%99-konsert-kecirilib","status":"publish","type":"post","link":"https:\/\/arantv.az\/?p=767426","title":{"rendered":"\u015eu\u015fada Z\u0259f\u0259r G\u00fcn\u00fc m\u00fcnasib\u0259til\u0259 konsert ke\u00e7irilib"},"content":{"rendered":"<div class=\"text-content\" data-id=\"\" data-url=\"\">\n<p><strong>\u015eu\u015fada 8 Noyabr &#8211; Z\u0259f\u0259r G\u00fcn\u00fc m\u00fcnasib\u0259til\u0259 t\u0259\u015fkil olunan silsil\u0259 t\u0259dbirl\u0259rin davam\u0131 olaraq \u0130nzibati binan\u0131n qar\u015f\u0131s\u0131nda t\u0259nt\u0259n\u0259li konsert ke\u00e7irilib.<\/strong><\/p>\n<p>\u015e\u0259h\u0259rin m\u0259rk\u0259zi meydan\u0131nda t\u0259\u015fkil edil\u0259n konsert proqram\u0131na \u015f\u0259h\u0259r sakinl\u0259rinin mara\u011f\u0131 b\u00f6y\u00fck olub.<\/p>\n<p>Qeyd ed\u0259k ki, t\u0259dbird\u0259 Az\u0259rbaycan Prezidentinin \u015eu\u015fa \u015f\u0259h\u0259rind\u0259 x\u00fcsusi n\u00fcmay\u0259nd\u0259liyinin \u0259m\u0259kda\u015flar\u0131, mill\u0259t v\u0259kili Polad B\u00fclb\u00fclo\u011flu, \u015f\u0259h\u0259r sakinl\u0259ri i\u015ftirak edibl\u0259r.<\/p>\n<p>T\u0259dbirin yekununda at\u0259\u015ff\u0259\u015fanl\u0131q olub.\/Report<\/p>\n<\/div>\n<div>\n<div class=\"form-group\"><img class=\"img-responsive\" src=\"https:\/\/cdn.musavat.com\/news\/images\/Gugu\/gugu1\/%D0%9D%D0%BE%D0%B2%D0%B0%D1%8F%D0%9F%D0%B0%D0%BF%D0%BA%D0%B0\/e5b5659f-95c8-399a-b3d7-86673c061657.jpeg\" \/><\/div>\n<div class=\"form-group\"><img class=\"img-responsive\" src=\"https:\/\/cdn.musavat.com\/news\/images\/Gugu\/gugu1\/%D0%9D%D0%BE%D0%B2%D0%B0%D1%8F%D0%9F%D0%B0%D0%BF%D0%BA%D0%B0\/3956e0ee-25eb-3f63-8b18-24dffbc71925.jpeg\" \/><\/div>\n<div class=\"form-group\"><img class=\"img-responsive\" src=\"https:\/\/cdn.musavat.com\/news\/images\/Gugu\/gugu1\/%D0%9D%D0%BE%D0%B2%D0%B0%D1%8F%D0%9F%D0%B0%D0%BF%D0%BA%D0%B0\/ea4c23be-00e2-330e-9323-0906c8ff28df.jpeg\" \/><\/div>\n<div class=\"form-group\"><img class=\"img-responsive\" src=\"https:\/\/cdn.musavat.com\/news\/images\/Gugu\/gugu1\/%D0%9D%D0%BE%D0%B2%D0%B0%D1%8F%D0%9F%D0%B0%D0%BF%D0%BA%D0%B0\/db17d183-0b7a-393c-b9ef-4d40a32a3be5.jpeg\" \/><\/div>\n<div class=\"form-group\"><img class=\"img-responsive\" src=\"https:\/\/cdn.musavat.com\/news\/images\/Gugu\/gugu1\/%D0%9D%D0%BE%D0%B2%D0%B0%D1%8F%D0%9F%D0%B0%D0%BF%D0%BA%D0%B0\/bd3468f5-50e4-38ea-988b-82d65c0fd247.jpeg\" \/><\/div>\n<div class=\"form-group\"><img class=\"img-responsive\" src=\"https:\/\/cdn.musavat.com\/news\/images\/Gugu\/gugu1\/%D0%9D%D0%BE%D0%B2%D0%B0%D1%8F%D0%9F%D0%B0%D0%BF%D0%BA%D0%B0\/e74a9236-4cd1-338c-a5e3-476b1e56cfd9.jpeg\" \/><\/div>\n<\/div>\n","protected":false},"excerpt":{"rendered":"<p>\u015eu\u015fada 8 Noyabr &#8211; Z\u0259f\u0259r G\u00fcn\u00fc m\u00fcnasib\u0259til\u0259 t\u0259\u015fkil olunan silsil\u0259 t\u0259dbirl\u0259rin davam\u0131 olaraq \u0130nzibati binan\u0131n qar\u015f\u0131s\u0131nda t\u0259nt\u0259n\u0259li konsert ke\u00e7irilib. \u015e\u0259h\u0259rin m\u0259rk\u0259zi meydan\u0131nda t\u0259\u015fkil edil\u0259n konsert proqram\u0131na \u015f\u0259h\u0259r sakinl\u0259rinin mara\u011f\u0131 b\u00f6y\u00fck olub. Qeyd ed\u0259k ki, t\u0259dbird\u0259 Az\u0259rbaycan Prezidentinin \u015eu\u015fa \u015f\u0259h\u0259rind\u0259 x\u00fcsusi n\u00fcmay\u0259nd\u0259liyinin \u0259m\u0259kda\u015flar\u0131, mill\u0259t v\u0259kili Polad B\u00fclb\u00fclo\u011flu, \u015f\u0259h\u0259r sakinl\u0259ri i\u015ftirak edibl\u0259r. T\u0259dbirin yekununda at\u0259\u015ff\u0259\u015fanl\u0131q olub.\/Report<\/p>\n","protected":false},"author":2,"featured_media":767427,"comment_status":"closed","ping_status":"closed","sticky":false,"template":"","format":"standard","meta":{"om_disable_all_campaigns":false,"_monsterinsights_skip_tracking":false,"_monsterinsights_sitenote_active":false,"_monsterinsights_sitenote_note":"","_monsterinsights_sitenote_category":0},"categories":[19],"tags":[],"aioseo_notices":[],"gutentor_comment":0,"rttpg_featured_image_url":{"full":["https:\/\/arantv.az\/wp-content\/uploads\/2024\/11\/ae533ce2ea48af7568a76b936dc9b6c8.jpg",850,500,false],"landscape":["https:\/\/arantv.az\/wp-content\/uploads\/2024\/11\/ae533ce2ea48af7568a76b936dc9b6c8.jpg",850,500,false],"portraits":["https:\/\/arantv.az\/wp-content\/uploads\/2024\/11\/ae533ce2ea48af7568a76b936dc9b6c8.jpg",850,500,false],"thumbnail":["https:\/\/arantv.az\/wp-content\/uploads\/2024\/11\/ae533ce2ea48af7568a76b936dc9b6c8-500x280.jpg",500,280,true],"medium":["https:\/\/arantv.az\/wp-content\/uploads\/2024\/11\/ae533ce2ea48af7568a76b936dc9b6c8-621x365.jpg",621,365,true],"large":["https:\/\/arantv.az\/wp-content\/uploads\/2024\/11\/ae533ce2ea48af7568a76b936dc9b6c8-840x494.jpg",640,376,true],"1536x1536":["https:\/\/arantv.az\/wp-content\/uploads\/2024\/11\/ae533ce2ea48af7568a76b936dc9b6c8.jpg",850,500,false],"2048x2048":["https:\/\/arantv.az\/wp-content\/uploads\/2024\/11\/ae533ce2ea48af7568a76b936dc9b6c8.jpg",850,500,false],"post-thumbnail":["https:\/\/arantv.az\/wp-content\/uploads\/2024\/11\/ae533ce2ea48af7568a76b936dc9b6c8-240x172.jpg",240,172,true],"advps-thumb-one":["https:\/\/arantv.az\/wp-content\/uploads\/2024\/11\/ae533ce2ea48af7568a76b936dc9b6c8.jpg",850,500,false]},"rttpg_author":{"display_name":"V\u00fcsal Rafiqo\u011flu","author_link":"https:\/\/arantv.az\/?author=2"},"rttpg_comment":0,"rttpg_category":"<a href=\"https:\/\/arantv.az\/?cat=19\" rel=\"category\">G\u00fcnd\u0259m<\/a>","rttpg_excerpt":"\u015eu\u015fada 8 Noyabr &#8211; Z\u0259f\u0259r G\u00fcn\u00fc m\u00fcnasib\u0259til\u0259 t\u0259\u015fkil olunan silsil\u0259 t\u0259dbirl\u0259rin davam\u0131 olaraq \u0130nzibati binan\u0131n qar\u015f\u0131s\u0131nda t\u0259nt\u0259n\u0259li konsert ke\u00e7irilib. \u015e\u0259h\u0259rin m\u0259rk\u0259zi meydan\u0131nda t\u0259\u015fkil edil\u0259n konsert proqram\u0131na \u015f\u0259h\u0259r sakinl\u0259rinin mara\u011f\u0131 b\u00f6y\u00fck olub. Qeyd ed\u0259k ki, t\u0259dbird\u0259 Az\u0259rbaycan Prezidentinin \u015eu\u015fa \u015f\u0259h\u0259rind\u0259 x\u00fcsusi n\u00fcmay\u0259nd\u0259liyinin \u0259m\u0259kda\u015flar\u0131, mill\u0259t v\u0259kili Polad B\u00fclb\u00fclo\u011flu, \u015f\u0259h\u0259r sakinl\u0259ri i\u015ftirak edibl\u0259r. T\u0259dbirin yekununda at\u0259\u015ff\u0259\u015fanl\u0131q olub.\/Report","_links":{"self":[{"href":"https:\/\/arantv.az\/index.php?rest_route=\/wp\/v2\/posts\/767426"}],"collection":[{"href":"https:\/\/arantv.az\/index.php?rest_route=\/wp\/v2\/posts"}],"about":[{"href":"https:\/\/arantv.az\/index.php?rest_route=\/wp\/v2\/types\/post"}],"author":[{"embeddable":true,"href":"https:\/\/arantv.az\/index.php?rest_route=\/wp\/v2\/users\/2"}],"replies":[{"embeddable":true,"href":"https:\/\/arantv.az\/index.php?rest_route=%2Fwp%2Fv2%2Fcomments&post=767426"}],"version-history":[{"count":2,"href":"https:\/\/arantv.az\/index.php?rest_route=\/wp\/v2\/posts\/767426\/revisions"}],"predecessor-version":[{"id":767429,"href":"https:\/\/arantv.az\/index.php?rest_route=\/wp\/v2\/posts\/767426\/revisions\/767429"}],"wp:featuredmedia":[{"embeddable":true,"href":"https:\/\/arantv.az\/index.php?rest_route=\/wp\/v2\/media\/767427"}],"wp:attachment":[{"href":"https:\/\/arantv.az\/index.php?rest_route=%2Fwp%2Fv2%2Fmedia&parent=767426"}],"wp:term":[{"taxonomy":"category","embeddable":true,"href":"https:\/\/arantv.az\/index.php?rest_route=%2Fwp%2Fv2%2Fcategories&post=767426"},{"taxonomy":"post_tag","embeddable":true,"href":"https:\/\/arantv.az\/index.php?rest_route=%2Fwp%2Fv2%2Ftags&post=767426"}],"curies":[{"name":"wp","href":"https:\/\/api.w.org\/{rel}","templated":true}]}}