{"id":767434,"date":"2024-11-09T09:00:50","date_gmt":"2024-11-09T05:00:50","guid":{"rendered":"https:\/\/arantv.az\/?p=767434"},"modified":"2024-11-09T09:00:50","modified_gmt":"2024-11-09T05:00:50","slug":"mehriban-%c9%99liyevadan-dovl%c9%99t-bayragi-gunu-il%c9%99-bagli-paylasimfoto","status":"publish","type":"post","link":"https:\/\/arantv.az\/?p=767434","title":{"rendered":"Mehriban \u018fliyevadan D\u00f6vl\u0259t Bayra\u011f\u0131 G\u00fcn\u00fc il\u0259 ba\u011fl\u0131 PAYLA\u015eIMFOTO"},"content":{"rendered":"<p><strong>Az\u0259rbaycan Respublikas\u0131n\u0131n Birinci vitse-prezidenti Mehriban \u018fliyeva r\u0259smi instaqram hesab\u0131nda 9 Noyabr &#8211; D\u00f6vl\u0259t Bayra\u011f\u0131 G\u00fcn\u00fc m\u00fcnasib\u0259til\u0259 payla\u015f\u0131m edib.<\/strong><\/p>\n<p><strong>ARANTV.AZ<\/strong> payla\u015f\u0131m\u0131 t\u0259qdim edir:<\/p>\n<div><img class=\"img-responsive\" title=\"\" src=\"https:\/\/qafqazinfo.az\/uploads\/1731125718\/659231d2-7a68-440e-90bf-57254d25285f.jpg\" alt=\"\" \/><\/div>\n","protected":false},"excerpt":{"rendered":"<p>Az\u0259rbaycan Respublikas\u0131n\u0131n Birinci vitse-prezidenti Mehriban \u018fliyeva r\u0259smi instaqram hesab\u0131nda 9 Noyabr &#8211; D\u00f6vl\u0259t Bayra\u011f\u0131 G\u00fcn\u00fc m\u00fcnasib\u0259til\u0259 payla\u015f\u0131m edib. ARANTV.AZ payla\u015f\u0131m\u0131 t\u0259qdim edir:<\/p>\n","protected":false},"author":2,"featured_media":767435,"comment_status":"closed","ping_status":"closed","sticky":false,"template":"","format":"standard","meta":{"om_disable_all_campaigns":false,"_monsterinsights_skip_tracking":false,"_monsterinsights_sitenote_active":false,"_monsterinsights_sitenote_note":"","_monsterinsights_sitenote_category":0},"categories":[4],"tags":[],"aioseo_notices":[],"gutentor_comment":0,"rttpg_featured_image_url":{"full":["https:\/\/arantv.az\/wp-content\/uploads\/2024\/11\/9f28d3cfd51c4aafc524544016a90845.jpg",637,400,false],"landscape":["https:\/\/arantv.az\/wp-content\/uploads\/2024\/11\/9f28d3cfd51c4aafc524544016a90845.jpg",637,400,false],"portraits":["https:\/\/arantv.az\/wp-content\/uploads\/2024\/11\/9f28d3cfd51c4aafc524544016a90845.jpg",637,400,false],"thumbnail":["https:\/\/arantv.az\/wp-content\/uploads\/2024\/11\/9f28d3cfd51c4aafc524544016a90845-500x280.jpg",500,280,true],"medium":["https:\/\/arantv.az\/wp-content\/uploads\/2024\/11\/9f28d3cfd51c4aafc524544016a90845-581x365.jpg",581,365,true],"large":["https:\/\/arantv.az\/wp-content\/uploads\/2024\/11\/9f28d3cfd51c4aafc524544016a90845.jpg",637,400,false],"1536x1536":["https:\/\/arantv.az\/wp-content\/uploads\/2024\/11\/9f28d3cfd51c4aafc524544016a90845.jpg",637,400,false],"2048x2048":["https:\/\/arantv.az\/wp-content\/uploads\/2024\/11\/9f28d3cfd51c4aafc524544016a90845.jpg",637,400,false],"post-thumbnail":["https:\/\/arantv.az\/wp-content\/uploads\/2024\/11\/9f28d3cfd51c4aafc524544016a90845-240x172.jpg",240,172,true],"advps-thumb-one":["https:\/\/arantv.az\/wp-content\/uploads\/2024\/11\/9f28d3cfd51c4aafc524544016a90845.jpg",637,400,false]},"rttpg_author":{"display_name":"V\u00fcsal Rafiqo\u011flu","author_link":"https:\/\/arantv.az\/?author=2"},"rttpg_comment":0,"rttpg_category":"<a href=\"https:\/\/arantv.az\/?cat=4\" rel=\"category\">Siyas\u0259t<\/a>","rttpg_excerpt":"Az\u0259rbaycan Respublikas\u0131n\u0131n Birinci vitse-prezidenti Mehriban \u018fliyeva r\u0259smi instaqram hesab\u0131nda 9 Noyabr &#8211; D\u00f6vl\u0259t Bayra\u011f\u0131 G\u00fcn\u00fc m\u00fcnasib\u0259til\u0259 payla\u015f\u0131m edib. ARANTV.AZ payla\u015f\u0131m\u0131 t\u0259qdim edir:","_links":{"self":[{"href":"https:\/\/arantv.az\/index.php?rest_route=\/wp\/v2\/posts\/767434"}],"collection":[{"href":"https:\/\/arantv.az\/index.php?rest_route=\/wp\/v2\/posts"}],"about":[{"href":"https:\/\/arantv.az\/index.php?rest_route=\/wp\/v2\/types\/post"}],"author":[{"embeddable":true,"href":"https:\/\/arantv.az\/index.php?rest_route=\/wp\/v2\/users\/2"}],"replies":[{"embeddable":true,"href":"https:\/\/arantv.az\/index.php?rest_route=%2Fwp%2Fv2%2Fcomments&post=767434"}],"version-history":[{"count":1,"href":"https:\/\/arantv.az\/index.php?rest_route=\/wp\/v2\/posts\/767434\/revisions"}],"predecessor-version":[{"id":767436,"href":"https:\/\/arantv.az\/index.php?rest_route=\/wp\/v2\/posts\/767434\/revisions\/767436"}],"wp:featuredmedia":[{"embeddable":true,"href":"https:\/\/arantv.az\/index.php?rest_route=\/wp\/v2\/media\/767435"}],"wp:attachment":[{"href":"https:\/\/arantv.az\/index.php?rest_route=%2Fwp%2Fv2%2Fmedia&parent=767434"}],"wp:term":[{"taxonomy":"category","embeddable":true,"href":"https:\/\/arantv.az\/index.php?rest_route=%2Fwp%2Fv2%2Fcategories&post=767434"},{"taxonomy":"post_tag","embeddable":true,"href":"https:\/\/arantv.az\/index.php?rest_route=%2Fwp%2Fv2%2Ftags&post=767434"}],"curies":[{"name":"wp","href":"https:\/\/api.w.org\/{rel}","templated":true}]}}