{"id":767437,"date":"2024-11-09T09:02:31","date_gmt":"2024-11-09T05:02:31","guid":{"rendered":"https:\/\/arantv.az\/?p=767437"},"modified":"2024-11-09T09:02:31","modified_gmt":"2024-11-09T05:02:31","slug":"erm%c9%99nistan-viza-rejimi-ucun-m%c9%99sl%c9%99h%c9%99tl%c9%99sm%c9%99l%c9%99r%c9%99-baslayir","status":"publish","type":"post","link":"https:\/\/arantv.az\/?p=767437","title":{"rendered":"Erm\u0259nistan viza rejimi \u00fc\u00e7\u00fcn m\u0259sl\u0259h\u0259tl\u0259\u015fm\u0259l\u0259r\u0259 ba\u015flay\u0131r"},"content":{"rendered":"<p>Erm\u0259nistan Avropa Komissiyas\u0131n\u0131n (AK) n\u00fcmay\u0259nd\u0259l\u0259ri il\u0259 viza rejiminin liberalla\u015fd\u0131r\u0131lmas\u0131 m\u0259s\u0259l\u0259si il\u0259 ba\u011fl\u0131 m\u0259sl\u0259h\u0259tl\u0259\u015fm\u0259l\u0259r\u0259 ba\u015flayacaq.<\/p>\n<p>\u201cReport\u201d x\u0259b\u0259r verir ki, bu bar\u0259d\u0259 \u00f6lk\u0259nin Daxili \u0130\u015fl\u0259r Nazirliyinin Miqrasiya v\u0259 V\u0259t\u0259nda\u015fl\u0131q Xidm\u0259tinin r\u0259isi Armen Kazaryan m\u0259lumat verib.<\/p>\n<p>\u201cBiz Avropa Komissiyas\u0131n\u0131n m\u00fcvafiq qurumlar\u0131ndan olan h\u0259mkarlar\u0131m\u0131zla m\u0259sl\u0259h\u0259tl\u0259\u015fm\u0259l\u0259r\u0259 ba\u015flayaca\u011f\u0131q, onlara laz\u0131mi m\u0259lumat bazas\u0131 t\u0259qdim ed\u0259c\u0259yik. Onun \u0259sas\u0131nda AK m\u00fct\u0259x\u0259ssisl\u0259ri Erm\u0259nistan \u00fc\u00e7\u00fcn proqram haz\u0131rlayacaqlar. Lakin n\u0259z\u0259r\u0259 almaq laz\u0131md\u0131r ki, bu, dan\u0131\u015f\u0131qlar plan\u0131 deyil, AK-nin i\u015fl\u0259yib haz\u0131rlad\u0131\u011f\u0131 v\u0259 \u00f6lk\u0259y\u0259 t\u0259qdim etdiyi, laz\u0131mi \u015f\u0259rtl\u0259ri g\u00f6st\u0259r\u0259n proqramd\u0131r ki, bunun t\u0259min edilm\u0259si viza liberalla\u015fd\u0131r\u0131lmas\u0131na nail olma\u011fa imkan ver\u0259c\u0259k\u201d,-dey\u0259, o bildirib.<\/p>\n<p>Bununla yana\u015f\u0131, Kazaryan A\u0130 il\u0259 viza rejiminin liberalla\u015fd\u0131r\u0131lmas\u0131 prosesinin ba\u015fa \u00e7atd\u0131r\u0131lmas\u0131 \u00fc\u00e7\u00fcn t\u0259xmini vaxt \u00e7\u0259r\u00e7iv\u0259sini a\u00e7\u0131qlamay\u0131b.<\/p>\n","protected":false},"excerpt":{"rendered":"<p>Erm\u0259nistan Avropa Komissiyas\u0131n\u0131n (AK) n\u00fcmay\u0259nd\u0259l\u0259ri il\u0259 viza rejiminin liberalla\u015fd\u0131r\u0131lmas\u0131 m\u0259s\u0259l\u0259si il\u0259 ba\u011fl\u0131 m\u0259sl\u0259h\u0259tl\u0259\u015fm\u0259l\u0259r\u0259 ba\u015flayacaq. \u201cReport\u201d x\u0259b\u0259r verir ki, bu bar\u0259d\u0259 \u00f6lk\u0259nin Daxili \u0130\u015fl\u0259r Nazirliyinin Miqrasiya v\u0259 V\u0259t\u0259nda\u015fl\u0131q Xidm\u0259tinin r\u0259isi Armen Kazaryan m\u0259lumat verib. \u201cBiz Avropa Komissiyas\u0131n\u0131n m\u00fcvafiq qurumlar\u0131ndan olan h\u0259mkarlar\u0131m\u0131zla m\u0259sl\u0259h\u0259tl\u0259\u015fm\u0259l\u0259r\u0259 ba\u015flayaca\u011f\u0131q, onlara laz\u0131mi m\u0259lumat bazas\u0131 t\u0259qdim ed\u0259c\u0259yik. Onun \u0259sas\u0131nda AK m\u00fct\u0259x\u0259ssisl\u0259ri Erm\u0259nistan \u00fc\u00e7\u00fcn proqram haz\u0131rlayacaqlar. Lakin n\u0259z\u0259r\u0259 almaq laz\u0131md\u0131r ki, bu, dan\u0131\u015f\u0131qlar plan\u0131 deyil, AK-nin i\u015fl\u0259yib haz\u0131rlad\u0131\u011f\u0131 v\u0259 \u00f6lk\u0259y\u0259 t\u0259qdim etdiyi, laz\u0131mi \u015f\u0259rtl\u0259ri g\u00f6st\u0259r\u0259n proqramd\u0131r ki, bunun t\u0259min edilm\u0259si viza liberalla\u015fd\u0131r\u0131lmas\u0131na nail olma\u011fa imkan ver\u0259c\u0259k\u201d,-dey\u0259, o bildirib. Bununla yana\u015f\u0131,&hellip;<\/p>\n","protected":false},"author":2,"featured_media":767438,"comment_status":"closed","ping_status":"closed","sticky":false,"template":"","format":"standard","meta":{"om_disable_all_campaigns":false,"_monsterinsights_skip_tracking":false,"_monsterinsights_sitenote_active":false,"_monsterinsights_sitenote_note":"","_monsterinsights_sitenote_category":0},"categories":[7],"tags":[],"aioseo_notices":[],"gutentor_comment":0,"rttpg_featured_image_url":{"full":["https:\/\/arantv.az\/wp-content\/uploads\/2024\/11\/12ad9c86ee63b8b836a5d77ebffd3f64.jpg",850,500,false],"landscape":["https:\/\/arantv.az\/wp-content\/uploads\/2024\/11\/12ad9c86ee63b8b836a5d77ebffd3f64.jpg",850,500,false],"portraits":["https:\/\/arantv.az\/wp-content\/uploads\/2024\/11\/12ad9c86ee63b8b836a5d77ebffd3f64.jpg",850,500,false],"thumbnail":["https:\/\/arantv.az\/wp-content\/uploads\/2024\/11\/12ad9c86ee63b8b836a5d77ebffd3f64-500x280.jpg",500,280,true],"medium":["https:\/\/arantv.az\/wp-content\/uploads\/2024\/11\/12ad9c86ee63b8b836a5d77ebffd3f64-621x365.jpg",621,365,true],"large":["https:\/\/arantv.az\/wp-content\/uploads\/2024\/11\/12ad9c86ee63b8b836a5d77ebffd3f64-840x494.jpg",640,376,true],"1536x1536":["https:\/\/arantv.az\/wp-content\/uploads\/2024\/11\/12ad9c86ee63b8b836a5d77ebffd3f64.jpg",850,500,false],"2048x2048":["https:\/\/arantv.az\/wp-content\/uploads\/2024\/11\/12ad9c86ee63b8b836a5d77ebffd3f64.jpg",850,500,false],"post-thumbnail":["https:\/\/arantv.az\/wp-content\/uploads\/2024\/11\/12ad9c86ee63b8b836a5d77ebffd3f64-240x172.jpg",240,172,true],"advps-thumb-one":["https:\/\/arantv.az\/wp-content\/uploads\/2024\/11\/12ad9c86ee63b8b836a5d77ebffd3f64.jpg",850,500,false]},"rttpg_author":{"display_name":"V\u00fcsal Rafiqo\u011flu","author_link":"https:\/\/arantv.az\/?author=2"},"rttpg_comment":0,"rttpg_category":"<a href=\"https:\/\/arantv.az\/?cat=7\" rel=\"category\">D\u00fcnya<\/a>","rttpg_excerpt":"Erm\u0259nistan Avropa Komissiyas\u0131n\u0131n (AK) n\u00fcmay\u0259nd\u0259l\u0259ri il\u0259 viza rejiminin liberalla\u015fd\u0131r\u0131lmas\u0131 m\u0259s\u0259l\u0259si il\u0259 ba\u011fl\u0131 m\u0259sl\u0259h\u0259tl\u0259\u015fm\u0259l\u0259r\u0259 ba\u015flayacaq. \u201cReport\u201d x\u0259b\u0259r verir ki, bu bar\u0259d\u0259 \u00f6lk\u0259nin Daxili \u0130\u015fl\u0259r Nazirliyinin Miqrasiya v\u0259 V\u0259t\u0259nda\u015fl\u0131q Xidm\u0259tinin r\u0259isi Armen Kazaryan m\u0259lumat verib. \u201cBiz Avropa Komissiyas\u0131n\u0131n m\u00fcvafiq qurumlar\u0131ndan olan h\u0259mkarlar\u0131m\u0131zla m\u0259sl\u0259h\u0259tl\u0259\u015fm\u0259l\u0259r\u0259 ba\u015flayaca\u011f\u0131q, onlara laz\u0131mi m\u0259lumat bazas\u0131 t\u0259qdim ed\u0259c\u0259yik. Onun \u0259sas\u0131nda AK m\u00fct\u0259x\u0259ssisl\u0259ri Erm\u0259nistan \u00fc\u00e7\u00fcn proqram&hellip;","_links":{"self":[{"href":"https:\/\/arantv.az\/index.php?rest_route=\/wp\/v2\/posts\/767437"}],"collection":[{"href":"https:\/\/arantv.az\/index.php?rest_route=\/wp\/v2\/posts"}],"about":[{"href":"https:\/\/arantv.az\/index.php?rest_route=\/wp\/v2\/types\/post"}],"author":[{"embeddable":true,"href":"https:\/\/arantv.az\/index.php?rest_route=\/wp\/v2\/users\/2"}],"replies":[{"embeddable":true,"href":"https:\/\/arantv.az\/index.php?rest_route=%2Fwp%2Fv2%2Fcomments&post=767437"}],"version-history":[{"count":2,"href":"https:\/\/arantv.az\/index.php?rest_route=\/wp\/v2\/posts\/767437\/revisions"}],"predecessor-version":[{"id":767440,"href":"https:\/\/arantv.az\/index.php?rest_route=\/wp\/v2\/posts\/767437\/revisions\/767440"}],"wp:featuredmedia":[{"embeddable":true,"href":"https:\/\/arantv.az\/index.php?rest_route=\/wp\/v2\/media\/767438"}],"wp:attachment":[{"href":"https:\/\/arantv.az\/index.php?rest_route=%2Fwp%2Fv2%2Fmedia&parent=767437"}],"wp:term":[{"taxonomy":"category","embeddable":true,"href":"https:\/\/arantv.az\/index.php?rest_route=%2Fwp%2Fv2%2Fcategories&post=767437"},{"taxonomy":"post_tag","embeddable":true,"href":"https:\/\/arantv.az\/index.php?rest_route=%2Fwp%2Fv2%2Ftags&post=767437"}],"curies":[{"name":"wp","href":"https:\/\/api.w.org\/{rel}","templated":true}]}}