{"id":767441,"date":"2024-11-09T09:03:44","date_gmt":"2024-11-09T05:03:44","guid":{"rendered":"https:\/\/arantv.az\/?p=767441"},"modified":"2024-11-09T09:03:44","modified_gmt":"2024-11-09T05:03:44","slug":"polsa-seymi-kutl%c9%99vi-siginacaqlarin-tikintisin%c9%99-raziliq-verib","status":"publish","type":"post","link":"https:\/\/arantv.az\/?p=767441","title":{"rendered":"Pol\u015fa Seymi k\u00fctl\u0259vi s\u0131\u011f\u0131nacaqlar\u0131n tikintisin\u0259 raz\u0131l\u0131q verib"},"content":{"rendered":"<p>Pol\u015fa Seymi (parlamentin a\u015fa\u011f\u0131 palatas\u0131) \u00f6lk\u0259d\u0259 k\u00fctl\u0259vi s\u0131\u011f\u0131nacaqlar\u0131n tikintisini n\u0259z\u0259rd\u0259 tutan \u201cM\u00fclki m\u00fcdafi\u0259 haqq\u0131nda\u201d qanun layih\u0259sini yekdillikl\u0259 q\u0259bul edib.<\/p>\n<p>\u201cReport\u201d x\u0259b\u0259r verir ki, bu bar\u0259d\u0259 \u00f6lk\u0259nin daxili i\u015fl\u0259r naziri Toma\u015f Siemonyak m\u0259lumat verib.<\/p>\n<p>Onun s\u00f6zl\u0259rin\u0259 g\u00f6r\u0259, \u0259halinin m\u00fcdafi\u0259si v\u0259 \u201cM\u00fclki m\u00fcdafi\u0259 haqq\u0131nda\u201d qanun Seym t\u0259r\u0259find\u0259n yekdillikl\u0259 q\u0259bul edilib.<\/p>\n<p>Seymin sayt\u0131nda veril\u0259n m\u0259lumata g\u00f6r\u0259, layih\u0259nin lehin\u0259 448 parlamentari s\u0259s verib, 12 deputat bit\u0259r\u0259f qal\u0131b. Daha sonra t\u0259\u015f\u0259bb\u00fcs bax\u0131lmaq \u00fc\u00e7\u00fcn Senata ged\u0259c\u0259k, h\u0259m\u00e7inin prezident Anjey Duda t\u0259r\u0259find\u0259n imzalanacaq.<\/p>\n<p>\u0130lin \u0259vv\u0259lind\u0259 Daxili \u0130\u015fl\u0259r Nazirliyi M\u00fcdafi\u0259 Nazirliyi il\u0259 birlikd\u0259 \u201cM\u00fclki m\u00fcdafi\u0259 haqq\u0131nda\u201d qanunun haz\u0131rlanmas\u0131 i\u015fin\u0259 ba\u015flay\u0131b.<\/p>\n<p>Yeni qanun layih\u0259si m\u00fclki m\u00fcdafi\u0259y\u0259 \u00dcDM-in 0,3%-i (2025-ci ild\u0259 2,5 milyard AB\u015e dollar\u0131) m\u0259bl\u0259\u011find\u0259 illik maliyy\u0259 v\u0259saitinin ayr\u0131lmas\u0131n\u0131, \u00f6lk\u0259 \u0259razisind\u0259 k\u00fctl\u0259vi s\u0131\u011f\u0131nacaqlar\u0131n tikintisini, h\u0259rbi \u0259m\u0259liyyatlar zaman\u0131 evakuasiya planlar\u0131n\u0131, t\u0259hl\u00fck\u0259siz rabit\u0259 sistemi v\u0259 x\u0259b\u0259rdarl\u0131\u011f\u0131n yarad\u0131lmas\u0131n\u0131 n\u0259z\u0259rd\u0259 tutur.<\/p>\n","protected":false},"excerpt":{"rendered":"<p>Pol\u015fa Seymi (parlamentin a\u015fa\u011f\u0131 palatas\u0131) \u00f6lk\u0259d\u0259 k\u00fctl\u0259vi s\u0131\u011f\u0131nacaqlar\u0131n tikintisini n\u0259z\u0259rd\u0259 tutan \u201cM\u00fclki m\u00fcdafi\u0259 haqq\u0131nda\u201d qanun layih\u0259sini yekdillikl\u0259 q\u0259bul edib. \u201cReport\u201d x\u0259b\u0259r verir ki, bu bar\u0259d\u0259 \u00f6lk\u0259nin daxili i\u015fl\u0259r naziri Toma\u015f Siemonyak m\u0259lumat verib. Onun s\u00f6zl\u0259rin\u0259 g\u00f6r\u0259, \u0259halinin m\u00fcdafi\u0259si v\u0259 \u201cM\u00fclki m\u00fcdafi\u0259 haqq\u0131nda\u201d qanun Seym t\u0259r\u0259find\u0259n yekdillikl\u0259 q\u0259bul edilib. Seymin sayt\u0131nda veril\u0259n m\u0259lumata g\u00f6r\u0259, layih\u0259nin lehin\u0259 448 parlamentari s\u0259s verib, 12 deputat bit\u0259r\u0259f qal\u0131b. Daha sonra t\u0259\u015f\u0259bb\u00fcs bax\u0131lmaq \u00fc\u00e7\u00fcn Senata ged\u0259c\u0259k, h\u0259m\u00e7inin prezident Anjey Duda t\u0259r\u0259find\u0259n imzalanacaq. \u0130lin \u0259vv\u0259lind\u0259 Daxili \u0130\u015fl\u0259r Nazirliyi M\u00fcdafi\u0259 Nazirliyi il\u0259 birlikd\u0259 \u201cM\u00fclki m\u00fcdafi\u0259 haqq\u0131nda\u201d qanunun haz\u0131rlanmas\u0131&hellip;<\/p>\n","protected":false},"author":2,"featured_media":767442,"comment_status":"closed","ping_status":"closed","sticky":false,"template":"","format":"standard","meta":{"om_disable_all_campaigns":false,"_monsterinsights_skip_tracking":false,"_monsterinsights_sitenote_active":false,"_monsterinsights_sitenote_note":"","_monsterinsights_sitenote_category":0},"categories":[7],"tags":[],"aioseo_notices":[],"gutentor_comment":0,"rttpg_featured_image_url":{"full":["https:\/\/arantv.az\/wp-content\/uploads\/2024\/11\/3d972133f19a035cf441229c5240d9c8.jpg",850,500,false],"landscape":["https:\/\/arantv.az\/wp-content\/uploads\/2024\/11\/3d972133f19a035cf441229c5240d9c8.jpg",850,500,false],"portraits":["https:\/\/arantv.az\/wp-content\/uploads\/2024\/11\/3d972133f19a035cf441229c5240d9c8.jpg",850,500,false],"thumbnail":["https:\/\/arantv.az\/wp-content\/uploads\/2024\/11\/3d972133f19a035cf441229c5240d9c8-500x280.jpg",500,280,true],"medium":["https:\/\/arantv.az\/wp-content\/uploads\/2024\/11\/3d972133f19a035cf441229c5240d9c8-621x365.jpg",621,365,true],"large":["https:\/\/arantv.az\/wp-content\/uploads\/2024\/11\/3d972133f19a035cf441229c5240d9c8-840x494.jpg",640,376,true],"1536x1536":["https:\/\/arantv.az\/wp-content\/uploads\/2024\/11\/3d972133f19a035cf441229c5240d9c8.jpg",850,500,false],"2048x2048":["https:\/\/arantv.az\/wp-content\/uploads\/2024\/11\/3d972133f19a035cf441229c5240d9c8.jpg",850,500,false],"post-thumbnail":["https:\/\/arantv.az\/wp-content\/uploads\/2024\/11\/3d972133f19a035cf441229c5240d9c8-240x172.jpg",240,172,true],"advps-thumb-one":["https:\/\/arantv.az\/wp-content\/uploads\/2024\/11\/3d972133f19a035cf441229c5240d9c8.jpg",850,500,false]},"rttpg_author":{"display_name":"V\u00fcsal Rafiqo\u011flu","author_link":"https:\/\/arantv.az\/?author=2"},"rttpg_comment":0,"rttpg_category":"<a href=\"https:\/\/arantv.az\/?cat=7\" rel=\"category\">D\u00fcnya<\/a>","rttpg_excerpt":"Pol\u015fa Seymi (parlamentin a\u015fa\u011f\u0131 palatas\u0131) \u00f6lk\u0259d\u0259 k\u00fctl\u0259vi s\u0131\u011f\u0131nacaqlar\u0131n tikintisini n\u0259z\u0259rd\u0259 tutan \u201cM\u00fclki m\u00fcdafi\u0259 haqq\u0131nda\u201d qanun layih\u0259sini yekdillikl\u0259 q\u0259bul edib. \u201cReport\u201d x\u0259b\u0259r verir ki, bu bar\u0259d\u0259 \u00f6lk\u0259nin daxili i\u015fl\u0259r naziri Toma\u015f Siemonyak m\u0259lumat verib. Onun s\u00f6zl\u0259rin\u0259 g\u00f6r\u0259, \u0259halinin m\u00fcdafi\u0259si v\u0259 \u201cM\u00fclki m\u00fcdafi\u0259 haqq\u0131nda\u201d qanun Seym t\u0259r\u0259find\u0259n yekdillikl\u0259 q\u0259bul edilib. Seymin sayt\u0131nda veril\u0259n m\u0259lumata g\u00f6r\u0259, layih\u0259nin lehin\u0259&hellip;","_links":{"self":[{"href":"https:\/\/arantv.az\/index.php?rest_route=\/wp\/v2\/posts\/767441"}],"collection":[{"href":"https:\/\/arantv.az\/index.php?rest_route=\/wp\/v2\/posts"}],"about":[{"href":"https:\/\/arantv.az\/index.php?rest_route=\/wp\/v2\/types\/post"}],"author":[{"embeddable":true,"href":"https:\/\/arantv.az\/index.php?rest_route=\/wp\/v2\/users\/2"}],"replies":[{"embeddable":true,"href":"https:\/\/arantv.az\/index.php?rest_route=%2Fwp%2Fv2%2Fcomments&post=767441"}],"version-history":[{"count":2,"href":"https:\/\/arantv.az\/index.php?rest_route=\/wp\/v2\/posts\/767441\/revisions"}],"predecessor-version":[{"id":767444,"href":"https:\/\/arantv.az\/index.php?rest_route=\/wp\/v2\/posts\/767441\/revisions\/767444"}],"wp:featuredmedia":[{"embeddable":true,"href":"https:\/\/arantv.az\/index.php?rest_route=\/wp\/v2\/media\/767442"}],"wp:attachment":[{"href":"https:\/\/arantv.az\/index.php?rest_route=%2Fwp%2Fv2%2Fmedia&parent=767441"}],"wp:term":[{"taxonomy":"category","embeddable":true,"href":"https:\/\/arantv.az\/index.php?rest_route=%2Fwp%2Fv2%2Fcategories&post=767441"},{"taxonomy":"post_tag","embeddable":true,"href":"https:\/\/arantv.az\/index.php?rest_route=%2Fwp%2Fv2%2Ftags&post=767441"}],"curies":[{"name":"wp","href":"https:\/\/api.w.org\/{rel}","templated":true}]}}