{"id":767449,"date":"2024-11-09T09:06:14","date_gmt":"2024-11-09T05:06:14","guid":{"rendered":"https:\/\/arantv.az\/?p=767449"},"modified":"2024-11-09T09:06:14","modified_gmt":"2024-11-09T05:06:14","slug":"z%c9%99f%c9%99r-gunu-munasib%c9%99til%c9%99-xank%c9%99ndid%c9%99-at%c9%99sf%c9%99sanliq-video","status":"publish","type":"post","link":"https:\/\/arantv.az\/?p=767449","title":{"rendered":"Z\u0259f\u0259r G\u00fcn\u00fc m\u00fcnasib\u0259til\u0259 Xank\u0259ndid\u0259 at\u0259\u015ff\u0259\u015fanl\u0131q &#8211; V\u0130DEO"},"content":{"rendered":"<div class=\"text-content\" data-id=\"\" data-url=\"\">\n<p><strong>Noyabr\u0131n 8-d\u0259 Xank\u0259ndi \u015e\u0259h\u0259r Stadionunda Z\u0259f\u0259r G\u00fcn\u00fc m\u00fcnasib\u0259til\u0259 bayram konserti v\u0259 at\u0259\u015ff\u0259\u015fanl\u0131q t\u0259\u015fkil edilib.<\/strong><\/p>\n<p>&#8220;Report&#8221; x\u0259b\u0259r verir ki, \u0259vv\u0259lc\u0259 Az\u0259rbaycan\u0131n d\u00f6vl\u0259t himni s\u0259sl\u0259ndirilib, \u015f\u0259hidl\u0259rin xatir\u0259si bir d\u0259qiq\u0259lik s\u00fckutla yad edilib. Sonra Z\u0259f\u0259r G\u00fcn\u00fcn\u0259 h\u0259sr olunmu\u015f video\u00e7arx n\u00fcmayi\u015f olunub.<\/p>\n<p>Qaraba\u011f D\u00f6vl\u0259t Universitetinin m\u00fc\u0259llim v\u0259 t\u0259l\u0259b\u0259l\u0259ri, \u015f\u0259h\u0259rd\u0259 ya\u015fayanlar v\u0259 qonaqlar konserti b\u00f6y\u00fck maraqla izl\u0259yibl\u0259r. M\u0259d\u0259niyy\u0259t xadiml\u0259rinin v\u0259 inc\u0259s\u0259n\u0259t n\u00fcmay\u0259nd\u0259l\u0259rinin ifalar\u0131nda r\u0259ngar\u0259ng musiqi n\u00f6mr\u0259l\u0259ri, o c\u00fcml\u0259d\u0259n v\u0259t\u0259np\u0259rv\u0259r mahn\u0131lar s\u0259sl\u0259ndirilib, r\u0259qsl\u0259r n\u00fcmayi\u015f olunub.<\/p>\n<p>Bayram konsertind\u0259n sonra ke\u00e7iril\u0259n at\u0259\u015ff\u0259\u015fanl\u0131q co\u015fqu il\u0259 qar\u015f\u0131lan\u0131b.<\/p>\n<p><iframe loading=\"lazy\" id=\"telegram-post-TVmusavat-100549\" src=\"https:\/\/t.me\/TVmusavat\/100549?embed=1\" width=\"100%\" height=\"\" frameborder=\"0\" scrolling=\"no\" data-mce-fragment=\"1\"><\/iframe><\/p>\n<\/div>\n<div><\/div>\n<div><\/div>\n<div class=\"inner-social-box\">\n<div class=\"subs-in-social subs-whatsapp\"><\/div>\n<\/div>\n","protected":false},"excerpt":{"rendered":"<p>Noyabr\u0131n 8-d\u0259 Xank\u0259ndi \u015e\u0259h\u0259r Stadionunda Z\u0259f\u0259r G\u00fcn\u00fc m\u00fcnasib\u0259til\u0259 bayram konserti v\u0259 at\u0259\u015ff\u0259\u015fanl\u0131q t\u0259\u015fkil edilib. &#8220;Report&#8221; x\u0259b\u0259r verir ki, \u0259vv\u0259lc\u0259 Az\u0259rbaycan\u0131n d\u00f6vl\u0259t himni s\u0259sl\u0259ndirilib, \u015f\u0259hidl\u0259rin xatir\u0259si bir d\u0259qiq\u0259lik s\u00fckutla yad edilib. Sonra Z\u0259f\u0259r G\u00fcn\u00fcn\u0259 h\u0259sr olunmu\u015f video\u00e7arx n\u00fcmayi\u015f olunub. Qaraba\u011f D\u00f6vl\u0259t Universitetinin m\u00fc\u0259llim v\u0259 t\u0259l\u0259b\u0259l\u0259ri, \u015f\u0259h\u0259rd\u0259 ya\u015fayanlar v\u0259 qonaqlar konserti b\u00f6y\u00fck maraqla izl\u0259yibl\u0259r. M\u0259d\u0259niyy\u0259t xadiml\u0259rinin v\u0259 inc\u0259s\u0259n\u0259t n\u00fcmay\u0259nd\u0259l\u0259rinin ifalar\u0131nda r\u0259ngar\u0259ng musiqi n\u00f6mr\u0259l\u0259ri, o c\u00fcml\u0259d\u0259n v\u0259t\u0259np\u0259rv\u0259r mahn\u0131lar s\u0259sl\u0259ndirilib, r\u0259qsl\u0259r n\u00fcmayi\u015f olunub. Bayram konsertind\u0259n sonra ke\u00e7iril\u0259n at\u0259\u015ff\u0259\u015fanl\u0131q co\u015fqu il\u0259 qar\u015f\u0131lan\u0131b.<\/p>\n","protected":false},"author":2,"featured_media":767450,"comment_status":"closed","ping_status":"closed","sticky":false,"template":"","format":"standard","meta":{"om_disable_all_campaigns":false,"_monsterinsights_skip_tracking":false,"_monsterinsights_sitenote_active":false,"_monsterinsights_sitenote_note":"","_monsterinsights_sitenote_category":0},"categories":[1],"tags":[],"aioseo_notices":[],"gutentor_comment":0,"rttpg_featured_image_url":{"full":["https:\/\/arantv.az\/wp-content\/uploads\/2024\/11\/ffb447e02eea9a487b9967d0f791cbd9.png",419,348,false],"landscape":["https:\/\/arantv.az\/wp-content\/uploads\/2024\/11\/ffb447e02eea9a487b9967d0f791cbd9.png",419,348,false],"portraits":["https:\/\/arantv.az\/wp-content\/uploads\/2024\/11\/ffb447e02eea9a487b9967d0f791cbd9.png",419,348,false],"thumbnail":["https:\/\/arantv.az\/wp-content\/uploads\/2024\/11\/ffb447e02eea9a487b9967d0f791cbd9-419x280.png",419,280,true],"medium":["https:\/\/arantv.az\/wp-content\/uploads\/2024\/11\/ffb447e02eea9a487b9967d0f791cbd9.png",419,348,false],"large":["https:\/\/arantv.az\/wp-content\/uploads\/2024\/11\/ffb447e02eea9a487b9967d0f791cbd9.png",419,348,false],"1536x1536":["https:\/\/arantv.az\/wp-content\/uploads\/2024\/11\/ffb447e02eea9a487b9967d0f791cbd9.png",419,348,false],"2048x2048":["https:\/\/arantv.az\/wp-content\/uploads\/2024\/11\/ffb447e02eea9a487b9967d0f791cbd9.png",419,348,false],"post-thumbnail":["https:\/\/arantv.az\/wp-content\/uploads\/2024\/11\/ffb447e02eea9a487b9967d0f791cbd9-240x172.png",240,172,true],"advps-thumb-one":["https:\/\/arantv.az\/wp-content\/uploads\/2024\/11\/ffb447e02eea9a487b9967d0f791cbd9.png",419,348,false]},"rttpg_author":{"display_name":"V\u00fcsal Rafiqo\u011flu","author_link":"https:\/\/arantv.az\/?author=2"},"rttpg_comment":0,"rttpg_category":"<a href=\"https:\/\/arantv.az\/?cat=1\" rel=\"category\">C\u0259miyy\u0259t<\/a>","rttpg_excerpt":"Noyabr\u0131n 8-d\u0259 Xank\u0259ndi \u015e\u0259h\u0259r Stadionunda Z\u0259f\u0259r G\u00fcn\u00fc m\u00fcnasib\u0259til\u0259 bayram konserti v\u0259 at\u0259\u015ff\u0259\u015fanl\u0131q t\u0259\u015fkil edilib. &#8220;Report&#8221; x\u0259b\u0259r verir ki, \u0259vv\u0259lc\u0259 Az\u0259rbaycan\u0131n d\u00f6vl\u0259t himni s\u0259sl\u0259ndirilib, \u015f\u0259hidl\u0259rin xatir\u0259si bir d\u0259qiq\u0259lik s\u00fckutla yad edilib. Sonra Z\u0259f\u0259r G\u00fcn\u00fcn\u0259 h\u0259sr olunmu\u015f video\u00e7arx n\u00fcmayi\u015f olunub. Qaraba\u011f D\u00f6vl\u0259t Universitetinin m\u00fc\u0259llim v\u0259 t\u0259l\u0259b\u0259l\u0259ri, \u015f\u0259h\u0259rd\u0259 ya\u015fayanlar v\u0259 qonaqlar konserti b\u00f6y\u00fck maraqla izl\u0259yibl\u0259r. M\u0259d\u0259niyy\u0259t xadiml\u0259rinin v\u0259&hellip;","_links":{"self":[{"href":"https:\/\/arantv.az\/index.php?rest_route=\/wp\/v2\/posts\/767449"}],"collection":[{"href":"https:\/\/arantv.az\/index.php?rest_route=\/wp\/v2\/posts"}],"about":[{"href":"https:\/\/arantv.az\/index.php?rest_route=\/wp\/v2\/types\/post"}],"author":[{"embeddable":true,"href":"https:\/\/arantv.az\/index.php?rest_route=\/wp\/v2\/users\/2"}],"replies":[{"embeddable":true,"href":"https:\/\/arantv.az\/index.php?rest_route=%2Fwp%2Fv2%2Fcomments&post=767449"}],"version-history":[{"count":2,"href":"https:\/\/arantv.az\/index.php?rest_route=\/wp\/v2\/posts\/767449\/revisions"}],"predecessor-version":[{"id":767452,"href":"https:\/\/arantv.az\/index.php?rest_route=\/wp\/v2\/posts\/767449\/revisions\/767452"}],"wp:featuredmedia":[{"embeddable":true,"href":"https:\/\/arantv.az\/index.php?rest_route=\/wp\/v2\/media\/767450"}],"wp:attachment":[{"href":"https:\/\/arantv.az\/index.php?rest_route=%2Fwp%2Fv2%2Fmedia&parent=767449"}],"wp:term":[{"taxonomy":"category","embeddable":true,"href":"https:\/\/arantv.az\/index.php?rest_route=%2Fwp%2Fv2%2Fcategories&post=767449"},{"taxonomy":"post_tag","embeddable":true,"href":"https:\/\/arantv.az\/index.php?rest_route=%2Fwp%2Fv2%2Ftags&post=767449"}],"curies":[{"name":"wp","href":"https:\/\/api.w.org\/{rel}","templated":true}]}}