{"id":767453,"date":"2024-11-09T09:07:36","date_gmt":"2024-11-09T05:07:36","guid":{"rendered":"https:\/\/arantv.az\/?p=767453"},"modified":"2024-11-09T09:07:36","modified_gmt":"2024-11-09T05:07:36","slug":"az%c9%99rbaycanda-dovl%c9%99t-bayragi-gunudur","status":"publish","type":"post","link":"https:\/\/arantv.az\/?p=767453","title":{"rendered":"Az\u0259rbaycanda D\u00f6vl\u0259t Bayra\u011f\u0131 G\u00fcn\u00fcd\u00fcr"},"content":{"rendered":"<p><strong>9 noyabr Az\u0259rbaycanda D\u00f6vl\u0259t Bayra\u011f\u0131 G\u00fcn\u00fc kimi qeyd edilir.<\/strong><\/p>\n<p><strong>ARANTV.AZ\u00a0<\/strong> x\u0259b\u0259r verir ki, bu \u0259lam\u0259tdar g\u00fcn Prezident \u0130lham \u018fliyevin 17 noyabr 2009-cu il tarixli s\u0259r\u0259ncam\u0131 il\u0259 t\u0259sis edilmi\u015fdir v\u0259 h\u0259r il Az\u0259rbaycan\u0131n milli suverenliyini v\u0259 d\u00f6vl\u0259t\u00e7iliyini t\u0259c\u0259ss\u00fcm etdir\u0259n \u00fc\u00e7r\u0259ngli bayra\u011f\u0131m\u0131za h\u0259sr olunmu\u015fdur.<\/p>\n<p>Az\u0259rbaycan Xalq C\u00fcmhuriyy\u0259tinin yadigar\u0131 olan bu bayraq ilk d\u0259f\u0259 1918-ci il noyabr\u0131n 9-da q\u0259bul edilib v\u0259 m\u00fcst\u0259qillik d\u00f6vr\u00fcnd\u0259, 1991-ci ilin fevral\u0131nda yenid\u0259n Az\u0259rbaycan Respublikas\u0131n\u0131n D\u00f6vl\u0259t Bayra\u011f\u0131 olaraq t\u0259sdiql\u0259nmi\u015fdir. Bayraq, azadl\u0131q ideallar\u0131na, milli m\u0259n\u0259vi d\u0259y\u0259rl\u0259r\u0259 v\u0259 d\u00f6vl\u0259t\u00e7ilik \u0259n\u0259n\u0259l\u0259rin\u0259 olan sadiqliyi simvoliz\u0259 edir.<\/p>\n<p>Bu il, Qaraba\u011fda ba\u015f tutan antiterror t\u0259dbirl\u0259ri n\u0259tic\u0259sind\u0259 tamamil\u0259 b\u0259rpa edil\u0259n konstitusiya qurulu\u015funun ard\u0131nca, D\u00f6vl\u0259t Bayra\u011f\u0131 G\u00fcn\u00fc d\u00f6rd\u00fcnc\u00fc d\u0259f\u0259 i\u015f\u011faldan azad edilmi\u015f \u0259razil\u0259rd\u0259 d\u0259 qeyd edilir. Az\u0259rbaycan\u0131n h\u0259r qar\u0131\u015f torpa\u011f\u0131nda dal\u011falanan bayraq, milli birliyi, azadl\u0131\u011f\u0131 v\u0259 m\u00fcst\u0259qilliyi n\u00fcmayi\u015f etdirir.<\/p>\n<p>D\u00f6vl\u0259t Bayra\u011f\u0131 G\u00fcn\u00fc, xalq\u0131m\u0131z \u00fc\u00e7\u00fcn q\u00fcrur m\u0259nb\u0259yi olaraq, h\u0259m d\u00f6vl\u0259t qurumlar\u0131n\u0131n, h\u0259m d\u0259 ictimai t\u0259dbirl\u0259rin \u0259sas simvolu kimi bayra\u011f\u0131n \u0259h\u0259miyy\u0259tini bir daha vur\u011fulamaqdad\u0131r.<\/p>\n<p>Azad edilmi\u015f b\u00fct\u00fcn torpaqlarda bayra\u011f\u0131m\u0131z dal\u011falan\u0131r.<\/p>\n","protected":false},"excerpt":{"rendered":"<p>9 noyabr Az\u0259rbaycanda D\u00f6vl\u0259t Bayra\u011f\u0131 G\u00fcn\u00fc kimi qeyd edilir. ARANTV.AZ\u00a0 x\u0259b\u0259r verir ki, bu \u0259lam\u0259tdar g\u00fcn Prezident \u0130lham \u018fliyevin 17 noyabr 2009-cu il tarixli s\u0259r\u0259ncam\u0131 il\u0259 t\u0259sis edilmi\u015fdir v\u0259 h\u0259r il Az\u0259rbaycan\u0131n milli suverenliyini v\u0259 d\u00f6vl\u0259t\u00e7iliyini t\u0259c\u0259ss\u00fcm etdir\u0259n \u00fc\u00e7r\u0259ngli bayra\u011f\u0131m\u0131za h\u0259sr olunmu\u015fdur. Az\u0259rbaycan Xalq C\u00fcmhuriyy\u0259tinin yadigar\u0131 olan bu bayraq ilk d\u0259f\u0259 1918-ci il noyabr\u0131n 9-da q\u0259bul edilib v\u0259 m\u00fcst\u0259qillik d\u00f6vr\u00fcnd\u0259, 1991-ci ilin fevral\u0131nda yenid\u0259n Az\u0259rbaycan Respublikas\u0131n\u0131n D\u00f6vl\u0259t Bayra\u011f\u0131 olaraq t\u0259sdiql\u0259nmi\u015fdir. Bayraq, azadl\u0131q ideallar\u0131na, milli m\u0259n\u0259vi d\u0259y\u0259rl\u0259r\u0259 v\u0259 d\u00f6vl\u0259t\u00e7ilik \u0259n\u0259n\u0259l\u0259rin\u0259 olan sadiqliyi simvoliz\u0259 edir. Bu il, Qaraba\u011fda ba\u015f tutan antiterror t\u0259dbirl\u0259ri&hellip;<\/p>\n","protected":false},"author":2,"featured_media":767454,"comment_status":"closed","ping_status":"closed","sticky":false,"template":"","format":"standard","meta":{"om_disable_all_campaigns":false,"_monsterinsights_skip_tracking":false,"_monsterinsights_sitenote_active":false,"_monsterinsights_sitenote_note":"","_monsterinsights_sitenote_category":0},"categories":[19],"tags":[],"aioseo_notices":[],"gutentor_comment":0,"rttpg_featured_image_url":{"full":["https:\/\/arantv.az\/wp-content\/uploads\/2024\/11\/ae2de8f00a12ff3043a4add88e0f4769.jpg",870,500,false],"landscape":["https:\/\/arantv.az\/wp-content\/uploads\/2024\/11\/ae2de8f00a12ff3043a4add88e0f4769.jpg",870,500,false],"portraits":["https:\/\/arantv.az\/wp-content\/uploads\/2024\/11\/ae2de8f00a12ff3043a4add88e0f4769.jpg",870,500,false],"thumbnail":["https:\/\/arantv.az\/wp-content\/uploads\/2024\/11\/ae2de8f00a12ff3043a4add88e0f4769-500x280.jpg",500,280,true],"medium":["https:\/\/arantv.az\/wp-content\/uploads\/2024\/11\/ae2de8f00a12ff3043a4add88e0f4769-635x365.jpg",635,365,true],"large":["https:\/\/arantv.az\/wp-content\/uploads\/2024\/11\/ae2de8f00a12ff3043a4add88e0f4769-840x483.jpg",640,368,true],"1536x1536":["https:\/\/arantv.az\/wp-content\/uploads\/2024\/11\/ae2de8f00a12ff3043a4add88e0f4769.jpg",870,500,false],"2048x2048":["https:\/\/arantv.az\/wp-content\/uploads\/2024\/11\/ae2de8f00a12ff3043a4add88e0f4769.jpg",870,500,false],"post-thumbnail":["https:\/\/arantv.az\/wp-content\/uploads\/2024\/11\/ae2de8f00a12ff3043a4add88e0f4769-240x172.jpg",240,172,true],"advps-thumb-one":["https:\/\/arantv.az\/wp-content\/uploads\/2024\/11\/ae2de8f00a12ff3043a4add88e0f4769.jpg",870,500,false]},"rttpg_author":{"display_name":"V\u00fcsal Rafiqo\u011flu","author_link":"https:\/\/arantv.az\/?author=2"},"rttpg_comment":0,"rttpg_category":"<a href=\"https:\/\/arantv.az\/?cat=19\" rel=\"category\">G\u00fcnd\u0259m<\/a>","rttpg_excerpt":"9 noyabr Az\u0259rbaycanda D\u00f6vl\u0259t Bayra\u011f\u0131 G\u00fcn\u00fc kimi qeyd edilir. ARANTV.AZ\u00a0 x\u0259b\u0259r verir ki, bu \u0259lam\u0259tdar g\u00fcn Prezident \u0130lham \u018fliyevin 17 noyabr 2009-cu il tarixli s\u0259r\u0259ncam\u0131 il\u0259 t\u0259sis edilmi\u015fdir v\u0259 h\u0259r il Az\u0259rbaycan\u0131n milli suverenliyini v\u0259 d\u00f6vl\u0259t\u00e7iliyini t\u0259c\u0259ss\u00fcm etdir\u0259n \u00fc\u00e7r\u0259ngli bayra\u011f\u0131m\u0131za h\u0259sr olunmu\u015fdur. Az\u0259rbaycan Xalq C\u00fcmhuriyy\u0259tinin yadigar\u0131 olan bu bayraq ilk d\u0259f\u0259 1918-ci il noyabr\u0131n 9-da&hellip;","_links":{"self":[{"href":"https:\/\/arantv.az\/index.php?rest_route=\/wp\/v2\/posts\/767453"}],"collection":[{"href":"https:\/\/arantv.az\/index.php?rest_route=\/wp\/v2\/posts"}],"about":[{"href":"https:\/\/arantv.az\/index.php?rest_route=\/wp\/v2\/types\/post"}],"author":[{"embeddable":true,"href":"https:\/\/arantv.az\/index.php?rest_route=\/wp\/v2\/users\/2"}],"replies":[{"embeddable":true,"href":"https:\/\/arantv.az\/index.php?rest_route=%2Fwp%2Fv2%2Fcomments&post=767453"}],"version-history":[{"count":1,"href":"https:\/\/arantv.az\/index.php?rest_route=\/wp\/v2\/posts\/767453\/revisions"}],"predecessor-version":[{"id":767455,"href":"https:\/\/arantv.az\/index.php?rest_route=\/wp\/v2\/posts\/767453\/revisions\/767455"}],"wp:featuredmedia":[{"embeddable":true,"href":"https:\/\/arantv.az\/index.php?rest_route=\/wp\/v2\/media\/767454"}],"wp:attachment":[{"href":"https:\/\/arantv.az\/index.php?rest_route=%2Fwp%2Fv2%2Fmedia&parent=767453"}],"wp:term":[{"taxonomy":"category","embeddable":true,"href":"https:\/\/arantv.az\/index.php?rest_route=%2Fwp%2Fv2%2Fcategories&post=767453"},{"taxonomy":"post_tag","embeddable":true,"href":"https:\/\/arantv.az\/index.php?rest_route=%2Fwp%2Fv2%2Ftags&post=767453"}],"curies":[{"name":"wp","href":"https:\/\/api.w.org\/{rel}","templated":true}]}}