{"id":767463,"date":"2024-11-09T09:10:16","date_gmt":"2024-11-09T05:10:16","guid":{"rendered":"https:\/\/arantv.az\/?p=767463"},"modified":"2024-11-09T09:10:16","modified_gmt":"2024-11-09T05:10:16","slug":"ucr%c9%99ngli-bayragimizin-h%c9%99r-zaman-yuks%c9%99kl%c9%99rd%c9%99-dalgalanmasini-arzu-edirik-xin","status":"publish","type":"post","link":"https:\/\/arantv.az\/?p=767463","title":{"rendered":"\u00dc\u00e7r\u0259ngli bayra\u011f\u0131m\u0131z\u0131n h\u0259r zaman y\u00fcks\u0259kl\u0259rd\u0259 dal\u011falanmas\u0131n\u0131 arzu edirik &#8211; X\u0130N"},"content":{"rendered":"<div class=\"content lead font-weight-normal\">\n<p>Az\u0259rbaycan\u0131n Xarici \u0130\u015fl\u0259r Nazirliyi \u201cX\u201dd\u0259ki hesab\u0131nda 9 Noyabr &#8211; D\u00f6vl\u0259t Bayra\u011f\u0131 G\u00fcn\u00fc m\u00fcnasib\u0259til\u0259 payla\u015f\u0131m edib.<\/p>\n<p><strong>ARANTV.AZ\u00a0 x\u0259b\u0259r verir ki,<\/strong>\u00a0payla\u015f\u0131mda deyilir:<\/p>\n<p>\u201c9 Noyabr &#8211; D\u00f6vl\u0259t Bayra\u011f\u0131 G\u00fcn\u00fcnd\u0259, Az\u0259rbaycan Respublikas\u0131n\u0131n m\u00fcst\u0259qilliyinin v\u0259 suverenliyinin r\u0259mzi olan, Az\u0259rbaycan xalq\u0131n\u0131 azadl\u0131q v\u0259 milli-m\u0259n\u0259vi d\u0259y\u0259rl\u0259r \u0259traf\u0131nda m\u00f6hk\u0259m birl\u0259\u015fdir\u0259n \u00fc\u00e7r\u0259ngli bayra\u011f\u0131m\u0131z\u0131n h\u0259r zaman y\u00fcks\u0259kl\u0259rd\u0259 dal\u011falanmas\u0131n\u0131 arzu edirik. Bayraq G\u00fcn\u00fcm\u00fcz m\u00fcbar\u0259k!\u201d.<\/p>\n<div class=\"clearfix\"><\/div>\n<\/div>\n<div class=\"fotorama--hidden\"><\/div>\n<div id=\"galleryList\" class=\"fotorama fotorama1731128971889\" data-nav=\"thumbs\" data-width=\"100%\" data-thumbwidth=\"90\" data-thumbheight=\"60\" data-allowfullscreen=\"true\" data-autoplay=\"3000\" data-ratio=\"1.5\" data-keyboard=\"true\" data-fit=\"contain\">\n<div class=\"fotorama__wrap fotorama__wrap--css3 fotorama__wrap--slide fotorama__wrap--toggle-arrows fotorama__wrap--no-controls\">\n<div class=\"fotorama__stage\">\n<div class=\"fotorama__fullscreen-icon\" tabindex=\"0\" role=\"button\"><\/div>\n<div class=\"fotorama__stage__shaft\">\n<div class=\"fotorama__stage__frame fotorama__loaded fotorama__loaded--img fotorama__active\"><img class=\"fotorama__img\" src=\"https:\/\/ikisahil.az\/photo\/0x0_2\/upload\/gallery\/2024\/11\/09\/-f4f0edb0173112633960474397410817975.png\" \/><\/div>\n<\/div>\n<div class=\"fotorama__video-close\"><\/div>\n<\/div>\n<\/div>\n<\/div>\n<div class=\"sharing my-2 row no-gutters d-print-none\">\n<div class=\"col-md-3\"><\/div>\n<\/div>\n<div class=\"d-none d-sm-block\"><\/div>\n","protected":false},"excerpt":{"rendered":"<p>Az\u0259rbaycan\u0131n Xarici \u0130\u015fl\u0259r Nazirliyi \u201cX\u201dd\u0259ki hesab\u0131nda 9 Noyabr &#8211; D\u00f6vl\u0259t Bayra\u011f\u0131 G\u00fcn\u00fc m\u00fcnasib\u0259til\u0259 payla\u015f\u0131m edib. ARANTV.AZ\u00a0 x\u0259b\u0259r verir ki,\u00a0payla\u015f\u0131mda deyilir: \u201c9 Noyabr &#8211; D\u00f6vl\u0259t Bayra\u011f\u0131 G\u00fcn\u00fcnd\u0259, Az\u0259rbaycan Respublikas\u0131n\u0131n m\u00fcst\u0259qilliyinin v\u0259 suverenliyinin r\u0259mzi olan, Az\u0259rbaycan xalq\u0131n\u0131 azadl\u0131q v\u0259 milli-m\u0259n\u0259vi d\u0259y\u0259rl\u0259r \u0259traf\u0131nda m\u00f6hk\u0259m birl\u0259\u015fdir\u0259n \u00fc\u00e7r\u0259ngli bayra\u011f\u0131m\u0131z\u0131n h\u0259r zaman y\u00fcks\u0259kl\u0259rd\u0259 dal\u011falanmas\u0131n\u0131 arzu edirik. Bayraq G\u00fcn\u00fcm\u00fcz m\u00fcbar\u0259k!\u201d.<\/p>\n","protected":false},"author":2,"featured_media":767464,"comment_status":"closed","ping_status":"closed","sticky":false,"template":"","format":"standard","meta":{"om_disable_all_campaigns":false,"_monsterinsights_skip_tracking":false,"_monsterinsights_sitenote_active":false,"_monsterinsights_sitenote_note":"","_monsterinsights_sitenote_category":0},"categories":[4],"tags":[],"aioseo_notices":[],"gutentor_comment":0,"rttpg_featured_image_url":{"full":["https:\/\/arantv.az\/wp-content\/uploads\/2024\/11\/ef1e491a170032365796595377010889599.jpg",975,540,false],"landscape":["https:\/\/arantv.az\/wp-content\/uploads\/2024\/11\/ef1e491a170032365796595377010889599.jpg",975,540,false],"portraits":["https:\/\/arantv.az\/wp-content\/uploads\/2024\/11\/ef1e491a170032365796595377010889599.jpg",975,540,false],"thumbnail":["https:\/\/arantv.az\/wp-content\/uploads\/2024\/11\/ef1e491a170032365796595377010889599-500x280.jpg",500,280,true],"medium":["https:\/\/arantv.az\/wp-content\/uploads\/2024\/11\/ef1e491a170032365796595377010889599-660x365.jpg",660,365,true],"large":["https:\/\/arantv.az\/wp-content\/uploads\/2024\/11\/ef1e491a170032365796595377010889599-840x465.jpg",640,354,true],"1536x1536":["https:\/\/arantv.az\/wp-content\/uploads\/2024\/11\/ef1e491a170032365796595377010889599.jpg",975,540,false],"2048x2048":["https:\/\/arantv.az\/wp-content\/uploads\/2024\/11\/ef1e491a170032365796595377010889599.jpg",975,540,false],"post-thumbnail":["https:\/\/arantv.az\/wp-content\/uploads\/2024\/11\/ef1e491a170032365796595377010889599-240x172.jpg",240,172,true],"advps-thumb-one":["https:\/\/arantv.az\/wp-content\/uploads\/2024\/11\/ef1e491a170032365796595377010889599.jpg",975,540,false]},"rttpg_author":{"display_name":"V\u00fcsal Rafiqo\u011flu","author_link":"https:\/\/arantv.az\/?author=2"},"rttpg_comment":0,"rttpg_category":"<a href=\"https:\/\/arantv.az\/?cat=4\" rel=\"category\">Siyas\u0259t<\/a>","rttpg_excerpt":"Az\u0259rbaycan\u0131n Xarici \u0130\u015fl\u0259r Nazirliyi \u201cX\u201dd\u0259ki hesab\u0131nda 9 Noyabr &#8211; D\u00f6vl\u0259t Bayra\u011f\u0131 G\u00fcn\u00fc m\u00fcnasib\u0259til\u0259 payla\u015f\u0131m edib. ARANTV.AZ\u00a0 x\u0259b\u0259r verir ki,\u00a0payla\u015f\u0131mda deyilir: \u201c9 Noyabr &#8211; D\u00f6vl\u0259t Bayra\u011f\u0131 G\u00fcn\u00fcnd\u0259, Az\u0259rbaycan Respublikas\u0131n\u0131n m\u00fcst\u0259qilliyinin v\u0259 suverenliyinin r\u0259mzi olan, Az\u0259rbaycan xalq\u0131n\u0131 azadl\u0131q v\u0259 milli-m\u0259n\u0259vi d\u0259y\u0259rl\u0259r \u0259traf\u0131nda m\u00f6hk\u0259m birl\u0259\u015fdir\u0259n \u00fc\u00e7r\u0259ngli bayra\u011f\u0131m\u0131z\u0131n h\u0259r zaman y\u00fcks\u0259kl\u0259rd\u0259 dal\u011falanmas\u0131n\u0131 arzu edirik. Bayraq G\u00fcn\u00fcm\u00fcz m\u00fcbar\u0259k!\u201d.","_links":{"self":[{"href":"https:\/\/arantv.az\/index.php?rest_route=\/wp\/v2\/posts\/767463"}],"collection":[{"href":"https:\/\/arantv.az\/index.php?rest_route=\/wp\/v2\/posts"}],"about":[{"href":"https:\/\/arantv.az\/index.php?rest_route=\/wp\/v2\/types\/post"}],"author":[{"embeddable":true,"href":"https:\/\/arantv.az\/index.php?rest_route=\/wp\/v2\/users\/2"}],"replies":[{"embeddable":true,"href":"https:\/\/arantv.az\/index.php?rest_route=%2Fwp%2Fv2%2Fcomments&post=767463"}],"version-history":[{"count":1,"href":"https:\/\/arantv.az\/index.php?rest_route=\/wp\/v2\/posts\/767463\/revisions"}],"predecessor-version":[{"id":767465,"href":"https:\/\/arantv.az\/index.php?rest_route=\/wp\/v2\/posts\/767463\/revisions\/767465"}],"wp:featuredmedia":[{"embeddable":true,"href":"https:\/\/arantv.az\/index.php?rest_route=\/wp\/v2\/media\/767464"}],"wp:attachment":[{"href":"https:\/\/arantv.az\/index.php?rest_route=%2Fwp%2Fv2%2Fmedia&parent=767463"}],"wp:term":[{"taxonomy":"category","embeddable":true,"href":"https:\/\/arantv.az\/index.php?rest_route=%2Fwp%2Fv2%2Fcategories&post=767463"},{"taxonomy":"post_tag","embeddable":true,"href":"https:\/\/arantv.az\/index.php?rest_route=%2Fwp%2Fv2%2Ftags&post=767463"}],"curies":[{"name":"wp","href":"https:\/\/api.w.org\/{rel}","templated":true}]}}