{"id":767466,"date":"2024-11-09T09:11:01","date_gmt":"2024-11-09T05:11:01","guid":{"rendered":"https:\/\/arantv.az\/?p=767466"},"modified":"2024-11-09T09:11:01","modified_gmt":"2024-11-09T05:11:01","slug":"xalq-bayragi-il%c9%99-taninir-var-olur-%c9%99b%c9%99dil%c9%99sir","status":"publish","type":"post","link":"https:\/\/arantv.az\/?p=767466","title":{"rendered":"Xalq bayra\u011f\u0131 il\u0259 tan\u0131n\u0131r, var olur, \u0259b\u0259dil\u0259\u015fir!"},"content":{"rendered":"<p><em><strong>9 noyabr &#8211; D\u00f6vl\u0259t Bayra\u011f\u0131 G\u00fcn\u00fcd\u00fcr<\/strong><\/em><\/p>\n<p>Torpaq V\u0259t\u0259n dem\u0259kdir, V\u0259t\u0259n is\u0259 d\u00f6vl\u0259tdir. D\u00f6vl\u0259tin r\u0259mzi m\u0259nsub oldu\u011fu xalq\u0131n kimliyinin, d\u00fc\u015f\u00fcnc\u0259 t\u0259rzinin, milli- m\u0259n\u0259vi s\u0259rv\u0259tl\u0259rinin he\u00e7 bir meyarla \u00f6l\u00e7\u00fclm\u0259y\u0259n d\u0259y\u0259ridir. Varl\u0131\u011f\u0131n\u0131 bildir\u0259n, suverenliyini t\u0259sdiql\u0259y\u0259n atributdur. Xalq\u0131n q\u00fcrur m\u0259nb\u0259yi, insanlar\u0131 \u0259traf\u0131nda birl\u0259\u015fdir\u0259n, yenilm\u0259zlik ruhu a\u015f\u0131layan, m\u0259fkur\u0259sini formala\u015fd\u0131ran inam, g\u00fcv\u0259n, and yeridir.<\/p>\n<p>\u0130lk d\u0259f\u0259 1918-ci ilin noyabr\u0131n 9-da Az\u0259rbaycan Xalq C\u00fcmhuriyy\u0259ti (AXC) Nazirl\u0259r \u015euras\u0131n\u0131n yerl\u0259\u015fdiyi binada dal\u011falanan Az\u0259rbaycan\u0131n D\u00f6vl\u0259t Bayra\u011f\u0131 el\u0259 o g\u00fcnl\u0259rd\u0259 d\u0259 d\u00fc\u015fm\u0259n\u0259 g\u00f6z da\u011f\u0131 idi. \u015e\u0259rqd\u0259 ilk demokratik respublika kimi c\u0259mi 23 ay ya\u015fayan AXC Ru\u015fiya imperiyas\u0131 t\u0259r\u0259f\u0259ind\u0259n s\u00fcquta u\u011frd\u0131lasa da xalq\u0131m\u0131z\u0131n milli ideyalar\u0131, m\u00fcbariz\u0259 \u0259zmi ya\u015fad\u0131ld\u0131, qorundu.<\/p>\n<p>\u2026 1990-c\u0131 il noyabr\u0131n 17-d\u0259 Nax\u00e7\u0131van Muxtar Respublikas\u0131 Ali M\u0259clisinin deputat\u0131, el a\u011fsaqqal\u0131 Heyd\u0259r \u018fliyevin ba\u015f\u00e7\u0131l\u0131\u011f\u0131 il\u0259 ke\u00e7iril\u0259n sessiyada d\u00f6vl\u0259t atributlar\u0131n\u0131n b\u0259rpas\u0131 il\u0259 ba\u011fl\u0131 m\u0259s\u0259l\u0259 m\u00fczakir\u0259 olundu. AXC-nin q\u0131sam\u00fcdd\u0259tli hakimiyy\u0259ti d\u00f6vr\u00fcnd\u0259 q\u0259bul olunmu\u015f m\u00fcq\u0259dd\u0259s, \u00fc\u00e7r\u0259ngli Bayra\u011f\u0131n muxtar respublikan\u0131n D\u00f6vl\u0259t Dayra\u011f\u0131 kimi b\u0259rpa olunmas\u0131 bir s\u0259sl\u0259 q\u0259bul edildi. Bu Bayra\u011f\u0131n d\u00f6vl\u0259t r\u0259mzi kimi tan\u0131nmas\u0131 haqq\u0131nda Az\u0259rbaycan SSR Ali Soveti qar\u015f\u0131s\u0131nda v\u0259sat\u0259t qald\u0131rd\u0131. 1991-ci il fevral\u0131n 5-d\u0259 bayraq Az\u0259rbaycan Respublikas\u0131n\u0131n Ali Soveti t\u0259r\u0259find\u0259n ikinci d\u0259f\u0259 d\u00f6vl\u0259t r\u0259mzi kimi t\u0259sdiq edildi.<br \/>\n1993-c\u00fc ild\u0259 Ulu \u00d6nd\u0259r Heyd\u0259r \u018fliyevin xalq\u0131n t\u0259kidli t\u0259l\u0259bi il\u0259 hakimiyy\u0259t\u0259 qay\u0131d\u0131\u015f\u0131ndan sonra \u00fc\u00e7r\u0259ngli bayra\u011f\u0131m\u0131z \u00fcmumxalq referendumu il\u0259 q\u0259bul edil\u0259n Konstitusiyada da \u00f6z \u0259ksini tapd\u0131.<br \/>\nM\u00fcst\u0259qil \u00f6lk\u0259 kimi beyn\u0259lxalq t\u0259\u015fkilatlarda t\u0259msil olunan Az\u0259rbaycan\u0131n varl\u0131\u011f\u0131n\u0131 bildir\u0259n D\u00f6vl\u0259t Bayra\u011f\u0131m\u0131z xarici \u00f6lk\u0259l\u0259rd\u0259 dal\u011falanmaqla Az\u0259rbaycan\u0131 d\u00fcnya birliyind\u0259 tan\u0131td\u0131. S\u0259simiz s\u0259rh\u0259dl\u0259rimizd\u0259n \u00e7ox-\u00e7ox uzaqlarda e\u015fidildi.<\/p>\n<p>Milli istiqlal ideologiyam\u0131z\u0131n t\u0259m\u0259l prinsipl\u0259rind\u0259n olan \u00abT\u00fcrk\u00e7\u00fcl\u00fck, m\u00fcasirlik, islam\u00e7\u0131l\u0131q\u00bb r\u0259mzl\u0259rini bayra\u011f\u0131m\u0131zda t\u0259svir olunan r\u0259ngl\u0259rind\u0259 ya\u015fadan, Az\u0259rbaycan\u0131n varl\u0131\u011f\u0131n\u0131n, milli kimliyimizin t\u0259sdiqi olan bayra\u011f\u0131m\u0131z art\u0131q \u00f6lk\u0259mizin h\u0259r qar\u0131\u015f torpa\u011f\u0131nda q\u00fcrurla dal\u011falan\u0131r. \u00dcmummilli Lider Heyd\u0259r \u018fliyevin \u00abAz\u0259rbaycan bayra\u011f\u0131 sad\u0259c\u0259 bayraq deyil. O bizim d\u00f6vl\u0259t\u00e7iliyimizin, m\u00fcst\u0259qilliyimizin r\u0259mzidir. Bu bizim m\u00fcst\u0259qil d\u00f6vl\u0259timizin r\u0259mzidir. Ona g\u00f6r\u0259 d\u0259 g\u0259r\u0259k h\u0259r bir Az\u0259rbaycan v\u0259t\u0259nda\u015f\u0131, x\u00fcsus\u0259n g\u0259nc n\u0259sil bunu d\u0259rk etsin, qiym\u0259tl\u0259ndirsin. Onda bayra\u011fa olan m\u0259h\u0259bb\u0259t eyni zamanda V\u0259t\u0259n\u0259, xalqa , d\u00f6vl\u0259t\u0259 olan m\u0259h\u0259bb\u0259t\u0259 b\u0259rab\u0259r olsun\u00bb s\u00f6zl\u0259rinin t\u0259sdiqi 44 g\u00fcn davam ed\u0259n \u0130kinci Qaraba\u011f m\u00fcharib\u0259sind\u0259ki Z\u0259f\u0259rimizin m\u00fcjd\u0259\u00e7isi kimi i\u015f\u011faldan azad olunmu\u015f torpaqlar\u0131m\u0131zda q\u00fcrurla dal\u011falanmas\u0131d\u0131r.<\/p>\n<p>\u0130lk d\u0259f\u0259 hakimiyy\u0259t\u0259 g\u0259l\u0259nd\u0259 Prezident kimi D\u00f6vl\u0259t Bayra\u011f\u0131m\u0131z qar\u015f\u0131s\u0131nda m\u00fcq\u0259dd\u0259s Qurani-K\u0259rimi \u00f6p\u00fcb and i\u00e7\u0259n c\u0259nab \u0130lham \u018fliyev d\u00f6vl\u0259t ba\u015f\u00e7\u0131s\u0131 kimi \u00fcz\u0259rin\u0259 d\u00fc\u015f\u0259n v\u0259zif\u0259l\u0259ri yerin\u0259 yetir\u0259c\u0259yi v\u0259dini verdi. \u018fminlikl\u0259 bildirdi ki, Az\u0259rbaycan Bayra\u011f\u0131 o vaxt i\u015f\u011fal alt\u0131nda olan b\u00fct\u00fcn \u0259razil\u0259rd\u0259, b\u00fct\u00fcn torpaqlarda, b\u00fct\u00fcn \u015f\u0259h\u0259r v\u0259 k\u0259ndl\u0259rd\u0259, y\u00fcks\u0259klikl\u0259rd\u0259 qald\u0131r\u0131lacaq. Xalqla birlikd\u0259 bu m\u00fcq\u0259dd\u0259s m\u0259qs\u0259d namin\u0259 d\u00fc\u015f\u00fcn\u00fclm\u00fc\u015f siyas\u0259ti, q\u0259tiyy\u0259ti il\u0259 add\u0131mlayan Prezident \u0130lham \u018fliyev bu amal u\u011furunda m\u00fcbarizlik g\u00f6st\u0259r\u0259rk xalqa verdiy s\u00f6z\u00fc yerin\u0259 yetirdi. 44 g\u00fcn davam ed\u0259n \u0130kinci Qaraba\u011f m\u00fcharib\u0259sind\u0259ki Z\u0259f\u0259rimizl\u0259 Az\u0259rbaycan Bayra\u011f\u0131 respublikam\u0131z\u0131n h\u0259r yerind\u0259, \u0259l\u00e7atmaz y\u00fcks\u0259klikl\u0259rd\u0259, s\u0259rh\u0259dboyu \u0259razil\u0259rd\u0259 dal\u011falan\u0131r. V\u0259t\u0259n m\u00fcharib\u0259sind\u0259 Bayra\u011f\u0131m\u0131z\u0131 can\u0131, qan\u0131 il\u0259 qoruyan, \u00f6l\u00fcms\u00fczl\u00fck dastan\u0131 yazaraq d\u00fc\u015fm\u0259n\u0259 g\u00f6z ver\u0259n \u015f\u0259hidl\u0259rimiz son m\u0259qamda varl\u0131\u011f\u0131 il\u0259 qoruduqlar\u0131 bayra\u011fa b\u00fcr\u00fcn\u0259r\u0259k, rahatl\u0131q taparaq, V\u0259t\u0259n\u0259 hesabat ver\u0259r\u0259k m\u00fcq\u0259dd\u0259s torpa\u011fa qovu\u015fdular. Nahaq deyilm\u0259yib ki, ba\u015f\u0131m\u0131n \u00fcst\u00fcnd\u0259 Bayra\u011f\u0131m dal\u011falan\u0131rsa, m\u0259n v\u00fcqarl\u0131yam, azadam, \u00f6lk\u0259m m\u00fcst\u0259qildir, suveren d\u00f6vl\u0259tim var. Xo\u015f g\u00fcnl\u0259rimizd\u0259, z\u0259f\u0259rli \u00e7a\u011flar\u0131m\u0131zda sevincimiz\u0259 \u015f\u0259rik olaraq ucalara boy ver\u0259n Bayra\u011f\u0131m\u0131z q\u0259m sirda\u015f\u0131 kimi elin k\u0259d\u0259rli anlar\u0131nda da h\u00fcznl\u0259nir, birlik r\u0259mzi kimi en\u0259r\u0259k \u00abs\u0131ralar\u0131m\u0131za qo\u015fulur.\u00bb<\/p>\n<p>Ulu \u00d6nd\u0259r Heyd\u0259r \u018fliyevin \u00abBiz \u00f6z himnimizi, bayra\u011f\u0131m\u0131z\u0131 \u00f6z\u00fcm\u00fcz q\u0259d\u0259r sevm\u0259liyik. \u00c7\u00fcnki bu, bizim V\u0259t\u0259nimiz\u0259, mill\u0259timiz\u0259, d\u00f6vl\u0259timiz\u0259 olan s\u0259daq\u0259t, sevgi v\u0259 m\u0259h\u0259bb\u0259tin r\u0259mzidir\u00bb, \u00abKim Az\u0259rbaycan\u0131 sevirs\u0259, kim Az\u0259rbaycan\u0131n m\u00fcst\u0259qil d\u00f6vl\u0259t olmas\u0131n\u0131 ist\u0259yirs\u0259, kim Az\u0259rbaycan\u0131n i\u015f\u011fal olunmu\u015f torpaqlar\u0131n\u0131n azad olunmas\u0131n\u0131 ist\u0259yirs\u0259, kim Az\u0259rbaycan\u0131n \u0259razi b\u00fct\u00f6vl\u00fcy\u00fcn\u00fc ist\u0259yirs\u0259, o, bu bayraq alt\u0131nda birl\u0259\u015fm\u0259lidir\u00bb s\u00f6zl\u0259ri g\u0259ncl\u0259rimizd\u0259 v\u0259t\u0259np\u0259rv\u0259rlik duy\u011fular\u0131n\u0131 g\u00fccl\u0259ndirdi.<\/p>\n<p>D\u00f6vl\u0259t r\u0259mzl\u0259rimiz\u0259 sadiqliyi, h\u00f6rm\u0259t v\u0259 ehtiram\u0131n\u0131 \u00abBayra\u011f\u0131m\u0131z e\u015fidil\u0259n s\u0259simiz, duyulan n\u0259f\u0259simizdir. Bizim bayra\u011f\u0131m\u0131z q\u00fcrur m\u0259nb\u0259yimizdir. Az\u0259rbaycan Respublikas\u0131 m\u00fcst\u0259qilliyini b\u0259rpa etdikd\u0259n sonra Az\u0259rbaycan\u0131n D\u00f6vl\u0259t Bayra\u011f\u0131 milli suverenliyin simvolu kimi \u00f6lk\u0259mizin b\u00fct\u00fcn v\u0259t\u0259nda\u015flar\u0131 \u00fc\u00e7\u00fcn m\u00fcq\u0259dd\u0259s d\u00f6vl\u0259t\u00e7ilik r\u0259mzl\u0259rind\u0259n birin\u0259 \u00e7evrilib. Az\u0259rbaycan Xalq C\u00fcmhuriyy\u0259tinin yadigar\u0131 olan bu Bayraq bizim azadl\u0131q m\u0259fkur\u0259sin\u0259, milli \u2013 m\u0259n\u0259vi d\u0259y\u0259rl\u0259r\u0259 v\u0259 \u00fcmumb\u0259\u015f\u0259ri ideallara sadiqliyimizi n\u00fcmayi\u015f etdirir\u00bb s\u00f6zl\u0259ri il\u0259 ifad\u0259 ed\u0259n Prezident \u0130lham \u018fliyev \u00f6lk\u0259d\u0259 milli birlik v\u0259 h\u0259mr\u0259yliyi g\u00fccl\u0259ndirm\u0259kl\u0259 44 g\u00fcn davam ed\u0259n \u0130kinci Qaraba\u011f m\u00fcharib\u0259sind\u0259 milliyy\u0259tind\u0259n, dini etiqad\u0131ndan as\u0131l\u0131 olmyaraq Az\u0259rbaycan xalq\u0131n\u0131 m\u00fcq\u0259dd\u0259s Bayra\u011f\u0131m\u0131z alt\u0131nda birl\u0259\u015fdirdi. El\u0259 o m\u0259qamlarda s\u00f6z\u00fcm\u00fcz\u0259 imzam\u0131z q\u0259d\u0259r d\u0259y\u0259r verdiyimizi m\u00f6h\u00fcr kimi t\u0259sdiql\u0259y\u0259n varl\u0131\u011f\u0131m\u0131z\u0131n r\u0259mzi Z\u0259f\u0259r soraql\u0131 Bayra\u011f\u0131m\u0131z oldu.<\/p>\n<p>Prezident \u0130lham \u018fliyevin m\u00fcvafiq s\u0259r\u0259ncamlar\u0131 \u0259sas\u0131nda Bayraq Meydan\u0131n\u0131n yarad\u0131lmas\u0131, D\u00f6vl\u0259t Bayra\u011f\u0131 G\u00fcn\u00fcn\u00fcn t\u0259sis olunmas\u0131 varl\u0131\u011f\u0131m\u0131z\u0131 t\u0259sdiql\u0259y\u0259n r\u0259mzimiz\u0259 h\u00f6rm\u0259t v\u0259 ehtiram\u0131n ifad\u0259si idi.<\/p>\n<p>2016-c\u0131 ilin Aprel d\u00f6y\u00fc\u015fl\u0259rind\u0259 i\u015f\u011faldan azad olunmu\u015f \u0259razil\u0259rimizd\u0259 dal\u011falanan Bayra\u011f\u0131m\u0131z\u0131n erm\u0259nil\u0259rin \u0259sar\u0259tind\u0259 qalan dig\u0259r rayonlarda da ucald\u0131laca\u011f\u0131n\u0131 b\u0259yan ed\u0259n Prezident, Ali Ba\u015f Komandan \u0130lham \u018fliyev q\u0259tiyy\u0259ti il\u0259 bu v\u0259dini reall\u0131\u011fa \u00e7evirdi, insanlar\u0131n torpaq h\u0259sr\u0259tin\u0259 son qoydu. D\u00f6vl\u0259t ba\u015f\u00e7\u0131s\u0131 kimi \u00abG\u00fcn g\u0259l\u0259c\u0259k v\u0259 bu g\u00fcn i\u015f\u011fal alt\u0131ndak\u0131 torpaqlar azad olunandan sonra orada qald\u0131r\u0131lacaq Az\u0259rbaycan bayra\u011f\u0131 Azadl\u0131q meydan\u0131na g\u0259tiril\u0259c\u0259k v\u0259 h\u0259rbi paradda g\u00f6st\u0259ril\u0259c\u0259k\u00bb s\u00f6zl\u0259rini qalib, M\u00fcz\u0259ff\u0259r Ali Ba\u015f Komandan kimi yerin\u0259 yetir\u0259n \u0130lham \u018fliyevin i\u015f\u011faldan azad olunan \u0259razil\u0259rimizd\u0259 dal\u011faland\u0131rd\u0131\u011f\u0131 Bayraqlar\u0131m\u0131z \u015f\u0259hidl\u0259rimizin ruhuna rahatl\u0131q g\u0259tirdi. \u00abD\u00fcn\u0259n var idik, bu g\u00fcn ya\u015fay\u0131r\u0131q, sabah da olaca\u011f\u0131q\u00bb ideyas\u0131n\u0131 \u0259b\u0259dil\u0259\u015fdirdi. Siyasi pasportumuz, m\u0259n\u0259viyyat\u0131m\u0131z, milli t\u0259f\u0259kk\u00fcr v\u0259 m\u0259fkur\u0259miz, kimliyimiz, \u0259b\u0259diyy\u0259t, m\u00fcq\u0259dd\u0259slik simvolu, q\u00fcrur m\u0259nb\u0259yimiz olan bayra\u011f\u0131m\u0131z d\u00fc\u015fm\u0259n\u0259 \u0259n a\u011f\u0131r z\u0259rb\u0259, g\u00f6z da\u011f\u0131 kimi h\u0259r yerd\u0259 dal\u011faland\u0131.<\/p>\n<p>\u00abBizim Bayra\u011f\u0131m\u0131z q\u00fcrur m\u0259nb\u0259yimizdir. Bizim Bayra\u011f\u0131m\u0131z can\u0131m\u0131zd\u0131r, \u00fcr\u0259yimizdir. Bu g\u00fcn Az\u0259rbaycan\u0131n h\u0259r bir yerind\u0259 D\u00f6vl\u0259t Bayra\u011f\u0131 dal\u011falan\u0131r\u00bb s\u00f6yl\u0259y\u0259n Prezident \u0130lham \u018fliyev Ali Ba\u015f Komandan kimi i\u015f\u011faldan azad olunmu\u015f \u0259razil\u0259rd\u0259 Bayra\u011f\u0131m\u0131z\u0131 ucaltmaqla q\u00fcdr\u0259tli Az\u0259rbaycan\u0131n yenilm\u0259zliyini d\u00fcnyaya b\u0259yan etdi.<\/p>\n<p>D\u00f6vl\u0259t r\u0259mzl\u0259rimiz\u0259 sadiqliyini, h\u00f6rm\u0259tini v\u0259 ehtiram\u0131n\u0131 \u00abBayra\u011f\u0131m\u0131z e\u015fidil\u0259n s\u0259simiz, duyulan n\u0259f\u0259simizdir. Bizim Bayra\u011f\u0131m\u0131z q\u00fcrur m\u0259nb\u0259yimizdir. Az\u0259rbaycan Respublikas\u0131 m\u00fcst\u0259qilliyini b\u0259rpa etdikd\u0259n sonra Az\u0259rbaycan\u0131n D\u00f6vl\u0259t Bayra\u011f\u0131 milli suverenliyin simvolu kimi \u00f6lk\u0259mizin b\u00fct\u00fcn v\u0259t\u0259nda\u015flar\u0131 \u00fc\u00e7\u00fcn m\u00fcq\u0259dd\u0259s d\u00f6vl\u0259t\u00e7ilik r\u0259mzl\u0259rind\u0259n birin\u0259 \u00e7evrilib. Az\u0259rbaycan Xalq C\u00fcmhuriyy\u0259tinin yadigar\u0131 olan bu bayraq bizim azadl\u0131q m\u0259fkur\u0259sin\u0259, milli \u2013 m\u0259n\u0259vi d\u0259y\u0259rl\u0259r\u0259 v\u0259 \u00fcmumb\u0259\u015f\u0259ri ideallara sadiqliyimizi n\u00fcmayi\u015f etdirir\u00bb s\u00f6zl\u0259ri il\u0259 ifad\u0259 ed\u0259n Prezident \u0130lham \u018fliyev \u00f6lk\u0259d\u0259 milli birlik v\u0259 h\u0259mr\u0259yliyi g\u00fccl\u0259ndirm\u0259kl\u0259 44 g\u00fcn davam ed\u0259n \u0130kinci Qaraba\u011f m\u00fcharib\u0259sind\u0259 milliyy\u0259tind\u0259n, dini etiqad\u0131ndan as\u0131l\u0131 olmayaraq Az\u0259rbaycan xalq\u0131n\u0131 m\u00fcq\u0259dd\u0259s Bayra\u011f\u0131m\u0131z alt\u0131nda birl\u0259\u015fdirdi.<br \/>\nQ\u00fcrur m\u0259nb\u0259yimiz olan Bayra\u011f\u0131m\u0131z 44 g\u00fcn davam ed\u0259n V\u0259t\u0259n m\u00fcharib\u0259sind\u0259 d\u00fc\u015fm\u0259n\u0259 \u0259n g\u00fccl\u00fc, m\u00fcasir silahlardan da a\u011f\u0131r z\u0259rb\u0259 vurdu. Erm\u0259ni mifini, separatizmi da\u011f\u0131td\u0131, da\u015fnaklara, onlar\u0131n havadarlar\u0131na g\u00f6z da\u011f\u0131 oldu. \u00abBax, burada oturmu\u015f \u00f6z\u00fcn\u00fc \u00abprezident\u00bb\u201d adland\u0131ran 3 t\u0259lx\u0259k bu g\u00fcn \u00f6z layiqli c\u0259zas\u0131n\u0131 g\u00f6zl\u0259yir. Bu binalar\u0131n birind\u0259 oturmu\u015f, \u00f6z\u00fcn\u00fc \u00abba\u015f nazir\u201d\u00bb adland\u0131ran bir adam g\u00f6r\u0259s\u0259n bu g\u00fcnd\u0259mi bizi h\u0259d\u0259l\u0259m\u0259y\u0259 c\u00fcr\u0259t ed\u0259c\u0259k? Onun da \u00e7ay\u0131 bu g\u00fcn istintaq t\u0259cridxanas\u0131nda verilir. Burada \u00f6z\u00fcn\u00fc \u00abxarici i\u015fl\u0259r naziri\u00bb\u201d adland\u0131rm\u0131\u015f bir separat\u00e7\u0131 o vaxt bel\u0259 kinay\u0259 il\u0259 deyirdi ki, Az\u0259rbaycan Bayra\u011f\u0131n\u0131 Xank\u0259ndid\u0259 qald\u0131rmaq ist\u0259yirs\u0259, s\u0259firlik a\u00e7s\u0131n bizim \u00f6lk\u0259mizd\u0259. \u0130ndi onun da \u00e7ay\u0131 orada, t\u0259cridxanada verilir. Bizim Bayra\u011f\u0131m\u0131z is\u0259 bax, oradad\u0131r. Bu, d\u0259rs olmal\u0131d\u0131r onlara\u00bb s\u00f6zl\u0259ri il\u0259 erm\u0259ni separatizmini yox ed\u0259n Prezident \u0130lham \u018fliyev bu k\u0259lamlar\u0131 il\u0259 Bayra\u011f\u0131m\u0131z\u0131n m\u00fcq\u0259dd\u0259sliyini bildirir. Az\u0259rbaycandan oyuncaq rejim Qaraba\u011fa \u00abs\u0259fir\u00bb g\u00f6nd\u0259ril\u0259c\u0259yi s\u0259rs\u0259ml\u0259m\u0259l\u0259ri il\u0259 x\u0259yala dalan \u00abnazir\u00bb indi \u00f6lk\u0259mizd\u0259 D\u00f6vl\u0259t Bayra\u011f\u0131m\u0131z\u0131n dal\u011faland\u0131\u011f\u0131 t\u0259cridxanada s\u0259fildir.<\/p>\n<p>\u00abAzadl\u0131q meydan\u0131nda paradlar \u00e7ox ke\u00e7irilib. Ancaq bu parad\u0131n x\u00fcsusi \u00f6n\u0259mi var. Bu, Z\u0259f\u0259r parad\u0131d\u0131r. Bu, tarixi hadis\u0259dir. Paradlar\u0131n birind\u0259 m\u0259n demi\u015fdim ki, parada 2016-c\u0131 ild\u0259 L\u0259l\u0259t\u0259p\u0259 y\u00fcks\u0259kliyind\u0259 qald\u0131r\u0131lm\u0131\u015f bayraq g\u0259tiril\u0259c\u0259k. Demi\u015fdim ki, g\u00fcn g\u0259l\u0259c\u0259k v\u0259 bu g\u00fcn i\u015f\u011faldan azad edil\u0259n torpaqlarda qald\u0131r\u0131lan Az\u0259rbaycan bayra\u011f\u0131 Azadl\u0131q meydan\u0131na g\u0259tiril\u0259c\u0259k v\u0259 bu g\u00fcn g\u0259ldi. Bu tarixi g\u00fcn\u00fcn \u015fahidi bizik, Az\u0259rbaycan xalq\u0131d\u0131r. Biz bundan sonra ancaq v\u0259 ancaq ir\u0259li ged\u0259c\u0259yik\u00bb s\u00f6zl\u0259ri il\u0259 Ali Ba\u015f Komandan kimi d\u0259 v\u0259din\u0259 sadiq qalan Prezident \u0130lham \u018fliyev beyn\u0259lxalq t\u0259dirl\u0259rd\u0259 Bayra\u011f\u0131m\u0131z alt\u0131nda Az\u0259rbaycan h\u0259qiq\u0259tl\u0259rini d\u00fcnyaya b\u0259yan edirdi.<\/p>\n<p>\u015eu\u015fan\u0131n, La\u00e7\u0131n\u0131n, Xocal\u0131n\u0131n, Xank\u0259ndinin\u2026 i\u015f\u011faldan azad edildiyi g\u00fcn k\u00fc\u00e7\u0259l\u0259r\u0259 topla\u015fan insanlar\u0131n \u0259ll\u0259rind\u0259, ma\u015f\u0131nlarda dal\u011falanan bayraqlar\u0131m\u0131z xalq\u0131m\u0131z\u0131n biri-birin\u0259 g\u00f6zayd\u0131nl\u0131\u011f\u0131, Prezident, Ali Ba\u015f Komandan \u0130lham \u018fliyevl\u0259 h\u0259mr\u0259ylik r\u0259mzi idi. La\u00e7\u0131n s\u0259rh\u0259d ke\u00e7id- burax\u0131l\u0131\u015f m\u0259nt\u0259q\u0259si a\u00e7\u0131lan g\u00fcnl\u0259rd\u0259 acizlikl\u0259rini \u0259razid\u0259 ucald\u0131lan Bayra\u011f\u0131m\u0131za qar\u015f\u0131 t\u0259xribat t\u00f6r\u0259tm\u0259kl\u0259 bildir\u0259n Qaraba\u011f separat\u00e7\u0131lar\u0131 he\u00e7 n\u0259y\u0259 nail ola bilm\u0259dil\u0259r. \u0130r\u0259vanda ke\u00e7iril\u0259n a\u011f\u0131r atletika \u00fczr\u0259 Avropa \u00e7empionat\u0131nda q\u0131z\u0131l medal qazanan Cansu Bek\u00adta\u015f\u0131n \u00abAld\u0131\u011f\u0131m medal\u0131 az\u0259r\u00adbaycanl\u0131 qarda\u015flar\u0131ma h\u0259sr edir\u0259m, onlar\u0131 \u00e7ox sevirik. Biz h\u0259r zaman sizin yan\u0131n\u0131zda\u00ady\u0131q!\u00bb s\u00f6zl\u0259ri Bayra\u011f\u0131m\u0131z\u0131 yand\u0131rmaqla \u00f6z\u00fcn\u00fc q\u0259hr\u0259man hesab ed\u0259n \u00abaram\u00e7ikl\u0259r\u00bb\u0259 Turan yenilm\u0259zliyinin, T\u00fcrkiy\u0259- Az\u0259rbaycan qarda\u015fl\u0131\u011f\u0131n\u0131n z\u0259rb\u0259si oldu.<\/p>\n<p>Respublikam\u0131zda ke\u00e7iril\u0259n m\u00fch\u00fcm beyn\u0259lxalq t\u0259dbirl\u0259rd\u0259 varl\u0131\u011f\u0131m\u0131z\u0131n simvolu olan D\u00f6vl\u0259t Bayra\u011f\u0131m\u0131z\u0131n n\u00f6vb\u0259ti \u00fcnvan\u0131 qar\u015f\u0131lama\u011fa haz\u0131rla\u015fd\u0131\u011f\u0131m\u0131z COP29-un r\u0259mzi kimi d\u0259 varl\u0131\u011f\u0131m\u0131z\u0131 d\u00fcnyaya b\u0259yan ed\u0259c\u0259k. \u00d6lk\u0259mizd\u0259n planetimizin b\u00fct\u00fcn g\u00fc\u015f\u0259l\u0259rini\u0259 \u00fcnvanlanacaq \u00abYa\u015f\u0131l d\u00fcnya namin\u0259 birl\u0259\u015f\u0259k!\u00bb h\u0259mr\u0259ylik \u00e7a\u011f\u0131r\u0131\u015f\u0131na b\u0259l\u0259d\u00e7ilik ed\u0259c\u0259k. \u00dc\u00e7r\u0259ngli Bayra\u011f\u0131m\u0131za \u00f6z\u00fcn\u00fcn, xalq\u0131n\u0131n sevgi v\u0259 ehtiram\u0131n\u0131<\/p>\n<p><em>\u00dc\u00e7r\u0259ngli bayra\u011f\u0131n k\u00f6lg\u0259sind\u0259 m\u0259n,<br \/>\nQaraca torpa\u011f\u0131 V\u0259t\u0259n g\u00f6rm\u00fc\u015f\u0259m.<br \/>\nZ\u0259f\u0259r g\u00fcll\u0259rini d\u00f6vri-q\u0259dimd\u0259n<br \/>\nBayraq i\u015f\u0131\u011f\u0131nda bit\u0259n g\u00f6rm\u00fc\u015f\u0259m.<br \/>\nBayraq m\u0259nliyimdir, bayraq kimliyim,<br \/>\nBayraq \u00f6z yurduma \u00f6z hakimliyim!<\/em><\/p>\n<p>s\u0259tirl\u0259ri il\u0259 bildir\u0259n Xalq \u015fairi B\u0259xtiyar Vahabzad\u0259nin bu s\u00f6zl\u0259ri \u00f6lk\u0259miz\u0259 g\u0259l\u0259n qonaqlara Az\u0259rbaycan v\u0259t\u0259nda\u015fl\u0131\u011f\u0131n\u0131n, milli ideologiyam\u0131z\u0131n, t\u0259f\u0259kk\u00fcr\u00fcm\u00fcz\u00fcn, yenilm\u0259zliyimizin vizit kart\u0131d\u0131r.<\/p>\n<p>\u00ab\u018fziz h\u0259mv\u0259t\u0259nl\u0259r, bu meydanda bu g\u00fcn durmaq b\u00f6y\u00fck xo\u015fb\u0259xtlikdir, b\u00f6y\u00fck f\u0259r\u0259hdir, q\u00fcrur m\u0259nb\u0259yidir. M\u0259n q\u00fcrur hissi il\u0259 Az\u0259rbaycan Bayra\u011f\u0131n\u0131 bu g\u00fcn qald\u0131rm\u0131\u015fam v\u0259 do\u011fma xalq\u0131ma bir daha dem\u0259k ist\u0259yir\u0259m ki, biz bu Q\u0259l\u0259b\u0259y\u0259 layiqik. Az\u0259rbaycan xalq\u0131 bu Q\u0259l\u0259b\u0259ni \u00f6z qan\u0131, can\u0131 bahas\u0131na \u0259ld\u0259 etmi\u015fdir. Bu g\u00fcn burada qald\u0131rd\u0131\u011f\u0131m Bayraq burada \u0259b\u0259di dal\u011falanacaq v\u0259 biz burada \u0259b\u0259di ya\u015fayaca\u011f\u0131q. Qaraba\u011f bizimdir, Qaraba\u011f Az\u0259rbaycand\u0131r!\u00bb s\u00f6yl\u0259y\u0259n Prezident \u0130lham \u018fliyev is\u0259 milli ideologiyam\u0131z\u0131, varl\u0131\u011f\u0131m\u0131z\u0131, suverenliyimizi qoruyan \u0259b\u0259di h\u0259r bir v\u0259t\u0259nda\u015f\u0131 bayraq kimi \u0259traf\u0131nda birl\u0259\u015fdir\u0259n yenilm\u0259z S\u0259rk\u0259rd\u0259dir.<\/p>\n<p><strong>Xuraman \u0130smay\u0131lq\u0131z\u0131, \u00ab\u0130ki sahil\u00bb<\/strong><\/p>\n","protected":false},"excerpt":{"rendered":"<p>9 noyabr &#8211; D\u00f6vl\u0259t Bayra\u011f\u0131 G\u00fcn\u00fcd\u00fcr Torpaq V\u0259t\u0259n dem\u0259kdir, V\u0259t\u0259n is\u0259 d\u00f6vl\u0259tdir. D\u00f6vl\u0259tin r\u0259mzi m\u0259nsub oldu\u011fu xalq\u0131n kimliyinin, d\u00fc\u015f\u00fcnc\u0259 t\u0259rzinin, milli- m\u0259n\u0259vi s\u0259rv\u0259tl\u0259rinin he\u00e7 bir meyarla \u00f6l\u00e7\u00fclm\u0259y\u0259n d\u0259y\u0259ridir. Varl\u0131\u011f\u0131n\u0131 bildir\u0259n, suverenliyini t\u0259sdiql\u0259y\u0259n atributdur. Xalq\u0131n q\u00fcrur m\u0259nb\u0259yi, insanlar\u0131 \u0259traf\u0131nda birl\u0259\u015fdir\u0259n, yenilm\u0259zlik ruhu a\u015f\u0131layan, m\u0259fkur\u0259sini formala\u015fd\u0131ran inam, g\u00fcv\u0259n, and yeridir. \u0130lk d\u0259f\u0259 1918-ci ilin noyabr\u0131n 9-da Az\u0259rbaycan Xalq C\u00fcmhuriyy\u0259ti (AXC) Nazirl\u0259r \u015euras\u0131n\u0131n yerl\u0259\u015fdiyi binada dal\u011falanan Az\u0259rbaycan\u0131n D\u00f6vl\u0259t Bayra\u011f\u0131 el\u0259 o g\u00fcnl\u0259rd\u0259 d\u0259 d\u00fc\u015fm\u0259n\u0259 g\u00f6z da\u011f\u0131 idi. \u015e\u0259rqd\u0259 ilk demokratik respublika kimi c\u0259mi 23 ay ya\u015fayan AXC Ru\u015fiya imperiyas\u0131 t\u0259r\u0259f\u0259ind\u0259n s\u00fcquta u\u011frd\u0131lasa da&hellip;<\/p>\n","protected":false},"author":2,"featured_media":767467,"comment_status":"closed","ping_status":"closed","sticky":false,"template":"","format":"standard","meta":{"om_disable_all_campaigns":false,"_monsterinsights_skip_tracking":false,"_monsterinsights_sitenote_active":false,"_monsterinsights_sitenote_note":"","_monsterinsights_sitenote_category":0},"categories":[19],"tags":[],"aioseo_notices":[],"gutentor_comment":0,"rttpg_featured_image_url":{"full":["https:\/\/arantv.az\/wp-content\/uploads\/2024\/11\/912e79cd163350368725159899210244786.jpg",975,540,false],"landscape":["https:\/\/arantv.az\/wp-content\/uploads\/2024\/11\/912e79cd163350368725159899210244786.jpg",975,540,false],"portraits":["https:\/\/arantv.az\/wp-content\/uploads\/2024\/11\/912e79cd163350368725159899210244786.jpg",975,540,false],"thumbnail":["https:\/\/arantv.az\/wp-content\/uploads\/2024\/11\/912e79cd163350368725159899210244786-500x280.jpg",500,280,true],"medium":["https:\/\/arantv.az\/wp-content\/uploads\/2024\/11\/912e79cd163350368725159899210244786-660x365.jpg",660,365,true],"large":["https:\/\/arantv.az\/wp-content\/uploads\/2024\/11\/912e79cd163350368725159899210244786-840x465.jpg",640,354,true],"1536x1536":["https:\/\/arantv.az\/wp-content\/uploads\/2024\/11\/912e79cd163350368725159899210244786.jpg",975,540,false],"2048x2048":["https:\/\/arantv.az\/wp-content\/uploads\/2024\/11\/912e79cd163350368725159899210244786.jpg",975,540,false],"post-thumbnail":["https:\/\/arantv.az\/wp-content\/uploads\/2024\/11\/912e79cd163350368725159899210244786-240x172.jpg",240,172,true],"advps-thumb-one":["https:\/\/arantv.az\/wp-content\/uploads\/2024\/11\/912e79cd163350368725159899210244786.jpg",975,540,false]},"rttpg_author":{"display_name":"V\u00fcsal Rafiqo\u011flu","author_link":"https:\/\/arantv.az\/?author=2"},"rttpg_comment":0,"rttpg_category":"<a href=\"https:\/\/arantv.az\/?cat=19\" rel=\"category\">G\u00fcnd\u0259m<\/a>","rttpg_excerpt":"9 noyabr &#8211; D\u00f6vl\u0259t Bayra\u011f\u0131 G\u00fcn\u00fcd\u00fcr Torpaq V\u0259t\u0259n dem\u0259kdir, V\u0259t\u0259n is\u0259 d\u00f6vl\u0259tdir. D\u00f6vl\u0259tin r\u0259mzi m\u0259nsub oldu\u011fu xalq\u0131n kimliyinin, d\u00fc\u015f\u00fcnc\u0259 t\u0259rzinin, milli- m\u0259n\u0259vi s\u0259rv\u0259tl\u0259rinin he\u00e7 bir meyarla \u00f6l\u00e7\u00fclm\u0259y\u0259n d\u0259y\u0259ridir. Varl\u0131\u011f\u0131n\u0131 bildir\u0259n, suverenliyini t\u0259sdiql\u0259y\u0259n atributdur. Xalq\u0131n q\u00fcrur m\u0259nb\u0259yi, insanlar\u0131 \u0259traf\u0131nda birl\u0259\u015fdir\u0259n, yenilm\u0259zlik ruhu a\u015f\u0131layan, m\u0259fkur\u0259sini formala\u015fd\u0131ran inam, g\u00fcv\u0259n, and yeridir. \u0130lk d\u0259f\u0259 1918-ci ilin noyabr\u0131n 9-da Az\u0259rbaycan&hellip;","_links":{"self":[{"href":"https:\/\/arantv.az\/index.php?rest_route=\/wp\/v2\/posts\/767466"}],"collection":[{"href":"https:\/\/arantv.az\/index.php?rest_route=\/wp\/v2\/posts"}],"about":[{"href":"https:\/\/arantv.az\/index.php?rest_route=\/wp\/v2\/types\/post"}],"author":[{"embeddable":true,"href":"https:\/\/arantv.az\/index.php?rest_route=\/wp\/v2\/users\/2"}],"replies":[{"embeddable":true,"href":"https:\/\/arantv.az\/index.php?rest_route=%2Fwp%2Fv2%2Fcomments&post=767466"}],"version-history":[{"count":1,"href":"https:\/\/arantv.az\/index.php?rest_route=\/wp\/v2\/posts\/767466\/revisions"}],"predecessor-version":[{"id":767468,"href":"https:\/\/arantv.az\/index.php?rest_route=\/wp\/v2\/posts\/767466\/revisions\/767468"}],"wp:featuredmedia":[{"embeddable":true,"href":"https:\/\/arantv.az\/index.php?rest_route=\/wp\/v2\/media\/767467"}],"wp:attachment":[{"href":"https:\/\/arantv.az\/index.php?rest_route=%2Fwp%2Fv2%2Fmedia&parent=767466"}],"wp:term":[{"taxonomy":"category","embeddable":true,"href":"https:\/\/arantv.az\/index.php?rest_route=%2Fwp%2Fv2%2Fcategories&post=767466"},{"taxonomy":"post_tag","embeddable":true,"href":"https:\/\/arantv.az\/index.php?rest_route=%2Fwp%2Fv2%2Ftags&post=767466"}],"curies":[{"name":"wp","href":"https:\/\/api.w.org\/{rel}","templated":true}]}}