{"id":767469,"date":"2024-11-09T09:11:36","date_gmt":"2024-11-09T05:11:36","guid":{"rendered":"https:\/\/arantv.az\/?p=767469"},"modified":"2024-11-09T09:11:36","modified_gmt":"2024-11-09T05:11:36","slug":"az%c9%99rbaycan-bayragi-milli-qururumuz-kimliyimizdir","status":"publish","type":"post","link":"https:\/\/arantv.az\/?p=767469","title":{"rendered":"Az\u0259rbaycan bayra\u011f\u0131 milli q\u00fcrurumuz, kimliyimizdir"},"content":{"rendered":"<p>M\u0259n\u0259vi d\u0259y\u0259rl\u0259r\u0259 \u00fcst\u00fcnl\u00fck ver\u0259n Az\u0259rbaycan xalq\u0131 d\u00f6vl\u0259t\u0259 v\u0259 onun simvollar\u0131na \u00e7ox ba\u011fl\u0131d\u0131r. \u00dc\u00e7r\u0259ngli bayra\u011f\u0131m\u0131z\u0131 g\u00f6r\u0259nd\u0259 \u00f6z\u00fcm\u00fczd\u0259n as\u0131l\u0131 olmayaraq q\u00fcrr\u0259l\u0259nirik, f\u0259r\u0259hl\u0259nirik. H\u0259tta azya\u015fl\u0131 u\u015faqlar bayra\u011f\u0131m\u0131za \u201cAz\u0259rbaycan\u201d deyirl\u0259r. Bu bizim ail\u0259l\u0259rd\u0259 u\u015faqlara d\u00fczg\u00fcn t\u0259rbiyy\u0259nin verilm\u0259sinin, v\u0259t\u0259np\u0259rv\u0259rlik hissl\u0259rinin a\u015f\u0131lanmas\u0131n\u0131n g\u00f6st\u0259ricisidir.<\/p>\n<p>Ulu \u00d6nd\u0259r Heyd\u0259r \u018fliyevin dediyi kimi, Az\u0259rbaycan Bayra\u011f\u0131, sad\u0259c\u0259, bayraq deyil. O, bizim d\u00f6vl\u0259t\u00e7iliyimizin, m\u00fcst\u0259qilliyimizin r\u0259mzidir. Bu, bizim m\u00fcst\u0259qil d\u00f6vl\u0259timizin r\u0259mzidir. Ona g\u00f6r\u0259 d\u0259 g\u0259r\u0259k h\u0259r bir Az\u0259rbaycan v\u0259t\u0259nda\u015f\u0131, x\u00fcsus\u0259n g\u0259nc n\u0259sil bunu d\u0259rk etsin, qiym\u0259tl\u0259ndirsin. \u0130ndi h\u0259r bir evd\u0259 8 gu\u015f\u0259li, ay-ulduzlu bayra\u011fa rast g\u0259lm\u0259k m\u00fcmk\u00fcnd\u00fcr. Sevindirici hald\u0131r ki, toylar\u0131m\u0131zda da bayra\u011f\u0131m\u0131z dal\u011falan\u0131r. \u015e\u0259hidl\u0259rimiz son m\u0259nzil\u0259 milli bayra\u011f\u0131m\u0131z alt\u0131nda yola sal\u0131n\u0131r. \u015e\u0259hidin m\u0259zar\u0131 \u00fcst\u00fcnd\u0259 onun atas\u0131na bayra\u011f\u0131m\u0131z \u0259man\u0259t edilir. O bayraq yadigar v\u0259 \u0259man\u0259t olaraq \u015f\u0259hidin ail\u0259si t\u0259r\u0259find\u0259n m\u00fcq\u0259dd\u0259s simvol kimi qorunur, saxlan\u0131l\u0131r. \u00d6lk\u0259 Prezidenti se\u00e7il\u0259n \u015f\u0259xs xalqa s\u0259daq\u0259t and\u0131 i\u00e7ir. Bu anda s\u0259daq\u0259tini m\u00fcq\u0259dd\u0259s Quran kitab\u0131na \u0259l basmaqla v\u0259 \u00fc\u00e7r\u0259ngli bayra\u011f\u0131m\u0131z\u0131n qar\u015f\u0131s\u0131nda diz \u00e7\u00f6k\u0259r\u0259k onu \u00f6pm\u0259kl\u0259 n\u00fcmayi\u015f etdirir.<\/p>\n<p>44 g\u00fcnl\u00fck V\u0259t\u0259n M\u00fcharib\u0259sind\u0259 d\u00f6y\u00fc\u015f\u0259 at\u0131lan igid o\u011fullar\u0131m\u0131z\u0131n h\u0259r birinin sin\u0259sind\u0259 Az\u0259rbaycan bayra\u011f\u0131 vard\u0131. Budur Az\u0259rbaycanda bayra\u011fa veril\u0259n d\u0259y\u0259r. B\u00fct\u00fcn bunlar g\u0259ncl\u0259rd\u0259 bayra\u011fa, v\u0259t\u0259n\u0259 olan sevgini, ba\u011fl\u0131l\u0131\u011f\u0131 art\u0131r\u0131r.T\u0259bii ki, bayra\u011f\u0131m\u0131z\u0131 biz\u0259 sevdir\u0259nl\u0259r ilk olaraq Az\u0259rbaycan Xalq C\u00fcmhuriyy\u0259tinin qurucular\u0131 olub. Az\u0259rbaycan Xalq C\u00fcmhuriyy\u0259tinin \u00fc\u00e7r\u0259ngli D\u00f6vl\u0259t Bayra\u011f\u0131 ilk d\u0259f\u0259 1918-ci il noyabr\u0131n 9-da Bak\u0131da, h\u00f6kum\u0259tin iclas\u0131nda q\u0259bul edilib v\u0259 iclas\u0131n ke\u00e7irildiyi Az\u0259rbaycan Xalq C\u00fcmhuriyy\u0259ti Nazirl\u0259r \u015euras\u0131n\u0131n binas\u0131 \u00fcz\u0259rind\u0259 ucald\u0131l\u0131b\u00a0v\u0259 1920-ci ilin aprel ay\u0131nad\u0259k d\u00f6vl\u0259t statusuna malik olub. 70 il \u0259rzind\u0259 Az\u0259rbaycan\u0131n v\u0259t\u0259np\u0259rv\u0259r \u00f6vladlar\u0131, m\u00fchacir\u0259td\u0259 ya\u015fayan soyda\u015flar\u0131m\u0131z bayra\u011f\u0131m\u0131z\u0131 ya\u015fad\u0131blar, t\u0259bli\u011f edibl\u0259r.<\/p>\n<p>H\u0259l\u0259 Az\u0259rbaycan sevdal\u0131s\u0131 M\u0259h\u0259mm\u0259d \u018fmin R\u0259sulzad\u0259 28 May 1953-c\u00fc il &#8220;Amerikan\u0131n S\u0259si&#8221; radiosundan Az\u0259rbaycan xalq\u0131na xitab\u0259n buyururdu. &#8220;\u00dc\u00e7 r\u0259ngli \u0130stiqlal Bayra\u011f\u0131n\u0131 d\u00f6\u015fl\u0259rind\u0259 g\u0259zdir\u0259n buradak\u0131 v\u0259t\u0259n ayr\u0131s\u0131 bizl\u0259rd\u0259n, orada h\u0259r t\u00fcrl\u00fc qorxu v\u0259 t\u0259hdid alt\u0131nda q\u0259lbl\u0259ri istiqlal e\u015fqiyl\u0259 \u00e7\u0131rp\u0131nan azadl\u0131q ayr\u0131s\u0131 sizl\u0259r\u0259 candan salamlar g\u00f6nd\u0259rir, 28 May\u0131s istiqlal qurbanlar\u0131n\u0131n \u0259ziz ruhlar\u0131 huzurunda h\u00f6rm\u0259tl\u0259 \u0259yilir v\u0259 h\u0259r iki t\u0259r\u0259fi birl\u0259\u015fdir\u0259n milli b\u00f6y\u00fck h\u0259sr\u0259ti, \u015fairin deyi\u015fiyl\u0259 dil\u0259 g\u0259tirir\u0259m S\u0259n bizims\u0259n, bizims\u0259n durduqca b\u0259d\u0259nd\u0259 Can, Ya\u015fa, ya\u015fa, \u00e7ox ya\u015fa, ey \u015fanl\u0131 Az\u0259rbaycan!&#8221;<\/p>\n<p>Ulu \u00d6nd\u0259r Heyd\u0259r \u018fliyev bildirirdi ki, g\u0259r\u0259k h\u0259r bir evd\u0259 Az\u0259rbaycan D\u00f6vl\u0259tinin Bayra\u011f\u0131 olsun, h\u0259r bir ail\u0259 Az\u0259rbaycan bayra\u011f\u0131na ita\u0259t etsin. Bu bayraq t\u0259k r\u0259smi yerl\u0259rd\u0259 yox, idar\u0259l\u0259rd\u0259, k\u00fc\u00e7\u0259l\u0259rd\u0259, saraylarda, m\u0259kt\u0259bl\u0259rd\u0259 yox, g\u0259r\u0259k h\u0259r bir ail\u0259nin h\u0259yat\u0131n\u0131n \u0259ziz bir hiss\u0259si olsun. Az\u0259rbaycan Respublikas\u0131 Prezidenti \u0130lham \u018fliyevin 2009-cu il noyabr\u0131n 17-d\u0259 imzalad\u0131\u011f\u0131 S\u0259r\u0259ncamla h\u0259r il noyabr\u0131n 9-u \u00f6lk\u0259d\u0259 D\u00f6vl\u0259t Bayra\u011f\u0131 G\u00fcn\u00fc kimi qeyd edilir. Az\u0259rbaycan Respublikas\u0131 \u018fm\u0259k M\u0259c\u0259ll\u0259sinin 105-ci madd\u0259sin\u0259 \u0259sas\u0259n bu bayram \u00f6lk\u0259d\u0259 qeyri-i\u015f g\u00fcn\u00fc olan bayramlar\u0131n siyah\u0131s\u0131na daxil edilib. Bayra\u011f\u0131m\u0131z\u0131n ideoloji t\u0259m\u0259li \u00e7ox maraql\u0131d\u0131r. \u201cT\u00fcrk\u00e7\u00fcl\u00fck, m\u00fcasirlik v\u0259 islam\u00e7\u0131l\u0131q\u201d t\u0259m\u0259linin m\u00fc\u0259llifi g\u00f6rk\u0259mli Az\u0259rbaycan m\u00fct\u0259f\u0259kkiri \u018fli B\u0259y H\u00fcseynzad\u0259dir. \u00dc\u00e7 r\u0259ngli bayra\u011f\u0131m\u0131z bizim azadl\u0131q m\u0259fkur\u0259sin\u0259, milli-m\u0259n\u0259vi d\u0259y\u0259rl\u0259r\u0259 v\u0259 \u00fcmumb\u0259\u015f\u0259ri ideallara sadiqliyimizi n\u00fcmayi\u015f etdirir. Az\u0259rbaycan Xalq C\u00fcmhuriyy\u0259tinin \u00fc\u00e7r\u0259ngli D\u00f6vl\u0259t Bayra\u011f\u0131 1990-c\u0131 il noyabr\u0131n 17-d\u0259 Nax\u00e7\u0131van Muxtar Respublikas\u0131 Ali M\u0259clisinin s\u0259dri, xalq\u0131m\u0131z\u0131n \u00dcmummilli Lideri Heyd\u0259r \u018fliyevin t\u0259\u015f\u0259bb\u00fcs\u00fc v\u0259 r\u0259hb\u0259rliyi il\u0259 ke\u00e7iril\u0259n sessiyada Nax\u00e7\u0131van Muxtar Respublikas\u0131n\u0131n D\u00f6vl\u0259t Bayra\u011f\u0131 olaraq t\u0259sdiq edilib. 1991-ci il oktyabr\u0131n 18-d\u0259 \u201cAz\u0259rbaycan Respublikas\u0131n\u0131n d\u00f6vl\u0259t m\u00fcst\u0259qilliyi haqq\u0131nda\u201d Konstitusiya Akt\u0131 il\u0259 Az\u0259rbaycan Respublikas\u0131 Az\u0259rbaycan Xalq C\u00fcmhuriyy\u0259tinin varisi kimi onun d\u00f6vl\u0259t r\u0259mzl\u0259rini, o c\u00fcml\u0259d\u0259n D\u00f6vl\u0259t Bayra\u011f\u0131n\u0131 b\u0259rpa etdi. Az\u0259rbaycan Respublikas\u0131n\u0131n Prezidenti \u0130lham \u018fliyevin dediyi kimi, bayra\u011f\u0131m\u0131z e\u015fidil\u0259n s\u0259simiz, duyulan n\u0259f\u0259simizdir. Bizim bayra\u011f\u0131m\u0131z q\u00fcrur m\u0259nb\u0259yimizdir.<\/p>\n<p>Bayraq G\u00fcn\u00fc m\u00fcnasib\u0259til\u0259 b\u00fct\u00fcn Az\u0259rbaycan xalq\u0131n\u0131 t\u0259brik edir\u0259m!<\/p>\n<p><img src=\"https:\/\/ikisahil.az\/upload\/\/2024\/11\/08\/\/-42a6845a173104486859402870610368842.jpg\" alt=\"\" \/><\/p>\n<p>M\u0259tan\u0259t S\u0259f\u0259rli,<\/p>\n<p>YAP N\u0259simi Rayon T\u0259\u015fkilat\u0131n\u0131n \u0259m\u0259kda\u015f\u0131<\/p>\n","protected":false},"excerpt":{"rendered":"<p>M\u0259n\u0259vi d\u0259y\u0259rl\u0259r\u0259 \u00fcst\u00fcnl\u00fck ver\u0259n Az\u0259rbaycan xalq\u0131 d\u00f6vl\u0259t\u0259 v\u0259 onun simvollar\u0131na \u00e7ox ba\u011fl\u0131d\u0131r. \u00dc\u00e7r\u0259ngli bayra\u011f\u0131m\u0131z\u0131 g\u00f6r\u0259nd\u0259 \u00f6z\u00fcm\u00fczd\u0259n as\u0131l\u0131 olmayaraq q\u00fcrr\u0259l\u0259nirik, f\u0259r\u0259hl\u0259nirik. H\u0259tta azya\u015fl\u0131 u\u015faqlar bayra\u011f\u0131m\u0131za \u201cAz\u0259rbaycan\u201d deyirl\u0259r. Bu bizim ail\u0259l\u0259rd\u0259 u\u015faqlara d\u00fczg\u00fcn t\u0259rbiyy\u0259nin verilm\u0259sinin, v\u0259t\u0259np\u0259rv\u0259rlik hissl\u0259rinin a\u015f\u0131lanmas\u0131n\u0131n g\u00f6st\u0259ricisidir. Ulu \u00d6nd\u0259r Heyd\u0259r \u018fliyevin dediyi kimi, Az\u0259rbaycan Bayra\u011f\u0131, sad\u0259c\u0259, bayraq deyil. O, bizim d\u00f6vl\u0259t\u00e7iliyimizin, m\u00fcst\u0259qilliyimizin r\u0259mzidir. Bu, bizim m\u00fcst\u0259qil d\u00f6vl\u0259timizin r\u0259mzidir. Ona g\u00f6r\u0259 d\u0259 g\u0259r\u0259k h\u0259r bir Az\u0259rbaycan v\u0259t\u0259nda\u015f\u0131, x\u00fcsus\u0259n g\u0259nc n\u0259sil bunu d\u0259rk etsin, qiym\u0259tl\u0259ndirsin. \u0130ndi h\u0259r bir evd\u0259 8 gu\u015f\u0259li, ay-ulduzlu bayra\u011fa rast g\u0259lm\u0259k m\u00fcmk\u00fcnd\u00fcr. Sevindirici hald\u0131r ki, toylar\u0131m\u0131zda da bayra\u011f\u0131m\u0131z&hellip;<\/p>\n","protected":false},"author":2,"featured_media":767470,"comment_status":"closed","ping_status":"closed","sticky":false,"template":"","format":"standard","meta":{"om_disable_all_campaigns":false,"_monsterinsights_skip_tracking":false,"_monsterinsights_sitenote_active":false,"_monsterinsights_sitenote_note":"","_monsterinsights_sitenote_category":0},"categories":[19],"tags":[],"aioseo_notices":[],"gutentor_comment":0,"rttpg_featured_image_url":{"full":["https:\/\/arantv.az\/wp-content\/uploads\/2024\/11\/44151de6163603458727778763810757748.jpg",975,540,false],"landscape":["https:\/\/arantv.az\/wp-content\/uploads\/2024\/11\/44151de6163603458727778763810757748.jpg",975,540,false],"portraits":["https:\/\/arantv.az\/wp-content\/uploads\/2024\/11\/44151de6163603458727778763810757748.jpg",975,540,false],"thumbnail":["https:\/\/arantv.az\/wp-content\/uploads\/2024\/11\/44151de6163603458727778763810757748-500x280.jpg",500,280,true],"medium":["https:\/\/arantv.az\/wp-content\/uploads\/2024\/11\/44151de6163603458727778763810757748-660x365.jpg",660,365,true],"large":["https:\/\/arantv.az\/wp-content\/uploads\/2024\/11\/44151de6163603458727778763810757748-840x465.jpg",640,354,true],"1536x1536":["https:\/\/arantv.az\/wp-content\/uploads\/2024\/11\/44151de6163603458727778763810757748.jpg",975,540,false],"2048x2048":["https:\/\/arantv.az\/wp-content\/uploads\/2024\/11\/44151de6163603458727778763810757748.jpg",975,540,false],"post-thumbnail":["https:\/\/arantv.az\/wp-content\/uploads\/2024\/11\/44151de6163603458727778763810757748-240x172.jpg",240,172,true],"advps-thumb-one":["https:\/\/arantv.az\/wp-content\/uploads\/2024\/11\/44151de6163603458727778763810757748.jpg",975,540,false]},"rttpg_author":{"display_name":"V\u00fcsal Rafiqo\u011flu","author_link":"https:\/\/arantv.az\/?author=2"},"rttpg_comment":0,"rttpg_category":"<a href=\"https:\/\/arantv.az\/?cat=19\" rel=\"category\">G\u00fcnd\u0259m<\/a>","rttpg_excerpt":"M\u0259n\u0259vi d\u0259y\u0259rl\u0259r\u0259 \u00fcst\u00fcnl\u00fck ver\u0259n Az\u0259rbaycan xalq\u0131 d\u00f6vl\u0259t\u0259 v\u0259 onun simvollar\u0131na \u00e7ox ba\u011fl\u0131d\u0131r. \u00dc\u00e7r\u0259ngli bayra\u011f\u0131m\u0131z\u0131 g\u00f6r\u0259nd\u0259 \u00f6z\u00fcm\u00fczd\u0259n as\u0131l\u0131 olmayaraq q\u00fcrr\u0259l\u0259nirik, f\u0259r\u0259hl\u0259nirik. H\u0259tta azya\u015fl\u0131 u\u015faqlar bayra\u011f\u0131m\u0131za \u201cAz\u0259rbaycan\u201d deyirl\u0259r. Bu bizim ail\u0259l\u0259rd\u0259 u\u015faqlara d\u00fczg\u00fcn t\u0259rbiyy\u0259nin verilm\u0259sinin, v\u0259t\u0259np\u0259rv\u0259rlik hissl\u0259rinin a\u015f\u0131lanmas\u0131n\u0131n g\u00f6st\u0259ricisidir. Ulu \u00d6nd\u0259r Heyd\u0259r \u018fliyevin dediyi kimi, Az\u0259rbaycan Bayra\u011f\u0131, sad\u0259c\u0259, bayraq deyil. O, bizim d\u00f6vl\u0259t\u00e7iliyimizin, m\u00fcst\u0259qilliyimizin r\u0259mzidir. Bu, bizim&hellip;","_links":{"self":[{"href":"https:\/\/arantv.az\/index.php?rest_route=\/wp\/v2\/posts\/767469"}],"collection":[{"href":"https:\/\/arantv.az\/index.php?rest_route=\/wp\/v2\/posts"}],"about":[{"href":"https:\/\/arantv.az\/index.php?rest_route=\/wp\/v2\/types\/post"}],"author":[{"embeddable":true,"href":"https:\/\/arantv.az\/index.php?rest_route=\/wp\/v2\/users\/2"}],"replies":[{"embeddable":true,"href":"https:\/\/arantv.az\/index.php?rest_route=%2Fwp%2Fv2%2Fcomments&post=767469"}],"version-history":[{"count":1,"href":"https:\/\/arantv.az\/index.php?rest_route=\/wp\/v2\/posts\/767469\/revisions"}],"predecessor-version":[{"id":767471,"href":"https:\/\/arantv.az\/index.php?rest_route=\/wp\/v2\/posts\/767469\/revisions\/767471"}],"wp:featuredmedia":[{"embeddable":true,"href":"https:\/\/arantv.az\/index.php?rest_route=\/wp\/v2\/media\/767470"}],"wp:attachment":[{"href":"https:\/\/arantv.az\/index.php?rest_route=%2Fwp%2Fv2%2Fmedia&parent=767469"}],"wp:term":[{"taxonomy":"category","embeddable":true,"href":"https:\/\/arantv.az\/index.php?rest_route=%2Fwp%2Fv2%2Fcategories&post=767469"},{"taxonomy":"post_tag","embeddable":true,"href":"https:\/\/arantv.az\/index.php?rest_route=%2Fwp%2Fv2%2Ftags&post=767469"}],"curies":[{"name":"wp","href":"https:\/\/api.w.org\/{rel}","templated":true}]}}