{"id":767475,"date":"2024-11-09T09:13:01","date_gmt":"2024-11-09T05:13:01","guid":{"rendered":"https:\/\/arantv.az\/?p=767475"},"modified":"2024-11-09T09:13:01","modified_gmt":"2024-11-09T05:13:01","slug":"turkiy%c9%99nin-milli-mudafi%c9%99-naziri-turkiy%c9%99nin-gucu-az%c9%99rbaycanin-az%c9%99rbaycanin-gucu-bizim-gucumuzdur","status":"publish","type":"post","link":"https:\/\/arantv.az\/?p=767475","title":{"rendered":"T\u00fcrkiy\u0259nin milli m\u00fcdafi\u0259 naziri: T\u00fcrkiy\u0259nin g\u00fcc\u00fc Az\u0259rbaycan\u0131n, Az\u0259rbaycan\u0131n g\u00fcc\u00fc bizim g\u00fcc\u00fcm\u00fczd\u00fcr"},"content":{"rendered":"<p>T\u00fcrkiy\u0259 daim Az\u0259rbaycan\u0131n yan\u0131ndad\u0131r.<\/p>\n<p><strong>ARANTV.AZ x\u0259b\u0259r verir ki,<\/strong>\u00a0bunu Az\u0259rbaycan\u0131n 8 Noyabr &#8211; Z\u0259f\u0259r g\u00fcn\u00fc il\u0259 \u0259laq\u0259dar Ankarada ke\u00e7iril\u0259n t\u0259dbird\u0259 T\u00fcrkiy\u0259nin milli m\u00fcdafi\u0259 naziri Ya\u015far G\u00fcl\u0259r bildirib.<\/p>\n<p>Nazir \u201c\u0130ki d\u00f6vl\u0259t, t\u0259k mill\u0259t\u201d anlay\u0131\u015f\u0131n\u0131 xat\u0131rladaraq deyib ki, h\u0259r iki qarda\u015f \u00f6lk\u0259 tarix boynca sevinc v\u0259 k\u0259d\u0259rl\u0259rini birlikd\u0259 ya\u015fay\u0131b, \u00e7\u0259tin zamanlarda bir-biril\u0259rin\u0259 d\u0259st\u0259k olub:<\/p>\n<p>\u201cT\u00fcrkiy\u0259 v\u0259 Az\u0259rbaycan aras\u0131nda ba\u015fda m\u00fcdafi\u0259 v\u0259 t\u0259hl\u00fck\u0259sizlik olmaqla b\u00fct\u00fcn sah\u0259l\u0259rd\u0259 i\u015f birliyi v\u0259 h\u0259mr\u0259ylik var. T\u00fcrkiy\u0259nin g\u00fcc\u00fc Az\u0259rbaycan\u0131n g\u00fcc\u00fc, Az\u0259rbaycan\u0131n g\u00fcc\u00fc d\u0259 bizim g\u00fcc\u00fcm\u00fczd\u00fcr\u201d.<\/p>\n<p>Y.G\u00fcl\u0259r vur\u011fulay\u0131b ki, T\u00fcrkiy\u0259 il\u0259 Az\u0259rbaycan aras\u0131ndak\u0131 inteqrasiya b\u00f6lg\u0259d\u0259 s\u00fclh v\u0259 sabitliyin davam\u0131 \u00fc\u00e7\u00fcn g\u00fccl\u00fc amildir.<\/p>\n","protected":false},"excerpt":{"rendered":"<p>T\u00fcrkiy\u0259 daim Az\u0259rbaycan\u0131n yan\u0131ndad\u0131r. ARANTV.AZ x\u0259b\u0259r verir ki,\u00a0bunu Az\u0259rbaycan\u0131n 8 Noyabr &#8211; Z\u0259f\u0259r g\u00fcn\u00fc il\u0259 \u0259laq\u0259dar Ankarada ke\u00e7iril\u0259n t\u0259dbird\u0259 T\u00fcrkiy\u0259nin milli m\u00fcdafi\u0259 naziri Ya\u015far G\u00fcl\u0259r bildirib. Nazir \u201c\u0130ki d\u00f6vl\u0259t, t\u0259k mill\u0259t\u201d anlay\u0131\u015f\u0131n\u0131 xat\u0131rladaraq deyib ki, h\u0259r iki qarda\u015f \u00f6lk\u0259 tarix boynca sevinc v\u0259 k\u0259d\u0259rl\u0259rini birlikd\u0259 ya\u015fay\u0131b, \u00e7\u0259tin zamanlarda bir-biril\u0259rin\u0259 d\u0259st\u0259k olub: \u201cT\u00fcrkiy\u0259 v\u0259 Az\u0259rbaycan aras\u0131nda ba\u015fda m\u00fcdafi\u0259 v\u0259 t\u0259hl\u00fck\u0259sizlik olmaqla b\u00fct\u00fcn sah\u0259l\u0259rd\u0259 i\u015f birliyi v\u0259 h\u0259mr\u0259ylik var. T\u00fcrkiy\u0259nin g\u00fcc\u00fc Az\u0259rbaycan\u0131n g\u00fcc\u00fc, Az\u0259rbaycan\u0131n g\u00fcc\u00fc d\u0259 bizim g\u00fcc\u00fcm\u00fczd\u00fcr\u201d. Y.G\u00fcl\u0259r vur\u011fulay\u0131b ki, T\u00fcrkiy\u0259 il\u0259 Az\u0259rbaycan aras\u0131ndak\u0131 inteqrasiya b\u00f6lg\u0259d\u0259 s\u00fclh v\u0259 sabitliyin davam\u0131 \u00fc\u00e7\u00fcn&hellip;<\/p>\n","protected":false},"author":2,"featured_media":767476,"comment_status":"closed","ping_status":"closed","sticky":false,"template":"","format":"standard","meta":{"om_disable_all_campaigns":false,"_monsterinsights_skip_tracking":false,"_monsterinsights_sitenote_active":false,"_monsterinsights_sitenote_note":"","_monsterinsights_sitenote_category":0},"categories":[10],"tags":[],"aioseo_notices":[],"gutentor_comment":0,"rttpg_featured_image_url":{"full":["https:\/\/arantv.az\/wp-content\/uploads\/2024\/11\/74d90aaf173109336164711156611095338.jpg",975,540,false],"landscape":["https:\/\/arantv.az\/wp-content\/uploads\/2024\/11\/74d90aaf173109336164711156611095338.jpg",975,540,false],"portraits":["https:\/\/arantv.az\/wp-content\/uploads\/2024\/11\/74d90aaf173109336164711156611095338.jpg",975,540,false],"thumbnail":["https:\/\/arantv.az\/wp-content\/uploads\/2024\/11\/74d90aaf173109336164711156611095338-500x280.jpg",500,280,true],"medium":["https:\/\/arantv.az\/wp-content\/uploads\/2024\/11\/74d90aaf173109336164711156611095338-660x365.jpg",660,365,true],"large":["https:\/\/arantv.az\/wp-content\/uploads\/2024\/11\/74d90aaf173109336164711156611095338-840x465.jpg",640,354,true],"1536x1536":["https:\/\/arantv.az\/wp-content\/uploads\/2024\/11\/74d90aaf173109336164711156611095338.jpg",975,540,false],"2048x2048":["https:\/\/arantv.az\/wp-content\/uploads\/2024\/11\/74d90aaf173109336164711156611095338.jpg",975,540,false],"post-thumbnail":["https:\/\/arantv.az\/wp-content\/uploads\/2024\/11\/74d90aaf173109336164711156611095338-240x172.jpg",240,172,true],"advps-thumb-one":["https:\/\/arantv.az\/wp-content\/uploads\/2024\/11\/74d90aaf173109336164711156611095338.jpg",975,540,false]},"rttpg_author":{"display_name":"V\u00fcsal Rafiqo\u011flu","author_link":"https:\/\/arantv.az\/?author=2"},"rttpg_comment":0,"rttpg_category":"<a href=\"https:\/\/arantv.az\/?cat=10\" rel=\"category\">C\u0259bh\u0259d\u0259n X\u0259b\u0259r<\/a>","rttpg_excerpt":"T\u00fcrkiy\u0259 daim Az\u0259rbaycan\u0131n yan\u0131ndad\u0131r. ARANTV.AZ x\u0259b\u0259r verir ki,\u00a0bunu Az\u0259rbaycan\u0131n 8 Noyabr &#8211; Z\u0259f\u0259r g\u00fcn\u00fc il\u0259 \u0259laq\u0259dar Ankarada ke\u00e7iril\u0259n t\u0259dbird\u0259 T\u00fcrkiy\u0259nin milli m\u00fcdafi\u0259 naziri Ya\u015far G\u00fcl\u0259r bildirib. Nazir \u201c\u0130ki d\u00f6vl\u0259t, t\u0259k mill\u0259t\u201d anlay\u0131\u015f\u0131n\u0131 xat\u0131rladaraq deyib ki, h\u0259r iki qarda\u015f \u00f6lk\u0259 tarix boynca sevinc v\u0259 k\u0259d\u0259rl\u0259rini birlikd\u0259 ya\u015fay\u0131b, \u00e7\u0259tin zamanlarda bir-biril\u0259rin\u0259 d\u0259st\u0259k olub: \u201cT\u00fcrkiy\u0259 v\u0259 Az\u0259rbaycan aras\u0131nda&hellip;","_links":{"self":[{"href":"https:\/\/arantv.az\/index.php?rest_route=\/wp\/v2\/posts\/767475"}],"collection":[{"href":"https:\/\/arantv.az\/index.php?rest_route=\/wp\/v2\/posts"}],"about":[{"href":"https:\/\/arantv.az\/index.php?rest_route=\/wp\/v2\/types\/post"}],"author":[{"embeddable":true,"href":"https:\/\/arantv.az\/index.php?rest_route=\/wp\/v2\/users\/2"}],"replies":[{"embeddable":true,"href":"https:\/\/arantv.az\/index.php?rest_route=%2Fwp%2Fv2%2Fcomments&post=767475"}],"version-history":[{"count":1,"href":"https:\/\/arantv.az\/index.php?rest_route=\/wp\/v2\/posts\/767475\/revisions"}],"predecessor-version":[{"id":767477,"href":"https:\/\/arantv.az\/index.php?rest_route=\/wp\/v2\/posts\/767475\/revisions\/767477"}],"wp:featuredmedia":[{"embeddable":true,"href":"https:\/\/arantv.az\/index.php?rest_route=\/wp\/v2\/media\/767476"}],"wp:attachment":[{"href":"https:\/\/arantv.az\/index.php?rest_route=%2Fwp%2Fv2%2Fmedia&parent=767475"}],"wp:term":[{"taxonomy":"category","embeddable":true,"href":"https:\/\/arantv.az\/index.php?rest_route=%2Fwp%2Fv2%2Fcategories&post=767475"},{"taxonomy":"post_tag","embeddable":true,"href":"https:\/\/arantv.az\/index.php?rest_route=%2Fwp%2Fv2%2Ftags&post=767475"}],"curies":[{"name":"wp","href":"https:\/\/api.w.org\/{rel}","templated":true}]}}