{"id":767497,"date":"2024-11-09T13:54:39","date_gmt":"2024-11-09T09:54:39","guid":{"rendered":"https:\/\/arantv.az\/?p=767497"},"modified":"2024-11-09T13:54:39","modified_gmt":"2024-11-09T09:54:39","slug":"ucr%c9%99ngli-bayragimizin-sanli-tarixi","status":"publish","type":"post","link":"https:\/\/arantv.az\/?p=767497","title":{"rendered":"\u00dc\u00e7r\u0259ngli bayra\u011f\u0131m\u0131z\u0131n \u015fanl\u0131 tarixi"},"content":{"rendered":"<p>Bayraq ist\u0259nil\u0259n \u00f6lk\u0259nin d\u0259y\u0259r verdiyi \u0259n m\u00fch\u00fcm atributlardan biridir. Buna g\u00f6r\u0259 d\u0259, Az\u0259rbaycan bayra\u011f\u0131 h\u0259r bir az\u0259rbaycanl\u0131 \u00fc\u00e7\u00fcn \u015f\u0259r\u0259fli v\u0259 d\u0259y\u0259rlidir. Bayraq h\u0259r bir mill\u0259tin m\u00f6vcudlu\u011funun t\u0259sdiqi, m\u00fcst\u0259qil d\u00f6vl\u0259t qurmaq qabiliyy\u0259tinin ba\u015fl\u0131ca g\u00f6st\u0259ricisidir. Buna g\u00f6r\u0259 d\u0259, \u00f6z\u00fcn\u00fct\u0259sdiq simvolu olan bayraq b\u00fct\u00fcn d\u00fcnyada q\u00fcrur m\u0259nb\u0259yi hesab edilir. Bayraq h\u0259m d\u0259 xalq\u0131n apard\u0131\u011f\u0131 azadl\u0131q m\u00fcbariz\u0259sinin \u0259n real ifad\u0259sidir. M\u0259hz bu bax\u0131mdan Az\u0259rbaycan xalq\u0131n\u0131n azadl\u0131\u011f\u0131n\u0131, d\u00f6vl\u0259timizin suverenliyini, \u00f6z istiqlal\u0131 u\u011frunda apard\u0131\u011f\u0131 m\u00fcbariz\u0259sini t\u0259r\u0259nn\u00fcm ed\u0259n \u00fc\u00e7r\u0259ngli bayra\u011f\u0131m\u0131z milli q\u00fcrurumuzdur.<br \/>\nBu g\u00fcn qalibiyy\u0259t r\u0259mzi olan \u00fc\u00e7r\u0259ngli bayra\u011f\u0131m\u0131z \u00f6lk\u0259mizin b\u00fct\u00fcn \u0259razisind\u0259, o c\u00fcml\u0259d\u0259n 28 il d\u00fc\u015fm\u0259n i\u015f\u011fal\u0131nda qalan C\u0259bray\u0131l, F\u00fczuli, Z\u0259ngilan, Qubadl\u0131, \u015eu\u015fa, Xank\u0259ndi, A\u011fd\u0259r\u0259, Xocav\u0259nd, Xocal\u0131 \u015f\u0259h\u0259rl\u0259rind\u0259, Hadrut, Mincivan, A\u011fb\u0259nd, \u018fsg\u0259ran q\u0259s\u0259b\u0259l\u0259rind\u0259, Suqovu\u015fanda, i\u015f\u011faldan azad olunmu\u015f 200-d\u0259n \u00e7ox k\u0259ndd\u0259 q\u00fcrurla dal\u011falan\u0131r. M\u00fcq\u0259dd\u0259s bayra\u011f\u0131m\u0131z Ali Ba\u015f Komandan\u0131m\u0131z\u0131n, m\u00fcz\u0259ff\u0259r Ordumuzun, haqq yolunda, V\u0259t\u0259n u\u011frunda h\u0259lak olan q\u0259hr\u0259man \u015f\u0259hidl\u0259rimizin \u015f\u00fcca\u0259ti n\u0259tic\u0259sind\u0259 azad edilmi\u015f torpaqlarda ucal\u0131r, ba\u015fdan-ba\u015fa \u00f6lk\u0259mizi b\u0259z\u0259yir.<br \/>\nF\u0259r\u0259hl\u0259ndirici faktd\u0131r ki, q\u0259dim tarix\u0259 malik Az\u0259rbaycan D\u00f6vl\u0259t bayra\u011f\u0131n\u0131n y\u00fcks\u0259kl\u0259rd\u0259 dal\u011falanmas\u0131 \u00fc\u00e7\u00fcn xalq\u0131m\u0131z \u00e7ox \u00e7\u0259tin, eyni zamanda, \u015fanl\u0131 m\u00fcbariz\u0259 yollar\u0131ndan ke\u00e7mi\u015fdir. B\u00f6y\u00fck qan bahas\u0131na ba\u015fa g\u0259lmi\u015f bayra\u011f\u0131m\u0131z\u0131n d\u00f6vl\u0259t atributuna \u00e7evrilm\u0259si v\u0259 d\u00fcnya birliyi t\u0259r\u0259find\u0259n tan\u0131nmas\u0131 Az\u0259rbaycan xalq\u0131n\u0131n uzun \u0259srl\u0259r boyu apard\u0131\u011f\u0131 m\u00fccadil\u0259nin n\u0259tic\u0259sidir. \u018flb\u0259tt\u0259, \u0259b\u0259di m\u00fcst\u0259qilliyimizin \u0259n ali simvolu olan \u00fc\u00e7r\u0259ngli bayra\u011f\u0131m\u0131z\u0131n zirv\u0259l\u0259rd\u0259 \u0259b\u0259di dal\u011falanmas\u0131 h\u0259r bir az\u0259rbaycanl\u0131n\u0131 q\u00fcrurland\u0131r\u0131r. Buna g\u00f6r\u0259 d\u0259, milli d\u00fc\u015f\u00fcnc\u0259mizd\u0259 bayra\u011fa x\u00fcsusi m\u00fcnasib\u0259t tarix boyu \u00f6z\u00fcn\u00fc qabar\u0131q g\u00f6st\u0259rmi\u015f, bu bayraq xalq\u0131m\u0131z\u0131n milli m\u00f6vcudluq ni\u015fan\u0259si say\u0131lm\u0131\u015fd\u0131r.<br \/>\n\u00dc\u00e7r\u0259ngli bayra\u011f\u0131m\u0131z milli d\u0259y\u0259rl\u0259rimizi da\u015f\u0131maqla yana\u015f\u0131, istiqlal m\u00fcbariz\u0259mizin \u015fanl\u0131 ni\u015fan\u0259sidir. O h\u0259m d\u0259 \u015e\u0259rqd\u0259 qurulan demokratik c\u00fcmhuriyy\u0259tin \u2013 Az\u0259rbaycan Respublikas\u0131n\u0131n d\u00f6vl\u0259t r\u0259mzidir.<br \/>\nXat\u0131rladaq ki, g\u00f6rk\u0259mli d\u00f6vl\u0259t xadimi F\u0259t\u0259li xan Xoyskinin r\u0259hb\u0259rlik etdiyi Az\u0259rbaycan M\u00fcv\u0259qq\u0259ti H\u00f6kum\u0259tinin 1918-ci il 24 iyun tarixli q\u0259rar\u0131 il\u0259 \u00fcz\u0259rind\u0259 a\u011f aypara v\u0259 s\u0259kkizgu\u015f\u0259li ulduz t\u0259sviri olan q\u0131rm\u0131z\u0131 r\u0259ngli bayraq Az\u0259rbaycan Xalq C\u00fcmhuriyy\u0259tinin D\u00f6vl\u0259t bayra\u011f\u0131 kimi q\u0259bul olunmu\u015fdu.<br \/>\n1918-ci il noyabr\u0131n 9-da is\u0259 Nazirl\u0259r Kabinetinin Bak\u0131da ke\u00e7iril\u0259n iclas\u0131nda F\u0259t\u0259li xan Xoyski milli bayraq haqq\u0131nda m\u0259ruz\u0259 il\u0259 \u00e7\u0131x\u0131\u015f etmi\u015f, m\u00fczakir\u0259l\u0259rd\u0259n sonra ya\u015f\u0131l, q\u0131rm\u0131z\u0131 v\u0259 mavi r\u0259ngl\u0259rd\u0259n, a\u011f aypara v\u0259 s\u0259kkizgu\u015f\u0259li ulduzdan ibar\u0259t olan bayraq D\u00f6vl\u0259t bayra\u011f\u0131 kimi q\u0259bul edilmi\u015fdi. Qeyd etm\u0259k yerin\u0259 d\u00fc\u015f\u0259r ki, bayra\u011f\u0131m\u0131z\u0131n \u00fc\u00e7r\u0259ngli olmas\u0131 ideyas\u0131n\u0131n m\u00fc\u0259llifi g\u00f6rk\u0259mli Az\u0259rbaycan ziyal\u0131s\u0131, t\u00fcrk d\u00fcnyas\u0131n\u0131n b\u00f6y\u00fck \u015f\u0259xsiyy\u0259tl\u0259rind\u0259n olan \u018fli b\u0259y H\u00fcseynzad\u0259dir. Ay-ulduzlu v\u0259 \u00fc\u00e7r\u0259ngli bayraq onun d\u00fc\u015f\u00fcnc\u0259l\u0259rini \u0259ks etdirirdi. Mavi r\u0259ng t\u00fcrkl\u00fcy\u00fc, q\u0131rm\u0131z\u0131 r\u0259ng m\u00fcasirliyi, ya\u015f\u0131l r\u0259ng is\u0259 dinimiz\u0259 ba\u011fl\u0131l\u0131\u011f\u0131n ni\u015fan\u0259si idi. T\u00fcrk milli \u015f\u00fcurunun t\u0259kam\u00fcl\u00fc v\u0259 onun orta \u0259srl\u0259rin \u00fcmm\u0259t f\u0259ls\u0259f\u0259sind\u0259n milliyy\u0259t m\u00fcst\u0259visin\u0259 \u00e7evrilm\u0259si d\u0259 \u018fli b\u0259y H\u00fcseynzad\u0259nin h\u0259min \u00fc\u00e7 d\u00fcsturu il\u0259 ba\u011fl\u0131d\u0131r. O d\u00fcstur bu g\u00fcn milli ideologiyam\u0131z\u0131n \u0259sas prinsipl\u0259ri kimi bayra\u011f\u0131m\u0131z\u0131n r\u0259ngind\u0259 d\u0259 \u0259ksini tap\u0131r.<br \/>\nBayra\u011f\u0131m\u0131z h\u0259m d\u0259 V\u0259t\u0259nimizin ke\u00e7mi\u015fini, bu g\u00fcn\u00fcn\u00fc v\u0259 g\u0259l\u0259c\u0259yini \u00f6z\u00fcnd\u0259 t\u0259r\u0259nn\u00fcm ed\u0259n m\u00fcst\u0259qilliyimizin simvoludur. Ulu \u00f6nd\u0259r Heyd\u0259r \u018fliyevin \u201cAz\u0259rbaycan\u0131n bayra\u011f\u0131 sad\u0259c\u0259 bayraq deyil, o bizim d\u00f6vl\u0259t\u00e7iliyimizin, m\u00fcst\u0259qilliyimizin r\u0259mzidir. G\u0259r\u0259k h\u0259r bir evd\u0259 Az\u0259rbaycan d\u00f6vl\u0259tinin bayra\u011f\u0131 olsun, h\u0259r bir ail\u0259 Az\u0259rbaycan bayra\u011f\u0131na ita\u0259t etsin. Bu bayraq g\u0259r\u0259k h\u0259r bir ail\u0259nin h\u0259yat\u0131n\u0131n \u0259ziz bir hiss\u0259si olsun\u201d k\u0259lam\u0131 bayra\u011f\u0131m\u0131za veril\u0259n y\u00fcks\u0259k qiym\u0259ti g\u00f6st\u0259rir, m\u00fcasir d\u00f6vl\u0259t qurucumuzun vacib d\u00f6vl\u0259t atributuna olan ehtiram\u0131n\u0131 bir daha g\u00f6z \u00f6n\u00fcn\u0259 g\u0259tirir.<br \/>\nXat\u0131rladaq ki, Az\u0259rbaycan Respublikas\u0131n\u0131n D\u00f6vl\u0259t bayra\u011f\u0131 1918-ci il noyabr\u0131n 9-da Az\u0259rbaycan Xalq C\u00fcmhuriyy\u0259ti H\u00f6kum\u0259tinin iclas\u0131nda q\u0259bul edilmi\u015f v\u0259 1920-ci ilin aprel ay\u0131nad\u0259k d\u00f6vl\u0259t statusuna malik olmu\u015fdu. H\u0259min bayraq 1990-c\u0131 il noyabr\u0131n 17-d\u0259 Nax\u00e7\u0131van Muxtar Respublikas\u0131 Ali M\u0259clisinin s\u0259dri Heyd\u0259r \u018fliyevin t\u0259\u015f\u0259bb\u00fcs\u00fc v\u0259 r\u0259hb\u0259rliyi il\u0259 ke\u00e7iril\u0259n sessiyada Nax\u00e7\u0131van Muxtar Respublikas\u0131n\u0131n d\u00f6vl\u0259t bayra\u011f\u0131 olaraq t\u0259sdiq edilmi\u015fdi. 1991-ci il fevral\u0131n 5-d\u0259 Az\u0259rbaycan Respublikas\u0131n\u0131n Ali Soveti \u201cAz\u0259rbaycan Respublikas\u0131n\u0131n D\u00f6vl\u0259t bayra\u011f\u0131 haqq\u0131nda\u201d Qanun q\u0259bul ed\u0259r\u0259k onu D\u00f6vl\u0259t bayra\u011f\u0131 elan etmi\u015fdi. Qeyd etm\u0259k laz\u0131md\u0131r ki, ulu \u00f6nd\u0259rin 1998-ci il mart\u0131n 13-d\u0259 \u201cAz\u0259rbaycan Respublikas\u0131n\u0131n d\u00f6vl\u0259t atributlar\u0131n\u0131n t\u0259bli\u011fi i\u015finin g\u00fccl\u0259ndirilm\u0259si haqq\u0131nda\u201d s\u0259r\u0259ncam\u0131 m\u00fch\u00fcm \u0259h\u0259miyy\u0259t da\u015f\u0131m\u0131\u015fd\u0131r.<br \/>\nD\u00f6vl\u0259t bayra\u011f\u0131 Az\u0259rbaycan v\u0259t\u0259nda\u015flar\u0131n\u0131n milli h\u0259mr\u0259yliyinin, vahid m\u0259fkur\u0259 \u0259traf\u0131nda s\u0131x birl\u0259\u015fm\u0259l\u0259rinin ba\u015fl\u0131ca amill\u0259rind\u0259n biridir.X\u00fcsusi qeyd edilm\u0259lidir ki, d\u00f6vl\u0259t ba\u015f\u00e7\u0131s\u0131n\u0131n 2009-cu il noyabr\u0131n 17-d\u0259 imzalad\u0131\u011f\u0131 s\u0259r\u0259ncamla Az\u0259rbaycanda D\u00f6vl\u0259t Bayra\u011f\u0131 G\u00fcn\u00fc t\u0259sis edilmi\u015fdir v\u0259 h\u0259r il bu g\u00fcn\u00fcn t\u0259nt\u0259n\u0259li \u015f\u0259kild\u0259 qeyd olunmas\u0131 ke\u00e7mi\u015fimiz\u0259, milli d\u0259y\u0259rl\u0259rimiz\u0259 y\u00fcks\u0259k ehtiram\u0131n t\u0259zah\u00fcr\u00fcd\u00fcr. \u00d6lk\u0259 v\u0259t\u0259nda\u015flar\u0131n\u0131n h\u0259mr\u0259yliyini, vahid az\u0259rbaycan\u00e7\u0131l\u0131q m\u0259fkur\u0259si \u0259traf\u0131nda s\u0131x birliyini t\u0259min ed\u0259n Bayraq G\u00fcn\u00fcn\u00fcn qeyd olunmas\u0131, h\u0259m\u00e7inin g\u0259nc n\u0259slin v\u0259t\u0259np\u0259rv\u0259rlik ruhunda t\u0259rbiy\u0259 edilm\u0259si prosesin\u0259 d\u0259 g\u00fccl\u00fc t\u0259sir g\u00f6st\u0259rir. .<br \/>\n\u00dc\u00e7r\u0259ngli bayra\u011f\u0131n k\u00f6lg\u0259sind\u0259 m\u0259n<br \/>\nQaraca torpa\u011f\u0131 v\u0259t\u0259n g\u00f6rm\u00fc\u015f\u0259m.<br \/>\nZ\u0259f\u0259r g\u00fcll\u0259rini d\u00f6vri-q\u0259dimd\u0259n<br \/>\nBayraq i\u015f\u0131\u011f\u0131nda bit\u0259n g\u00f6rm\u00fc\u015f\u0259m.<br \/>\nBayraq m\u0259nliyimdir, bayraq kimliyim,<br \/>\nBayraq-\u00f6z yurduma \u00f6z hakimliyim\u2026(B.Vahabzad\u0259)<br \/>\n\u015e\u0259rqin parlayan ilk ulduzu, sevimli \u00fc\u00e7 r\u0259ngli, \u00fc\u00e7 m\u0259nal\u0131 Bayra\u011f\u0131m, b\u00fct\u00fcn zirv\u0259l\u0259rd\u0259 q\u00fcrurla dal\u011falan! S\u0259ni yaradanlar\u0131, ya\u015fadanlar\u0131 h\u00f6rm\u0259tl\u0259 an\u0131r\u0131q, zirv\u0259l\u0259r\u0259 sancanlar\u0131n \u015f\u00fcca\u0259tin\u0259 q\u00fcrurlan\u0131r\u0131q, g\u0259l\u0259c\u0259k n\u0259sill\u0259r \u00fc\u00e7\u00fcn daha y\u00fcks\u0259k zirv\u0259l\u0259rd\u0259 &#8211; B\u00fct\u00f6v Az\u0259rbaycanda dal\u011falanma\u011f\u0131 \u00fcmid edirik. \u201cBir k\u0259r\u0259 y\u00fcks\u0259l\u0259n bayraq bir daha enm\u0259z\u201d\u2026<\/p>\n<p>Aynur Bax\u015faliyeva &#8211; B\u0259rd\u0259 \u015f\u0259h\u0259r \u015e\u0259hid Al\u0131 ad\u0131na 5 n\u00f6mr\u0259li tam orta m\u0259kt\u0259bin direktor m\u00fcavini<\/p>\n","protected":false},"excerpt":{"rendered":"<p>Bayraq ist\u0259nil\u0259n \u00f6lk\u0259nin d\u0259y\u0259r verdiyi \u0259n m\u00fch\u00fcm atributlardan biridir. Buna g\u00f6r\u0259 d\u0259, Az\u0259rbaycan bayra\u011f\u0131 h\u0259r bir az\u0259rbaycanl\u0131 \u00fc\u00e7\u00fcn \u015f\u0259r\u0259fli v\u0259 d\u0259y\u0259rlidir. Bayraq h\u0259r bir mill\u0259tin m\u00f6vcudlu\u011funun t\u0259sdiqi, m\u00fcst\u0259qil d\u00f6vl\u0259t qurmaq qabiliyy\u0259tinin ba\u015fl\u0131ca g\u00f6st\u0259ricisidir. Buna g\u00f6r\u0259 d\u0259, \u00f6z\u00fcn\u00fct\u0259sdiq simvolu olan bayraq b\u00fct\u00fcn d\u00fcnyada q\u00fcrur m\u0259nb\u0259yi hesab edilir. Bayraq h\u0259m d\u0259 xalq\u0131n apard\u0131\u011f\u0131 azadl\u0131q m\u00fcbariz\u0259sinin \u0259n real ifad\u0259sidir. M\u0259hz bu bax\u0131mdan Az\u0259rbaycan xalq\u0131n\u0131n azadl\u0131\u011f\u0131n\u0131, d\u00f6vl\u0259timizin suverenliyini, \u00f6z istiqlal\u0131 u\u011frunda apard\u0131\u011f\u0131 m\u00fcbariz\u0259sini t\u0259r\u0259nn\u00fcm ed\u0259n \u00fc\u00e7r\u0259ngli bayra\u011f\u0131m\u0131z milli q\u00fcrurumuzdur. Bu g\u00fcn qalibiyy\u0259t r\u0259mzi olan \u00fc\u00e7r\u0259ngli bayra\u011f\u0131m\u0131z \u00f6lk\u0259mizin b\u00fct\u00fcn \u0259razisind\u0259, o c\u00fcml\u0259d\u0259n 28 il d\u00fc\u015fm\u0259n&hellip;<\/p>\n","protected":false},"author":2,"featured_media":767498,"comment_status":"closed","ping_status":"closed","sticky":false,"template":"","format":"standard","meta":{"om_disable_all_campaigns":false,"_monsterinsights_skip_tracking":false,"_monsterinsights_sitenote_active":false,"_monsterinsights_sitenote_note":"","_monsterinsights_sitenote_category":0},"categories":[2],"tags":[],"aioseo_notices":[],"gutentor_comment":0,"rttpg_featured_image_url":{"full":["https:\/\/arantv.az\/wp-content\/uploads\/2024\/11\/IMG-20241109-WA0018.jpg",600,600,false],"landscape":["https:\/\/arantv.az\/wp-content\/uploads\/2024\/11\/IMG-20241109-WA0018.jpg",600,600,false],"portraits":["https:\/\/arantv.az\/wp-content\/uploads\/2024\/11\/IMG-20241109-WA0018.jpg",600,600,false],"thumbnail":["https:\/\/arantv.az\/wp-content\/uploads\/2024\/11\/IMG-20241109-WA0018-500x280.jpg",500,280,true],"medium":["https:\/\/arantv.az\/wp-content\/uploads\/2024\/11\/IMG-20241109-WA0018-365x365.jpg",365,365,true],"large":["https:\/\/arantv.az\/wp-content\/uploads\/2024\/11\/IMG-20241109-WA0018.jpg",600,600,false],"1536x1536":["https:\/\/arantv.az\/wp-content\/uploads\/2024\/11\/IMG-20241109-WA0018.jpg",600,600,false],"2048x2048":["https:\/\/arantv.az\/wp-content\/uploads\/2024\/11\/IMG-20241109-WA0018.jpg",600,600,false],"post-thumbnail":["https:\/\/arantv.az\/wp-content\/uploads\/2024\/11\/IMG-20241109-WA0018-240x172.jpg",240,172,true],"advps-thumb-one":["https:\/\/arantv.az\/wp-content\/uploads\/2024\/11\/IMG-20241109-WA0018.jpg",600,600,false]},"rttpg_author":{"display_name":"V\u00fcsal Rafiqo\u011flu","author_link":"https:\/\/arantv.az\/?author=2"},"rttpg_comment":0,"rttpg_category":"<a href=\"https:\/\/arantv.az\/?cat=2\" rel=\"category\">Region X\u0259b\u0259rl\u0259ri<\/a>","rttpg_excerpt":"Bayraq ist\u0259nil\u0259n \u00f6lk\u0259nin d\u0259y\u0259r verdiyi \u0259n m\u00fch\u00fcm atributlardan biridir. Buna g\u00f6r\u0259 d\u0259, Az\u0259rbaycan bayra\u011f\u0131 h\u0259r bir az\u0259rbaycanl\u0131 \u00fc\u00e7\u00fcn \u015f\u0259r\u0259fli v\u0259 d\u0259y\u0259rlidir. Bayraq h\u0259r bir mill\u0259tin m\u00f6vcudlu\u011funun t\u0259sdiqi, m\u00fcst\u0259qil d\u00f6vl\u0259t qurmaq qabiliyy\u0259tinin ba\u015fl\u0131ca g\u00f6st\u0259ricisidir. Buna g\u00f6r\u0259 d\u0259, \u00f6z\u00fcn\u00fct\u0259sdiq simvolu olan bayraq b\u00fct\u00fcn d\u00fcnyada q\u00fcrur m\u0259nb\u0259yi hesab edilir. Bayraq h\u0259m d\u0259 xalq\u0131n apard\u0131\u011f\u0131 azadl\u0131q m\u00fcbariz\u0259sinin \u0259n real&hellip;","_links":{"self":[{"href":"https:\/\/arantv.az\/index.php?rest_route=\/wp\/v2\/posts\/767497"}],"collection":[{"href":"https:\/\/arantv.az\/index.php?rest_route=\/wp\/v2\/posts"}],"about":[{"href":"https:\/\/arantv.az\/index.php?rest_route=\/wp\/v2\/types\/post"}],"author":[{"embeddable":true,"href":"https:\/\/arantv.az\/index.php?rest_route=\/wp\/v2\/users\/2"}],"replies":[{"embeddable":true,"href":"https:\/\/arantv.az\/index.php?rest_route=%2Fwp%2Fv2%2Fcomments&post=767497"}],"version-history":[{"count":1,"href":"https:\/\/arantv.az\/index.php?rest_route=\/wp\/v2\/posts\/767497\/revisions"}],"predecessor-version":[{"id":767499,"href":"https:\/\/arantv.az\/index.php?rest_route=\/wp\/v2\/posts\/767497\/revisions\/767499"}],"wp:featuredmedia":[{"embeddable":true,"href":"https:\/\/arantv.az\/index.php?rest_route=\/wp\/v2\/media\/767498"}],"wp:attachment":[{"href":"https:\/\/arantv.az\/index.php?rest_route=%2Fwp%2Fv2%2Fmedia&parent=767497"}],"wp:term":[{"taxonomy":"category","embeddable":true,"href":"https:\/\/arantv.az\/index.php?rest_route=%2Fwp%2Fv2%2Fcategories&post=767497"},{"taxonomy":"post_tag","embeddable":true,"href":"https:\/\/arantv.az\/index.php?rest_route=%2Fwp%2Fv2%2Ftags&post=767497"}],"curies":[{"name":"wp","href":"https:\/\/api.w.org\/{rel}","templated":true}]}}